{"id":62389,"date":"2023-10-04T20:41:23","date_gmt":"2023-10-05T00:41:23","guid":{"rendered":"https:\/\/lasprimeras.com.do\/?p=62389"},"modified":"2023-10-04T20:41:24","modified_gmt":"2023-10-05T00:41:24","slug":"la-actriz-y-cantante-argentina-flor-bertotti-llega-con-su-concierto-tours-2023","status":"publish","type":"post","link":"https:\/\/lasprimeras.com.do\/index.php\/2023\/10\/04\/la-actriz-y-cantante-argentina-flor-bertotti-llega-con-su-concierto-tours-2023\/","title":{"rendered":"La actriz y cantante argentina Flor Bertotti llega con su concierto \u201cTours 2023\u201d"},"content":{"rendered":"\n<p>Santo Domingo, RD. \u2013 La actriz y cantante argentina Flor Bertotti llega con su concierto \u201cTours 2023\u201d al Pabell\u00f3n de Voleibol de Santo Domingo este jueves 5 de octubre.<\/p>\n\n\n\n<p>Despu\u00e9s de 18 a\u00f1os de su primera presentaci\u00f3n en Rep\u00fablica Dominicana, la actriz y cantante argentina Flor Bertotti llega con todos sus \u00e9xitos a nuestro pa\u00eds.<\/p>\n\n\n\n<p>La cantante expres\u00f3 sentir gran alegr\u00eda y mucho agradecimiento al poder regresar 18 a\u00f1os despu\u00e9s a la Rep\u00fablica Dominicana.<\/p>\n\n\n\n<p>En ese sentido, la multifac\u00e9tica artista manifest\u00f3 lo interesante que ha sido reinventarse despu\u00e9s del paso de la pandemia e incursionar en las plataformas digitales.<\/p>\n\n\n\n<p>Al conversar sobre Floricienta y lo cercana que est\u00e1 la serie de cumplir sus 20 a\u00f1os, Flor expres\u00f3 gran agradecimiento a sus fan\u00e1ticos por el apoyo.<\/p>\n\n\n\n<p>Bertotti reiter\u00f3 que el p\u00fablico dominicano podr\u00e1 disfrutar de un concierto cargado de magia, sorpresas y cercan\u00eda en donde podr\u00e1n recordar todas aquellas canciones ic\u00f3nicas de su carrera.<\/p>\n\n\n\n<p>Entre risas Flor nos asegur\u00f3 no haber comido nuestro tradicional mang\u00fa.<\/p>\n","protected":false},"excerpt":{"rendered":"<p>Santo Domingo, RD. \u2013 La actriz y cantante argentina Flor Bertotti llega con su concierto \u201cTours 2023\u201d al Pabell\u00f3n de Voleibol de Santo Domingo este jueves 5 de octubre. Despu\u00e9s&hellip;<\/p>\n","protected":false},"author":3,"featured_media":62390,"comment_status":"open","ping_status":"open","sticky":false,"template":"","format":"standard","meta":{"content-type":"","jetpack_post_was_ever_published":false,"_jetpack_newsletter_access":"","_jetpack_dont_email_post_to_subs":false,"_jetpack_newsletter_tier_id":0,"_jetpack_memberships_contains_paywalled_content":false,"_jetpack_memberships_contains_paid_content":false,"footnotes":""},"categories":[84],"tags":[],"class_list":["post-62389","post","type-post","status-publish","format-standard","has-post-thumbnail","hentry","category-entretenimiento"],"jetpack_featured_media_url":"https:\/\/lasprimeras.com.do\/wp-content\/uploads\/2023\/10\/WhatsApp-Image-2023-10-04-at-5.20.12-PM.jpeg","jetpack-related-posts":[{"id":62736,"url":"https:\/\/lasprimeras.com.do\/index.php\/2023\/10\/06\/flor-bertotti-traslada-a-su-infancia-a-dominicanos-durante-exitoso-concierto\/","url_meta":{"origin":62389,"position":0},"title":"Flor Bertotti traslada a su infancia a dominicanos durante exitoso concierto","author":"BIMARY DE JES\u00daS Matos","date":"6 de octubre de 2023","format":false,"excerpt":"Santo Domingo, RD.- La actriz y cantante argentina Flor Bertotti se present\u00f3 la noche del jueves en el Pabell\u00f3n de Voleibol de Santo Domingo con su concierto \u201cTours 2023\u201d. Siendo las 9:33 de la noche, la artista argentina sali\u00f3 al escenario y puso a vibrar a sus fan\u00e1ticos dominicanos en\u2026","rel":"","context":"En \u00abENTRETENIMIENTO\u00bb","block_context":{"text":"ENTRETENIMIENTO","link":"https:\/\/lasprimeras.com.do\/index.php\/category\/entretenimiento\/"},"img":{"alt_text":"","src":"https:\/\/i0.wp.com\/lasprimeras.com.do\/wp-content\/uploads\/2023\/10\/Captura-de-pantalla-2023-09-15-180510-3.jpg?resize=350%2C200&ssl=1","width":350,"height":200,"srcset":"https:\/\/i0.wp.com\/lasprimeras.com.do\/wp-content\/uploads\/2023\/10\/Captura-de-pantalla-2023-09-15-180510-3.jpg?resize=350%2C200&ssl=1 1x, https:\/\/i0.wp.com\/lasprimeras.com.do\/wp-content\/uploads\/2023\/10\/Captura-de-pantalla-2023-09-15-180510-3.jpg?resize=525%2C300&ssl=1 1.5x, https:\/\/i0.wp.com\/lasprimeras.com.do\/wp-content\/uploads\/2023\/10\/Captura-de-pantalla-2023-09-15-180510-3.jpg?resize=700%2C400&ssl=1 2x"},"classes":[]},{"id":63595,"url":"https:\/\/lasprimeras.com.do\/index.php\/2023\/10\/13\/el-sol-de-mexico-regresa-a-republica-dominicana\/","url_meta":{"origin":62389,"position":1},"title":"El sol de M\u00e9xico regresa a Repu\u0301blica Dominicana","author":"BIMARY DE JES\u00daS Matos","date":"13 de octubre de 2023","format":false,"excerpt":"SANTO DOMINGO.- El esperado regreso de Luis Miguel a Repu\u0301blica Dominicana ya tiene fecha y lugar. La cita sera\u0301 el pro\u0301ximo 17 de enero en el Estadio Oli\u0301mpico. Un concierto en donde sus fans podra\u0301n disfrutar de todos los e\u0301xitos del cantante y una puesta en escena inolvidable. El mexicano\u2026","rel":"","context":"En \u00abENTRETENIMIENTO\u00bb","block_context":{"text":"ENTRETENIMIENTO","link":"https:\/\/lasprimeras.com.do\/index.php\/category\/entretenimiento\/"},"img":{"alt_text":"","src":"https:\/\/i0.wp.com\/lasprimeras.com.do\/wp-content\/uploads\/2023\/10\/WhatsApp-Image-2023-10-13-at-11.03.05-AM-1.webp?resize=350%2C200&ssl=1","width":350,"height":200,"srcset":"https:\/\/i0.wp.com\/lasprimeras.com.do\/wp-content\/uploads\/2023\/10\/WhatsApp-Image-2023-10-13-at-11.03.05-AM-1.webp?resize=350%2C200&ssl=1 1x, https:\/\/i0.wp.com\/lasprimeras.com.do\/wp-content\/uploads\/2023\/10\/WhatsApp-Image-2023-10-13-at-11.03.05-AM-1.webp?resize=525%2C300&ssl=1 1.5x, https:\/\/i0.wp.com\/lasprimeras.com.do\/wp-content\/uploads\/2023\/10\/WhatsApp-Image-2023-10-13-at-11.03.05-AM-1.webp?resize=700%2C400&ssl=1 2x, https:\/\/i0.wp.com\/lasprimeras.com.do\/wp-content\/uploads\/2023\/10\/WhatsApp-Image-2023-10-13-at-11.03.05-AM-1.webp?resize=1050%2C600&ssl=1 3x, https:\/\/i0.wp.com\/lasprimeras.com.do\/wp-content\/uploads\/2023\/10\/WhatsApp-Image-2023-10-13-at-11.03.05-AM-1.webp?resize=1400%2C800&ssl=1 4x"},"classes":[]},{"id":71657,"url":"https:\/\/lasprimeras.com.do\/index.php\/2023\/12\/21\/alejandro-sanz-encuentra-el-amor-con-la-hermana-de-una-famosa-actriz\/","url_meta":{"origin":62389,"position":2},"title":"Alejandro Sanz encuentra el amor con la hermana de una famosa actriz","author":"BIMARY DE JES\u00daS Matos","date":"21 de diciembre de 2023","format":false,"excerpt":"Santo Domingo.-La revista \u00a1Hola!, y otros medios espa\u00f1oles, publican esta semana que el cantante Alejandro Sanz encontr\u00f3 el amor en la actriz M\u00f3nica Cruz, hermana de la famos\u00edsima Pen\u00e9lope Cruz. Seg\u00fan la revista, el acercamiento de Alejandro Sanz y M\u00f3nica Cruz se dio el verano pasado. Hasta el momento no\u2026","rel":"","context":"En \u00abENTRETENIMIENTO\u00bb","block_context":{"text":"ENTRETENIMIENTO","link":"https:\/\/lasprimeras.com.do\/index.php\/category\/entretenimiento\/"},"img":{"alt_text":"","src":"https:\/\/i0.wp.com\/lasprimeras.com.do\/wp-content\/uploads\/2023\/12\/WhatsApp-Image-2023-12-21-at-1.17.44-PM-4.jpeg?resize=350%2C200&ssl=1","width":350,"height":200,"srcset":"https:\/\/i0.wp.com\/lasprimeras.com.do\/wp-content\/uploads\/2023\/12\/WhatsApp-Image-2023-12-21-at-1.17.44-PM-4.jpeg?resize=350%2C200&ssl=1 1x, https:\/\/i0.wp.com\/lasprimeras.com.do\/wp-content\/uploads\/2023\/12\/WhatsApp-Image-2023-12-21-at-1.17.44-PM-4.jpeg?resize=525%2C300&ssl=1 1.5x"},"classes":[]},{"id":65718,"url":"https:\/\/lasprimeras.com.do\/index.php\/2023\/10\/31\/rosario-flores-traera-un-nuevo-espectaculo-a-republica-dominicana\/","url_meta":{"origin":62389,"position":3},"title":"Rosario Flores traer\u00e1 un nuevo espect\u00e1culo a Rep\u00fablica Dominicana","author":"BIMARY DE JES\u00daS Matos","date":"31 de octubre de 2023","format":false,"excerpt":"Santo Domingo.-La cantante y compositora espa\u00f1ola Rosario Flores retorna con toda la energ\u00eda y carisma gitana que la caracteriza, con su nuevo espect\u00e1culo \u00abLo mejor de m\u00ed tour 2023\u00bb, a presentarse el pr\u00f3ximo 15 de diciembre en la sala principal del Teatro Nacional Eduardo Brito a las 8:30 de la\u2026","rel":"","context":"En \u00abENTRETENIMIENTO\u00bb","block_context":{"text":"ENTRETENIMIENTO","link":"https:\/\/lasprimeras.com.do\/index.php\/category\/entretenimiento\/"},"img":{"alt_text":"","src":"https:\/\/i0.wp.com\/lasprimeras.com.do\/wp-content\/uploads\/2023\/10\/WhatsApp-Image-2023-10-30-at-2.14.31-PM-2.jpeg?resize=350%2C200&ssl=1","width":350,"height":200,"srcset":"https:\/\/i0.wp.com\/lasprimeras.com.do\/wp-content\/uploads\/2023\/10\/WhatsApp-Image-2023-10-30-at-2.14.31-PM-2.jpeg?resize=350%2C200&ssl=1 1x, https:\/\/i0.wp.com\/lasprimeras.com.do\/wp-content\/uploads\/2023\/10\/WhatsApp-Image-2023-10-30-at-2.14.31-PM-2.jpeg?resize=525%2C300&ssl=1 1.5x"},"classes":[]},{"id":70963,"url":"https:\/\/lasprimeras.com.do\/index.php\/2023\/12\/15\/ricardo-montaner-tiene-cuatro-nacionalidades-y-la-dominicana-esta-en-su-corazon\/","url_meta":{"origin":62389,"position":4},"title":"Ricardo Montaner tiene cuatro nacionalidades y la dominicana est\u00e1 en su coraz\u00f3n","author":"BIMARY DE JES\u00daS Matos","date":"15 de diciembre de 2023","format":false,"excerpt":"RD.-Su verdadero nombre no es Ricardo Montaner. En sus papeles oficiales figura como H\u00e9ctor Eduardo Reglero Montaner, quien naci\u00f3 en Argentina hace 66 a\u00f1os. El renombrado cantautor tiene cuatro nacionalidades. Adem\u00e1s de argentino es ciudadano venezolano, colombiano y dominicano. Si bien su pa\u00eds natal es Argentina, pas\u00f3 la mayor parte\u2026","rel":"","context":"En \u00abENTRETENIMIENTO\u00bb","block_context":{"text":"ENTRETENIMIENTO","link":"https:\/\/lasprimeras.com.do\/index.php\/category\/entretenimiento\/"},"img":{"alt_text":"","src":"https:\/\/i0.wp.com\/lasprimeras.com.do\/wp-content\/uploads\/2023\/12\/WhatsApp-Image-2023-12-14-at-4.48.00-PM-23.jpeg?resize=350%2C200&ssl=1","width":350,"height":200,"srcset":"https:\/\/i0.wp.com\/lasprimeras.com.do\/wp-content\/uploads\/2023\/12\/WhatsApp-Image-2023-12-14-at-4.48.00-PM-23.jpeg?resize=350%2C200&ssl=1 1x, https:\/\/i0.wp.com\/lasprimeras.com.do\/wp-content\/uploads\/2023\/12\/WhatsApp-Image-2023-12-14-at-4.48.00-PM-23.jpeg?resize=525%2C300&ssl=1 1.5x"},"classes":[]},{"id":67703,"url":"https:\/\/lasprimeras.com.do\/index.php\/2023\/11\/17\/tueska-vuelve-a-los-escenarios-con-el-show-en-chao-cafe-teatro\/","url_meta":{"origin":62389,"position":5},"title":"Tueska vuelve a los escenarios con \u00abEl Show\u00bb en Chao Caf\u00e9 Teatro","author":"BIMARY DE JES\u00daS Matos","date":"17 de noviembre de 2023","format":false,"excerpt":"SANTO DOMINGO.- La cantante Tueska vuelve a los escenarios para llevar sus \u00e9xitos en un concierto esperado donde se disfrutara de \u00abEl Show\u00bb, este s\u00e1bado 18 de noviembre a partir de las 9:00 pm, en Chao Caf\u00e9 Teatro de \u00c1gora Mall. Temas como \u00abCon la misma moneda\u00bb y \u201cNo te\u2026","rel":"","context":"En \u00abENTRETENIMIENTO\u00bb","block_context":{"text":"ENTRETENIMIENTO","link":"https:\/\/lasprimeras.com.do\/index.php\/category\/entretenimiento\/"},"img":{"alt_text":"","src":"https:\/\/i0.wp.com\/lasprimeras.com.do\/wp-content\/uploads\/2023\/11\/WhatsApp-Image-2023-11-17-at-9.35.03-AM-1.jpeg?resize=350%2C200&ssl=1","width":350,"height":200,"srcset":"https:\/\/i0.wp.com\/lasprimeras.com.do\/wp-content\/uploads\/2023\/11\/WhatsApp-Image-2023-11-17-at-9.35.03-AM-1.jpeg?resize=350%2C200&ssl=1 1x, https:\/\/i0.wp.com\/lasprimeras.com.do\/wp-content\/uploads\/2023\/11\/WhatsApp-Image-2023-11-17-at-9.35.03-AM-1.jpeg?resize=525%2C300&ssl=1 1.5x"},"classes":[]}],"jetpack_sharing_enabled":true,"_links":{"self":[{"href":"https:\/\/lasprimeras.com.do\/index.php\/wp-json\/wp\/v2\/posts\/62389","targetHints":{"allow":["GET"]}}],"collection":[{"href":"https:\/\/lasprimeras.com.do\/index.php\/wp-json\/wp\/v2\/posts"}],"about":[{"href":"https:\/\/lasprimeras.com.do\/index.php\/wp-json\/wp\/v2\/types\/post"}],"author":[{"embeddable":true,"href":"https:\/\/lasprimeras.com.do\/index.php\/wp-json\/wp\/v2\/users\/3"}],"replies":[{"embeddable":true,"href":"https:\/\/lasprimeras.com.do\/index.php\/wp-json\/wp\/v2\/comments?post=62389"}],"version-history":[{"count":1,"href":"https:\/\/lasprimeras.com.do\/index.php\/wp-json\/wp\/v2\/posts\/62389\/revisions"}],"predecessor-version":[{"id":62391,"href":"https:\/\/lasprimeras.com.do\/index.php\/wp-json\/wp\/v2\/posts\/62389\/revisions\/62391"}],"wp:featuredmedia":[{"embeddable":true,"href":"https:\/\/lasprimeras.com.do\/index.php\/wp-json\/wp\/v2\/media\/62390"}],"wp:attachment":[{"href":"https:\/\/lasprimeras.com.do\/index.php\/wp-json\/wp\/v2\/media?parent=62389"}],"wp:term":[{"taxonomy":"category","embeddable":true,"href":"https:\/\/lasprimeras.com.do\/index.php\/wp-json\/wp\/v2\/categories?post=62389"},{"taxonomy":"post_tag","embeddable":true,"href":"https:\/\/lasprimeras.com.do\/index.php\/wp-json\/wp\/v2\/tags?post=62389"}],"curies":[{"name":"wp","href":"https:\/\/api.w.org\/{rel}","templated":true}]}}