{"id":62392,"date":"2023-10-04T20:42:25","date_gmt":"2023-10-05T00:42:25","guid":{"rendered":"https:\/\/lasprimeras.com.do\/?p=62392"},"modified":"2023-10-04T20:42:26","modified_gmt":"2023-10-05T00:42:26","slug":"j-balvin-estara-presente-en-los-latin-american-fashion-awards-en-chavon","status":"publish","type":"post","link":"https:\/\/lasprimeras.com.do\/index.php\/2023\/10\/04\/j-balvin-estara-presente-en-los-latin-american-fashion-awards-en-chavon\/","title":{"rendered":"J Balvin estar\u00e1 presente en los Latin American Fashion Awards en Chav\u00f3n"},"content":{"rendered":"\n<p>La Romana.- Latin American Fashion Awards, el evento de moda sin precedentes en la regi\u00f3n, fundado por dos legendarias de la moda y expertas creativas, Constanza Etro y Silvia Arg\u00fcello, anuncia a la estrella internacional J Balvin como \u201c\u00cdcono Latino de Moda del A\u00f1o\u201d. El reconocido artista internacional prender\u00e1 fuego al escenario de Altos Chav\u00f3n, el pr\u00f3ximo 4 de noviembre, durante el show de medio tiempo, donde deleitar\u00e1 a la audiencia y celebrar\u00e1 la vibrante cultura latinoamericana.<\/p>\n\n\n\n<p>So\u00f1ar en grande, trabajar sin cesar y honrar al talento latinoamericano, son los valores compartidos entre J Balvin y Latin American Fashion Awards, convirti\u00e9ndolo, sin dudas, en el ganador de este reconocimiento \u00fanico.<\/p>\n\n\n\n<p>\u201cEs un verdadero honor compartir el escenario con J Balvin. Su inspiradora historia de vida y su talento innato para poner a bailar al mundo entero encender\u00e1 a la audiencia y empoderar\u00e1 a las generaciones futuras de talentos latinoamericanos\u00bb, \u2013 dicen las cofundadoras Constanza Etro y Silvia Arg\u00fcello.<\/p>\n\n\n\n<p>\u201cESTOY EMOCIONADO DE ESTAR CELEBRANDO A LA PR\u00d3XIMA GENERACI\u00d3N DE DISE\u00d1ADORES LATINOAMERICANOS Y DE ESTAR RODEADO DE MENTES CREATIVAS DISPUESTAS A TRASPASAR NUEVOS L\u00cdMITES. ME SIENTO HONRADO DE SER PARTE DE ESTE EVENTO QUE VALORA LOS M\u00c1S ALTOS EST\u00c1NDARES DE LA CREATIVIDAD Y EL TRABAJO DURO.\u201d \u2013 J BALVIN.<\/p>\n\n\n\n<p>Leslie Grace, reconocida actriz y cantante de ra\u00edces dominicanas, ser\u00e1 la anfitriona de la Ceremonia de Premiaci\u00f3n, donde se revelar\u00e1n los ganadores de las 14 categor\u00edas de premios de los Latin American Fashion Awards.<\/p>\n\n\n\n<p>En el jurado tambi\u00e9n se encuentran el CEO del Council of Fashion Designers of America (CFDA), Steven Kolb; el presidente de la Camera Nazionale della Moda Italiana, Carlo Capasa; la editora en jefe de ELLE USA, Nina Garcia; la directora de Contenido Editorial para Vogue M\u00e9xico &amp; Latinoam\u00e9rica, Karla Mart\u00ednez de Salas; la periodista e \u00edcono de moda, Anna Dello Russo; el estilista y editor de moda global de i-D, Carlos Nazario; la supermodelo, actriz y activista, Indya Moore; el director creativo y experto en sostenibilidad, Kean Etro; el fot\u00f3grafo y cineasta, Bruno Aveillan; la directora creativa de la Fondazione Sozzani, Sara Sozzani Maino; la fil\u00e1ntropa, inversora estrat\u00e9gica y empresaria Carmen Busquets; la directora creativa Margherita Missoni; el fundador de Osklen y embajador de Buena Voluntad de la ONU, Oskar Metsavaht; la directora de moda de Vogue Brasil, V\u00edvian Sotoc\u00f3rno; y la directora global de Photo Vogue, Alessia Glaviano.<\/p>\n\n\n\n<p>Los tickets para asistir a la ceremonia de premiaci\u00f3n de los Latin American Fashion Awards est\u00e1n disponibles a la venta en UEPA Tickets.<\/p>\n","protected":false},"excerpt":{"rendered":"<p>La Romana.- Latin American Fashion Awards, el evento de moda sin precedentes en la regi\u00f3n, fundado por dos legendarias de la moda y expertas creativas, Constanza Etro y Silvia Arg\u00fcello,&hellip;<\/p>\n","protected":false},"author":3,"featured_media":62394,"comment_status":"open","ping_status":"open","sticky":false,"template":"","format":"standard","meta":{"content-type":"","jetpack_post_was_ever_published":false,"_jetpack_newsletter_access":"","_jetpack_dont_email_post_to_subs":false,"_jetpack_newsletter_tier_id":0,"_jetpack_memberships_contains_paywalled_content":false,"_jetpack_memberships_contains_paid_content":false,"footnotes":""},"categories":[84],"tags":[],"class_list":["post-62392","post","type-post","status-publish","format-standard","has-post-thumbnail","hentry","category-entretenimiento"],"jetpack_featured_media_url":"https:\/\/lasprimeras.com.do\/wp-content\/uploads\/2023\/10\/WhatsApp-Image-2023-10-04-at-5.20.12-PM-1.jpeg","jetpack-related-posts":[{"id":62497,"url":"https:\/\/lasprimeras.com.do\/index.php\/2023\/10\/05\/j-balvin-prendera-fuego-al-escenario-durante-el-show-de-los-latin-american-fashion-awards\/","url_meta":{"origin":62392,"position":0},"title":"J Balvin prender\u00e1 fuego al escenario durante el show de los Latin American Fashion Awards","author":"Nelson Feliz","date":"5 de octubre de 2023","format":false,"excerpt":"Las entradas est\u00e1n disponibles a la venta en UEPA Ticket Latin American Fashion Awards, el evento de moda sin precedentes en la regi\u00f3n, fundado por dos legendarias de la moda y expertas creativas, Constanza Etro y Silvia Arg\u00fcello, anuncia a la estrella internacional\u00a0J Balvin como \u201c\u00cdcono Latino de Moda del\u2026","rel":"","context":"En \u00abENTRETENIMIENTO\u00bb","block_context":{"text":"ENTRETENIMIENTO","link":"https:\/\/lasprimeras.com.do\/index.php\/category\/entretenimiento\/"},"img":{"alt_text":"J BALVIN x Latin American Fashion Awards","src":"https:\/\/i0.wp.com\/lasprimeras.com.do\/wp-content\/uploads\/2023\/10\/J-BALVIN-x-Latin-American-Fashion-Awards.jpg?resize=350%2C200&ssl=1","width":350,"height":200,"srcset":"https:\/\/i0.wp.com\/lasprimeras.com.do\/wp-content\/uploads\/2023\/10\/J-BALVIN-x-Latin-American-Fashion-Awards.jpg?resize=350%2C200&ssl=1 1x, https:\/\/i0.wp.com\/lasprimeras.com.do\/wp-content\/uploads\/2023\/10\/J-BALVIN-x-Latin-American-Fashion-Awards.jpg?resize=525%2C300&ssl=1 1.5x, https:\/\/i0.wp.com\/lasprimeras.com.do\/wp-content\/uploads\/2023\/10\/J-BALVIN-x-Latin-American-Fashion-Awards.jpg?resize=700%2C400&ssl=1 2x"},"classes":[]},{"id":62620,"url":"https:\/\/lasprimeras.com.do\/index.php\/2023\/10\/06\/j-balvin-se-presentara-durante-show-de-los-latin-american-fashion-awards-en-altos-de-chavon\/","url_meta":{"origin":62392,"position":1},"title":"J Balvin se presentar\u00e1 durante show de los Latin American Fashion Awards en Altos de Chav\u00f3n","author":"BIMARY DE JES\u00daS Matos","date":"6 de octubre de 2023","format":false,"excerpt":"Santo Domingo.-Latin American Fashion Awards, el evento de moda fundado por dos especialista de moda y expertas creativas, Constanza Etro y Silvia Arg\u00fcello, anuncia a la estrella internacional J Balvin como \"\u00cdcono Latino de Moda del A\u00f1o\". El reconocido artista internacional se presentar\u00e1 en el escenario de Altos Chav\u00f3n el\u2026","rel":"","context":"En \u00abENTRETENIMIENTO\u00bb","block_context":{"text":"ENTRETENIMIENTO","link":"https:\/\/lasprimeras.com.do\/index.php\/category\/entretenimiento\/"},"img":{"alt_text":"","src":"https:\/\/i0.wp.com\/lasprimeras.com.do\/wp-content\/uploads\/2023\/10\/WhatsApp-Image-2023-10-05-at-9.43.40-PM-1.jpeg?resize=350%2C200&ssl=1","width":350,"height":200,"srcset":"https:\/\/i0.wp.com\/lasprimeras.com.do\/wp-content\/uploads\/2023\/10\/WhatsApp-Image-2023-10-05-at-9.43.40-PM-1.jpeg?resize=350%2C200&ssl=1 1x, https:\/\/i0.wp.com\/lasprimeras.com.do\/wp-content\/uploads\/2023\/10\/WhatsApp-Image-2023-10-05-at-9.43.40-PM-1.jpeg?resize=525%2C300&ssl=1 1.5x, https:\/\/i0.wp.com\/lasprimeras.com.do\/wp-content\/uploads\/2023\/10\/WhatsApp-Image-2023-10-05-at-9.43.40-PM-1.jpeg?resize=700%2C400&ssl=1 2x"},"classes":[]},{"id":61672,"url":"https:\/\/lasprimeras.com.do\/index.php\/2023\/09\/29\/latin-american-fashion-awards-da-una-segunda-vida-a-casa-weber-en-la-zona-colonial\/","url_meta":{"origin":62392,"position":2},"title":"Lat\u00edn American Fashion Awards da una segunda vida a Casa Weber en la Zona Colonial","author":"Nelson Feliz","date":"29 de septiembre de 2023","format":false,"excerpt":"Lat\u00edn\u00a0American\u00a0Fashion\u00a0Awards,\u00a0el evento de moda sin precedentes en la regi\u00f3n, fundado por\u00a0Constanza Etro\u00a0y\u00a0Silvia Arg\u00fcello, celebra\u00a0Rep\u00fablica Dominicana\u00a0como pa\u00eds anfitri\u00f3n reviviendo la hist\u00f3rica\u00a0Casa Weber\u00a0en la Zona Colonial en Santo Domingo.\u00a0 \u201cSiguiendo el esp\u00edritu cultural y vanguardista de la original Casa Weber, nuestra misi\u00f3n es devolver al pa\u00eds anfitri\u00f3n un espacio cultural de alcance\u2026","rel":"","context":"En \u00abENTRETENIMIENTO\u00bb","block_context":{"text":"ENTRETENIMIENTO","link":"https:\/\/lasprimeras.com.do\/index.php\/category\/entretenimiento\/"},"img":{"alt_text":"","src":"https:\/\/i0.wp.com\/lasprimeras.com.do\/wp-content\/uploads\/2023\/09\/Constanza-Etro-Amelia-Vicini-Silvia-Arguello-y-Manuel-Diez-Cabral.jpg?resize=350%2C200&ssl=1","width":350,"height":200,"srcset":"https:\/\/i0.wp.com\/lasprimeras.com.do\/wp-content\/uploads\/2023\/09\/Constanza-Etro-Amelia-Vicini-Silvia-Arguello-y-Manuel-Diez-Cabral.jpg?resize=350%2C200&ssl=1 1x, https:\/\/i0.wp.com\/lasprimeras.com.do\/wp-content\/uploads\/2023\/09\/Constanza-Etro-Amelia-Vicini-Silvia-Arguello-y-Manuel-Diez-Cabral.jpg?resize=525%2C300&ssl=1 1.5x, https:\/\/i0.wp.com\/lasprimeras.com.do\/wp-content\/uploads\/2023\/09\/Constanza-Etro-Amelia-Vicini-Silvia-Arguello-y-Manuel-Diez-Cabral.jpg?resize=700%2C400&ssl=1 2x"},"classes":[]},{"id":57778,"url":"https:\/\/lasprimeras.com.do\/index.php\/2023\/08\/15\/aparataje-distribution-es-reconocida-como-una-de-las-30-promesas-de-negocios-por-forbes\/","url_meta":{"origin":62392,"position":3},"title":"Aparataje Distribution es reconocida como una de las 30 Promesas de Negocios por Forbes","author":"Nelson Feliz","date":"15 de agosto de 2023","format":false,"excerpt":"Aparataje Distribution, la innovadora compa\u00f1\u00eda de distribuci\u00f3n de m\u00fasica y videos, ha sido honrada con un prestigioso reconocimiento por la revista Forbes Dominicana, que la ha seleccionado como una de las 30 empresas prometedoras en el panorama empresarial de Rep\u00fablica Dominicana. La m\u00fasica, especialmente en el g\u00e9nero urbano, est\u00e1 experimentando\u2026","rel":"","context":"En \u00abENTRETENIMIENTO\u00bb","block_context":{"text":"ENTRETENIMIENTO","link":"https:\/\/lasprimeras.com.do\/index.php\/category\/entretenimiento\/"},"img":{"alt_text":"Jairo Bautista es reconocido por Forbes como una de las Promesas de Negocios en RD","src":"https:\/\/i0.wp.com\/lasprimeras.com.do\/wp-content\/uploads\/2023\/08\/Jairo-Bautista-es-reconocido-por-Forbes-como-una-de-las-Promesas-de-Negocios-en-RD.jpg?resize=350%2C200&ssl=1","width":350,"height":200,"srcset":"https:\/\/i0.wp.com\/lasprimeras.com.do\/wp-content\/uploads\/2023\/08\/Jairo-Bautista-es-reconocido-por-Forbes-como-una-de-las-Promesas-de-Negocios-en-RD.jpg?resize=350%2C200&ssl=1 1x, https:\/\/i0.wp.com\/lasprimeras.com.do\/wp-content\/uploads\/2023\/08\/Jairo-Bautista-es-reconocido-por-Forbes-como-una-de-las-Promesas-de-Negocios-en-RD.jpg?resize=525%2C300&ssl=1 1.5x"},"classes":[]},{"id":124557,"url":"https:\/\/lasprimeras.com.do\/index.php\/2026\/03\/13\/moda-dominicana-brillara-en-a-la-carta-fashion-show-2026\/","url_meta":{"origin":62392,"position":4},"title":"Moda dominicana brillar\u00e1 en a la Carta Fashion Show 2026","author":"Nelson Feliz","date":"13 de marzo de 2026","format":false,"excerpt":"Empresaria dominicana Pen\u00e9lope Ventura impulsa la moda dominicana en Florida; Merky D\u00edaz presentar\u00e1 colecci\u00f3n y anuncian expansi\u00f3n de A La Carta Fashion Show a Punta Cana Orlando, Florida. \u2013\u00a0La moda dominicana contin\u00faa ganando protagonismo en escenarios internacionales gracias a iniciativas lideradas por talento del pa\u00eds. La empresaria y fashionista dominicana\u2026","rel":"","context":"En \u00abENTRETENIMIENTO\u00bb","block_context":{"text":"ENTRETENIMIENTO","link":"https:\/\/lasprimeras.com.do\/index.php\/category\/entretenimiento\/"},"img":{"alt_text":"","src":"https:\/\/i0.wp.com\/lasprimeras.com.do\/wp-content\/uploads\/2026\/03\/Foto-2.jpg?resize=350%2C200&ssl=1","width":350,"height":200,"srcset":"https:\/\/i0.wp.com\/lasprimeras.com.do\/wp-content\/uploads\/2026\/03\/Foto-2.jpg?resize=350%2C200&ssl=1 1x, https:\/\/i0.wp.com\/lasprimeras.com.do\/wp-content\/uploads\/2026\/03\/Foto-2.jpg?resize=525%2C300&ssl=1 1.5x, https:\/\/i0.wp.com\/lasprimeras.com.do\/wp-content\/uploads\/2026\/03\/Foto-2.jpg?resize=700%2C400&ssl=1 2x"},"classes":[]},{"id":66167,"url":"https:\/\/lasprimeras.com.do\/index.php\/2023\/11\/03\/miky-woodz-se-aduena-de-la-nascar-cup-series\/","url_meta":{"origin":62392,"position":5},"title":"Miky Woodz se adue\u00f1a de la NASCAR Cup Series","author":"BIMARY DE JES\u00daS Matos","date":"3 de noviembre de 2023","format":false,"excerpt":"Santo Domingo.-El reconocido artista urbano Miky Woodz llega como invitado especial a la reconocida carrera \u201cNASCAR 4EVER 400 CUP SERIES\u201d celebrada en la famosa pista Homestead Miami Speedway en Miami, Florida. Un evento lleno de adrenalina donde el int\u00e9rprete de \u201cSouvenir\u201d fue part\u00edcipe y disfrut\u00f3 cada minuto en la pista\u2026","rel":"","context":"En \u00abENTRETENIMIENTO\u00bb","block_context":{"text":"ENTRETENIMIENTO","link":"https:\/\/lasprimeras.com.do\/index.php\/category\/entretenimiento\/"},"img":{"alt_text":"","src":"https:\/\/i0.wp.com\/lasprimeras.com.do\/wp-content\/uploads\/2023\/11\/WhatsApp-Image-2023-11-03-at-8.28.25-AM-4.jpeg?resize=350%2C200&ssl=1","width":350,"height":200,"srcset":"https:\/\/i0.wp.com\/lasprimeras.com.do\/wp-content\/uploads\/2023\/11\/WhatsApp-Image-2023-11-03-at-8.28.25-AM-4.jpeg?resize=350%2C200&ssl=1 1x, https:\/\/i0.wp.com\/lasprimeras.com.do\/wp-content\/uploads\/2023\/11\/WhatsApp-Image-2023-11-03-at-8.28.25-AM-4.jpeg?resize=525%2C300&ssl=1 1.5x"},"classes":[]}],"jetpack_sharing_enabled":true,"_links":{"self":[{"href":"https:\/\/lasprimeras.com.do\/index.php\/wp-json\/wp\/v2\/posts\/62392","targetHints":{"allow":["GET"]}}],"collection":[{"href":"https:\/\/lasprimeras.com.do\/index.php\/wp-json\/wp\/v2\/posts"}],"about":[{"href":"https:\/\/lasprimeras.com.do\/index.php\/wp-json\/wp\/v2\/types\/post"}],"author":[{"embeddable":true,"href":"https:\/\/lasprimeras.com.do\/index.php\/wp-json\/wp\/v2\/users\/3"}],"replies":[{"embeddable":true,"href":"https:\/\/lasprimeras.com.do\/index.php\/wp-json\/wp\/v2\/comments?post=62392"}],"version-history":[{"count":1,"href":"https:\/\/lasprimeras.com.do\/index.php\/wp-json\/wp\/v2\/posts\/62392\/revisions"}],"predecessor-version":[{"id":62395,"href":"https:\/\/lasprimeras.com.do\/index.php\/wp-json\/wp\/v2\/posts\/62392\/revisions\/62395"}],"wp:featuredmedia":[{"embeddable":true,"href":"https:\/\/lasprimeras.com.do\/index.php\/wp-json\/wp\/v2\/media\/62394"}],"wp:attachment":[{"href":"https:\/\/lasprimeras.com.do\/index.php\/wp-json\/wp\/v2\/media?parent=62392"}],"wp:term":[{"taxonomy":"category","embeddable":true,"href":"https:\/\/lasprimeras.com.do\/index.php\/wp-json\/wp\/v2\/categories?post=62392"},{"taxonomy":"post_tag","embeddable":true,"href":"https:\/\/lasprimeras.com.do\/index.php\/wp-json\/wp\/v2\/tags?post=62392"}],"curies":[{"name":"wp","href":"https:\/\/api.w.org\/{rel}","templated":true}]}}