{"id":62407,"date":"2023-10-04T21:17:38","date_gmt":"2023-10-05T01:17:38","guid":{"rendered":"https:\/\/lasprimeras.com.do\/?p=62407"},"modified":"2023-10-04T21:17:40","modified_gmt":"2023-10-05T01:17:40","slug":"roberto-alvarez-declaracion-de-2021-sobre-rio-masacre-no-tiene-fuerza-juridica","status":"publish","type":"post","link":"https:\/\/lasprimeras.com.do\/index.php\/2023\/10\/04\/roberto-alvarez-declaracion-de-2021-sobre-rio-masacre-no-tiene-fuerza-juridica\/","title":{"rendered":"Roberto \u00c1lvarez: Declaraci\u00f3n de 2021 sobre r\u00edo Masacre no tiene fuerza jur\u00eddica"},"content":{"rendered":"\n<p><strong>El funcionario habl\u00f3 en el Senado donde trat\u00f3 el impasse generado con Hait\u00ed por la construcci\u00f3n de un canal en el r\u00edo Masacre.<\/strong><\/p>\n\n\n\n<p>El canciller Roberto \u00c1lvarez asegur\u00f3 este mi\u00e9rcoles que la declaraci\u00f3n conjunta de la Comisi\u00f3n Mixta Binacional sobre el r\u00edo Masacre del 27 de mayo de 2021 no tiene fuerza jur\u00eddica.<\/p>\n\n\n\n<p>\u00c1lvarez ofreci\u00f3 estas declaraciones al hablar ante los senadores, que le invitaron a explicar el conflicto generado con Hait\u00ed por la construcci\u00f3n de un canal que desviar\u00eda el agua del r\u00edo Masacre en la frontera con Dajab\u00f3n.<\/p>\n\n\n\n<p>Al responder preguntas del senador Yv\u00e1n Lorenzo (PLD-El\u00edas Pi\u00f1a), el alto funcionario dijo que la declaraci\u00f3n no tiene valor jur\u00eddico porque requiere su firma o la del presidente Luis Abinader.<\/p>\n\n\n\n<p>&#8220;La declaraci\u00f3n del 27 de mayo, yo no la firm\u00e9, no tiene mi firma, y expliqu\u00e9 que las \u00fanicas personas que pueden vincular jur\u00eddicamente al Estado sin necesidad de plenos poderes son el presidente de la Rep\u00fablica y el canciller&#8221;, afirm\u00f3 el canciller.<\/p>\n\n\n\n<p>El conflicto por la construcci\u00f3n del canal en lado haitiano ha provocado que el Gobierno de Luis Abinader cerrara las fronteras con Hait\u00ed, suspendiera la emisi\u00f3n de visados y dispusiera impedimento de entrada para los supuestos financiadores de la obra.<\/p>\n\n\n\n<p>Declaraci\u00f3n<\/p>\n\n\n\n<p>A continuaci\u00f3n, la Declaraci\u00f3n Conjunta de la Reuni\u00f3n binacional sobre la situaci\u00f3n de las aguas transfronterizas del r\u00edo Dajab\u00f3n o Masacre del 27 de mayo de 2021.<\/p>\n\n\n\n<p>Reunidos en el Ministerio de Relaciones Exteriores de Rep\u00fablica Dominicana en el marco de la Comisi\u00f3n Mixta Bilateral Dominico-Haitiana las delegaciones presentes se han puesto de acuerdo en emitir la siguiente Declaraci\u00f3n:<\/p>\n\n\n\n<p>Considerando que el Tratado de Paz, Amistad perpetua y Arbitraje firmado el d\u00eda 20 de febrero del 1929 entre el gobierno de la Rep\u00fablica Dominicana y la Rep\u00fablica de Hait\u00ed, donde se establece el derecho que tienen ambas naciones de utilizar las aguas de los r\u00edos que se encuentran en la zona fronteriza de manera justa y equitativa;<\/p>\n\n\n\n<p>Considerando el inter\u00e9s de las dos naciones en trabajar de manera conjunta para crear los mecanismos que garanticen el manejo sostenible de las cuencas hidrogr\u00e1ficas transfronterizas y el uso adecuado de los cursos de aguas binacionales;<\/p>\n\n\n\n<p>Reconociendo, en base a las informaciones presentadas en el d\u00eda de hoy por los representantes de la delegaci\u00f3n de la Republica de Hait\u00ed y en el esp\u00edritu de entendimiento e intercambio de informaciones como se encuentra planteado en el Tratado de 1929, que la obra iniciada en el r\u00edo Dajab\u00f3n o Masacre para la captaci\u00f3n de agua no consiste en un desvi\u00f3 del cauce del r\u00edo;<\/p>\n\n\n\n<p>Se acord\u00f3: Seguir compartiendo informaciones relativas a todas las obras en materia h\u00eddrica realizadas y a realizarse en la zona fronteriza.<\/p>\n\n\n\n<p>Crear una Mesa T\u00e9cnica para mejor entendimiento de los trabajos realizados en la zona fronteriza, en el marco de la Subcomisi\u00f3n de Medio Ambiente y Agricultura de esta Comisi\u00f3n Mixta Bilateral, con miras a la conformaci\u00f3n de la Mesa H\u00eddrica Binacional.<\/p>\n\n\n\n<p>Elaborar, en el marco de la mesa t\u00e9cnica, un protocolo t\u00e9cnico para el manejo coordinado de todas las cuencas hidrogr\u00e1ficas transfronterizas, para garantizar la gesti\u00f3n de los recursos de manera conjunta de acuerdo a lo establecido en el Tratado de 1929 y a las normas de Derecho Internacional.<\/p>\n\n\n\n<p>Las dos partes acuerdan, de considerarlo necesario, gestionar asistencia t\u00e9cnica internacional en la materia.<\/p>\n\n\n\n<p>La presente declaraci\u00f3n fue firmada en franc\u00e9s y espa\u00f1ol ambas igualmente v\u00e1lidas, por el secretario y la secretaria de la Comisi\u00f3n Mixta Bilateral a los veintisiete d\u00edas del mes de mayo del a\u00f1o 2021.<\/p>\n","protected":false},"excerpt":{"rendered":"<p>El funcionario habl\u00f3 en el Senado donde trat\u00f3 el impasse generado con Hait\u00ed por la construcci\u00f3n de un canal en el r\u00edo Masacre. El canciller Roberto \u00c1lvarez asegur\u00f3 este mi\u00e9rcoles&hellip;<\/p>\n","protected":false},"author":2,"featured_media":62408,"comment_status":"open","ping_status":"open","sticky":false,"template":"","format":"standard","meta":{"content-type":"","jetpack_post_was_ever_published":false,"_jetpack_newsletter_access":"","_jetpack_dont_email_post_to_subs":false,"_jetpack_newsletter_tier_id":0,"_jetpack_memberships_contains_paywalled_content":false,"_jetpack_memberships_contains_paid_content":false,"footnotes":""},"categories":[35],"tags":[6287,1377,2156,7009,3651],"class_list":["post-62407","post","type-post","status-publish","format-standard","has-post-thumbnail","hentry","category-nacionales","tag-declaracion","tag-fuerza","tag-juridica","tag-rio-masacre","tag-roberto-alvarez"],"jetpack_featured_media_url":"https:\/\/lasprimeras.com.do\/wp-content\/uploads\/2023\/10\/Roberto-Alvarez-2.jpg","jetpack-related-posts":[{"id":62384,"url":"https:\/\/lasprimeras.com.do\/index.php\/2023\/10\/04\/canciller-roberto-alvarez-reafirmo-ante-el-senado-que-el-pais-siempre-ha-rechazado-la-construccion-del-canal-en-haiti\/","url_meta":{"origin":62407,"position":0},"title":"Canciller Roberto \u00c1lvarez reafirm\u00f3 ante el Senado que el pa\u00eds siempre ha rechazado la construcci\u00f3n del canal en Hait\u00ed","author":"Nelson Feliz","date":"4 de octubre de 2023","format":false,"excerpt":"El canciller Roberto \u00c1lvarez acudi\u00f3 este mi\u00e9rcoles al Senado de la Rep\u00fablica, atendiendo a la invitaci\u00f3n de esa c\u00e1mara, donde detall\u00f3 todo el trabajo realizado por la Canciller\u00eda dominicana para enfrentar el diferendo con Hait\u00ed por la construcci\u00f3n unilateral e ilegal del canal de trasvase en el r\u00edo Dajab\u00f3n-Masacre. El\u2026","rel":"","context":"En \u00abNACIONALES\u00bb","block_context":{"text":"NACIONALES","link":"https:\/\/lasprimeras.com.do\/index.php\/category\/nacionales\/"},"img":{"alt_text":"Roberto Alvarez","src":"https:\/\/i0.wp.com\/lasprimeras.com.do\/wp-content\/uploads\/2023\/10\/Roberto-Alvarez-1.jpg?resize=350%2C200&ssl=1","width":350,"height":200,"srcset":"https:\/\/i0.wp.com\/lasprimeras.com.do\/wp-content\/uploads\/2023\/10\/Roberto-Alvarez-1.jpg?resize=350%2C200&ssl=1 1x, https:\/\/i0.wp.com\/lasprimeras.com.do\/wp-content\/uploads\/2023\/10\/Roberto-Alvarez-1.jpg?resize=525%2C300&ssl=1 1.5x, https:\/\/i0.wp.com\/lasprimeras.com.do\/wp-content\/uploads\/2023\/10\/Roberto-Alvarez-1.jpg?resize=700%2C400&ssl=1 2x"},"classes":[]},{"id":69318,"url":"https:\/\/lasprimeras.com.do\/index.php\/2023\/12\/01\/gobierno-espera-el-informe-de-oea-sobre-canal-del-rio-masacre-2\/","url_meta":{"origin":62407,"position":1},"title":"Gobierno espera el informe de OEA sobre canal del r\u00edo Masacre","author":"Nelson Feliz","date":"1 de diciembre de 2023","format":false,"excerpt":"El ministro de Relaciones Exteriores (Mirex), Roberto \u00c1lvarez, manifest\u00f3 ayer que\u201d todo est\u00e1 tranquilo en la frontera\u201d y que est\u00e1n a la espera del informe que rendir\u00e1 la Organizaci\u00f3n de Estados Americanos (OEA) en relaci\u00f3n a la construcci\u00f3n del canal en el r\u00edo Masacre (Dajab\u00f3n) del lado haitiano, luego de\u2026","rel":"","context":"En \u00abNACIONALES\u00bb","block_context":{"text":"NACIONALES","link":"https:\/\/lasprimeras.com.do\/index.php\/category\/nacionales\/"},"img":{"alt_text":"Roberto \u00c1lvarez","src":"https:\/\/i0.wp.com\/lasprimeras.com.do\/wp-content\/uploads\/2023\/12\/Roberto-Alvarez.jpg?resize=350%2C200&ssl=1","width":350,"height":200,"srcset":"https:\/\/i0.wp.com\/lasprimeras.com.do\/wp-content\/uploads\/2023\/12\/Roberto-Alvarez.jpg?resize=350%2C200&ssl=1 1x, https:\/\/i0.wp.com\/lasprimeras.com.do\/wp-content\/uploads\/2023\/12\/Roberto-Alvarez.jpg?resize=525%2C300&ssl=1 1.5x, https:\/\/i0.wp.com\/lasprimeras.com.do\/wp-content\/uploads\/2023\/12\/Roberto-Alvarez.jpg?resize=700%2C400&ssl=1 2x"},"classes":[]},{"id":63589,"url":"https:\/\/lasprimeras.com.do\/index.php\/2023\/10\/13\/oea-propone-vias-de-solucion-al-conflicto-rd-haiti\/","url_meta":{"origin":62407,"position":2},"title":"OEA propone v\u00edas de soluci\u00f3n al conflicto RD-Hait\u00ed","author":"Nelson Feliz","date":"13 de octubre de 2023","format":false,"excerpt":"Almagro solicita que el Caricom se integre a misi\u00f3n t\u00e9cnica para evaluar aspectos h\u00eddricos y legales del conflicto. El secretario general de la Organizaci\u00f3n de los Estados Americanos (OEA) propuso este jueves 12 de octubre una reuni\u00f3n entre las delegaciones de la Rep\u00fablica Dominicana y Hait\u00ed para fomentar las discusiones\u2026","rel":"","context":"En \u00abSin categor\u00eda\u00bb","block_context":{"text":"Sin categor\u00eda","link":"https:\/\/lasprimeras.com.do\/index.php\/category\/sin-categoria\/"},"img":{"alt_text":"oea","src":"https:\/\/i0.wp.com\/lasprimeras.com.do\/wp-content\/uploads\/2023\/10\/oea.jpg?resize=350%2C200&ssl=1","width":350,"height":200,"srcset":"https:\/\/i0.wp.com\/lasprimeras.com.do\/wp-content\/uploads\/2023\/10\/oea.jpg?resize=350%2C200&ssl=1 1x, https:\/\/i0.wp.com\/lasprimeras.com.do\/wp-content\/uploads\/2023\/10\/oea.jpg?resize=525%2C300&ssl=1 1.5x, https:\/\/i0.wp.com\/lasprimeras.com.do\/wp-content\/uploads\/2023\/10\/oea.jpg?resize=700%2C400&ssl=1 2x"},"classes":[]},{"id":63504,"url":"https:\/\/lasprimeras.com.do\/index.php\/2023\/10\/12\/canciller-dominicano-afirma-conflicto-de-rio-masacre-se-ha-politizado\/","url_meta":{"origin":62407,"position":3},"title":"Canciller dominicano afirma conflicto de r\u00edo Masacre se ha politizado","author":"Nelson Feliz","date":"12 de octubre de 2023","format":false,"excerpt":"De acuerdo con Roberto \u00c1lvarez, Hait\u00ed cambi\u00f3 su posici\u00f3n ante Rep\u00fablica Dominicana \"por presiones\" El ministro de Relaciones Exteriores, Roberto \u00c1lvarez, afirm\u00f3 este jueves que el conflicto que se produjo entre Rep\u00fablica Dominicana y Hait\u00ed por la construcci\u00f3n de un canal trasvase en el r\u00edo Masacre pudo resolverse a trav\u00e9s\u2026","rel":"","context":"En \u00abNACIONALES\u00bb","block_context":{"text":"NACIONALES","link":"https:\/\/lasprimeras.com.do\/index.php\/category\/nacionales\/"},"img":{"alt_text":"Roberto \u00c1lvarez","src":"https:\/\/i0.wp.com\/lasprimeras.com.do\/wp-content\/uploads\/2023\/10\/Roberto-Alvarez-2.jpg?resize=350%2C200&ssl=1","width":350,"height":200,"srcset":"https:\/\/i0.wp.com\/lasprimeras.com.do\/wp-content\/uploads\/2023\/10\/Roberto-Alvarez-2.jpg?resize=350%2C200&ssl=1 1x, https:\/\/i0.wp.com\/lasprimeras.com.do\/wp-content\/uploads\/2023\/10\/Roberto-Alvarez-2.jpg?resize=525%2C300&ssl=1 1.5x, https:\/\/i0.wp.com\/lasprimeras.com.do\/wp-content\/uploads\/2023\/10\/Roberto-Alvarez-2.jpg?resize=700%2C400&ssl=1 2x"},"classes":[]},{"id":69284,"url":"https:\/\/lasprimeras.com.do\/index.php\/2023\/12\/01\/gobierno-espera-el-informe-de-oea-sobre-canal-del-rio-masacre\/","url_meta":{"origin":62407,"position":4},"title":"Gobierno espera el informe de OEA sobre canal del r\u00edo Masacre","author":"BIMARY DE JES\u00daS Matos","date":"1 de diciembre de 2023","format":false,"excerpt":"Santo Domingo.-El ministro de Relaciones Exteriores (Mirex), Roberto \u00c1lvarez, manifest\u00f3 ayer que\u201d todo est\u00e1 tranquilo en la frontera\u201d y que est\u00e1n a la espera del informe que rendir\u00e1 la Organizaci\u00f3n de Estados Americanos (OEA) en relaci\u00f3n a la construcci\u00f3n del canal en el r\u00edo Masacre (Dajab\u00f3n) del lado haitiano, luego\u2026","rel":"","context":"En \u00abPORTADA\u00bb","block_context":{"text":"PORTADA","link":"https:\/\/lasprimeras.com.do\/index.php\/category\/portada\/"},"img":{"alt_text":"","src":"https:\/\/i0.wp.com\/lasprimeras.com.do\/wp-content\/uploads\/2023\/12\/Noticias-de-energia-51.jpg?resize=350%2C200&ssl=1","width":350,"height":200,"srcset":"https:\/\/i0.wp.com\/lasprimeras.com.do\/wp-content\/uploads\/2023\/12\/Noticias-de-energia-51.jpg?resize=350%2C200&ssl=1 1x, https:\/\/i0.wp.com\/lasprimeras.com.do\/wp-content\/uploads\/2023\/12\/Noticias-de-energia-51.jpg?resize=525%2C300&ssl=1 1.5x"},"classes":[]},{"id":60390,"url":"https:\/\/lasprimeras.com.do\/index.php\/2023\/09\/13\/leonel-fernandez-rechaza-construccion-de-canal-para-desviar-flujo-rio-masacre\/","url_meta":{"origin":62407,"position":5},"title":"Leonel Fern\u00e1ndez rechaza construcci\u00f3n de canal para desviar flujo R\u00edo Masacre","author":"Nelson Feliz","date":"13 de septiembre de 2023","format":false,"excerpt":"Demanda del gobierno aclarar los t\u00e9rminos del acuerdo de 2021 entre cancilleres de RD y Hait\u00ed. El expresidente de la Rep\u00fablica Dominicana y presidente de la Fuerza del Pueblo, Leonel Fern\u00e1ndez, rechaz\u00f3 hoy la pretenci\u00f3n de algunos sectores haitianos de desviar el flujo del R\u00edo Masacre. A trav\u00e9s de su\u2026","rel":"","context":"En \u00abPORTADA\u00bb","block_context":{"text":"PORTADA","link":"https:\/\/lasprimeras.com.do\/index.php\/category\/portada\/"},"img":{"alt_text":"Leonel Fern\u00e1ndez","src":"https:\/\/i0.wp.com\/lasprimeras.com.do\/wp-content\/uploads\/2023\/09\/Leonel-Fernandez-2.jpg?resize=350%2C200&ssl=1","width":350,"height":200,"srcset":"https:\/\/i0.wp.com\/lasprimeras.com.do\/wp-content\/uploads\/2023\/09\/Leonel-Fernandez-2.jpg?resize=350%2C200&ssl=1 1x, https:\/\/i0.wp.com\/lasprimeras.com.do\/wp-content\/uploads\/2023\/09\/Leonel-Fernandez-2.jpg?resize=525%2C300&ssl=1 1.5x, https:\/\/i0.wp.com\/lasprimeras.com.do\/wp-content\/uploads\/2023\/09\/Leonel-Fernandez-2.jpg?resize=700%2C400&ssl=1 2x"},"classes":[]}],"jetpack_sharing_enabled":true,"_links":{"self":[{"href":"https:\/\/lasprimeras.com.do\/index.php\/wp-json\/wp\/v2\/posts\/62407","targetHints":{"allow":["GET"]}}],"collection":[{"href":"https:\/\/lasprimeras.com.do\/index.php\/wp-json\/wp\/v2\/posts"}],"about":[{"href":"https:\/\/lasprimeras.com.do\/index.php\/wp-json\/wp\/v2\/types\/post"}],"author":[{"embeddable":true,"href":"https:\/\/lasprimeras.com.do\/index.php\/wp-json\/wp\/v2\/users\/2"}],"replies":[{"embeddable":true,"href":"https:\/\/lasprimeras.com.do\/index.php\/wp-json\/wp\/v2\/comments?post=62407"}],"version-history":[{"count":1,"href":"https:\/\/lasprimeras.com.do\/index.php\/wp-json\/wp\/v2\/posts\/62407\/revisions"}],"predecessor-version":[{"id":62409,"href":"https:\/\/lasprimeras.com.do\/index.php\/wp-json\/wp\/v2\/posts\/62407\/revisions\/62409"}],"wp:featuredmedia":[{"embeddable":true,"href":"https:\/\/lasprimeras.com.do\/index.php\/wp-json\/wp\/v2\/media\/62408"}],"wp:attachment":[{"href":"https:\/\/lasprimeras.com.do\/index.php\/wp-json\/wp\/v2\/media?parent=62407"}],"wp:term":[{"taxonomy":"category","embeddable":true,"href":"https:\/\/lasprimeras.com.do\/index.php\/wp-json\/wp\/v2\/categories?post=62407"},{"taxonomy":"post_tag","embeddable":true,"href":"https:\/\/lasprimeras.com.do\/index.php\/wp-json\/wp\/v2\/tags?post=62407"}],"curies":[{"name":"wp","href":"https:\/\/api.w.org\/{rel}","templated":true}]}}