{"id":62410,"date":"2023-10-04T21:27:41","date_gmt":"2023-10-05T01:27:41","guid":{"rendered":"https:\/\/lasprimeras.com.do\/?p=62410"},"modified":"2023-10-04T21:27:42","modified_gmt":"2023-10-05T01:27:42","slug":"huawei-presenta-tres-innovadoras-soluciones-para-acelerar-el-desarrollo-de-latam-digital","status":"publish","type":"post","link":"https:\/\/lasprimeras.com.do\/index.php\/2023\/10\/04\/huawei-presenta-tres-innovadoras-soluciones-para-acelerar-el-desarrollo-de-latam-digital\/","title":{"rendered":"Huawei presenta tres innovadoras soluciones para acelerar el desarrollo de LATAM digital"},"content":{"rendered":"\n<p>En la Cumbre de L\u00edderes de Banda Ancha de Fibra de LATAM en Sao Paulo, Huawei lanz\u00f3 tres nuevas tecnolog\u00edas de fibra: Trouble-Free ONT, Smart Wi-Fi 2.0, y Fiber Iris para habilitar LATAM Digital.<\/p>\n\n\n\n<p>Daniel Zhang, vicepresidente del Departamento de Soluciones y Marketing de Huawei para Am\u00e9rica Latina, se\u00f1al\u00f3 que la tasa de crecimiento anual compuesta (CAGR) de los suscriptores de fibra en Am\u00e9rica Latina es actualmente de alrededor del 17%.<\/p>\n\n\n\n<p>Los operadores latinoamericanos, al igual que sus hom\u00f3logos de otras partes del mundo, promovieron m\u00e1s servicios de banda ancha basados en escenarios para satisfacer las necesidades del hogar digital de los usuarios.<\/p>\n\n\n\n<p>\u201cLos nuevos servicios dom\u00e9sticos traen nuevos requisitos a la red de fibra. Una mejor experiencia en el hogar, menos visitas al hogar y una resoluci\u00f3n de problemas m\u00e1s r\u00e1pida son las tres principales preocupaciones de los operadores latinoamericanos\u201d.<\/p>\n\n\n\n<p>Las tres innovadoras soluciones de fibra digital de Huawei ayudar\u00e1n a los operadores a construir redes de fibra m\u00e1s inteligentes y eficientes.<\/p>\n\n\n\n<p>Huawei Trouble-Free ONT es el primer ONT (terminal de red \u00f3ptica) autooptimizado por el usuario de la industria. Proporciona una antena \u00fanica de 7 dBi para aumentar la cobertura de Wi-Fi en el hogar y utiliza la optimizaci\u00f3n del algoritmo de Wi-Fi para aumentar la velocidad de Wi-Fi en el hogar.<\/p>\n\n\n\n<p>Mientras tanto, la innovadora autooptimizaci\u00f3n del usuario ayuda a los operadores a reducir las visitas a domicilio.<\/p>\n\n\n\n<p>Huawei Smart Wi-Fi 2.0 actualiza el an\u00e1lisis a nivel de terminal al an\u00e1lisis a nivel de aplicaci\u00f3n, garantizando la calidad de la experiencia FTTH (fibra hasta el hogar).<\/p>\n\n\n\n<p>Proporciona un an\u00e1lisis de la mala calidad de las aplicaciones con una innovadora placa OLT (terminal de l\u00ednea \u00f3ptica) AEC (computaci\u00f3n de borde de acceso), lo que ayuda a los operadores a reducir la tasa de abandono de suscriptores.<\/p>\n\n\n\n<p>El Smart Wi-Fi 2.0 tambi\u00e9n admite un perfil preciso del usuario para ayudar a los operadores a lograr ventas adicionales en el mercado.<\/p>\n\n\n\n<p>Huawei Fiber Iris es una tecnolog\u00eda innovadora \u00fanica de Huawei que proporciona capacidades visibles e inteligentes para ODN pasivo.<\/p>\n\n\n\n<p>En comparaci\u00f3n con el ODN tradicional invisible y oscuro, Fiber Iris marca cada puerto ODN con una etiqueta individual para lograr la aceptaci\u00f3n remota y la localizaci\u00f3n de fallas. Simplificando enormemente el mantenimiento de la red, la precisi\u00f3n de localizaci\u00f3n de fallos alcanza el nivel del medidor.<\/p>\n\n\n\n<p>Durante el evento, Kim Jin, vicepresidente de la l\u00ednea de productos comerciales \u00f3pticos de Huawei, dijo: \u201cHuawei aumenta continuamente sus inversiones en I+D en el \u00e1mbito \u00f3ptico y, como resultado, ha estado liderando el desarrollo de la industria global de redes \u00f3pticas durante mucho tiempo.<\/p>\n\n\n\n<p>La innovadora soluci\u00f3n de banda ultraancha 400G\/800G de Huawei maximiza la capacidad de una sola fibra para construir la red troncal de costo \u00f3ptimo por bit, la innovadora soluci\u00f3n Alps-WDM ayuda a los operadores a construir la rentable red metropolitana de 100G.<\/p>\n\n\n\n<p>\u201cEn el futuro, trabajaremos estrechamente con todos los socios latinoamericanos, impulsando conjuntamente la industria F5G avanzada (la red fija de quinta generaci\u00f3n) y construyendo LATAM Digital\u201d.<\/p>\n","protected":false},"excerpt":{"rendered":"<p>En la Cumbre de L\u00edderes de Banda Ancha de Fibra de LATAM en Sao Paulo, Huawei lanz\u00f3 tres nuevas tecnolog\u00edas de fibra: Trouble-Free ONT, Smart Wi-Fi 2.0, y Fiber Iris&hellip;<\/p>\n","protected":false},"author":2,"featured_media":62411,"comment_status":"open","ping_status":"open","sticky":false,"template":"","format":"standard","meta":{"content-type":"","jetpack_post_was_ever_published":false,"_jetpack_newsletter_access":"","_jetpack_dont_email_post_to_subs":false,"_jetpack_newsletter_tier_id":0,"_jetpack_memberships_contains_paywalled_content":false,"_jetpack_memberships_contains_paid_content":false,"footnotes":""},"categories":[1],"tags":[8209,363,8210,3396,8199,8211,2447],"class_list":["post-62410","post","type-post","status-publish","format-standard","has-post-thumbnail","hentry","category-sin-categoria","tag-acelerar","tag-desarrollo","tag-fibra-digital","tag-huawei","tag-innovadoras","tag-latam-digital","tag-soluciones"],"jetpack_featured_media_url":"https:\/\/lasprimeras.com.do\/wp-content\/uploads\/2023\/10\/Kim-Jin-vicepresidente-de-la-linea-de-productos-comerciales-opticos-de-Huawei.jpg","jetpack-related-posts":[{"id":78200,"url":"https:\/\/lasprimeras.com.do\/index.php\/2024\/02\/28\/huawei-ayuda-a-america-latina-a-lograr-un-desarrollo-digital-y-sostenible\/","url_meta":{"origin":62410,"position":0},"title":"Huawei ayuda a Am\u00e9rica Latina a lograr un desarrollo digital y sostenible","author":"Nelson Feliz","date":"28 de febrero de 2024","format":false,"excerpt":"Durante la versi\u00f3n n\u00famero 18 del Mobile World Congress en Barcelona, Huawei reafirm\u00f3 su compromiso de seguir trabajando en la construcci\u00f3n de infraestructura digital en Am\u00e9rica Latina y el Caribe, promoviendo a\u00fan m\u00e1s la transformaci\u00f3n digital y el desarrollo sostenible en la regi\u00f3n, para lograr una mayor conectividad. Al mismo\u2026","rel":"","context":"En \u00abSin categor\u00eda\u00bb","block_context":{"text":"Sin categor\u00eda","link":"https:\/\/lasprimeras.com.do\/index.php\/category\/sin-categoria\/"},"img":{"alt_text":"Daniel Zhou, Presidente de Am\u00e9rica Latina y el Caribe, Huawei Latinoam\u00e9rica","src":"https:\/\/i0.wp.com\/lasprimeras.com.do\/wp-content\/uploads\/2024\/02\/Daniel-Zhou-Presidente-de-America-Latina-y-el-Caribe-Huawei-Latinoamerica.jpg?resize=350%2C200&ssl=1","width":350,"height":200,"srcset":"https:\/\/i0.wp.com\/lasprimeras.com.do\/wp-content\/uploads\/2024\/02\/Daniel-Zhou-Presidente-de-America-Latina-y-el-Caribe-Huawei-Latinoamerica.jpg?resize=350%2C200&ssl=1 1x, https:\/\/i0.wp.com\/lasprimeras.com.do\/wp-content\/uploads\/2024\/02\/Daniel-Zhou-Presidente-de-America-Latina-y-el-Caribe-Huawei-Latinoamerica.jpg?resize=525%2C300&ssl=1 1.5x, https:\/\/i0.wp.com\/lasprimeras.com.do\/wp-content\/uploads\/2024\/02\/Daniel-Zhou-Presidente-de-America-Latina-y-el-Caribe-Huawei-Latinoamerica.jpg?resize=700%2C400&ssl=1 2x"},"classes":[]},{"id":69155,"url":"https:\/\/lasprimeras.com.do\/index.php\/2023\/11\/30\/huawei-presenta-una-beca-conjunta-con-la-uit-y-avanza-en-la-inclusion-digital\/","url_meta":{"origin":62410,"position":1},"title":"Huawei presenta una beca conjunta con la UIT y avanza en la inclusi\u00f3n digital","author":"Nelson Feliz","date":"30 de noviembre de 2023","format":false,"excerpt":"90 millones de personas conectadas gracias al compromiso de Huawei con la coalici\u00f3n digital Partner2Connect de la UIT Huawei anunci\u00f3 que ya ha llevado la conectividad a 90 millones de personas que residen en regiones remotas de casi 80 pa\u00edses gracias a su compromiso con la coalici\u00f3n digital Partner2Connect (P2C)\u2026","rel":"","context":"En \u00abSin categor\u00eda\u00bb","block_context":{"text":"Sin categor\u00eda","link":"https:\/\/lasprimeras.com.do\/index.php\/category\/sin-categoria\/"},"img":{"alt_text":"El Dr. Liang Hua, Presidente de Huawei, dirigi\u00e9ndose a la audiencia en el Foro de Sostenibilidad","src":"https:\/\/i0.wp.com\/lasprimeras.com.do\/wp-content\/uploads\/2023\/11\/El-Dr.-Liang-Hua-Presidente-de-Huawei-dirigiendose-a-la-audiencia-en-el-Foro-de-Sostenibilidad.jpg?resize=350%2C200&ssl=1","width":350,"height":200,"srcset":"https:\/\/i0.wp.com\/lasprimeras.com.do\/wp-content\/uploads\/2023\/11\/El-Dr.-Liang-Hua-Presidente-de-Huawei-dirigiendose-a-la-audiencia-en-el-Foro-de-Sostenibilidad.jpg?resize=350%2C200&ssl=1 1x, https:\/\/i0.wp.com\/lasprimeras.com.do\/wp-content\/uploads\/2023\/11\/El-Dr.-Liang-Hua-Presidente-de-Huawei-dirigiendose-a-la-audiencia-en-el-Foro-de-Sostenibilidad.jpg?resize=525%2C300&ssl=1 1.5x, https:\/\/i0.wp.com\/lasprimeras.com.do\/wp-content\/uploads\/2023\/11\/El-Dr.-Liang-Hua-Presidente-de-Huawei-dirigiendose-a-la-audiencia-en-el-Foro-de-Sostenibilidad.jpg?resize=700%2C400&ssl=1 2x"},"classes":[]},{"id":56566,"url":"https:\/\/lasprimeras.com.do\/index.php\/2023\/08\/02\/presidente-de-guyana-visita-centro-de-investigacion-de-huawei-en-shanghai\/","url_meta":{"origin":62410,"position":2},"title":"Presidente de Guyana visita centro de investigaci\u00f3n de Huawei en Shangh\u00e1i","author":"Nelson Feliz","date":"2 de agosto de 2023","format":false,"excerpt":"El presidente de la Rep\u00fablica Cooperativa de Guyana, Dr. Mohamed Irfaan Ali, visit\u00f3 el Centro de Investigaci\u00f3n de Huawei en Shangh\u00e1i, con el objetivo de conocer los avances tecnol\u00f3gicos desarrollados por Huawei a nivel global en miras hacia la transformaci\u00f3n digital de Guyana. Durante esa visita, el presidente recorri\u00f3 la\u2026","rel":"","context":"En \u00abSin categor\u00eda\u00bb","block_context":{"text":"Sin categor\u00eda","link":"https:\/\/lasprimeras.com.do\/index.php\/category\/sin-categoria\/"},"img":{"alt_text":"Dr. Mohamed Irfaan Ali, presidente de la Rep\u00fablica Cooperativa de Guyana, y Jeff Wang, Vicepresidente S\u00e9nior de Huawei","src":"https:\/\/i0.wp.com\/lasprimeras.com.do\/wp-content\/uploads\/2023\/08\/Dr.-Mohamed-Irfaan-Ali-presidente-de-la-Republica-Cooperativa-de-Guyana-y-Jeff-Wang-Vicepresidente-Senior-de-Huawei.jpg?resize=350%2C200&ssl=1","width":350,"height":200,"srcset":"https:\/\/i0.wp.com\/lasprimeras.com.do\/wp-content\/uploads\/2023\/08\/Dr.-Mohamed-Irfaan-Ali-presidente-de-la-Republica-Cooperativa-de-Guyana-y-Jeff-Wang-Vicepresidente-Senior-de-Huawei.jpg?resize=350%2C200&ssl=1 1x, https:\/\/i0.wp.com\/lasprimeras.com.do\/wp-content\/uploads\/2023\/08\/Dr.-Mohamed-Irfaan-Ali-presidente-de-la-Republica-Cooperativa-de-Guyana-y-Jeff-Wang-Vicepresidente-Senior-de-Huawei.jpg?resize=525%2C300&ssl=1 1.5x, https:\/\/i0.wp.com\/lasprimeras.com.do\/wp-content\/uploads\/2023\/08\/Dr.-Mohamed-Irfaan-Ali-presidente-de-la-Republica-Cooperativa-de-Guyana-y-Jeff-Wang-Vicepresidente-Senior-de-Huawei.jpg?resize=700%2C400&ssl=1 2x"},"classes":[]},{"id":58498,"url":"https:\/\/lasprimeras.com.do\/index.php\/2023\/08\/24\/huawei-celebra-10-anos-del-programa-de-talento-digital-semillas-para-el-futuro-en-latinoamerica-y-el-caribe\/","url_meta":{"origin":62410,"position":3},"title":"Huawei celebra 10 a\u00f1os del programa de talento digital Semillas para el Futuro en Latinoam\u00e9rica y el Caribe","author":"Nelson Feliz","date":"24 de agosto de 2023","format":false,"excerpt":"Huawei, el proveedor de infraestructura digital l\u00edder a nivel mundial, ha otorgado becas a un total de 2,000 estudiantes de Latinoam\u00e9rica y el Caribe durante los \u00faltimos diez a\u00f1os para que participen en su programa de educaci\u00f3n inmersiva y est\u00e9n expuestos a las \u00faltimas tendencias de tecnolog\u00eda digital, dio a\u2026","rel":"","context":"En \u00abSin categor\u00eda\u00bb","block_context":{"text":"Sin categor\u00eda","link":"https:\/\/lasprimeras.com.do\/index.php\/category\/sin-categoria\/"},"img":{"alt_text":"Cesar Funes, vicepresidente de asuntos p\u00fablicos de Huawei Latinoam\u00e9rica y el Caribe","src":"https:\/\/i0.wp.com\/lasprimeras.com.do\/wp-content\/uploads\/2023\/08\/Cesar-Funes-vicepresidente-de-asuntos-publicos-de-Huawei-Latinoamerica-y-el-Caribe.jpg?resize=350%2C200&ssl=1","width":350,"height":200,"srcset":"https:\/\/i0.wp.com\/lasprimeras.com.do\/wp-content\/uploads\/2023\/08\/Cesar-Funes-vicepresidente-de-asuntos-publicos-de-Huawei-Latinoamerica-y-el-Caribe.jpg?resize=350%2C200&ssl=1 1x, https:\/\/i0.wp.com\/lasprimeras.com.do\/wp-content\/uploads\/2023\/08\/Cesar-Funes-vicepresidente-de-asuntos-publicos-de-Huawei-Latinoamerica-y-el-Caribe.jpg?resize=525%2C300&ssl=1 1.5x, https:\/\/i0.wp.com\/lasprimeras.com.do\/wp-content\/uploads\/2023\/08\/Cesar-Funes-vicepresidente-de-asuntos-publicos-de-Huawei-Latinoamerica-y-el-Caribe.jpg?resize=700%2C400&ssl=1 2x"},"classes":[]},{"id":103424,"url":"https:\/\/lasprimeras.com.do\/index.php\/2025\/07\/15\/mescyt-impulsa-alianza-global-con-huawei-mas-innovacion-para-las-universidades-dominicanas\/","url_meta":{"origin":62410,"position":4},"title":"MESCyT impulsa alianza global con Huawei: m\u00e1s innovaci\u00f3n para las universidades dominicanas","author":"Nelson Feliz","date":"15 de julio de 2025","format":false,"excerpt":"Educaci\u00f3n dominicana se conecta con Huawei y China para transformar el futuro. RD Afianza alianza con Huawei para llevar la educaci\u00f3n superior al futuro digital. Shenzhen, China \u2013. Una delegaci\u00f3n oficial de alto nivel de la Rep\u00fablica Dominicana, encabezada por el ministro de Educaci\u00f3n Superior, Ciencia y Tecnolog\u00eda (MESCyT), doctor\u2026","rel":"","context":"En \u00abNACIONALES\u00bb","block_context":{"text":"NACIONALES","link":"https:\/\/lasprimeras.com.do\/index.php\/category\/nacionales\/"},"img":{"alt_text":"","src":"https:\/\/i0.wp.com\/lasprimeras.com.do\/wp-content\/uploads\/2025\/07\/MESCyT.jpg?resize=350%2C200&ssl=1","width":350,"height":200,"srcset":"https:\/\/i0.wp.com\/lasprimeras.com.do\/wp-content\/uploads\/2025\/07\/MESCyT.jpg?resize=350%2C200&ssl=1 1x, https:\/\/i0.wp.com\/lasprimeras.com.do\/wp-content\/uploads\/2025\/07\/MESCyT.jpg?resize=525%2C300&ssl=1 1.5x, https:\/\/i0.wp.com\/lasprimeras.com.do\/wp-content\/uploads\/2025\/07\/MESCyT.jpg?resize=700%2C400&ssl=1 2x"},"classes":[]},{"id":85597,"url":"https:\/\/lasprimeras.com.do\/index.php\/2024\/07\/03\/arium-salud-digital-obtiene-primer-lugar-como-mejor-plataforma-de-gestion-de-datos-medicos\/","url_meta":{"origin":62410,"position":5},"title":"Arium Salud Digital obtiene primer lugar como mejor plataforma de gesti\u00f3n de datos m\u00e9dicos","author":"Nelson Feliz","date":"3 de julio de 2024","format":false,"excerpt":"Arium Salud Digital, empresa dominicana, que brinda servicios y herramientas digitales para el sector salud, fue galardonada con el primer lugar como mejor plataforma de gesti\u00f3n de datos m\u00e9dicos en los premios Latam Digital 2024, celebrados en Colombia. Los premios Latam Digital reconocen las mejores campa\u00f1as, proyectos e iniciativas digitales\u2026","rel":"","context":"En \u00abSin categor\u00eda\u00bb","block_context":{"text":"Sin categor\u00eda","link":"https:\/\/lasprimeras.com.do\/index.php\/category\/sin-categoria\/"},"img":{"alt_text":"","src":"https:\/\/i0.wp.com\/lasprimeras.com.do\/wp-content\/uploads\/2024\/07\/Fedor-Vidal-exhibe-placa-de-reconocimiento-premios-Latam-Digital-2024.jpg?resize=350%2C200&ssl=1","width":350,"height":200,"srcset":"https:\/\/i0.wp.com\/lasprimeras.com.do\/wp-content\/uploads\/2024\/07\/Fedor-Vidal-exhibe-placa-de-reconocimiento-premios-Latam-Digital-2024.jpg?resize=350%2C200&ssl=1 1x, https:\/\/i0.wp.com\/lasprimeras.com.do\/wp-content\/uploads\/2024\/07\/Fedor-Vidal-exhibe-placa-de-reconocimiento-premios-Latam-Digital-2024.jpg?resize=525%2C300&ssl=1 1.5x, https:\/\/i0.wp.com\/lasprimeras.com.do\/wp-content\/uploads\/2024\/07\/Fedor-Vidal-exhibe-placa-de-reconocimiento-premios-Latam-Digital-2024.jpg?resize=700%2C400&ssl=1 2x"},"classes":[]}],"jetpack_sharing_enabled":true,"_links":{"self":[{"href":"https:\/\/lasprimeras.com.do\/index.php\/wp-json\/wp\/v2\/posts\/62410","targetHints":{"allow":["GET"]}}],"collection":[{"href":"https:\/\/lasprimeras.com.do\/index.php\/wp-json\/wp\/v2\/posts"}],"about":[{"href":"https:\/\/lasprimeras.com.do\/index.php\/wp-json\/wp\/v2\/types\/post"}],"author":[{"embeddable":true,"href":"https:\/\/lasprimeras.com.do\/index.php\/wp-json\/wp\/v2\/users\/2"}],"replies":[{"embeddable":true,"href":"https:\/\/lasprimeras.com.do\/index.php\/wp-json\/wp\/v2\/comments?post=62410"}],"version-history":[{"count":1,"href":"https:\/\/lasprimeras.com.do\/index.php\/wp-json\/wp\/v2\/posts\/62410\/revisions"}],"predecessor-version":[{"id":62412,"href":"https:\/\/lasprimeras.com.do\/index.php\/wp-json\/wp\/v2\/posts\/62410\/revisions\/62412"}],"wp:featuredmedia":[{"embeddable":true,"href":"https:\/\/lasprimeras.com.do\/index.php\/wp-json\/wp\/v2\/media\/62411"}],"wp:attachment":[{"href":"https:\/\/lasprimeras.com.do\/index.php\/wp-json\/wp\/v2\/media?parent=62410"}],"wp:term":[{"taxonomy":"category","embeddable":true,"href":"https:\/\/lasprimeras.com.do\/index.php\/wp-json\/wp\/v2\/categories?post=62410"},{"taxonomy":"post_tag","embeddable":true,"href":"https:\/\/lasprimeras.com.do\/index.php\/wp-json\/wp\/v2\/tags?post=62410"}],"curies":[{"name":"wp","href":"https:\/\/api.w.org\/{rel}","templated":true}]}}