{"id":62421,"date":"2023-10-04T22:38:51","date_gmt":"2023-10-05T02:38:51","guid":{"rendered":"https:\/\/lasprimeras.com.do\/?p=62421"},"modified":"2023-10-04T22:38:53","modified_gmt":"2023-10-05T02:38:53","slug":"luis-el-gallo-advierte-enfrentara-se-establezcan-campamentos-de-refugiados-haitianos-y-corredor-humanitario-en-rd","status":"publish","type":"post","link":"https:\/\/lasprimeras.com.do\/index.php\/2023\/10\/04\/luis-el-gallo-advierte-enfrentara-se-establezcan-campamentos-de-refugiados-haitianos-y-corredor-humanitario-en-rd\/","title":{"rendered":"Luis \u201cEl Gallo\u201d advierte enfrentar\u00e1 se establezcan campamentos de refugiados haitianos y corredor humanitario en RD"},"content":{"rendered":"\n<p>El presidente de la Uni\u00f3n Dem\u00f3crata Cristiana -UDC-, Luis Acosta Moreta, Luis \u201cEl Gallo\u201d, advirti\u00f3 hoy a todos los dominicanos que se deben mantener atentos y no bajar la guardia, con los efectos colaterales de la invasi\u00f3n de Kenia a Hait\u00ed.<\/p>\n\n\n\n<p>Apunt\u00f3 que la misi\u00f3n patrocinada por los Estados Unidos, Francia y Canad\u00e1, va a producir choques armados con pandilleros, lo que provocar\u00e1 una estampida en la poblaci\u00f3n, que terminar\u00e1 con una crisis de refugiados.<\/p>\n\n\n\n<p>A\u00f1adi\u00f3 que bajo ninguna circunstancia los refugiados que provocar\u00e1 la intervenci\u00f3n militar se les pueden echar a los hombros de la Rep\u00fablica Dominicana, por lo que se debe estar ojo avizor 24 horas al d\u00eda.<\/p>\n\n\n\n<p>Se\u00f1al\u00f3 que precisamente son los Estados Unidos, Francia y Canad\u00e1 los pa\u00edses que han abogado desde hace a\u00f1os que se establezcan campamentos de refugiados haitianos en la Rep\u00fablica Dominicana, posici\u00f3n que siempre ha combatido la UDC.<\/p>\n\n\n\n<p>Los problemas haitianos se tienen que resolver en el marco interno de ese pa\u00eds, sin que la Rep\u00fablica Dominicana se vea directa o indirectamente involucrada.<\/p>\n\n\n\n<p>A\u00f1adi\u00f3 que la UDC rechaza desde ahora cualquier intento de las grandes potencias de establecer campamentos de refugiados haitianos en el territorio nacional, como desde hace tiempo se planifica.<\/p>\n\n\n\n<p>Asimismo, dijo que se puede ser solidario con Hait\u00ed, pero el pa\u00eds no puede ni debe establecer corredores humanitarios, que bajo la bandera de organizaciones o pa\u00edses salgan de la Rep\u00fablica Dominicana.<\/p>\n\n\n\n<p>No se puede permitir que los patrocinadores de la intervenci\u00f3n militar utilicen territorio dominicano para instalar aqu\u00ed centros de acopio y ser cabeza de playa para el corredor humanitario.<\/p>\n\n\n\n<p>Si bien la intervenci\u00f3n podr\u00eda ser necesaria en la pacificaci\u00f3n de Hait\u00ed, es una realidad que los combates armados, la sangre y la muerte, van a lanzar a los desesperados a buscar protecci\u00f3n en territorio nacional.<\/p>\n\n\n\n<p>Los campamentos de refugiados que pueda provocar el conflicto se tienen que establecer en territorio haitiano y no dominicano, y el corredor humanitario debe comenzar por el aeropuerto de Puerto Pr\u00edncipe, y no por nuestra frontera.-<\/p>\n\n\n\n<p>Apunt\u00f3 que la &gt;Rep\u00fablica Dominicana es solidaria con Hait\u00ed, pero no puede permitir que se viole nuestro derecho territorial, nuestras libertades y nuestra dignidad<\/p>\n","protected":false},"excerpt":{"rendered":"<p>El presidente de la Uni\u00f3n Dem\u00f3crata Cristiana -UDC-, Luis Acosta Moreta, Luis \u201cEl Gallo\u201d, advirti\u00f3 hoy a todos los dominicanos que se deben mantener atentos y no bajar la guardia,&hellip;<\/p>\n","protected":false},"author":2,"featured_media":62422,"comment_status":"open","ping_status":"open","sticky":false,"template":"","format":"standard","meta":{"content-type":"","jetpack_post_was_ever_published":false,"_jetpack_newsletter_access":"","_jetpack_dont_email_post_to_subs":false,"_jetpack_newsletter_tier_id":0,"_jetpack_memberships_contains_paywalled_content":false,"_jetpack_memberships_contains_paid_content":false,"footnotes":""},"categories":[1],"tags":[8215,348,263,8216,127,8214,2234],"class_list":["post-62421","post","type-post","status-publish","format-standard","has-post-thumbnail","hentry","category-sin-categoria","tag-campamentos","tag-corredor","tag-haitianos","tag-humanitario","tag-rd","tag-refugiados","tag-udc"],"jetpack_featured_media_url":"https:\/\/lasprimeras.com.do\/wp-content\/uploads\/2023\/10\/Luis-Acosta-Moreta-1-1.jpg","jetpack-related-posts":[{"id":81639,"url":"https:\/\/lasprimeras.com.do\/index.php\/2024\/04\/23\/luis-el-gallo-advierte-crisis-de-haiti-no-es-responsabilidad-de-rd\/","url_meta":{"origin":62421,"position":0},"title":"Luis \u201cEl Gallo\u201d advierte crisis de Hait\u00ed no es responsabilidad de RD","author":"BIMARY DE JES\u00daS Matos","date":"23 de abril de 2024","format":false,"excerpt":"Santo Domingo.-El presidente de la Uni\u00f3n Dem\u00f3crata Cristiana \u2013UDC-, Luis Acosta Moreta, Luis \u201cEl Gallo\u201d, dijo hoy que la Rep\u00fablica Dominicana no tiene absolutamente nada que ver con la crisis interna haitiana, y apunt\u00f3 que las soluciones las deben aportar que aportar los Estados Unidos. Afirm\u00f3 que es peligroso que\u2026","rel":"","context":"En \u00abNACIONALES\u00bb","block_context":{"text":"NACIONALES","link":"https:\/\/lasprimeras.com.do\/index.php\/category\/nacionales\/"},"img":{"alt_text":"","src":"https:\/\/i0.wp.com\/lasprimeras.com.do\/wp-content\/uploads\/2024\/04\/IMG-20240423-WA0029-scaled.jpg?resize=350%2C200&ssl=1","width":350,"height":200,"srcset":"https:\/\/i0.wp.com\/lasprimeras.com.do\/wp-content\/uploads\/2024\/04\/IMG-20240423-WA0029-scaled.jpg?resize=350%2C200&ssl=1 1x, https:\/\/i0.wp.com\/lasprimeras.com.do\/wp-content\/uploads\/2024\/04\/IMG-20240423-WA0029-scaled.jpg?resize=525%2C300&ssl=1 1.5x, https:\/\/i0.wp.com\/lasprimeras.com.do\/wp-content\/uploads\/2024\/04\/IMG-20240423-WA0029-scaled.jpg?resize=700%2C400&ssl=1 2x, https:\/\/i0.wp.com\/lasprimeras.com.do\/wp-content\/uploads\/2024\/04\/IMG-20240423-WA0029-scaled.jpg?resize=1050%2C600&ssl=1 3x, https:\/\/i0.wp.com\/lasprimeras.com.do\/wp-content\/uploads\/2024\/04\/IMG-20240423-WA0029-scaled.jpg?resize=1400%2C800&ssl=1 4x"},"classes":[]},{"id":79332,"url":"https:\/\/lasprimeras.com.do\/index.php\/2024\/03\/26\/luis-el-gallo-pide-apoyo-popular-a-luis-abinader-por-rechazo-a-campamentos-de-refugiados\/","url_meta":{"origin":62421,"position":1},"title":"Luis \u201cEl Gallo\u201d pide apoyo para Abinader por rechazo a campamentos de refugiados","author":"BIMARY DE JES\u00daS Matos","date":"26 de marzo de 2024","format":false,"excerpt":"Santo Domingo.-El presidente de la Uni\u00f3n Dem\u00f3crata Cristiana UDC-, Luis Acosta Moreta, Luis \u201cEl Gallo\u201d, pidi\u00f3 hoy a todo el pueblo dominicano que de su apoyo a la pol\u00edtica nacionalista y democr\u00e1tica del presidente Luis Abinader, en relaci\u00f3n a las provocaciones de los haitianos. A\u00f1adi\u00f3 que el presidente Abinader ha\u2026","rel":"","context":"En \u00abSin categor\u00eda\u00bb","block_context":{"text":"Sin categor\u00eda","link":"https:\/\/lasprimeras.com.do\/index.php\/category\/sin-categoria\/"},"img":{"alt_text":"","src":"https:\/\/i0.wp.com\/lasprimeras.com.do\/wp-content\/uploads\/2024\/03\/WhatsApp-Image-2024-03-26-at-8.48.04-AM-1-scaled.jpeg?resize=350%2C200&ssl=1","width":350,"height":200,"srcset":"https:\/\/i0.wp.com\/lasprimeras.com.do\/wp-content\/uploads\/2024\/03\/WhatsApp-Image-2024-03-26-at-8.48.04-AM-1-scaled.jpeg?resize=350%2C200&ssl=1 1x, https:\/\/i0.wp.com\/lasprimeras.com.do\/wp-content\/uploads\/2024\/03\/WhatsApp-Image-2024-03-26-at-8.48.04-AM-1-scaled.jpeg?resize=525%2C300&ssl=1 1.5x, https:\/\/i0.wp.com\/lasprimeras.com.do\/wp-content\/uploads\/2024\/03\/WhatsApp-Image-2024-03-26-at-8.48.04-AM-1-scaled.jpeg?resize=700%2C400&ssl=1 2x, https:\/\/i0.wp.com\/lasprimeras.com.do\/wp-content\/uploads\/2024\/03\/WhatsApp-Image-2024-03-26-at-8.48.04-AM-1-scaled.jpeg?resize=1050%2C600&ssl=1 3x, https:\/\/i0.wp.com\/lasprimeras.com.do\/wp-content\/uploads\/2024\/03\/WhatsApp-Image-2024-03-26-at-8.48.04-AM-1-scaled.jpeg?resize=1400%2C800&ssl=1 4x"},"classes":[]},{"id":81728,"url":"https:\/\/lasprimeras.com.do\/index.php\/2024\/04\/24\/luis-el-gallo-rechaza-acusaciones-de-que-rd-da-trato-inhumano-a-los-haitianos-ilegales\/","url_meta":{"origin":62421,"position":2},"title":"Luis \u201cEl Gallo\u201d rechaza acusaciones de que RD da trato inhumano a los haitianos ilegales","author":"BIMARY DE JES\u00daS Matos","date":"24 de abril de 2024","format":false,"excerpt":"Santo Domingo.-El presidente de la Uni\u00f3n Dem\u00f3crata Cristiana -UDC-, Luis Acosta Moreta, Luis \u201cEl Gallo\u201d, rechaz\u00f3 hoy las acusaciones internacionales de que en la Rep\u00fablica Dominicana se da un trato inhumano a los migrantes haitianos, y calific\u00f3 el informe de las Naciones Unidas de ser un malsano chantaje. Indic\u00f3 que\u2026","rel":"","context":"En \u00abNACIONALES\u00bb","block_context":{"text":"NACIONALES","link":"https:\/\/lasprimeras.com.do\/index.php\/category\/nacionales\/"},"img":{"alt_text":"","src":"https:\/\/i0.wp.com\/lasprimeras.com.do\/wp-content\/uploads\/2024\/04\/IMG-20240424-WA0009.jpg?resize=350%2C200&ssl=1","width":350,"height":200},"classes":[]},{"id":83014,"url":"https:\/\/lasprimeras.com.do\/index.php\/2024\/05\/10\/luis-el-gallo-pide-organismo-internacionales-se-enfoquen-en-la-crisis-de-haiti\/","url_meta":{"origin":62421,"position":3},"title":"Luis \u201cEl Gallo\u201d pide organismo internacionales se enfoquen en la crisis de Hait\u00ed","author":"BIMARY DE JES\u00daS Matos","date":"10 de mayo de 2024","format":false,"excerpt":"RD.-El presidente de la Uni\u00f3n Dem\u00f3crata Cristiana \u2013-UDC-, Luis Acosta Moreta, Luis \u201cEl Gallo\u201d, pidi\u00f3 hoy la amplia colaboraci\u00f3n e integraci\u00f3n de la comunidad internacional para que haga frente a la crisis haitiana, sin que tirar el problema sobre las espaldas del pueblo dominicano.. Apunt\u00f3 que la ola de violencia\u2026","rel":"","context":"En \u00abNACIONALES\u00bb","block_context":{"text":"NACIONALES","link":"https:\/\/lasprimeras.com.do\/index.php\/category\/nacionales\/"},"img":{"alt_text":"","src":"https:\/\/i0.wp.com\/lasprimeras.com.do\/wp-content\/uploads\/2024\/05\/IMG-20240510-WA0008.jpg?resize=350%2C200&ssl=1","width":350,"height":200,"srcset":"https:\/\/i0.wp.com\/lasprimeras.com.do\/wp-content\/uploads\/2024\/05\/IMG-20240510-WA0008.jpg?resize=350%2C200&ssl=1 1x, https:\/\/i0.wp.com\/lasprimeras.com.do\/wp-content\/uploads\/2024\/05\/IMG-20240510-WA0008.jpg?resize=525%2C300&ssl=1 1.5x, https:\/\/i0.wp.com\/lasprimeras.com.do\/wp-content\/uploads\/2024\/05\/IMG-20240510-WA0008.jpg?resize=700%2C400&ssl=1 2x"},"classes":[]},{"id":79240,"url":"https:\/\/lasprimeras.com.do\/index.php\/2024\/03\/25\/luis-el-gallo-dice-a-eeuu-y-onu-que-nadie-tiene-derecho-a-mancillar-el-territorio-nacional\/","url_meta":{"origin":62421,"position":4},"title":"Luis \u201cEl Gallo\u201d dice a EEUU y ONU que nadie tiene derecho a mancillar el territorio nacional","author":"BIMARY DE JES\u00daS Matos","date":"25 de marzo de 2024","format":false,"excerpt":"Santo Domingo.-El presidente de la Uni\u00f3n Dem\u00f3crata Cristiana-UDC-, Luis Acosta Moreta, Luis \u201cEl Gallo\u201d, dijo hoy que la Rep\u00fablica Dominicana no acepta el establecimiento de campamentos de refugiados en el pa\u00eds, y enfrentar\u00e1 verticalmente las presiones de organismos internacionales que quieren mancillar nuestro territorio.. Afirm\u00f3 que por m\u00e1s fuerte que\u2026","rel":"","context":"En \u00abPORTADA\u00bb","block_context":{"text":"PORTADA","link":"https:\/\/lasprimeras.com.do\/index.php\/category\/portada\/"},"img":{"alt_text":"","src":"https:\/\/i0.wp.com\/lasprimeras.com.do\/wp-content\/uploads\/2024\/03\/WhatsApp-Image-2024-03-25-at-8.12.20-AM.jpeg?resize=350%2C200&ssl=1","width":350,"height":200,"srcset":"https:\/\/i0.wp.com\/lasprimeras.com.do\/wp-content\/uploads\/2024\/03\/WhatsApp-Image-2024-03-25-at-8.12.20-AM.jpeg?resize=350%2C200&ssl=1 1x, https:\/\/i0.wp.com\/lasprimeras.com.do\/wp-content\/uploads\/2024\/03\/WhatsApp-Image-2024-03-25-at-8.12.20-AM.jpeg?resize=525%2C300&ssl=1 1.5x, https:\/\/i0.wp.com\/lasprimeras.com.do\/wp-content\/uploads\/2024\/03\/WhatsApp-Image-2024-03-25-at-8.12.20-AM.jpeg?resize=700%2C400&ssl=1 2x"},"classes":[]},{"id":62754,"url":"https:\/\/lasprimeras.com.do\/index.php\/2023\/10\/06\/luis-el-gallo-protestara-en-la-calle-contra-campamentos-de-refugiados-en-el-pais\/","url_meta":{"origin":62421,"position":5},"title":"Luis \u201cEl Gallo\u201d protestar\u00e1 en la calle contra campamentos de refugiados en el pa\u00eds","author":"Nelson Feliz","date":"6 de octubre de 2023","format":false,"excerpt":"El presidente de la Uni\u00f3n Dem\u00f3crata Cristiana -UDC-, Luis Acosta Moreta, Luis \u201cEl Gallo\u201d, pidi\u00f3 hoy la unidad de todos los dominicanos para evitar que el pa\u00eds sea parte directa en la intervenci\u00f3n militar en Hait\u00ed. La UDC promete que no va a dejar solo al presidente Abinader y se\u2026","rel":"","context":"En \u00abPORTADA\u00bb","block_context":{"text":"PORTADA","link":"https:\/\/lasprimeras.com.do\/index.php\/category\/portada\/"},"img":{"alt_text":"Luis Acosta Moreta","src":"https:\/\/i0.wp.com\/lasprimeras.com.do\/wp-content\/uploads\/2023\/06\/Luis-Acosta-Moreta-3.jpg?resize=350%2C200&ssl=1","width":350,"height":200,"srcset":"https:\/\/i0.wp.com\/lasprimeras.com.do\/wp-content\/uploads\/2023\/06\/Luis-Acosta-Moreta-3.jpg?resize=350%2C200&ssl=1 1x, https:\/\/i0.wp.com\/lasprimeras.com.do\/wp-content\/uploads\/2023\/06\/Luis-Acosta-Moreta-3.jpg?resize=525%2C300&ssl=1 1.5x, https:\/\/i0.wp.com\/lasprimeras.com.do\/wp-content\/uploads\/2023\/06\/Luis-Acosta-Moreta-3.jpg?resize=700%2C400&ssl=1 2x"},"classes":[]}],"jetpack_sharing_enabled":true,"_links":{"self":[{"href":"https:\/\/lasprimeras.com.do\/index.php\/wp-json\/wp\/v2\/posts\/62421","targetHints":{"allow":["GET"]}}],"collection":[{"href":"https:\/\/lasprimeras.com.do\/index.php\/wp-json\/wp\/v2\/posts"}],"about":[{"href":"https:\/\/lasprimeras.com.do\/index.php\/wp-json\/wp\/v2\/types\/post"}],"author":[{"embeddable":true,"href":"https:\/\/lasprimeras.com.do\/index.php\/wp-json\/wp\/v2\/users\/2"}],"replies":[{"embeddable":true,"href":"https:\/\/lasprimeras.com.do\/index.php\/wp-json\/wp\/v2\/comments?post=62421"}],"version-history":[{"count":1,"href":"https:\/\/lasprimeras.com.do\/index.php\/wp-json\/wp\/v2\/posts\/62421\/revisions"}],"predecessor-version":[{"id":62423,"href":"https:\/\/lasprimeras.com.do\/index.php\/wp-json\/wp\/v2\/posts\/62421\/revisions\/62423"}],"wp:featuredmedia":[{"embeddable":true,"href":"https:\/\/lasprimeras.com.do\/index.php\/wp-json\/wp\/v2\/media\/62422"}],"wp:attachment":[{"href":"https:\/\/lasprimeras.com.do\/index.php\/wp-json\/wp\/v2\/media?parent=62421"}],"wp:term":[{"taxonomy":"category","embeddable":true,"href":"https:\/\/lasprimeras.com.do\/index.php\/wp-json\/wp\/v2\/categories?post=62421"},{"taxonomy":"post_tag","embeddable":true,"href":"https:\/\/lasprimeras.com.do\/index.php\/wp-json\/wp\/v2\/tags?post=62421"}],"curies":[{"name":"wp","href":"https:\/\/api.w.org\/{rel}","templated":true}]}}