{"id":62435,"date":"2023-10-05T06:24:06","date_gmt":"2023-10-05T10:24:06","guid":{"rendered":"https:\/\/lasprimeras.com.do\/?p=62435"},"modified":"2023-10-05T06:24:08","modified_gmt":"2023-10-05T10:24:08","slug":"nueve-provincias-en-alerta-lluvias-de-tormenta","status":"publish","type":"post","link":"https:\/\/lasprimeras.com.do\/index.php\/2023\/10\/05\/nueve-provincias-en-alerta-lluvias-de-tormenta\/","title":{"rendered":"Nueve provincias en alerta lluvias de tormenta"},"content":{"rendered":"\n<p>Santo Domingo.-El Centro de Operaciones de Emergencia emiti\u00f3 alerta verde para nueve provincias por posible inundaciones causadas por los efectos asociados a la tormenta tropical Philippe, la cual estar\u00e1 interactuando con una vaguada en varios niveles de la trop\u00f3sfera, adem\u00e1s de la influencia del viento c\u00e1lido y h\u00famedo del sur\/sureste sobre nuestra \u00e1rea de pron\u00f3sticos, que har\u00e1n favorables las condiciones meteorol\u00f3gicas para que ocurran precipitaciones de diferentes intensidades con tormentas el\u00e9ctricas y r\u00e1fagas de viento.<\/p>\n\n\n\n<p>Las provincias en alerta son: Santiago, El\u00edas Pi\u00f1a Montecristi, La Vega, San Juan, Santiago Rodr\u00edguez; Monse\u00f1or Nouel, Dajab\u00f3n y Valverde.<\/p>\n\n\n\n<p>Meteorolog\u00eda inform\u00f3 que la tormenta tropical Philippe fue localizada en la tarde de ayer a unos 474 km al norte de Saint Thomas, y que se desplaza hacia el norte a una velocidad de 19 km, sus vientos m\u00e1ximos son de 65 km.<\/p>\n","protected":false},"excerpt":{"rendered":"<p>Santo Domingo.-El Centro de Operaciones de Emergencia emiti\u00f3 alerta verde para nueve provincias por posible inundaciones causadas por los efectos asociados a la tormenta tropical Philippe, la cual estar\u00e1 interactuando&hellip;<\/p>\n","protected":false},"author":3,"featured_media":62436,"comment_status":"open","ping_status":"open","sticky":false,"template":"","format":"standard","meta":{"content-type":"","jetpack_post_was_ever_published":false,"_jetpack_newsletter_access":"","_jetpack_dont_email_post_to_subs":false,"_jetpack_newsletter_tier_id":0,"_jetpack_memberships_contains_paywalled_content":false,"_jetpack_memberships_contains_paid_content":false,"footnotes":""},"categories":[25],"tags":[484,2130,5932,1825,230],"class_list":["post-62435","post","type-post","status-publish","format-standard","has-post-thumbnail","hentry","category-portada","tag-alerta","tag-lluvias","tag-nueve","tag-provincias","tag-tormenta"],"jetpack_featured_media_url":"https:\/\/lasprimeras.com.do\/wp-content\/uploads\/2023\/10\/WhatsApp-Image-2023-10-04-at-5.20.12-PM-2.webp","jetpack-related-posts":[{"id":62600,"url":"https:\/\/lasprimeras.com.do\/index.php\/2023\/10\/05\/aguaceros-este-jueves-por-vaguada-y-nueve-provincias-en-alerta\/","url_meta":{"origin":62435,"position":0},"title":"Aguaceros este jueves por vaguada y nueve provincias en alerta","author":"Nelson Feliz","date":"5 de octubre de 2023","format":false,"excerpt":"La Oficina Nacional de Meteorolog\u00eda (Onamet) inform\u00f3 que este jueves se registrar\u00e1n aguaceros moderados a fuertes en varias provincias del pa\u00eds por los efectos indirectos de la tormenta tropical Philippe y una vaguada. \"Pr\u00f3ximo al mediod\u00eda ingresar\u00e1n nublados causantes de locales aguaceros moderados a fuertes, tormentas el\u00e9ctricas y r\u00e1fagas de\u2026","rel":"","context":"En \u00abNACIONALES\u00bb","block_context":{"text":"NACIONALES","link":"https:\/\/lasprimeras.com.do\/index.php\/category\/nacionales\/"},"img":{"alt_text":"CLIMA","src":"https:\/\/i0.wp.com\/lasprimeras.com.do\/wp-content\/uploads\/2023\/10\/CLIMA.jpg?resize=350%2C200&ssl=1","width":350,"height":200,"srcset":"https:\/\/i0.wp.com\/lasprimeras.com.do\/wp-content\/uploads\/2023\/10\/CLIMA.jpg?resize=350%2C200&ssl=1 1x, https:\/\/i0.wp.com\/lasprimeras.com.do\/wp-content\/uploads\/2023\/10\/CLIMA.jpg?resize=525%2C300&ssl=1 1.5x, https:\/\/i0.wp.com\/lasprimeras.com.do\/wp-content\/uploads\/2023\/10\/CLIMA.jpg?resize=700%2C400&ssl=1 2x"},"classes":[]},{"id":58625,"url":"https:\/\/lasprimeras.com.do\/index.php\/2023\/08\/26\/coe-mantiene-21-provincias-dominicanas-en-alerta-por-lluvias\/","url_meta":{"origin":62435,"position":1},"title":"COE mantiene 21 provincias dominicanas en alerta por lluvias","author":"Nelson Feliz","date":"26 de agosto de 2023","format":false,"excerpt":"El Centro de Operaciones de Emergencias (COE) suspendi\u00f3 este s\u00e1bado la alerta por lluvias en 11 provincias del pa\u00eds, aunque mantiene 12 en nivel amarillo y otras 9 en nivel verde ante la previsi\u00f3n de nuevas precipitaciones y por la saturaci\u00f3n de los suelos efecto del paso de la tormenta\u2026","rel":"","context":"En \u00abNACIONALES\u00bb","block_context":{"text":"NACIONALES","link":"https:\/\/lasprimeras.com.do\/index.php\/category\/nacionales\/"},"img":{"alt_text":"COE","src":"https:\/\/i0.wp.com\/lasprimeras.com.do\/wp-content\/uploads\/2023\/08\/alerta.jpg?resize=350%2C200&ssl=1","width":350,"height":200,"srcset":"https:\/\/i0.wp.com\/lasprimeras.com.do\/wp-content\/uploads\/2023\/08\/alerta.jpg?resize=350%2C200&ssl=1 1x, https:\/\/i0.wp.com\/lasprimeras.com.do\/wp-content\/uploads\/2023\/08\/alerta.jpg?resize=525%2C300&ssl=1 1.5x, https:\/\/i0.wp.com\/lasprimeras.com.do\/wp-content\/uploads\/2023\/08\/alerta.jpg?resize=700%2C400&ssl=1 2x"},"classes":[]},{"id":62176,"url":"https:\/\/lasprimeras.com.do\/index.php\/2023\/10\/03\/philippe-arroja-intensas-lluvias-sobre-algunas-zonas-de-las-antillas-menores\/","url_meta":{"origin":62435,"position":2},"title":"Philippe arroja intensas lluvias sobre algunas zonas de las Antillas Menores","author":"Nelson Feliz","date":"3 de octubre de 2023","format":false,"excerpt":"Los meteor\u00f3logos del NHC advirtieron de que los vientos m\u00e1s fuertes y precipitaciones se dejar\u00e1n sentir en las islas del sur de ese archipi\u00e9lago. La tormenta tropical Philippe prosigue este martes arrojando intensas lluvias, con potencial de producir inundaciones, en las islas de Sotavento y sectores de las de Barlovento,\u2026","rel":"","context":"En \u00abSin categor\u00eda\u00bb","block_context":{"text":"Sin categor\u00eda","link":"https:\/\/lasprimeras.com.do\/index.php\/category\/sin-categoria\/"},"img":{"alt_text":"Tormenta tropical Philippe","src":"https:\/\/i0.wp.com\/lasprimeras.com.do\/wp-content\/uploads\/2023\/10\/Tormenta-tropical-Philippe.jpeg?resize=350%2C200&ssl=1","width":350,"height":200,"srcset":"https:\/\/i0.wp.com\/lasprimeras.com.do\/wp-content\/uploads\/2023\/10\/Tormenta-tropical-Philippe.jpeg?resize=350%2C200&ssl=1 1x, https:\/\/i0.wp.com\/lasprimeras.com.do\/wp-content\/uploads\/2023\/10\/Tormenta-tropical-Philippe.jpeg?resize=525%2C300&ssl=1 1.5x, https:\/\/i0.wp.com\/lasprimeras.com.do\/wp-content\/uploads\/2023\/10\/Tormenta-tropical-Philippe.jpeg?resize=700%2C400&ssl=1 2x"},"classes":[]},{"id":58778,"url":"https:\/\/lasprimeras.com.do\/index.php\/2023\/08\/28\/emiten-alerta-de-huracan-para-la-provincia-cubana-de-pinar-del-rio\/","url_meta":{"origin":62435,"position":3},"title":"Emiten alerta de hurac\u00e1n para la provincia cubana de Pinar del R\u00edo","author":"Nelson Feliz","date":"28 de agosto de 2023","format":false,"excerpt":"Por Robert Shackelford (CNN) -- La tormenta tropical Idalia se est\u00e1 fortaleciendo r\u00e1pidamente, seg\u00fan la actualizaci\u00f3n de las 11 p.m. hora del este de EE.UU. del Centro Nacional de Huracanes (NHC). Idalia tiene vientos de 97 km\/h con r\u00e1fagas m\u00e1s fuertes y actualmente est\u00e1 estacionaria. El gobierno de Cuba elev\u00f3\u2026","rel":"","context":"En \u00abSin categor\u00eda\u00bb","block_context":{"text":"Sin categor\u00eda","link":"https:\/\/lasprimeras.com.do\/index.php\/category\/sin-categoria\/"},"img":{"alt_text":"","src":"","width":0,"height":0},"classes":[]},{"id":98284,"url":"https:\/\/lasprimeras.com.do\/index.php\/2025\/05\/06\/coe-eleva-a-nueve-las-provincias-en-alerta-amarilla-por-las-lluvias\/","url_meta":{"origin":62435,"position":4},"title":"COE eleva a nueve las provincias en alerta amarilla por las lluvias","author":"Nelson Feliz","date":"6 de mayo de 2025","format":false,"excerpt":"Estas son: Santo Domingo, Monse\u00f1or Nouel, Santiago, Puerto Plata, Dajab\u00f3n, La Vega, Monte Plata, San Juan y Espaillat. El Centro de Operaciones de Emergencias (COE) aument\u00f3 la noche de este lunes a nueve las provincias en alerta amarilla y mantiene al Distrito Nacional y a 11 en verde, debido la\u2026","rel":"","context":"En \u00abNACIONALES\u00bb","block_context":{"text":"NACIONALES","link":"https:\/\/lasprimeras.com.do\/index.php\/category\/nacionales\/"},"img":{"alt_text":"","src":"https:\/\/i0.wp.com\/lasprimeras.com.do\/wp-content\/uploads\/2025\/05\/GqO5baTXIAE0l_Z.jpg?resize=350%2C200&ssl=1","width":350,"height":200,"srcset":"https:\/\/i0.wp.com\/lasprimeras.com.do\/wp-content\/uploads\/2025\/05\/GqO5baTXIAE0l_Z.jpg?resize=350%2C200&ssl=1 1x, https:\/\/i0.wp.com\/lasprimeras.com.do\/wp-content\/uploads\/2025\/05\/GqO5baTXIAE0l_Z.jpg?resize=525%2C300&ssl=1 1.5x"},"classes":[]},{"id":58137,"url":"https:\/\/lasprimeras.com.do\/index.php\/2023\/08\/20\/onamet-modifica-alertas-de-tormenta-tropical-franklin-se-amplian-hacia-la-costa-norte\/","url_meta":{"origin":62435,"position":5},"title":"Onamet modifica alertas de tormenta tropical Franklin; se ampl\u00edan hacia la costa norte","author":"Nelson Feliz","date":"20 de agosto de 2023","format":false,"excerpt":"La Oficina Nacional de Meteorolog\u00eda modific\u00f3 esta noche las alertas de la tormenta tropical Franklin, las cuales fueron ampliadas hacia la costa norte. \"A partir de este momento, se cambia el alerta a un aviso de condiciones de tormenta tropical desde pedernales, frontera con Hait\u00ed hasta la isla Saona, y\u2026","rel":"","context":"En \u00abNACIONALES\u00bb","block_context":{"text":"NACIONALES","link":"https:\/\/lasprimeras.com.do\/index.php\/category\/nacionales\/"},"img":{"alt_text":"tormenta tropical BRET","src":"https:\/\/i0.wp.com\/lasprimeras.com.do\/wp-content\/uploads\/2023\/06\/onamet-1.jpg?resize=350%2C200&ssl=1","width":350,"height":200,"srcset":"https:\/\/i0.wp.com\/lasprimeras.com.do\/wp-content\/uploads\/2023\/06\/onamet-1.jpg?resize=350%2C200&ssl=1 1x, https:\/\/i0.wp.com\/lasprimeras.com.do\/wp-content\/uploads\/2023\/06\/onamet-1.jpg?resize=525%2C300&ssl=1 1.5x, https:\/\/i0.wp.com\/lasprimeras.com.do\/wp-content\/uploads\/2023\/06\/onamet-1.jpg?resize=700%2C400&ssl=1 2x"},"classes":[]}],"jetpack_sharing_enabled":true,"_links":{"self":[{"href":"https:\/\/lasprimeras.com.do\/index.php\/wp-json\/wp\/v2\/posts\/62435","targetHints":{"allow":["GET"]}}],"collection":[{"href":"https:\/\/lasprimeras.com.do\/index.php\/wp-json\/wp\/v2\/posts"}],"about":[{"href":"https:\/\/lasprimeras.com.do\/index.php\/wp-json\/wp\/v2\/types\/post"}],"author":[{"embeddable":true,"href":"https:\/\/lasprimeras.com.do\/index.php\/wp-json\/wp\/v2\/users\/3"}],"replies":[{"embeddable":true,"href":"https:\/\/lasprimeras.com.do\/index.php\/wp-json\/wp\/v2\/comments?post=62435"}],"version-history":[{"count":1,"href":"https:\/\/lasprimeras.com.do\/index.php\/wp-json\/wp\/v2\/posts\/62435\/revisions"}],"predecessor-version":[{"id":62437,"href":"https:\/\/lasprimeras.com.do\/index.php\/wp-json\/wp\/v2\/posts\/62435\/revisions\/62437"}],"wp:featuredmedia":[{"embeddable":true,"href":"https:\/\/lasprimeras.com.do\/index.php\/wp-json\/wp\/v2\/media\/62436"}],"wp:attachment":[{"href":"https:\/\/lasprimeras.com.do\/index.php\/wp-json\/wp\/v2\/media?parent=62435"}],"wp:term":[{"taxonomy":"category","embeddable":true,"href":"https:\/\/lasprimeras.com.do\/index.php\/wp-json\/wp\/v2\/categories?post=62435"},{"taxonomy":"post_tag","embeddable":true,"href":"https:\/\/lasprimeras.com.do\/index.php\/wp-json\/wp\/v2\/tags?post=62435"}],"curies":[{"name":"wp","href":"https:\/\/api.w.org\/{rel}","templated":true}]}}