{"id":62448,"date":"2023-10-05T06:45:14","date_gmt":"2023-10-05T10:45:14","guid":{"rendered":"https:\/\/lasprimeras.com.do\/?p=62448"},"modified":"2023-10-05T06:45:16","modified_gmt":"2023-10-05T10:45:16","slug":"indrhi-dice-canal-vigia-esta-listo-para-operar","status":"publish","type":"post","link":"https:\/\/lasprimeras.com.do\/index.php\/2023\/10\/05\/indrhi-dice-canal-vigia-esta-listo-para-operar\/","title":{"rendered":"Indrhi dice Canal Vig\u00eda est\u00e1 listo para operar"},"content":{"rendered":"\n<p>Santo Domingo.-El Instituto Nacional de Recursos Hidr\u00e1ulicos (Indrhi) asegur\u00f3 ayer que el canal La Aduana-La Vig\u00eda, en el r\u00edo Dajab\u00f3n o Masacre, est\u00e1 listo para operar y present\u00f3 el trayecto de agua por el conducto, tras culminar las pruebas de las tres motobombas instaladas en la obra de toma.<\/p>\n\n\n\n<p>La entidad expuso que esta soluci\u00f3n inmediata mantendr\u00e1 la garant\u00eda h\u00eddrica a productores de la demarcaci\u00f3n que pudieran resultar afectados por la construcci\u00f3n de un canal en territorio haitiano con el desv\u00edo de las aguas y que ha creado un impasse.<\/p>\n\n\n\n<p>En un documento establece que tras la \u00faltima prueba t\u00e9cnica, mostr\u00f3 un curso adecuado del agua en toda su trayectoria, manejado un caudal de 800 litros por segundo y culminado en su derivaci\u00f3n nueva vez al r\u00edo.<\/p>\n\n\n\n<p>Dice que Juan Carlos Nova, director de Operaci\u00f3n y Conservaci\u00f3n de Sistemas de Riego del organismo, quien indic\u00f3 que las bombas trabajan en capacidad conjunta y agradeci\u00f3 adem\u00e1s a los medios de comunicaci\u00f3n que han permanecido en el lugar para llevar a la ciudadan\u00eda los detalles de esta obra pa\u00eds que se desarrolla en la zona fronteriza.<\/p>\n\n\n\n<p>\u201cTerminamos la instalaci\u00f3n e hicimos pruebas de la tercera bomba de 6,500 galones por minuto, completando una capacidad conjunta de bombeo hacia el canal de un metro c\u00fabico por segundo. Es palpable, el canal est\u00e1 listo para operar\u201d, manifest\u00f3.<\/p>\n\n\n\n<p>El texto expresa que se\u00f1al\u00f3, adem\u00e1s, que la entidad continuar\u00e1 con la rehabilitaci\u00f3n de las estaciones de bombeo Z 01, Z 02 y Z 03 aguas abajo de la interconexi\u00f3n construida, que permitir\u00e1 garantizar un caudal sostenible para los productores de la parte baja del canal La Vig\u00eda.<\/p>\n\n\n\n<p>\u201cCabe destacar que la pasada semana hubo un encuentro con productores de la demarcaci\u00f3n y el director del Indrhi, Olmedo Caba, donde recibieron las especificaciones t\u00e9cnicas de las intervenciones que realizar\u00e1 el organismo en la provincia por disposici\u00f3n del gobierno central con el objetivo de garantizar el recurso agua\u201d, expone.<\/p>\n\n\n\n<p>La entidad que encabeza los trabajos de rehabilitaci\u00f3n del canal.<\/p>\n\n\n\n<p>El \u00f3rgano present\u00f3 a medios de comuni\u00f3n el avance del proyecto, desde el nacimiento del canal desde la obra de toma.<\/p>\n\n\n\n<p>La nota expresa que el equipo t\u00e9cnico de la instituci\u00f3n realiza pruebas de bombeo en La Vig\u00eda.<\/p>\n\n\n\n<p>De acuerdo con el Indrhi, Esto representar\u00eda un alivio para los agricultores de este lado, que podr\u00e1n regar sus cultivos sin el temor de que las aguas del r\u00edo Masacre o Dajab\u00f3n dejen de beneficiarlos por el desv\u00edo el lado haitiano.<\/p>\n","protected":false},"excerpt":{"rendered":"<p>Santo Domingo.-El Instituto Nacional de Recursos Hidr\u00e1ulicos (Indrhi) asegur\u00f3 ayer que el canal La Aduana-La Vig\u00eda, en el r\u00edo Dajab\u00f3n o Masacre, est\u00e1 listo para operar y present\u00f3 el trayecto&hellip;<\/p>\n","protected":false},"author":3,"featured_media":62449,"comment_status":"open","ping_status":"open","sticky":false,"template":"","format":"standard","meta":{"content-type":"","jetpack_post_was_ever_published":false,"_jetpack_newsletter_access":"","_jetpack_dont_email_post_to_subs":false,"_jetpack_newsletter_tier_id":0,"_jetpack_memberships_contains_paywalled_content":false,"_jetpack_memberships_contains_paid_content":false,"footnotes":""},"categories":[35],"tags":[8039,541],"class_list":["post-62448","post","type-post","status-publish","format-standard","has-post-thumbnail","hentry","category-nacionales","tag-canal-de-haiti","tag-indrhi"],"jetpack_featured_media_url":"https:\/\/lasprimeras.com.do\/wp-content\/uploads\/2023\/10\/WhatsApp-Image-2023-10-04-at-5.20.12-PM-3.webp","jetpack-related-posts":[{"id":71796,"url":"https:\/\/lasprimeras.com.do\/index.php\/2023\/12\/23\/indrhi-asegura-canal-la-vigia-esta-listo-para-garantizar-reguio\/","url_meta":{"origin":62448,"position":0},"title":"INDRHI asegura canal La Vig\u00eda est\u00e1 listo para garantizar reguio","author":"BIMARY DE JES\u00daS Matos","date":"23 de diciembre de 2023","format":false,"excerpt":"SANTO DOMINGO.- El director ejecutivo del Instituto Nacional de Recursos Hidr\u00e1ulicos (INDRHI), Olmedo Caba Romano, asegur\u00f3 hoy que el canal La Vig\u00eda, rehabilitado en Dajab\u00f3n, est\u00e1 operativo. Aclar\u00f3 que los usuarios de La Vig\u00eda tienen el riego asegurado con dos electrobombas que existen desde la d\u00e9cada del 2000. Explic\u00f3 que\u2026","rel":"","context":"En \u00abPORTADA\u00bb","block_context":{"text":"PORTADA","link":"https:\/\/lasprimeras.com.do\/index.php\/category\/portada\/"},"img":{"alt_text":"","src":"https:\/\/i0.wp.com\/lasprimeras.com.do\/wp-content\/uploads\/2023\/12\/Noticias-de-energia-55.jpg?resize=350%2C200&ssl=1","width":350,"height":200,"srcset":"https:\/\/i0.wp.com\/lasprimeras.com.do\/wp-content\/uploads\/2023\/12\/Noticias-de-energia-55.jpg?resize=350%2C200&ssl=1 1x, https:\/\/i0.wp.com\/lasprimeras.com.do\/wp-content\/uploads\/2023\/12\/Noticias-de-energia-55.jpg?resize=525%2C300&ssl=1 1.5x"},"classes":[]},{"id":79526,"url":"https:\/\/lasprimeras.com.do\/index.php\/2024\/03\/28\/indrhi-realimenta-canal-la-vigia-tras-haiti-abrir-canal\/","url_meta":{"origin":62448,"position":1},"title":"Indrhi realimenta canal La Vig\u00eda, tras Hait\u00ed abrir canal","author":"BIMARY DE JES\u00daS Matos","date":"28 de marzo de 2024","format":false,"excerpt":"Santo Domingo.-Luego de que el caudal del r\u00edo Masacre experimentara una reducci\u00f3n por la baja pluviometr\u00eda y varias horas despu\u00e9s de la apertura del canal en el lado haitiano, el Instituto Nacional de Recursos Hidr\u00e1ulicos (Indrhi) comenz\u00f3 a operar el sistema de bombeo en La Aduana Vieja para alimentar el\u2026","rel":"","context":"En \u00abNACIONALES\u00bb","block_context":{"text":"NACIONALES","link":"https:\/\/lasprimeras.com.do\/index.php\/category\/nacionales\/"},"img":{"alt_text":"","src":"https:\/\/i0.wp.com\/lasprimeras.com.do\/wp-content\/uploads\/2024\/03\/6_Nacionales_28_1p01.jpg?resize=350%2C200&ssl=1","width":350,"height":200,"srcset":"https:\/\/i0.wp.com\/lasprimeras.com.do\/wp-content\/uploads\/2024\/03\/6_Nacionales_28_1p01.jpg?resize=350%2C200&ssl=1 1x, https:\/\/i0.wp.com\/lasprimeras.com.do\/wp-content\/uploads\/2024\/03\/6_Nacionales_28_1p01.jpg?resize=525%2C300&ssl=1 1.5x, https:\/\/i0.wp.com\/lasprimeras.com.do\/wp-content\/uploads\/2024\/03\/6_Nacionales_28_1p01.jpg?resize=700%2C400&ssl=1 2x, https:\/\/i0.wp.com\/lasprimeras.com.do\/wp-content\/uploads\/2024\/03\/6_Nacionales_28_1p01.jpg?resize=1050%2C600&ssl=1 3x, https:\/\/i0.wp.com\/lasprimeras.com.do\/wp-content\/uploads\/2024\/03\/6_Nacionales_28_1p01.jpg?resize=1400%2C800&ssl=1 4x"},"classes":[]},{"id":79582,"url":"https:\/\/lasprimeras.com.do\/index.php\/2024\/03\/28\/indrhi-opera-sistema-de-bombeo-en-la-vigia\/","url_meta":{"origin":62448,"position":2},"title":"INDRHI opera sistema de bombeo en La Vig\u00eda","author":"Nelson Feliz","date":"28 de marzo de 2024","format":false,"excerpt":"Garantiza el riego a productores de Dajab\u00f3n. El Instituto Nacional de Recursos Hidr\u00e1ulicos, INDRHI, comenz\u00f3 a operar el sistema de bombeo en La Aduana Vieja, en el r\u00edo Dajab\u00f3n o Masacre, para alimentar con un metro c\u00fabico por segundo el canal La Vig\u00eda, debido al bajo caudal que presenta el\u2026","rel":"","context":"En \u00abNACIONALES\u00bb","block_context":{"text":"NACIONALES","link":"https:\/\/lasprimeras.com.do\/index.php\/category\/nacionales\/"},"img":{"alt_text":"Trabajadores Indrhi","src":"https:\/\/i0.wp.com\/lasprimeras.com.do\/wp-content\/uploads\/2024\/03\/Trabajadores-Indrhi.jpg?resize=350%2C200&ssl=1","width":350,"height":200},"classes":[]},{"id":63559,"url":"https:\/\/lasprimeras.com.do\/index.php\/2023\/10\/13\/director-del-indrhi-reitera-que-el-agua-de-los-productores-agricolas-de-la-parte-baja-de-la-vigia-y-los-ganaderos-esta-garantizada\/","url_meta":{"origin":62448,"position":3},"title":"Director del INDRHI reitera que el agua de los productores agr\u00edcolas de la parte baja de la Vig\u00eda y los ganaderos est\u00e1 garantizada","author":"BIMARY DE JES\u00daS Matos","date":"13 de octubre de 2023","format":false,"excerpt":"Olmedo Caba Romano, director ejecutivo del Instituto Nacional de Recursos Hidr\u00e1ulicos, INDRHI, visit\u00f3 este jueves el canal La Vig\u00eda en Dajab\u00f3n, donde afirm\u00f3 que el pedido del presidente est\u00e1 realizado, que fue la habilitaci\u00f3n de ese canal, pero que por el momento hay abundante agua en zona, por lo que\u2026","rel":"","context":"En \u00abNACIONALES\u00bb","block_context":{"text":"NACIONALES","link":"https:\/\/lasprimeras.com.do\/index.php\/category\/nacionales\/"},"img":{"alt_text":"","src":"https:\/\/i0.wp.com\/lasprimeras.com.do\/wp-content\/uploads\/2023\/10\/WhatsApp-Image-2023-10-11-at-8.43.54-PM.webp?resize=350%2C200&ssl=1","width":350,"height":200,"srcset":"https:\/\/i0.wp.com\/lasprimeras.com.do\/wp-content\/uploads\/2023\/10\/WhatsApp-Image-2023-10-11-at-8.43.54-PM.webp?resize=350%2C200&ssl=1 1x, https:\/\/i0.wp.com\/lasprimeras.com.do\/wp-content\/uploads\/2023\/10\/WhatsApp-Image-2023-10-11-at-8.43.54-PM.webp?resize=525%2C300&ssl=1 1.5x, https:\/\/i0.wp.com\/lasprimeras.com.do\/wp-content\/uploads\/2023\/10\/WhatsApp-Image-2023-10-11-at-8.43.54-PM.webp?resize=700%2C400&ssl=1 2x"},"classes":[]},{"id":61786,"url":"https:\/\/lasprimeras.com.do\/index.php\/2023\/10\/01\/en-canal-la-vigia-ya-hay-dos-bombas-diesel-instaladas-segun-indrhi-colocara-otra\/","url_meta":{"origin":62448,"position":4},"title":"En canal La Vig\u00eda ya hay dos bombas diesel instaladas, seg\u00fan INDRHI; colocar\u00e1 otra","author":"BIMARY DE JES\u00daS Matos","date":"1 de octubre de 2023","format":false,"excerpt":"DAJABON. \u2013 El director ejecutivo del Instituto Nacional de Recursos Hidr\u00e1ulicos (INDRHI), Olmedo Caba Romano, encabez\u00f3 este s\u00e1bado un encuentro con productores de Dajab\u00f3n, a quienes ofreci\u00f3 detalles t\u00e9cnicos de las obras hidr\u00e1ulicas que construyen en aras de garantizar agua para la producci\u00f3n agropecuaria en la provincia, ante los meses\u2026","rel":"","context":"En \u00abPORTADA\u00bb","block_context":{"text":"PORTADA","link":"https:\/\/lasprimeras.com.do\/index.php\/category\/portada\/"},"img":{"alt_text":"","src":"https:\/\/i0.wp.com\/lasprimeras.com.do\/wp-content\/uploads\/2023\/10\/WhatsApp-Image-2023-09-25-at-1.05.22-PM-3.jpeg?resize=350%2C200&ssl=1","width":350,"height":200,"srcset":"https:\/\/i0.wp.com\/lasprimeras.com.do\/wp-content\/uploads\/2023\/10\/WhatsApp-Image-2023-09-25-at-1.05.22-PM-3.jpeg?resize=350%2C200&ssl=1 1x, https:\/\/i0.wp.com\/lasprimeras.com.do\/wp-content\/uploads\/2023\/10\/WhatsApp-Image-2023-09-25-at-1.05.22-PM-3.jpeg?resize=525%2C300&ssl=1 1.5x, https:\/\/i0.wp.com\/lasprimeras.com.do\/wp-content\/uploads\/2023\/10\/WhatsApp-Image-2023-09-25-at-1.05.22-PM-3.jpeg?resize=700%2C400&ssl=1 2x, https:\/\/i0.wp.com\/lasprimeras.com.do\/wp-content\/uploads\/2023\/10\/WhatsApp-Image-2023-09-25-at-1.05.22-PM-3.jpeg?resize=1050%2C600&ssl=1 3x, https:\/\/i0.wp.com\/lasprimeras.com.do\/wp-content\/uploads\/2023\/10\/WhatsApp-Image-2023-09-25-at-1.05.22-PM-3.jpeg?resize=1400%2C800&ssl=1 4x"},"classes":[]},{"id":75911,"url":"https:\/\/lasprimeras.com.do\/index.php\/2024\/02\/05\/presidente-abinader-afirma-canal-de-la-vigia-esta-listo\/","url_meta":{"origin":62448,"position":5},"title":"Presidente Abinader afirma canal de La Vigia est\u00e1 listo","author":"BIMARY DE JES\u00daS Matos","date":"5 de febrero de 2024","format":false,"excerpt":"SANTO DOMINGO.- El presidente Luis Abinader inform\u00f3 esta noche que el canal de La Vig\u00eda, que fue rehabilitado en Dajab\u00f3n, est\u00e1 listo y que no ha faltado agua en la zona porque en esa demarcaci\u00f3n ha llovido lo suficiente en los \u00faltimos meses. Explic\u00f3 que el objetivo principal del canal\u2026","rel":"","context":"En \u00abPORTADA\u00bb","block_context":{"text":"PORTADA","link":"https:\/\/lasprimeras.com.do\/index.php\/category\/portada\/"},"img":{"alt_text":"","src":"https:\/\/i0.wp.com\/lasprimeras.com.do\/wp-content\/uploads\/2024\/02\/Conoceran-esta-tarde-solicitud-de-cese-de-medida-de-coercion-a-Jean-Alain-Rodriguez-6.webp?resize=350%2C200&ssl=1","width":350,"height":200,"srcset":"https:\/\/i0.wp.com\/lasprimeras.com.do\/wp-content\/uploads\/2024\/02\/Conoceran-esta-tarde-solicitud-de-cese-de-medida-de-coercion-a-Jean-Alain-Rodriguez-6.webp?resize=350%2C200&ssl=1 1x, https:\/\/i0.wp.com\/lasprimeras.com.do\/wp-content\/uploads\/2024\/02\/Conoceran-esta-tarde-solicitud-de-cese-de-medida-de-coercion-a-Jean-Alain-Rodriguez-6.webp?resize=525%2C300&ssl=1 1.5x, https:\/\/i0.wp.com\/lasprimeras.com.do\/wp-content\/uploads\/2024\/02\/Conoceran-esta-tarde-solicitud-de-cese-de-medida-de-coercion-a-Jean-Alain-Rodriguez-6.webp?resize=700%2C400&ssl=1 2x"},"classes":[]}],"jetpack_sharing_enabled":true,"_links":{"self":[{"href":"https:\/\/lasprimeras.com.do\/index.php\/wp-json\/wp\/v2\/posts\/62448","targetHints":{"allow":["GET"]}}],"collection":[{"href":"https:\/\/lasprimeras.com.do\/index.php\/wp-json\/wp\/v2\/posts"}],"about":[{"href":"https:\/\/lasprimeras.com.do\/index.php\/wp-json\/wp\/v2\/types\/post"}],"author":[{"embeddable":true,"href":"https:\/\/lasprimeras.com.do\/index.php\/wp-json\/wp\/v2\/users\/3"}],"replies":[{"embeddable":true,"href":"https:\/\/lasprimeras.com.do\/index.php\/wp-json\/wp\/v2\/comments?post=62448"}],"version-history":[{"count":1,"href":"https:\/\/lasprimeras.com.do\/index.php\/wp-json\/wp\/v2\/posts\/62448\/revisions"}],"predecessor-version":[{"id":62450,"href":"https:\/\/lasprimeras.com.do\/index.php\/wp-json\/wp\/v2\/posts\/62448\/revisions\/62450"}],"wp:featuredmedia":[{"embeddable":true,"href":"https:\/\/lasprimeras.com.do\/index.php\/wp-json\/wp\/v2\/media\/62449"}],"wp:attachment":[{"href":"https:\/\/lasprimeras.com.do\/index.php\/wp-json\/wp\/v2\/media?parent=62448"}],"wp:term":[{"taxonomy":"category","embeddable":true,"href":"https:\/\/lasprimeras.com.do\/index.php\/wp-json\/wp\/v2\/categories?post=62448"},{"taxonomy":"post_tag","embeddable":true,"href":"https:\/\/lasprimeras.com.do\/index.php\/wp-json\/wp\/v2\/tags?post=62448"}],"curies":[{"name":"wp","href":"https:\/\/api.w.org\/{rel}","templated":true}]}}