{"id":62452,"date":"2023-10-05T06:47:47","date_gmt":"2023-10-05T10:47:47","guid":{"rendered":"https:\/\/lasprimeras.com.do\/?p=62452"},"modified":"2023-10-05T06:47:48","modified_gmt":"2023-10-05T10:47:48","slug":"patologia-pide-reforzar-entrega-de-cadaveres","status":"publish","type":"post","link":"https:\/\/lasprimeras.com.do\/index.php\/2023\/10\/05\/patologia-pide-reforzar-entrega-de-cadaveres\/","title":{"rendered":"Patolog\u00eda pide reforzar entrega de cad\u00e1veres"},"content":{"rendered":"\n<p>Santo Domingo.-La Sociedad Dominicana de Patolog\u00eda solicit\u00f3 a los centros hospitalarios p\u00fablicos y privados reforzar la supervisi\u00f3n al momento de entregar cad\u00e1veres a las funerarias, tras la aparici\u00f3n de seis beb\u00e9s muertos en la entrada del cementerio Cristo Salvador, Santo Domingo Este a las 6:00 de la ma\u00f1ana de ayer.<\/p>\n\n\n\n<p>Los cuerpos estaban tirados fuera del camposanto, algunos sin ropa y todos fuera de bolsas.<br>Jos\u00e9 Miguel Cruz-Arias, presidente de la entidad, afirm\u00f3 que debi\u00f3 primar el protocolo de seguimiento para que los cuerpos fueran sepultados con dignidad, enfatizando que no es la primera vez que pasa un evento bochornoso en cuanto al manejo de cad\u00e1veres de neonatos.<\/p>\n\n\n\n<p>Precis\u00f3 que la disposici\u00f3n de cad\u00e1veres, \u00f3rganos y tejidos, debe involucrar t\u00e9cnicos calificados y los establecimientos que disponen de esos restos y de partes humanas.<\/p>\n\n\n\n<p>Puede leer: Inicia hoy juicio preliminar a \u00abEl Dotolcito\u00bb y otros implicados en muerte de Joshua<\/p>\n\n\n\n<p>\u201cLa reglamentaci\u00f3n es clara en cuanto a la forma y manera de manejar el material biol\u00f3gico proveniente de la pr\u00e1ctica diaria en los centros de salud\u201d, expres\u00f3.<\/p>\n\n\n\n<p>Al momento del hallazgo, cuatro ni\u00f1os llevaban en las mu\u00f1ecas brazaletes azules, y dos ni\u00f1as rosa de nacionalidad dominicana y haitiana indic\u00f3 la pat\u00f3loga Anyi Vicioso, quien levant\u00f3 los cuerpos.<\/p>\n\n\n\n<p>Beb\u00e9s fueron entregados a la funeraria popular<br>La directora del Hospital Ciudad Juan Bosch, Marilelda Reyes, dijo que los neonatos fueron entregados el martes a la Funeraria Popular, de la Ciudad Universitaria, para que fueran sepultados en el cementerio Cristo Salvador.<\/p>\n\n\n\n<p>Se\u00f1al\u00f3 en un comunicado que los seis cad\u00e1veres fueron entregados a la funeraria, con la cual tienen un convenio de pago por los servicios, para que recibieran sepultura.<\/p>\n\n\n\n<p>No obstante, en el documento, extern\u00f3 su asombro de que los infantes fueran encontrados en la puerta del cementerio, ya que la funeraria les hab\u00eda notificado la sepultura.<\/p>\n\n\n\n<p>Sostuvo que la causa de esos entierros es que algunos padres no retiran los cad\u00e1veres en especial cuando son de muy escasos recursos econ\u00f3micos, por lo que el centro de salud debe pagar por el servicio de sepultura.<\/p>\n\n\n\n<p>Funeraria Popular se desliga de recibir los beb\u00e9s<\/p>\n\n\n\n<p>La Funeraria La Popular responsabiliz\u00f3 al zacatecas del camposanto, conocido como \u201cEl Grillo\u201d, de no enterrar a los reci\u00e9n nacidos luego de que el chofer trasladara los cad\u00e1veres hasta el cementerio.<\/p>\n\n\n\n<p>Juli\u00e1n Encarnaci\u00f3n Montero, propietario de la funeraria, narr\u00f3 a los medios de comunicaci\u00f3n que pidi\u00f3 al chofer que recogiera los cad\u00e1veres en el Hospital Ciudad Juan Bosch y los trasladara al cementerio.<\/p>\n\n\n\n<p>Encarnaci\u00f3n asegur\u00f3 tener la conversaci\u00f3n donde supuestamente \u201c El Grillo\u201d confirm\u00f3 que recibi\u00f3 a los neonatos y se\u00f1al\u00f3 que le tom\u00f3 por sorpresa la situaci\u00f3n pues para el todo estaba bien. \u201cSi yo se eso, le digo al chofer que espere que los entierre, pero los choferes nunca hacen eso\u2026 ellos solo entregan y se van\u201d, manifest\u00f3.<\/p>\n\n\n\n<p>Ayuntamiento SDE pide sancionar a los culpables<\/p>\n\n\n\n<p>El Ayuntamiento hizo un llamado a las autoridades de Salud P\u00fablica para que investiguen el caso por respeto a la dignidad humana de los neonatos, de sus familias y de toda la comunidad.<\/p>\n","protected":false},"excerpt":{"rendered":"<p>Santo Domingo.-La Sociedad Dominicana de Patolog\u00eda solicit\u00f3 a los centros hospitalarios p\u00fablicos y privados reforzar la supervisi\u00f3n al momento de entregar cad\u00e1veres a las funerarias, tras la aparici\u00f3n de seis&hellip;<\/p>\n","protected":false},"author":3,"featured_media":62454,"comment_status":"open","ping_status":"open","sticky":false,"template":"","format":"standard","meta":{"content-type":"","jetpack_post_was_ever_published":false,"_jetpack_newsletter_access":"","_jetpack_dont_email_post_to_subs":false,"_jetpack_newsletter_tier_id":0,"_jetpack_memberships_contains_paywalled_content":false,"_jetpack_memberships_contains_paid_content":false,"footnotes":""},"categories":[35],"tags":[],"class_list":["post-62452","post","type-post","status-publish","format-standard","has-post-thumbnail","hentry","category-nacionales"],"jetpack_featured_media_url":"https:\/\/lasprimeras.com.do\/wp-content\/uploads\/2023\/10\/WhatsApp-Image-2023-10-04-at-5.20.12-PM-4.webp","jetpack-related-posts":[{"id":96822,"url":"https:\/\/lasprimeras.com.do\/index.php\/2025\/04\/08\/patologia-forense-suspende-hasta-manana-la-identificacion-de-cadaveres-de-la-tragedia-de-jet-set\/","url_meta":{"origin":62452,"position":0},"title":"Patolog\u00eda Forense suspende hasta ma\u00f1ana la identificaci\u00f3n de cad\u00e1veres de la tragedia de Jet Set","author":"Nelson Feliz","date":"8 de abril de 2025","format":false,"excerpt":"Las autoridades invitaron a los familiares a regresar este mi\u00e9rcoles a partir de las 7:00 de la ma\u00f1ana. El Instituto Nacional de Patolog\u00eda Forense suspendi\u00f3 hasta ma\u00f1ana la identificaci\u00f3n de cad\u00e1veres por el colapso del techo de la discoteca Jet Set. La tragedia se produjo la madrugada de este martes\u2026","rel":"","context":"En \u00abNACIONALES\u00bb","block_context":{"text":"NACIONALES","link":"https:\/\/lasprimeras.com.do\/index.php\/category\/nacionales\/"},"img":{"alt_text":"","src":"https:\/\/i0.wp.com\/lasprimeras.com.do\/wp-content\/uploads\/2025\/04\/Patologia-Forense.jpg?resize=350%2C200&ssl=1","width":350,"height":200,"srcset":"https:\/\/i0.wp.com\/lasprimeras.com.do\/wp-content\/uploads\/2025\/04\/Patologia-Forense.jpg?resize=350%2C200&ssl=1 1x, https:\/\/i0.wp.com\/lasprimeras.com.do\/wp-content\/uploads\/2025\/04\/Patologia-Forense.jpg?resize=525%2C300&ssl=1 1.5x"},"classes":[]},{"id":62700,"url":"https:\/\/lasprimeras.com.do\/index.php\/2023\/10\/06\/se-entrega-grillo-zacateca-que-no-sepulto-cadaveres-de-neonatos-en-el-cementerio-cristo-salvador\/","url_meta":{"origin":62452,"position":1},"title":"Se entrega &#8220;Grillo&#8221;, zacateca que no sepult\u00f3 cad\u00e1veres de neonatos en el cementerio Cristo Salvador","author":"Nelson Feliz","date":"6 de octubre de 2023","format":false,"excerpt":"\"Grillo\" lleg\u00f3 en compa\u00f1\u00eda del periodista Ram\u00f3n Tolentino y algunos familiares para hablar con la polic\u00eda. Se entreg\u00f3 a la Polic\u00eda Nacional el zacateca del cementerio Cristo Salvador de Santo Domingo Este, Hilario Pascual, conocido como \u201cGrillo\u201d, quien se encontraba pr\u00f3fugo luego de no haber dado sepultura a los cuerpos\u2026","rel":"","context":"En \u00abNACIONALES\u00bb","block_context":{"text":"NACIONALES","link":"https:\/\/lasprimeras.com.do\/index.php\/category\/nacionales\/"},"img":{"alt_text":"Grillo","src":"https:\/\/i0.wp.com\/lasprimeras.com.do\/wp-content\/uploads\/2023\/10\/Grillo.jpg?resize=350%2C200&ssl=1","width":350,"height":200,"srcset":"https:\/\/i0.wp.com\/lasprimeras.com.do\/wp-content\/uploads\/2023\/10\/Grillo.jpg?resize=350%2C200&ssl=1 1x, https:\/\/i0.wp.com\/lasprimeras.com.do\/wp-content\/uploads\/2023\/10\/Grillo.jpg?resize=525%2C300&ssl=1 1.5x, https:\/\/i0.wp.com\/lasprimeras.com.do\/wp-content\/uploads\/2023\/10\/Grillo.jpg?resize=700%2C400&ssl=1 2x"},"classes":[]},{"id":73811,"url":"https:\/\/lasprimeras.com.do\/index.php\/2024\/01\/16\/al-menos-95-cadaveres-no-reclamados-seran-sepultados-en-una-fosa-comun\/","url_meta":{"origin":62452,"position":2},"title":"Al menos 95 cad\u00e1veres no reclamados ser\u00e1n sepultados en una fosa com\u00fan","author":"Nelson Feliz","date":"16 de enero de 2024","format":false,"excerpt":"El Instituto Nacional de Ciencias Forenses (Inacif) inform\u00f3 que al menos 95 cad\u00e1veres no reclamados ser\u00e1n sepultados en una fosa com\u00fan del cementerio Los Casabes, en Santo Domingo Norte. El traslado est\u00e1 programado para llevarse a cabo despu\u00e9s del mediod\u00eda. Estos cad\u00e1veres han permanecido en la morgue del Inacif, ubicada\u2026","rel":"","context":"En \u00abNACIONALES\u00bb","block_context":{"text":"NACIONALES","link":"https:\/\/lasprimeras.com.do\/index.php\/category\/nacionales\/"},"img":{"alt_text":"Inacif","src":"https:\/\/i0.wp.com\/lasprimeras.com.do\/wp-content\/uploads\/2024\/01\/Inacif-1.jpg?resize=350%2C200&ssl=1","width":350,"height":200},"classes":[]},{"id":62393,"url":"https:\/\/lasprimeras.com.do\/index.php\/2023\/10\/04\/asde-explica-caso-de-cadaveres-de-ninos-recien-nacidos-lanzados-frente-al-cementerio-cristo-salvador\/","url_meta":{"origin":62452,"position":3},"title":"ASDE explica caso de cad\u00e1veres de ni\u00f1os reci\u00e9n nacidos lanzados frente al Cementerio Cristo Salvador","author":"Nelson Feliz","date":"4 de octubre de 2023","format":false,"excerpt":"EL AYUNTAMIENTO SOLICITA SALUD P\u00daBLICA INVESTIGUE Y SANCIONE A LOS RESPONSABLES DE LANZAR SEIS CAD\u00c1VERES FRENTE A LA VERJA DEL CEMENTERIO CRISTO SALVADOR El Ayuntamiento de Santo Domingo Este informa a toda la ciudadan\u00eda y a la opini\u00f3n p\u00fablica que en el caso de los cad\u00e1veres de 6 ni\u00f1os reci\u00e9n\u2026","rel":"","context":"En \u00abNACIONALES\u00bb","block_context":{"text":"NACIONALES","link":"https:\/\/lasprimeras.com.do\/index.php\/category\/nacionales\/"},"img":{"alt_text":"","src":"https:\/\/i0.wp.com\/lasprimeras.com.do\/wp-content\/uploads\/2023\/10\/muerticos.jpg?resize=350%2C200&ssl=1","width":350,"height":200,"srcset":"https:\/\/i0.wp.com\/lasprimeras.com.do\/wp-content\/uploads\/2023\/10\/muerticos.jpg?resize=350%2C200&ssl=1 1x, https:\/\/i0.wp.com\/lasprimeras.com.do\/wp-content\/uploads\/2023\/10\/muerticos.jpg?resize=525%2C300&ssl=1 1.5x, https:\/\/i0.wp.com\/lasprimeras.com.do\/wp-content\/uploads\/2023\/10\/muerticos.jpg?resize=700%2C400&ssl=1 2x"},"classes":[]},{"id":58749,"url":"https:\/\/lasprimeras.com.do\/index.php\/2023\/08\/28\/inacif-entrega-15-cadaveres-a-familias-de-victimas-de-explosion-en-sc\/","url_meta":{"origin":62452,"position":4},"title":"Inacif entrega 15 cad\u00e1veres a familias de v\u00edctimas de explosi\u00f3n en SC","author":"Nelson Feliz","date":"28 de agosto de 2023","format":false,"excerpt":"El Instituto Nacional de Ciencias Forenses (Inacif) ha recibido, identificado y entregado a sus familiares, hasta el momento, 15 cad\u00e1veres de personas que fallecieron en la explosi\u00f3n registrada el pasado 14 de agosto en una zona comercial de San Crist\u00f3bal. Al ofrecer la informaci\u00f3n este domingo a trav\u00e9s de un\u2026","rel":"","context":"En \u00abNACIONALES\u00bb","block_context":{"text":"NACIONALES","link":"https:\/\/lasprimeras.com.do\/index.php\/category\/nacionales\/"},"img":{"alt_text":"siniestro","src":"https:\/\/i0.wp.com\/lasprimeras.com.do\/wp-content\/uploads\/2023\/08\/siniestro.jpg?resize=350%2C200&ssl=1","width":350,"height":200,"srcset":"https:\/\/i0.wp.com\/lasprimeras.com.do\/wp-content\/uploads\/2023\/08\/siniestro.jpg?resize=350%2C200&ssl=1 1x, https:\/\/i0.wp.com\/lasprimeras.com.do\/wp-content\/uploads\/2023\/08\/siniestro.jpg?resize=525%2C300&ssl=1 1.5x, https:\/\/i0.wp.com\/lasprimeras.com.do\/wp-content\/uploads\/2023\/08\/siniestro.jpg?resize=700%2C400&ssl=1 2x, https:\/\/i0.wp.com\/lasprimeras.com.do\/wp-content\/uploads\/2023\/08\/siniestro.jpg?resize=1050%2C600&ssl=1 3x"},"classes":[]},{"id":63047,"url":"https:\/\/lasprimeras.com.do\/index.php\/2023\/10\/09\/prision-preventiva-a-el-grillo-y-chofer-de-funeraria-por-abandono-de-cadaveres-de-recien-nacidos\/","url_meta":{"origin":62452,"position":5},"title":"Prisi\u00f3n preventiva a &#8220;El Grillo&#8221; y chofer de funeraria por abandono de cad\u00e1veres de reci\u00e9n nacidos","author":"Nelson Feliz","date":"9 de octubre de 2023","format":false,"excerpt":"El juez Leomar Gabriel Cruz Quezada de la Oficina Judicial de Servicios de Atenci\u00f3n Permanente de Santo Domingo Este dict\u00f3 un mes de prisi\u00f3n preventiva como medida de coerci\u00f3n contra Pascual Hilario, \"El Grillo\", imputado por no sepultar al menos seis neonatos procedentes del hospital Ciudad Juan Bosch que fueron\u2026","rel":"","context":"En \u00abJUSTICIA\u00bb","block_context":{"text":"JUSTICIA","link":"https:\/\/lasprimeras.com.do\/index.php\/category\/justicia\/"},"img":{"alt_text":"familiares-de-el-grillo","src":"https:\/\/i0.wp.com\/lasprimeras.com.do\/wp-content\/uploads\/2023\/10\/familiares-de-el-grillo.jpg?resize=350%2C200&ssl=1","width":350,"height":200,"srcset":"https:\/\/i0.wp.com\/lasprimeras.com.do\/wp-content\/uploads\/2023\/10\/familiares-de-el-grillo.jpg?resize=350%2C200&ssl=1 1x, https:\/\/i0.wp.com\/lasprimeras.com.do\/wp-content\/uploads\/2023\/10\/familiares-de-el-grillo.jpg?resize=525%2C300&ssl=1 1.5x, https:\/\/i0.wp.com\/lasprimeras.com.do\/wp-content\/uploads\/2023\/10\/familiares-de-el-grillo.jpg?resize=700%2C400&ssl=1 2x"},"classes":[]}],"jetpack_sharing_enabled":true,"_links":{"self":[{"href":"https:\/\/lasprimeras.com.do\/index.php\/wp-json\/wp\/v2\/posts\/62452","targetHints":{"allow":["GET"]}}],"collection":[{"href":"https:\/\/lasprimeras.com.do\/index.php\/wp-json\/wp\/v2\/posts"}],"about":[{"href":"https:\/\/lasprimeras.com.do\/index.php\/wp-json\/wp\/v2\/types\/post"}],"author":[{"embeddable":true,"href":"https:\/\/lasprimeras.com.do\/index.php\/wp-json\/wp\/v2\/users\/3"}],"replies":[{"embeddable":true,"href":"https:\/\/lasprimeras.com.do\/index.php\/wp-json\/wp\/v2\/comments?post=62452"}],"version-history":[{"count":1,"href":"https:\/\/lasprimeras.com.do\/index.php\/wp-json\/wp\/v2\/posts\/62452\/revisions"}],"predecessor-version":[{"id":62455,"href":"https:\/\/lasprimeras.com.do\/index.php\/wp-json\/wp\/v2\/posts\/62452\/revisions\/62455"}],"wp:featuredmedia":[{"embeddable":true,"href":"https:\/\/lasprimeras.com.do\/index.php\/wp-json\/wp\/v2\/media\/62454"}],"wp:attachment":[{"href":"https:\/\/lasprimeras.com.do\/index.php\/wp-json\/wp\/v2\/media?parent=62452"}],"wp:term":[{"taxonomy":"category","embeddable":true,"href":"https:\/\/lasprimeras.com.do\/index.php\/wp-json\/wp\/v2\/categories?post=62452"},{"taxonomy":"post_tag","embeddable":true,"href":"https:\/\/lasprimeras.com.do\/index.php\/wp-json\/wp\/v2\/tags?post=62452"}],"curies":[{"name":"wp","href":"https:\/\/api.w.org\/{rel}","templated":true}]}}