{"id":62467,"date":"2023-10-05T06:58:56","date_gmt":"2023-10-05T10:58:56","guid":{"rendered":"https:\/\/lasprimeras.com.do\/?p=62467"},"modified":"2023-10-05T06:58:58","modified_gmt":"2023-10-05T10:58:58","slug":"anuncian-torneo-de-baloncesto-universitario-con-29-equipos","status":"publish","type":"post","link":"https:\/\/lasprimeras.com.do\/index.php\/2023\/10\/05\/anuncian-torneo-de-baloncesto-universitario-con-29-equipos\/","title":{"rendered":"Anuncian torneo de baloncesto universitario con 29 equipos"},"content":{"rendered":"\n<p>SANTO DOMINGO. Con 29 equipos, 19 masculino y 10 femenino, ser\u00e1 el torneo de baloncesto que organiza la Comisi\u00f3n de Deportes Universitario y arranca el viernes 6, en sus circuitos Santiago\/Zona Norte y Santo Domingo, que comprende el Sureste, por la copa \u201cConfraternidad 2023\u201d.<\/p>\n\n\n\n<p>El partido entre la Universidad Nacional Evang\u00e9lica (Unev), y el Instituto Superior de Formaci\u00f3n Docente Salom\u00e9 Ure\u00f1a (Isfodosu), marca la apertura oficial del certamen, a las 5:00 de la tarde, previo al acto de inauguraci\u00f3n.<\/p>\n\n\n\n<p>El profesor Roque Garc\u00eda, presidente de la Comisi\u00f3n de Deportes Universitario del Ministerio de Deportes y Recreaci\u00f3n (Miderec), inform\u00f3 que el acto ser\u00e1 en la cancha del Isfodosu, con la asistencia de las principales autoridades de los centros educativos universitarios.<\/p>\n\n\n\n<p>Garc\u00eda indic\u00f3 que de Santo Domingo 14 equipos en la rama masculina, divididos en tres grupos y siete en femenino, para que tambi\u00e9n har\u00e1n dos grupos, mientras que en Santiago\/Circuito Norte, competir\u00e1n cinco en masculino y tres en femenino, ambas ramas en un todo contra todo.<\/p>\n\n\n\n<p>De su lado Jos\u00e9 Ram\u00f3n Arias C\u00e1ceres, director t\u00e9cnico, explic\u00f3 los sistemas de competencias, se\u00f1alando que de cada grupo avanzan a dos equipos por grupo, que jugar\u00e1n hasta definir los competidores por la primera posici\u00f3n.<\/p>\n\n\n\n<p>\u201cM\u00e1s que un evento atl\u00e9tico en busca de un campe\u00f3n, Miderec busca fomentar el deporte universitario, como parte de la educaci\u00f3n y la formaci\u00f3n de nuestros futuros profesionales, estrechando lazos fraternos y amistosos\u201d, se\u00f1al\u00f3 Garc\u00eda.<\/p>\n\n\n\n<p>Los equipos convocados<\/p>\n\n\n\n<p>Adem\u00e1s de Unev y Isfodosu en el circuito Sureste est\u00e1n convocados los equipos femeninos Universidad Tecnol\u00f3gica de Santiago (Utesa), Universidad APEC (Unapec), Universidad Dominicana O &amp; M; Universidad Nacional Pedro Henr\u00edquez Ure\u00f1a (UNPHU).<\/p>\n\n\n\n<p>De la regi\u00f3n Norte van la Universidad Isa; Universidad Cat\u00f3lica Nordestana (UCNE), Universidad Tecnol\u00f3gica Del Cibao Oriental (Uteco).<\/p>\n\n\n\n<p>Los equipos masculinos que estar\u00e1n en el torneo son los de Isfodusu, Unapec, Unphu, Instituto T\u00e9cnico Superior Comunitario, Universidad Cat\u00f3lica Tecnol\u00f3gica de Barahona (Ucateba), Unev, Universidad del Caribe (UNICARIBE), Instituto Tecnol\u00f3gico de Santo Domingo (Intec), O&amp;M, Universidad Cat\u00f3lica Santo Domingo (UCSD), Universidad Federico Henr\u00edquez y Carvajal (UFHEC), Unapec.<\/p>\n\n\n\n<p>Arias C\u00e1ceres explic\u00f3 que la ronda regular comprende partidos simult\u00e1neos en los circuitos Cibao y Sureste, los s\u00e1bados y domingos durante tres semanas, en horarios desde las 9:30 de la ma\u00f1ana, con tres partidos en cada jornada, para un total de 92 partidos en todas las rondas.<\/p>\n\n\n\n<p>Indic\u00f3 que a los cuartos de final en la rama masculina va el primer lugar G-A, contra segundo G-D; primero G-B, contra segundo G-C; primero G-C contra segundo G-B; primero G-D y segundo G-A.<\/p>\n\n\n\n<p>En femenino la serie semifinal ser\u00e1 entre primero del Sur\/Este contra 2do del Norte; primer lugar del Norte enfrenta al segundo lugar del Sur\/Este.<\/p>\n","protected":false},"excerpt":{"rendered":"<p>SANTO DOMINGO. Con 29 equipos, 19 masculino y 10 femenino, ser\u00e1 el torneo de baloncesto que organiza la Comisi\u00f3n de Deportes Universitario y arranca el viernes 6, en sus circuitos&hellip;<\/p>\n","protected":false},"author":3,"featured_media":62468,"comment_status":"open","ping_status":"open","sticky":false,"template":"","format":"standard","meta":{"content-type":"","jetpack_post_was_ever_published":false,"_jetpack_newsletter_access":"","_jetpack_dont_email_post_to_subs":false,"_jetpack_newsletter_tier_id":0,"_jetpack_memberships_contains_paywalled_content":false,"_jetpack_memberships_contains_paid_content":false,"footnotes":""},"categories":[1],"tags":[],"class_list":["post-62467","post","type-post","status-publish","format-standard","has-post-thumbnail","hentry","category-sin-categoria"],"jetpack_featured_media_url":"https:\/\/lasprimeras.com.do\/wp-content\/uploads\/2023\/10\/WhatsApp-Image-2023-10-04-at-5.20.12-PM-8.jpeg","jetpack-related-posts":[{"id":51405,"url":"https:\/\/lasprimeras.com.do\/index.php\/2023\/05\/30\/anuncian-campeonato-nacional-de-ajedrez-universitario-2023\/","url_meta":{"origin":62467,"position":0},"title":"Anunci\u00e1n Campeonato Nacional de Ajedrez Universitario 2023","author":"prenxa100","date":"30 de mayo de 2023","format":false,"excerpt":"Santo Domingo.-. La Comisi\u00f3n Nacional de Deporte Universitario del Ministerio de Deportes y Recreaci\u00f3n en conjunto con la Federaci\u00f3n Dominicana de Ajedrez (FDA) celebrar\u00e1 el Campeonato Nacional de Ajedrez Universitario 2023, del 03 al 04 de junio en la Universidad Abierta para Adultos (UAPA) de Santo Domingo Este, con el\u2026","rel":"","context":"En \u00abSin categor\u00eda\u00bb","block_context":{"text":"Sin categor\u00eda","link":"https:\/\/lasprimeras.com.do\/index.php\/category\/sin-categoria\/"},"img":{"alt_text":"","src":"","width":0,"height":0},"classes":[]},{"id":68558,"url":"https:\/\/lasprimeras.com.do\/index.php\/2023\/11\/25\/anuncian-competencias-atletismo-y-taekwondo-juegos-universitarios\/","url_meta":{"origin":62467,"position":1},"title":"Anuncian competencias atletismo y taekwondo juegos universitarios","author":"BIMARY DE JES\u00daS Matos","date":"25 de noviembre de 2023","format":false,"excerpt":"SANTO DOMINGO.- La Comisi\u00f3n de Deportes Universitario del Ministerio de Deportes anunci\u00f3 para el s\u00e1bado 25 y domingo 26, la celebraci\u00f3n de las competencias de atletismo y taekwondo, donde participar\u00e1n decenas de estudiantes\/atletas matriculados en centros de estudios superiores. Su presidente, Roque Garc\u00eda, indic\u00f3 que el atletismo se efectuar\u00e1 a\u2026","rel":"","context":"En \u00abSin categor\u00eda\u00bb","block_context":{"text":"Sin categor\u00eda","link":"https:\/\/lasprimeras.com.do\/index.php\/category\/sin-categoria\/"},"img":{"alt_text":"","src":"https:\/\/i0.wp.com\/lasprimeras.com.do\/wp-content\/uploads\/2023\/11\/Con-Total-Energies-1-6.jpg?resize=350%2C200&ssl=1","width":350,"height":200},"classes":[]},{"id":79026,"url":"https:\/\/lasprimeras.com.do\/index.php\/2024\/03\/22\/en-memoria-de-roberto-eduardo-mata-realizaran-version-2024-de-la-copa-baloncesto\/","url_meta":{"origin":62467,"position":2},"title":"En memoria de Roberto Eduardo Mata realizar\u00e1n versi\u00f3n 2024 de la copa baloncesto","author":"BIMARY DE JES\u00daS Matos","date":"22 de marzo de 2024","format":false,"excerpt":"Santo Domingo, Rep. Dom.- Abril iniciar\u00e1 vibrante, los d\u00edas 5 y 6, con el desempe\u00f1o en las tablas de las instalaciones del Colegio Biling\u00fce New Horizons con la versi\u00f3n 2024 de la Copa de baloncesto Roberto Eduardo Mata, in memoriam. Ocho equipos colegiales clasificados del March Madness del centro educativo\u2026","rel":"","context":"En \u00abSin categor\u00eda\u00bb","block_context":{"text":"Sin categor\u00eda","link":"https:\/\/lasprimeras.com.do\/index.php\/category\/sin-categoria\/"},"img":{"alt_text":"","src":"https:\/\/i0.wp.com\/lasprimeras.com.do\/wp-content\/uploads\/2024\/03\/65fd9144a5313_6f143757-21d3-4b4a-9fe7-e12aa687e252-1024x575.jpg.webp?resize=350%2C200&ssl=1","width":350,"height":200,"srcset":"https:\/\/i0.wp.com\/lasprimeras.com.do\/wp-content\/uploads\/2024\/03\/65fd9144a5313_6f143757-21d3-4b4a-9fe7-e12aa687e252-1024x575.jpg.webp?resize=350%2C200&ssl=1 1x, https:\/\/i0.wp.com\/lasprimeras.com.do\/wp-content\/uploads\/2024\/03\/65fd9144a5313_6f143757-21d3-4b4a-9fe7-e12aa687e252-1024x575.jpg.webp?resize=525%2C300&ssl=1 1.5x, https:\/\/i0.wp.com\/lasprimeras.com.do\/wp-content\/uploads\/2024\/03\/65fd9144a5313_6f143757-21d3-4b4a-9fe7-e12aa687e252-1024x575.jpg.webp?resize=700%2C400&ssl=1 2x"},"classes":[]},{"id":79495,"url":"https:\/\/lasprimeras.com.do\/index.php\/2024\/03\/27\/octavo-torneo-superior-de-baloncesto-santo-domingo-del-5-al-24-de-abril\/","url_meta":{"origin":62467,"position":3},"title":"Octavo Torneo Superior de Baloncesto Santo Domingo del 5 al 24 de abril","author":"Nelson Feliz","date":"27 de marzo de 2024","format":false,"excerpt":"Comit\u00e9 anuncia siete equipos de la provincia disputar\u00e1n copa El Comit\u00e9 Organizador del Octavo Torneo de Baloncesto de Santo Domingo anunci\u00f3 la celebraci\u00f3n de esta justa del 5 al 24 de abril. Competir\u00e1n las franquicias de los clubes Los Mina, Calero de Villa Duarte, Loros Calientes, Las Caobas City, los\u2026","rel":"","context":"En \u00abSin categor\u00eda\u00bb","block_context":{"text":"Sin categor\u00eda","link":"https:\/\/lasprimeras.com.do\/index.php\/category\/sin-categoria\/"},"img":{"alt_text":"Torneo Superior de Baloncesto","src":"https:\/\/i0.wp.com\/lasprimeras.com.do\/wp-content\/uploads\/2024\/03\/Torneo-Superior-de-Baloncesto-1.jpg?resize=350%2C200&ssl=1","width":350,"height":200,"srcset":"https:\/\/i0.wp.com\/lasprimeras.com.do\/wp-content\/uploads\/2024\/03\/Torneo-Superior-de-Baloncesto-1.jpg?resize=350%2C200&ssl=1 1x, https:\/\/i0.wp.com\/lasprimeras.com.do\/wp-content\/uploads\/2024\/03\/Torneo-Superior-de-Baloncesto-1.jpg?resize=525%2C300&ssl=1 1.5x"},"classes":[]},{"id":94714,"url":"https:\/\/lasprimeras.com.do\/index.php\/2025\/03\/04\/fundacion-los-mina-unidos-por-siempre-impulsa-el-baloncesto-en-san-francisco-de-macoris\/","url_meta":{"origin":62467,"position":4},"title":"Fundaci\u00f3n Los Mina Unidos por Siempre impulsa el baloncesto en San Francisco de Macor\u00eds","author":"Nelson Feliz","date":"4 de marzo de 2025","format":false,"excerpt":"La Fundaci\u00f3n Los Mina Unidos por Siempre celebr\u00f3 un exitoso intercambio amistoso con la participaci\u00f3n de 4 clubes de la provincia, en una jornada deportiva realizada en el Club San Mart\u00edn de San Francisco de Macor\u00eds, provincia Duarte. El torneo cont\u00f3 con la participaci\u00f3n de los equipos Club Gregorio Luper\u00f3n,\u2026","rel":"","context":"En \u00abDEPORTES\u00bb","block_context":{"text":"DEPORTES","link":"https:\/\/lasprimeras.com.do\/index.php\/category\/deportes\/"},"img":{"alt_text":"","src":"https:\/\/i0.wp.com\/lasprimeras.com.do\/wp-content\/uploads\/2025\/03\/Fundacion-Los-Mina-Unidos-1.jpg?resize=350%2C200&ssl=1","width":350,"height":200,"srcset":"https:\/\/i0.wp.com\/lasprimeras.com.do\/wp-content\/uploads\/2025\/03\/Fundacion-Los-Mina-Unidos-1.jpg?resize=350%2C200&ssl=1 1x, https:\/\/i0.wp.com\/lasprimeras.com.do\/wp-content\/uploads\/2025\/03\/Fundacion-Los-Mina-Unidos-1.jpg?resize=525%2C300&ssl=1 1.5x"},"classes":[]},{"id":89685,"url":"https:\/\/lasprimeras.com.do\/index.php\/2024\/10\/02\/recibiran-antorcha-de-los-juegos-universitarios-tony-barreiro-2024-en-jimani\/","url_meta":{"origin":62467,"position":5},"title":"Recibir\u00e1n antorcha de los Juegos Universitarios &#8220;Tony Barreiro 2024&#8221; en Jiman\u00ed","author":"Paola Castillo","date":"2 de octubre de 2024","format":false,"excerpt":"La antorcha de los XLIII Juegos Universitarios \"Tony Barreiro 2024\", ser\u00e1 recibida este jueves por las autoridades de la UASD- Subcentro Jiman\u00ed y funcionarios locales de todos los niveles de esta provincia. El director de la unidad acad\u00e9mica maestro Ram\u00f3n L\u00f3pez Ynoa, dijo que la llegada de la antorcha esta\u2026","rel":"","context":"En \u00abNACIONALES\u00bb","block_context":{"text":"NACIONALES","link":"https:\/\/lasprimeras.com.do\/index.php\/category\/nacionales\/"},"img":{"alt_text":"","src":"https:\/\/i0.wp.com\/lasprimeras.com.do\/wp-content\/uploads\/2024\/10\/antorcha.jpg?resize=350%2C200&ssl=1","width":350,"height":200,"srcset":"https:\/\/i0.wp.com\/lasprimeras.com.do\/wp-content\/uploads\/2024\/10\/antorcha.jpg?resize=350%2C200&ssl=1 1x, https:\/\/i0.wp.com\/lasprimeras.com.do\/wp-content\/uploads\/2024\/10\/antorcha.jpg?resize=525%2C300&ssl=1 1.5x, https:\/\/i0.wp.com\/lasprimeras.com.do\/wp-content\/uploads\/2024\/10\/antorcha.jpg?resize=700%2C400&ssl=1 2x"},"classes":[]}],"jetpack_sharing_enabled":true,"_links":{"self":[{"href":"https:\/\/lasprimeras.com.do\/index.php\/wp-json\/wp\/v2\/posts\/62467","targetHints":{"allow":["GET"]}}],"collection":[{"href":"https:\/\/lasprimeras.com.do\/index.php\/wp-json\/wp\/v2\/posts"}],"about":[{"href":"https:\/\/lasprimeras.com.do\/index.php\/wp-json\/wp\/v2\/types\/post"}],"author":[{"embeddable":true,"href":"https:\/\/lasprimeras.com.do\/index.php\/wp-json\/wp\/v2\/users\/3"}],"replies":[{"embeddable":true,"href":"https:\/\/lasprimeras.com.do\/index.php\/wp-json\/wp\/v2\/comments?post=62467"}],"version-history":[{"count":1,"href":"https:\/\/lasprimeras.com.do\/index.php\/wp-json\/wp\/v2\/posts\/62467\/revisions"}],"predecessor-version":[{"id":62469,"href":"https:\/\/lasprimeras.com.do\/index.php\/wp-json\/wp\/v2\/posts\/62467\/revisions\/62469"}],"wp:featuredmedia":[{"embeddable":true,"href":"https:\/\/lasprimeras.com.do\/index.php\/wp-json\/wp\/v2\/media\/62468"}],"wp:attachment":[{"href":"https:\/\/lasprimeras.com.do\/index.php\/wp-json\/wp\/v2\/media?parent=62467"}],"wp:term":[{"taxonomy":"category","embeddable":true,"href":"https:\/\/lasprimeras.com.do\/index.php\/wp-json\/wp\/v2\/categories?post=62467"},{"taxonomy":"post_tag","embeddable":true,"href":"https:\/\/lasprimeras.com.do\/index.php\/wp-json\/wp\/v2\/tags?post=62467"}],"curies":[{"name":"wp","href":"https:\/\/api.w.org\/{rel}","templated":true}]}}