{"id":62491,"date":"2023-10-05T08:27:03","date_gmt":"2023-10-05T12:27:03","guid":{"rendered":"https:\/\/lasprimeras.com.do\/?p=62491"},"modified":"2023-10-05T08:27:05","modified_gmt":"2023-10-05T12:27:05","slug":"bertico-santana-busca-evitar-prm-se-divida-en-sde","status":"publish","type":"post","link":"https:\/\/lasprimeras.com.do\/index.php\/2023\/10\/05\/bertico-santana-busca-evitar-prm-se-divida-en-sde\/","title":{"rendered":"Bertico Santana busca evitar PRM se divida en SDE"},"content":{"rendered":"\n<p>El ex precandidato a la alcald\u00eda de Santo Domingo Este por el Partido Revolucionario Moderno (PRM), Bertico Santana, asegur\u00f3 que la unidad de esa organizaci\u00f3n pol\u00edtica ha quedado lastimada tras el proceso de primarias celebrado el pasado domingo.<\/p>\n\n\n\n<p>Santana explic\u00f3 que ha iniciado un acercamiento con todos los pasados precandidatos a la referida posici\u00f3n e inici\u00f3 con Dio Astacio, con quien convers\u00f3 sobre la importancia de mantener \u00fanico el PRM en esa demarcaci\u00f3n para garantizar el triunfo.<\/p>\n\n\n\n<p>&#8220;No es que asistimos a un acto de apoyo con Dio, nosotros respetamos los resultados del proceso pero sabemos que la plaza est\u00e1 en peligro si no nos unimos&#8221;, asegur\u00f3 el cuatro veces diputado por SDE.<\/p>\n\n\n\n<p>Dijo, adem\u00e1s: &#8220;igual nos estaremos reuniendo con el compa\u00f1ero y presidente del PRM en nuestro municipio, Ad\u00e1n Peguero, estamos haciendo contacto con Manuel Jim\u00e9nez para hablar de unidad&#8221;.<\/p>\n\n\n\n<p>Sobre los altos dirigentes Merido Torres y Robert Arias, Santana manifest\u00f3 que &#8220;en el encuentro con Dio ambos no pudieron estar por compromisos previos, sin embargo, ellos nos manifestaron su deseo de mantener cohesionado el PRM&#8221;.<\/p>\n\n\n\n<p>Santana, qui\u00e9n sobrepas\u00f3 el 22% en el resultado de los comicios, explic\u00f3 que &#8220;el principal norte de nuestro equipo es buscar que el PRM no se divida en SDE&#8221;.<\/p>\n","protected":false},"excerpt":{"rendered":"<p>El ex precandidato a la alcald\u00eda de Santo Domingo Este por el Partido Revolucionario Moderno (PRM), Bertico Santana, asegur\u00f3 que la unidad de esa organizaci\u00f3n pol\u00edtica ha quedado lastimada tras&hellip;<\/p>\n","protected":false},"author":2,"featured_media":62492,"comment_status":"open","ping_status":"open","sticky":false,"template":"","format":"standard","meta":{"content-type":"","jetpack_post_was_ever_published":false,"_jetpack_newsletter_access":"","_jetpack_dont_email_post_to_subs":false,"_jetpack_newsletter_tier_id":0,"_jetpack_memberships_contains_paywalled_content":false,"_jetpack_memberships_contains_paid_content":false,"footnotes":""},"categories":[25],"tags":[1539,31,1570],"class_list":["post-62491","post","type-post","status-publish","format-standard","has-post-thumbnail","hentry","category-portada","tag-bertico-santana","tag-prm","tag-santo-domingo-este"],"jetpack_featured_media_url":"https:\/\/lasprimeras.com.do\/wp-content\/uploads\/2023\/10\/Bertico-2.jpg","jetpack-related-posts":[{"id":57601,"url":"https:\/\/lasprimeras.com.do\/index.php\/2023\/08\/14\/bertico-recibe-masivo-y-entusiasta-respaldo-de-la-dirigente-del-prm-luz-jimenez-y-de-su-equipo-politico-en-sde\/","url_meta":{"origin":62491,"position":0},"title":"Bertico recibe masivo y entusiasta respaldo de la dirigente del PRM Luz Jim\u00e9nez y de su equipo pol\u00edtico en SDE","author":"Nelson Feliz","date":"14 de agosto de 2023","format":false,"excerpt":"Por Ariel Cabral y Emmanuel Solano La dirigente del Partido Revolucionario Moderno (PRM), Luz del Alba Jim\u00e9nez, celebr\u00f3 un concurrido acto en respaldo al precandidato a la alcald\u00eda del municipio Santo Domingo Este, Jos\u00e9 \"Bertico\" Santana. Jim\u00e9nez resalt\u00f3 las cualidades de Santana y se comprometi\u00f3 a trabajar junto con su\u2026","rel":"","context":"En \u00abSin categor\u00eda\u00bb","block_context":{"text":"Sin categor\u00eda","link":"https:\/\/lasprimeras.com.do\/index.php\/category\/sin-categoria\/"},"img":{"alt_text":"Luz del Alba Jim\u00e9nez y Bertico Santana","src":"https:\/\/i0.wp.com\/lasprimeras.com.do\/wp-content\/uploads\/2023\/08\/Luz-del-Alba-Jimenez-y-Bertico-Santana.jpg?resize=350%2C200&ssl=1","width":350,"height":200,"srcset":"https:\/\/i0.wp.com\/lasprimeras.com.do\/wp-content\/uploads\/2023\/08\/Luz-del-Alba-Jimenez-y-Bertico-Santana.jpg?resize=350%2C200&ssl=1 1x, https:\/\/i0.wp.com\/lasprimeras.com.do\/wp-content\/uploads\/2023\/08\/Luz-del-Alba-Jimenez-y-Bertico-Santana.jpg?resize=525%2C300&ssl=1 1.5x, https:\/\/i0.wp.com\/lasprimeras.com.do\/wp-content\/uploads\/2023\/08\/Luz-del-Alba-Jimenez-y-Bertico-Santana.jpg?resize=700%2C400&ssl=1 2x"},"classes":[]},{"id":49885,"url":"https:\/\/lasprimeras.com.do\/index.php\/2023\/05\/15\/bertico-santana-destaca-fortaleza-del-prm-en-sde\/","url_meta":{"origin":62491,"position":1},"title":"Bertico Santana destaca fortaleza del PRM en SDE","author":"prenxa100","date":"15 de mayo de 2023","format":false,"excerpt":"SANTO DOMINGO, ESTE.-.El aspirante a la alcald\u00eda de Santo Domingo Este (SDE) por el Partido Revolucionario Moderno (PRM), Bertico Santana, destac\u00f3 la fortaleza y unidad de esa organizaci\u00f3n pol\u00edtica en su municipio, resaltando el activismo que exhibe su militancia en esa localidad para lograr que el mismo se desarrolle con\u2026","rel":"","context":"En \u00abPORTADA\u00bb","block_context":{"text":"PORTADA","link":"https:\/\/lasprimeras.com.do\/index.php\/category\/portada\/"},"img":{"alt_text":"","src":"","width":0,"height":0},"classes":[]},{"id":83356,"url":"https:\/\/lasprimeras.com.do\/index.php\/2024\/05\/15\/bertico-santana-da-espaldarazo-a-la-candidatura-de-magaly-segura\/","url_meta":{"origin":62491,"position":2},"title":"Bertico Santana da espaldarazo a la candidatura de Magaly Segura","author":"Nelson Feliz","date":"15 de mayo de 2024","format":false,"excerpt":"El diputado del Partido Revolucionario Moderno (PRM) por la circunscripci\u00f3n No. 2 de SDE, Jos\u00e9 (Bertico) Santana, ha mostrado su apoyo a la candidatura de Magaly Segura para su puesto en el Congreso Nacional. La candidata se encontraba realizando un recorrido de cierre de campa\u00f1a de su propuesta por diversos\u2026","rel":"","context":"En \u00abPORTADA\u00bb","block_context":{"text":"PORTADA","link":"https:\/\/lasprimeras.com.do\/index.php\/category\/portada\/"},"img":{"alt_text":"Bertico Santana","src":"https:\/\/i0.wp.com\/lasprimeras.com.do\/wp-content\/uploads\/2024\/05\/Bertico-Santana.jpg?resize=350%2C200&ssl=1","width":350,"height":200,"srcset":"https:\/\/i0.wp.com\/lasprimeras.com.do\/wp-content\/uploads\/2024\/05\/Bertico-Santana.jpg?resize=350%2C200&ssl=1 1x, https:\/\/i0.wp.com\/lasprimeras.com.do\/wp-content\/uploads\/2024\/05\/Bertico-Santana.jpg?resize=525%2C300&ssl=1 1.5x, https:\/\/i0.wp.com\/lasprimeras.com.do\/wp-content\/uploads\/2024\/05\/Bertico-Santana.jpg?resize=700%2C400&ssl=1 2x"},"classes":[]},{"id":71578,"url":"https:\/\/lasprimeras.com.do\/index.php\/2023\/12\/21\/sector-externo-sde-del-prm-se-unifica-en-torno-a-la-candidaturas-de-dio-astacio-y-abinader\/","url_meta":{"origin":62491,"position":3},"title":"Sector Externo SDE del PRM se unifica en torno a la candidaturas de D\u00edo Astacio y Abinader","author":"Nelson Feliz","date":"21 de diciembre de 2023","format":false,"excerpt":"El Sector Externo SDE del Partido Revolucionario Moderno (PRM) reuni\u00f3 a los coordinadores generales de los precandidatos de la pasada convenci\u00f3n, unificando fuerzas en torno al pastor D\u00edo Astacio, candidato a la alcald\u00eda de este municipio, garantiza la retenci\u00f3n de esta plaza en las pr\u00f3ximas elecciones municipales en febrero y\u2026","rel":"","context":"En \u00abSin categor\u00eda\u00bb","block_context":{"text":"Sin categor\u00eda","link":"https:\/\/lasprimeras.com.do\/index.php\/category\/sin-categoria\/"},"img":{"alt_text":"Sector Externo SDE","src":"https:\/\/i0.wp.com\/lasprimeras.com.do\/wp-content\/uploads\/2023\/12\/Sector-Externo-SDE.jpg?resize=350%2C200&ssl=1","width":350,"height":200,"srcset":"https:\/\/i0.wp.com\/lasprimeras.com.do\/wp-content\/uploads\/2023\/12\/Sector-Externo-SDE.jpg?resize=350%2C200&ssl=1 1x, https:\/\/i0.wp.com\/lasprimeras.com.do\/wp-content\/uploads\/2023\/12\/Sector-Externo-SDE.jpg?resize=525%2C300&ssl=1 1.5x, https:\/\/i0.wp.com\/lasprimeras.com.do\/wp-content\/uploads\/2023\/12\/Sector-Externo-SDE.jpg?resize=700%2C400&ssl=1 2x"},"classes":[]},{"id":61892,"url":"https:\/\/lasprimeras.com.do\/index.php\/2023\/10\/01\/dio-astacio-toma-delantera-de-votos-en-sde-y-manuel-jimenez-esta-en-el-ultimo-lugar\/","url_meta":{"origin":62491,"position":4},"title":"Dio Astacio toma delantera de votos en SDE y Manuel Jim\u00e9nez est\u00e1 en el \u00faltimo lugar","author":"Nelson Feliz","date":"1 de octubre de 2023","format":false,"excerpt":"Astacio busca ser el candidato a la alcald\u00eda del partido oficialista en SDE tras el pasado mes de marzo renunciar al cargo como titular del Consejo de Gesti\u00f3n Presidencial. El coordinador general del Gabinete de la Familia del Poder Ejecutivo, el pastor Dio Astacio, tom\u00f3 la delantera de los votos\u2026","rel":"","context":"En \u00abPORTADA\u00bb","block_context":{"text":"PORTADA","link":"https:\/\/lasprimeras.com.do\/index.php\/category\/portada\/"},"img":{"alt_text":"Dio Astacio","src":"https:\/\/i0.wp.com\/lasprimeras.com.do\/wp-content\/uploads\/2023\/10\/Dio-Astacio.jpeg?resize=350%2C200&ssl=1","width":350,"height":200,"srcset":"https:\/\/i0.wp.com\/lasprimeras.com.do\/wp-content\/uploads\/2023\/10\/Dio-Astacio.jpeg?resize=350%2C200&ssl=1 1x, https:\/\/i0.wp.com\/lasprimeras.com.do\/wp-content\/uploads\/2023\/10\/Dio-Astacio.jpeg?resize=525%2C300&ssl=1 1.5x, https:\/\/i0.wp.com\/lasprimeras.com.do\/wp-content\/uploads\/2023\/10\/Dio-Astacio.jpeg?resize=700%2C400&ssl=1 2x"},"classes":[]},{"id":61914,"url":"https:\/\/lasprimeras.com.do\/index.php\/2023\/10\/01\/francisco-pena-y-dio-astacio-llevan-la-delantera-en-sdo-y-sde\/","url_meta":{"origin":62491,"position":5},"title":"Francisco Pe\u00f1a y Dio Astacio llevan la delantera en SDO y SDE","author":"Nelson Feliz","date":"1 de octubre de 2023","format":false,"excerpt":"Los precandidatos a la alcald\u00eda de Santo Domingo Oeste y Santo Domingo Este, Francisco Pe\u00f1a y Dio Astacio, han alcanzado m\u00e1s de un 30 % de los votos en las primarias del Partido Revolucionario Moderno (PRM). Los precandidatos han adelantado a los actuales alcaldes de ambas demarcaciones con m\u00e1s del\u2026","rel":"","context":"En \u00abPORTADA\u00bb","block_context":{"text":"PORTADA","link":"https:\/\/lasprimeras.com.do\/index.php\/category\/portada\/"},"img":{"alt_text":"alcladias sdo y sde","src":"https:\/\/i0.wp.com\/lasprimeras.com.do\/wp-content\/uploads\/2023\/10\/alcladias-sdo-y-sde.jpg?resize=350%2C200&ssl=1","width":350,"height":200,"srcset":"https:\/\/i0.wp.com\/lasprimeras.com.do\/wp-content\/uploads\/2023\/10\/alcladias-sdo-y-sde.jpg?resize=350%2C200&ssl=1 1x, https:\/\/i0.wp.com\/lasprimeras.com.do\/wp-content\/uploads\/2023\/10\/alcladias-sdo-y-sde.jpg?resize=525%2C300&ssl=1 1.5x, https:\/\/i0.wp.com\/lasprimeras.com.do\/wp-content\/uploads\/2023\/10\/alcladias-sdo-y-sde.jpg?resize=700%2C400&ssl=1 2x"},"classes":[]}],"jetpack_sharing_enabled":true,"_links":{"self":[{"href":"https:\/\/lasprimeras.com.do\/index.php\/wp-json\/wp\/v2\/posts\/62491","targetHints":{"allow":["GET"]}}],"collection":[{"href":"https:\/\/lasprimeras.com.do\/index.php\/wp-json\/wp\/v2\/posts"}],"about":[{"href":"https:\/\/lasprimeras.com.do\/index.php\/wp-json\/wp\/v2\/types\/post"}],"author":[{"embeddable":true,"href":"https:\/\/lasprimeras.com.do\/index.php\/wp-json\/wp\/v2\/users\/2"}],"replies":[{"embeddable":true,"href":"https:\/\/lasprimeras.com.do\/index.php\/wp-json\/wp\/v2\/comments?post=62491"}],"version-history":[{"count":1,"href":"https:\/\/lasprimeras.com.do\/index.php\/wp-json\/wp\/v2\/posts\/62491\/revisions"}],"predecessor-version":[{"id":62493,"href":"https:\/\/lasprimeras.com.do\/index.php\/wp-json\/wp\/v2\/posts\/62491\/revisions\/62493"}],"wp:featuredmedia":[{"embeddable":true,"href":"https:\/\/lasprimeras.com.do\/index.php\/wp-json\/wp\/v2\/media\/62492"}],"wp:attachment":[{"href":"https:\/\/lasprimeras.com.do\/index.php\/wp-json\/wp\/v2\/media?parent=62491"}],"wp:term":[{"taxonomy":"category","embeddable":true,"href":"https:\/\/lasprimeras.com.do\/index.php\/wp-json\/wp\/v2\/categories?post=62491"},{"taxonomy":"post_tag","embeddable":true,"href":"https:\/\/lasprimeras.com.do\/index.php\/wp-json\/wp\/v2\/tags?post=62491"}],"curies":[{"name":"wp","href":"https:\/\/api.w.org\/{rel}","templated":true}]}}