{"id":62497,"date":"2023-10-05T09:01:31","date_gmt":"2023-10-05T13:01:31","guid":{"rendered":"https:\/\/lasprimeras.com.do\/?p=62497"},"modified":"2023-10-05T09:01:32","modified_gmt":"2023-10-05T13:01:32","slug":"j-balvin-prendera-fuego-al-escenario-durante-el-show-de-los-latin-american-fashion-awards","status":"publish","type":"post","link":"https:\/\/lasprimeras.com.do\/index.php\/2023\/10\/05\/j-balvin-prendera-fuego-al-escenario-durante-el-show-de-los-latin-american-fashion-awards\/","title":{"rendered":"J Balvin prender\u00e1 fuego al escenario durante el show de los Latin American Fashion Awards"},"content":{"rendered":"\n<ul class=\"wp-block-list\">\n<li><strong>Las entradas est\u00e1n disponibles a la venta en UEPA Ticket<\/strong><\/li>\n\n\n\n<li>Latin American Fashion Awards, el evento de moda sin precedentes en la regi\u00f3n, fundado por dos legendarias de la moda y expertas creativas, Constanza Etro y Silvia Arg\u00fcello, anuncia a la estrella internacional\u00a0J Balvin como \u201c\u00cdcono Latino de Moda del A\u00f1o\u201d.<\/li>\n<\/ul>\n\n\n\n<p>El reconocido artista internacional prender\u00e1 fuego al escenario de Altos Chav\u00f3n, el pr\u00f3ximo 4 de noviembre, durante el show de medio tiempo, donde deleitar\u00e1 a la audiencia y celebrar\u00e1 la vibrante cultura latinoamericana.<\/p>\n\n\n\n<p>So\u00f1ar en grande, trabajar sin cesar, honrar al talento latinoamericano son los valores compartidos entre J Balvin y Latin American Fashion Awards, convirti\u00e9ndolo, sin dudas, en el ganador de este reconocimiento \u00fanico.<\/p>\n\n\n\n<p>\u201cEs un verdadero honor compartir el escenario con J Balvin. Su inspiradora historia de vida y su talento innato para poner a bailar al mundo entero encender\u00e1 a la audiencia y empoderar\u00e1 a las generaciones futuras de talentos latinoamericanos&#8221;,&nbsp;&#8211; dicen las cofundadoras Constanza Etro y Silvia Arg\u00fcello.<\/p>\n\n\n\n<p>\u201cEstoy emocionado de estar celebrando a la pr\u00f3xima generaci\u00f3n de dise\u00f1adores latinoamericanos y de estar rodeado de mentes creativas dispuestas a traspasar nuevos l\u00edmites. Me siento honrado de ser parte de este evento que valora los m\u00e1s altos est\u00e1ndares de la creatividad y el trabajo duro.\u201d&nbsp;&#8211; J Balvin.<\/p>\n\n\n\n<p>Leslie Grace,&nbsp;reconocida actriz y cantante de ra\u00edces dominicanas, ser\u00e1 la anfitriona de la Ceremonia de Premiaci\u00f3n, donde se revelar\u00e1n los&nbsp;ganadores de las 14 categor\u00edas de premios de los Latin American Fashion Awards.<\/p>\n\n\n\n<p>El prestigioso jurado, presidido por el dise\u00f1ador franc\u00e9s&nbsp;Haider Ackermann, est\u00e1 compuesto por grandes referentes de la industria de la moda internacional, quienes han asumido el compromiso genuino de honrar los valores del proyecto y unirse para crear una plataforma global que pondr\u00e1 al talento latinoamericano ante los ojos del mundo.<\/p>\n\n\n\n<p>En el jurado tambi\u00e9n se encuentran el CEO del Council of Fashion Designers of America (CFDA),&nbsp;Steven Kolb; el presidente de la Camera Nazionale della Moda Italiana,&nbsp;Carlo Capasa; la editora en jefe de ELLE USA,&nbsp;Nina Garcia; la directora de Contenido Editorial para Vogue M\u00e9xico &amp; Latinoam\u00e9rica,&nbsp;Karla Mart\u00ednez de Salas; la periodista e \u00edcono de moda,&nbsp;Anna Dello Russo; el estilista y editor de moda global de i-D,&nbsp;Carlos Nazario; la supermodelo, actriz y activista,&nbsp;Indya Moore; el director creativo y experto en sostenibilidad,&nbsp;Kean Etro; el fot\u00f3grafo y cineasta,&nbsp;Bruno Aveillan; la directora creativa de la Fondazione Sozzani,&nbsp;Sara Sozzani Maino; la fil\u00e1ntropa, inversora estrat\u00e9gica y empresaria&nbsp;Carmen Busquets; la directora creativa Margherita Missoni; el fundador de Osklen y embajador de Buena Voluntad de la ONU, Oskar Metsavaht; la directora de moda de Vogue Brasil,&nbsp;V\u00edvian Sotoc\u00f3rno; y la directora global de Photo Vogue,&nbsp;Alessia Glaviano.<\/p>\n\n\n\n<p>La convocatoria abierta al talento latinoamericano recibi\u00f3 m\u00e1s de 1.500 candidaturas de m\u00e1s de 23 pa\u00edses.<\/p>\n\n\n\n<p>La lista de estrellas emergentes seleccionadas por el prestigioso jurado internacional incluye a los dise\u00f1adores Ra\u00fal Lopez, Willy Chavarr\u00eda, Johanna Ortiz, Stella Jean y Elena Velez; la dise\u00f1adora de accesorios Daniela Villegas; el proyecto responsable de Carla Fern\u00e1ndez; las influencers de moda Camila Coutinho y Marina Testino; los fot\u00f3grafos de moda Mar+Vin y Camila Falquez; y la modelo Hiandra Martinez, entre otros.<\/p>\n\n\n\n<p>El ic\u00f3nico trofeo de Latin American Fashion Awards fue dise\u00f1ado por el cotizado artista contempor\u00e1neo salvadore\u00f1o Studio Lenca, quien est\u00e1 basado actualmente en los Estudios STK de Tracey Emin en Londres.<\/p>\n\n\n\n<p>Los tickets para asistir a la ceremonia de premiaci\u00f3n de los Latin American Fashion Awards est\u00e1n disponibles a la venta en UEPA Tickets.<\/p>\n","protected":false},"excerpt":{"rendered":"<p>El reconocido artista internacional prender\u00e1 fuego al escenario de Altos Chav\u00f3n, el pr\u00f3ximo 4 de noviembre, durante el show de medio tiempo, donde deleitar\u00e1 a la audiencia y celebrar\u00e1 la&hellip;<\/p>\n","protected":false},"author":2,"featured_media":62499,"comment_status":"open","ping_status":"open","sticky":false,"template":"","format":"standard","meta":{"content-type":"","jetpack_post_was_ever_published":false,"_jetpack_newsletter_access":"","_jetpack_dont_email_post_to_subs":false,"_jetpack_newsletter_tier_id":0,"_jetpack_memberships_contains_paywalled_content":false,"_jetpack_memberships_contains_paid_content":false,"footnotes":""},"categories":[84],"tags":[8164,56,8231,8233,8232],"class_list":["post-62497","post","type-post","status-publish","format-standard","has-post-thumbnail","hentry","category-entretenimiento","tag-escenario","tag-fuego","tag-j-balvin","tag-latin-american-fashion-awards-2","tag-show"],"jetpack_featured_media_url":"https:\/\/lasprimeras.com.do\/wp-content\/uploads\/2023\/10\/J-BALVIN-x-Latin-American-Fashion-Awards.jpg","jetpack-related-posts":[{"id":62392,"url":"https:\/\/lasprimeras.com.do\/index.php\/2023\/10\/04\/j-balvin-estara-presente-en-los-latin-american-fashion-awards-en-chavon\/","url_meta":{"origin":62497,"position":0},"title":"J Balvin estar\u00e1 presente en los Latin American Fashion Awards en Chav\u00f3n","author":"BIMARY DE JES\u00daS Matos","date":"4 de octubre de 2023","format":false,"excerpt":"La Romana.- Latin American Fashion Awards, el evento de moda sin precedentes en la regi\u00f3n, fundado por dos legendarias de la moda y expertas creativas, Constanza Etro y Silvia Arg\u00fcello, anuncia a la estrella internacional J Balvin como \u201c\u00cdcono Latino de Moda del A\u00f1o\u201d. El reconocido artista internacional prender\u00e1 fuego\u2026","rel":"","context":"En \u00abENTRETENIMIENTO\u00bb","block_context":{"text":"ENTRETENIMIENTO","link":"https:\/\/lasprimeras.com.do\/index.php\/category\/entretenimiento\/"},"img":{"alt_text":"","src":"https:\/\/i0.wp.com\/lasprimeras.com.do\/wp-content\/uploads\/2023\/10\/WhatsApp-Image-2023-10-04-at-5.20.12-PM-1.jpeg?resize=350%2C200&ssl=1","width":350,"height":200,"srcset":"https:\/\/i0.wp.com\/lasprimeras.com.do\/wp-content\/uploads\/2023\/10\/WhatsApp-Image-2023-10-04-at-5.20.12-PM-1.jpeg?resize=350%2C200&ssl=1 1x, https:\/\/i0.wp.com\/lasprimeras.com.do\/wp-content\/uploads\/2023\/10\/WhatsApp-Image-2023-10-04-at-5.20.12-PM-1.jpeg?resize=525%2C300&ssl=1 1.5x"},"classes":[]},{"id":62620,"url":"https:\/\/lasprimeras.com.do\/index.php\/2023\/10\/06\/j-balvin-se-presentara-durante-show-de-los-latin-american-fashion-awards-en-altos-de-chavon\/","url_meta":{"origin":62497,"position":1},"title":"J Balvin se presentar\u00e1 durante show de los Latin American Fashion Awards en Altos de Chav\u00f3n","author":"BIMARY DE JES\u00daS Matos","date":"6 de octubre de 2023","format":false,"excerpt":"Santo Domingo.-Latin American Fashion Awards, el evento de moda fundado por dos especialista de moda y expertas creativas, Constanza Etro y Silvia Arg\u00fcello, anuncia a la estrella internacional J Balvin como \"\u00cdcono Latino de Moda del A\u00f1o\". El reconocido artista internacional se presentar\u00e1 en el escenario de Altos Chav\u00f3n el\u2026","rel":"","context":"En \u00abENTRETENIMIENTO\u00bb","block_context":{"text":"ENTRETENIMIENTO","link":"https:\/\/lasprimeras.com.do\/index.php\/category\/entretenimiento\/"},"img":{"alt_text":"","src":"https:\/\/i0.wp.com\/lasprimeras.com.do\/wp-content\/uploads\/2023\/10\/WhatsApp-Image-2023-10-05-at-9.43.40-PM-1.jpeg?resize=350%2C200&ssl=1","width":350,"height":200,"srcset":"https:\/\/i0.wp.com\/lasprimeras.com.do\/wp-content\/uploads\/2023\/10\/WhatsApp-Image-2023-10-05-at-9.43.40-PM-1.jpeg?resize=350%2C200&ssl=1 1x, https:\/\/i0.wp.com\/lasprimeras.com.do\/wp-content\/uploads\/2023\/10\/WhatsApp-Image-2023-10-05-at-9.43.40-PM-1.jpeg?resize=525%2C300&ssl=1 1.5x, https:\/\/i0.wp.com\/lasprimeras.com.do\/wp-content\/uploads\/2023\/10\/WhatsApp-Image-2023-10-05-at-9.43.40-PM-1.jpeg?resize=700%2C400&ssl=1 2x"},"classes":[]},{"id":61672,"url":"https:\/\/lasprimeras.com.do\/index.php\/2023\/09\/29\/latin-american-fashion-awards-da-una-segunda-vida-a-casa-weber-en-la-zona-colonial\/","url_meta":{"origin":62497,"position":2},"title":"Lat\u00edn American Fashion Awards da una segunda vida a Casa Weber en la Zona Colonial","author":"Nelson Feliz","date":"29 de septiembre de 2023","format":false,"excerpt":"Lat\u00edn\u00a0American\u00a0Fashion\u00a0Awards,\u00a0el evento de moda sin precedentes en la regi\u00f3n, fundado por\u00a0Constanza Etro\u00a0y\u00a0Silvia Arg\u00fcello, celebra\u00a0Rep\u00fablica Dominicana\u00a0como pa\u00eds anfitri\u00f3n reviviendo la hist\u00f3rica\u00a0Casa Weber\u00a0en la Zona Colonial en Santo Domingo.\u00a0 \u201cSiguiendo el esp\u00edritu cultural y vanguardista de la original Casa Weber, nuestra misi\u00f3n es devolver al pa\u00eds anfitri\u00f3n un espacio cultural de alcance\u2026","rel":"","context":"En \u00abENTRETENIMIENTO\u00bb","block_context":{"text":"ENTRETENIMIENTO","link":"https:\/\/lasprimeras.com.do\/index.php\/category\/entretenimiento\/"},"img":{"alt_text":"","src":"https:\/\/i0.wp.com\/lasprimeras.com.do\/wp-content\/uploads\/2023\/09\/Constanza-Etro-Amelia-Vicini-Silvia-Arguello-y-Manuel-Diez-Cabral.jpg?resize=350%2C200&ssl=1","width":350,"height":200,"srcset":"https:\/\/i0.wp.com\/lasprimeras.com.do\/wp-content\/uploads\/2023\/09\/Constanza-Etro-Amelia-Vicini-Silvia-Arguello-y-Manuel-Diez-Cabral.jpg?resize=350%2C200&ssl=1 1x, https:\/\/i0.wp.com\/lasprimeras.com.do\/wp-content\/uploads\/2023\/09\/Constanza-Etro-Amelia-Vicini-Silvia-Arguello-y-Manuel-Diez-Cabral.jpg?resize=525%2C300&ssl=1 1.5x, https:\/\/i0.wp.com\/lasprimeras.com.do\/wp-content\/uploads\/2023\/09\/Constanza-Etro-Amelia-Vicini-Silvia-Arguello-y-Manuel-Diez-Cabral.jpg?resize=700%2C400&ssl=1 2x"},"classes":[]},{"id":124557,"url":"https:\/\/lasprimeras.com.do\/index.php\/2026\/03\/13\/moda-dominicana-brillara-en-a-la-carta-fashion-show-2026\/","url_meta":{"origin":62497,"position":3},"title":"Moda dominicana brillar\u00e1 en a la Carta Fashion Show 2026","author":"Nelson Feliz","date":"13 de marzo de 2026","format":false,"excerpt":"Empresaria dominicana Pen\u00e9lope Ventura impulsa la moda dominicana en Florida; Merky D\u00edaz presentar\u00e1 colecci\u00f3n y anuncian expansi\u00f3n de A La Carta Fashion Show a Punta Cana Orlando, Florida. \u2013\u00a0La moda dominicana contin\u00faa ganando protagonismo en escenarios internacionales gracias a iniciativas lideradas por talento del pa\u00eds. La empresaria y fashionista dominicana\u2026","rel":"","context":"En \u00abENTRETENIMIENTO\u00bb","block_context":{"text":"ENTRETENIMIENTO","link":"https:\/\/lasprimeras.com.do\/index.php\/category\/entretenimiento\/"},"img":{"alt_text":"","src":"https:\/\/i0.wp.com\/lasprimeras.com.do\/wp-content\/uploads\/2026\/03\/Foto-2.jpg?resize=350%2C200&ssl=1","width":350,"height":200,"srcset":"https:\/\/i0.wp.com\/lasprimeras.com.do\/wp-content\/uploads\/2026\/03\/Foto-2.jpg?resize=350%2C200&ssl=1 1x, https:\/\/i0.wp.com\/lasprimeras.com.do\/wp-content\/uploads\/2026\/03\/Foto-2.jpg?resize=525%2C300&ssl=1 1.5x, https:\/\/i0.wp.com\/lasprimeras.com.do\/wp-content\/uploads\/2026\/03\/Foto-2.jpg?resize=700%2C400&ssl=1 2x"},"classes":[]},{"id":68319,"url":"https:\/\/lasprimeras.com.do\/index.php\/2023\/11\/23\/j-noa-trae-fuego-con-su-tema-spicy-y-confirma-su-primera-presentacion-en-el-festival-isle-of-light\/","url_meta":{"origin":62497,"position":4},"title":"J Noa trae fuego con su tema &#8220;Spicy&#8221; y confirma su primera presentaci\u00f3n en el festival Isle of Light","author":"BIMARY DE JES\u00daS Matos","date":"23 de noviembre de 2023","format":false,"excerpt":"Santo Domingo.-La nueva estrella del rap de 18 a\u00f1os nominada al Latin Grammy, J Noa, trae el fuego con su nuevo sencillo, \u201cSpicy\u201d, a trav\u00e9s de Sony Music CAC. El tema fue producido por el c\u00e9lebre productor y ganador del Grammy, Trooko (Residente, Bad Bunny), y forma parte de la\u2026","rel":"","context":"En \u00abENTRETENIMIENTO\u00bb","block_context":{"text":"ENTRETENIMIENTO","link":"https:\/\/lasprimeras.com.do\/index.php\/category\/entretenimiento\/"},"img":{"alt_text":"","src":"https:\/\/i0.wp.com\/lasprimeras.com.do\/wp-content\/uploads\/2023\/11\/Noticias-de-hidrocarburos-4.jpg?resize=350%2C200&ssl=1","width":350,"height":200,"srcset":"https:\/\/i0.wp.com\/lasprimeras.com.do\/wp-content\/uploads\/2023\/11\/Noticias-de-hidrocarburos-4.jpg?resize=350%2C200&ssl=1 1x, https:\/\/i0.wp.com\/lasprimeras.com.do\/wp-content\/uploads\/2023\/11\/Noticias-de-hidrocarburos-4.jpg?resize=525%2C300&ssl=1 1.5x, https:\/\/i0.wp.com\/lasprimeras.com.do\/wp-content\/uploads\/2023\/11\/Noticias-de-hidrocarburos-4.jpg?resize=700%2C400&ssl=1 2x"},"classes":[]},{"id":82117,"url":"https:\/\/lasprimeras.com.do\/index.php\/2024\/04\/28\/marc-anthony-se-convierte-en-blanco-de-criticas-por-supuesto-desplante-con-su-esposa-nadia-ferreira\/","url_meta":{"origin":62497,"position":5},"title":"Marc Anthony se convierte en blanco de cr\u00edticas por supuesto desplante con su esposa Nadia Ferreira","author":"Nelson Feliz","date":"28 de abril de 2024","format":false,"excerpt":"Marc Anthony se present\u00f3 en la pasada ceremonia de los Latin American Music Awards 2024. Por Miguel \u00c1ngel Escudero La exitosa presentaci\u00f3n de Marc Anthony durante la pasada entrega de los Latin American Music Awards 2024, en donde present\u00f3 su nuevo tema \u201cAl\u00e9, Al\u00e9\u201d, no evit\u00f3 que el cantante se\u2026","rel":"","context":"En \u00abENTRETENIMIENTO\u00bb","block_context":{"text":"ENTRETENIMIENTO","link":"https:\/\/lasprimeras.com.do\/index.php\/category\/entretenimiento\/"},"img":{"alt_text":"Marc Anthony y Nadia Ferreira","src":"https:\/\/i0.wp.com\/lasprimeras.com.do\/wp-content\/uploads\/2024\/04\/Marc-Anthony-y-Nadia-Ferreira-1.jpg?resize=350%2C200&ssl=1","width":350,"height":200,"srcset":"https:\/\/i0.wp.com\/lasprimeras.com.do\/wp-content\/uploads\/2024\/04\/Marc-Anthony-y-Nadia-Ferreira-1.jpg?resize=350%2C200&ssl=1 1x, https:\/\/i0.wp.com\/lasprimeras.com.do\/wp-content\/uploads\/2024\/04\/Marc-Anthony-y-Nadia-Ferreira-1.jpg?resize=525%2C300&ssl=1 1.5x, https:\/\/i0.wp.com\/lasprimeras.com.do\/wp-content\/uploads\/2024\/04\/Marc-Anthony-y-Nadia-Ferreira-1.jpg?resize=700%2C400&ssl=1 2x"},"classes":[]}],"jetpack_sharing_enabled":true,"_links":{"self":[{"href":"https:\/\/lasprimeras.com.do\/index.php\/wp-json\/wp\/v2\/posts\/62497","targetHints":{"allow":["GET"]}}],"collection":[{"href":"https:\/\/lasprimeras.com.do\/index.php\/wp-json\/wp\/v2\/posts"}],"about":[{"href":"https:\/\/lasprimeras.com.do\/index.php\/wp-json\/wp\/v2\/types\/post"}],"author":[{"embeddable":true,"href":"https:\/\/lasprimeras.com.do\/index.php\/wp-json\/wp\/v2\/users\/2"}],"replies":[{"embeddable":true,"href":"https:\/\/lasprimeras.com.do\/index.php\/wp-json\/wp\/v2\/comments?post=62497"}],"version-history":[{"count":1,"href":"https:\/\/lasprimeras.com.do\/index.php\/wp-json\/wp\/v2\/posts\/62497\/revisions"}],"predecessor-version":[{"id":62500,"href":"https:\/\/lasprimeras.com.do\/index.php\/wp-json\/wp\/v2\/posts\/62497\/revisions\/62500"}],"wp:featuredmedia":[{"embeddable":true,"href":"https:\/\/lasprimeras.com.do\/index.php\/wp-json\/wp\/v2\/media\/62499"}],"wp:attachment":[{"href":"https:\/\/lasprimeras.com.do\/index.php\/wp-json\/wp\/v2\/media?parent=62497"}],"wp:term":[{"taxonomy":"category","embeddable":true,"href":"https:\/\/lasprimeras.com.do\/index.php\/wp-json\/wp\/v2\/categories?post=62497"},{"taxonomy":"post_tag","embeddable":true,"href":"https:\/\/lasprimeras.com.do\/index.php\/wp-json\/wp\/v2\/tags?post=62497"}],"curies":[{"name":"wp","href":"https:\/\/api.w.org\/{rel}","templated":true}]}}