{"id":62537,"date":"2023-10-05T14:30:50","date_gmt":"2023-10-05T18:30:50","guid":{"rendered":"https:\/\/lasprimeras.com.do\/?p=62537"},"modified":"2023-10-05T14:30:51","modified_gmt":"2023-10-05T18:30:51","slug":"medicos-del-moscoso-puello-anuncia-paro-el-lunes-y-el-martes-por-faltas-de-condiciones-en-el-centro","status":"publish","type":"post","link":"https:\/\/lasprimeras.com.do\/index.php\/2023\/10\/05\/medicos-del-moscoso-puello-anuncia-paro-el-lunes-y-el-martes-por-faltas-de-condiciones-en-el-centro\/","title":{"rendered":"M\u00e9dicos del Moscoso Puello anuncia paro el lunes y el martes por faltas de condiciones en el centro"},"content":{"rendered":"\n<p>SANTO DOMINGO.- Los m\u00e9dicos residentes del hospital Francisco Moscoso Puello amenazaron con abandonar los servicios debido a la falta de condiciones para desarrollar sus labores en dicho centro de salud.<\/p>\n\n\n\n<p>El Consejo de Ense\u00f1anza del hospital tambi\u00e9n se expres\u00f3 al respecto y decret\u00f3 un paro para este lunes 9 y martes 10 de octubre debido a esta situaci\u00f3n.<\/p>\n\n\n\n<p>Los m\u00e9dicos denunciaron la escasez de medicamentos e insumos, as\u00ed como fallas en la estructura del hospital como filtraciones, carencia de equipos como extractores y aires acondicionados para optimizar la calidad en los servicios y el confort de los residentes.<\/p>\n\n\n\n<p>Los galenos visitaron la ma\u00f1ana de este jueves al presidente del Colegio M\u00e9dico Dominicano, doctor Sen\u00e9n Caba, quien se comprometi\u00f3 a respaldar las iniciativas de los m\u00e9dicos debido a la situaci\u00f3n dif\u00edcil que presentan las emergencias a consecuencia del calor, la falta de medicamentos, as\u00ed como otro tipo de situaci\u00f3n en el emblem\u00e1tico hospital de la parte norte del Distrito Nacional.<\/p>\n\n\n\n<p>\u201cLos d\u00edas 9 y 10 de la pr\u00f3xima semana las emergencias del hospital Francisco Moscoso Puello ser\u00e1n paralizadas por los jefes de m\u00e9dicos residentes, los cuales han venido reclamando corregir \u2013 por parte del Servicio Nacional de Salud \u2013 una serie de problem\u00e1ticas que afectan las labores de todo el personal de salud del Moscoso Puello. Hay deficiencia hasta en los resultados de pruebas anal\u00edsticas\u201d, explicaron los m\u00e9dicos residentes.<\/p>\n","protected":false},"excerpt":{"rendered":"<p>SANTO DOMINGO.- Los m\u00e9dicos residentes del hospital Francisco Moscoso Puello amenazaron con abandonar los servicios debido a la falta de condiciones para desarrollar sus labores en dicho centro de salud.&hellip;<\/p>\n","protected":false},"author":3,"featured_media":62538,"comment_status":"open","ping_status":"open","sticky":false,"template":"","format":"standard","meta":{"content-type":"","jetpack_post_was_ever_published":false,"_jetpack_newsletter_access":"","_jetpack_dont_email_post_to_subs":false,"_jetpack_newsletter_tier_id":0,"_jetpack_memberships_contains_paywalled_content":false,"_jetpack_memberships_contains_paid_content":false,"footnotes":""},"categories":[35],"tags":[961,1059],"class_list":["post-62537","post","type-post","status-publish","format-standard","has-post-thumbnail","hentry","category-nacionales","tag-medicos","tag-paro"],"jetpack_featured_media_url":"https:\/\/lasprimeras.com.do\/wp-content\/uploads\/2023\/10\/WhatsApp-Image-2023-10-05-at-9.55.14-AM-1.webp","jetpack-related-posts":[{"id":54790,"url":"https:\/\/lasprimeras.com.do\/index.php\/2023\/07\/14\/medicos-anuncian-paro-de-72-horas-en-el-moscoso-puello\/","url_meta":{"origin":62537,"position":0},"title":"M\u00e9dicos anuncian paro de 72 horas en el Moscoso Puello","author":"Nelson Feliz","date":"14 de julio de 2023","format":false,"excerpt":"Por Mart\u00edn Restituyo El Colegio M\u00e9dico Dominicano y su regional del Distrito Nacional anunciaron un paro de labores por 72 horas para la pr\u00f3xima semana en el Hospital Dr. Francisco Moscoso Puello, el cual presenta m\u00faltiples precariedades en equipos, climatizaci\u00f3n y estructura f\u00edsica. Los m\u00e9dicos del citado hospital realizaron una\u2026","rel":"","context":"En \u00abPORTADA\u00bb","block_context":{"text":"PORTADA","link":"https:\/\/lasprimeras.com.do\/index.php\/category\/portada\/"},"img":{"alt_text":"Colegio M\u00e9dico Dominicano","src":"https:\/\/i0.wp.com\/lasprimeras.com.do\/wp-content\/uploads\/2023\/07\/Medico-1.jpg?resize=350%2C200&ssl=1","width":350,"height":200,"srcset":"https:\/\/i0.wp.com\/lasprimeras.com.do\/wp-content\/uploads\/2023\/07\/Medico-1.jpg?resize=350%2C200&ssl=1 1x, https:\/\/i0.wp.com\/lasprimeras.com.do\/wp-content\/uploads\/2023\/07\/Medico-1.jpg?resize=525%2C300&ssl=1 1.5x, https:\/\/i0.wp.com\/lasprimeras.com.do\/wp-content\/uploads\/2023\/07\/Medico-1.jpg?resize=700%2C400&ssl=1 2x"},"classes":[]},{"id":63021,"url":"https:\/\/lasprimeras.com.do\/index.php\/2023\/10\/09\/medicos-dejan-sin-efecto-paro-de-labores-en-el-moscoso-puello\/","url_meta":{"origin":62537,"position":1},"title":"M\u00e9dicos dejan sin efecto paro de labores en el Moscoso Puello","author":"Nelson Feliz","date":"9 de octubre de 2023","format":false,"excerpt":"Autoridades prometen intervenir, reparar fallas y equipar el centro de salud. Por Martin Restituyo El Colegio M\u00e9dico Dominicano y el Consejo de Ense\u00f1anza del hospital Dr. Francisco Moscoso Puello dejaron sin efecto el paro en los servicios de salud convocado para este lunes por los m\u00e9dicos. Dicho evento fue levantado\u2026","rel":"","context":"En \u00abPORTADA\u00bb","block_context":{"text":"PORTADA","link":"https:\/\/lasprimeras.com.do\/index.php\/category\/portada\/"},"img":{"alt_text":"M\u00e9dicos","src":"https:\/\/i0.wp.com\/lasprimeras.com.do\/wp-content\/uploads\/2023\/10\/Senen-Caba-1.jpg?resize=350%2C200&ssl=1","width":350,"height":200,"srcset":"https:\/\/i0.wp.com\/lasprimeras.com.do\/wp-content\/uploads\/2023\/10\/Senen-Caba-1.jpg?resize=350%2C200&ssl=1 1x, https:\/\/i0.wp.com\/lasprimeras.com.do\/wp-content\/uploads\/2023\/10\/Senen-Caba-1.jpg?resize=525%2C300&ssl=1 1.5x, https:\/\/i0.wp.com\/lasprimeras.com.do\/wp-content\/uploads\/2023\/10\/Senen-Caba-1.jpg?resize=700%2C400&ssl=1 2x"},"classes":[]},{"id":62933,"url":"https:\/\/lasprimeras.com.do\/index.php\/2023\/10\/09\/cmd-anuncia-un-paro-de-labores-hoy-en-el-hospital-moscoso-puello\/","url_meta":{"origin":62537,"position":2},"title":"CMD anuncia un paro de labores hoy en el hospital Moscoso Puello","author":"BIMARY DE JES\u00daS Matos","date":"9 de octubre de 2023","format":false,"excerpt":"SANTO DOMINGO, Rep\u00fablica Dominicana.- El Colegio M\u00e9dico Dominicano anunci\u00f3 para este lunes un paro de labores por dos d\u00edas en el hospital Francisco Moscoso de esta capital, debido a la falta de insumos e incluso agua para brindar una atenci\u00f3n digna. El presidente del gremio, Sen\u00e9n Caba, precis\u00f3 que solo\u2026","rel":"","context":"En \u00abNACIONALES\u00bb","block_context":{"text":"NACIONALES","link":"https:\/\/lasprimeras.com.do\/index.php\/category\/nacionales\/"},"img":{"alt_text":"","src":"https:\/\/i0.wp.com\/lasprimeras.com.do\/wp-content\/uploads\/2023\/10\/WhatsApp-Image-2023-10-09-at-7.44.34-AM.png?resize=350%2C200&ssl=1","width":350,"height":200,"srcset":"https:\/\/i0.wp.com\/lasprimeras.com.do\/wp-content\/uploads\/2023\/10\/WhatsApp-Image-2023-10-09-at-7.44.34-AM.png?resize=350%2C200&ssl=1 1x, https:\/\/i0.wp.com\/lasprimeras.com.do\/wp-content\/uploads\/2023\/10\/WhatsApp-Image-2023-10-09-at-7.44.34-AM.png?resize=525%2C300&ssl=1 1.5x"},"classes":[]},{"id":55052,"url":"https:\/\/lasprimeras.com.do\/index.php\/2023\/07\/17\/medicos-del-moscoso-puello-desisten-de-paro-tras-promesa-del-sns-de-invertir-rd300-mm\/","url_meta":{"origin":62537,"position":3},"title":"M\u00e9dicos del Moscoso Puello desisten de paro tras promesa del SNS de invertir RD$300 MM","author":"Nelson Feliz","date":"17 de julio de 2023","format":false,"excerpt":"El SNS, el CMD y m\u00e9dicos del centro se volver\u00e1n a reunir el 3 de agosto para hacer una evaluaci\u00f3n de mejoras en el hospital. Los m\u00e9dicos del Hospital Francisco Moscoso Puello desistieron del paro que ten\u00edan contemplado realizar desde este lunes 17 hasta el mi\u00e9rcoles 19 en reclamo de\u2026","rel":"","context":"En \u00abPORTADA\u00bb","block_context":{"text":"PORTADA","link":"https:\/\/lasprimeras.com.do\/index.php\/category\/portada\/"},"img":{"alt_text":"","src":"https:\/\/i0.wp.com\/lasprimeras.com.do\/wp-content\/uploads\/2023\/07\/Mario-Lama.jpg?resize=350%2C200&ssl=1","width":350,"height":200},"classes":[]},{"id":58001,"url":"https:\/\/lasprimeras.com.do\/index.php\/2023\/08\/18\/directora-moscoso-puello-destaca-labor-de-doctores-en-dia-nacional-del-medico\/","url_meta":{"origin":62537,"position":4},"title":"Directora Moscoso Puello destaca labor de doctores en D\u00eda Nacional del M\u00e9dico","author":"Nelson Feliz","date":"18 de agosto de 2023","format":false,"excerpt":"En el marco del D\u00eda Nacional del M\u00e9dico, la directora de Hospital Doctor Francisco Moscoso Puello, Mar\u00eda Argentina Germ\u00e1n, felicit\u00f3 a los galenos, en especial a los del centro, por la labor que realizan y por el esfuerzo dedicado en su formaci\u00f3n. La doctora Germ\u00e1n, en representaci\u00f3n de la gerencia\u2026","rel":"","context":"En \u00abSin categor\u00eda\u00bb","block_context":{"text":"Sin categor\u00eda","link":"https:\/\/lasprimeras.com.do\/index.php\/category\/sin-categoria\/"},"img":{"alt_text":"Mar\u00eda Argentina Germ\u00e1n","src":"https:\/\/i0.wp.com\/lasprimeras.com.do\/wp-content\/uploads\/2023\/08\/Maria-Argentina-German.jpg?resize=350%2C200&ssl=1","width":350,"height":200,"srcset":"https:\/\/i0.wp.com\/lasprimeras.com.do\/wp-content\/uploads\/2023\/08\/Maria-Argentina-German.jpg?resize=350%2C200&ssl=1 1x, https:\/\/i0.wp.com\/lasprimeras.com.do\/wp-content\/uploads\/2023\/08\/Maria-Argentina-German.jpg?resize=525%2C300&ssl=1 1.5x, https:\/\/i0.wp.com\/lasprimeras.com.do\/wp-content\/uploads\/2023\/08\/Maria-Argentina-German.jpg?resize=700%2C400&ssl=1 2x"},"classes":[]},{"id":56371,"url":"https:\/\/lasprimeras.com.do\/index.php\/2023\/07\/31\/hospitales-y-clinicas-acatan-llamado-a-paro-laboral-para-este-lunes\/","url_meta":{"origin":62537,"position":5},"title":"Hospitales y cl\u00ednicas acatan llamado a paro laboral para este lunes","author":"Nelson Feliz","date":"31 de julio de 2023","format":false,"excerpt":"En todos los hospitales y cl\u00ednicas del pa\u00eds se han detenido las atenciones por consultas y desde las distintas especialidades, dijo el presidente del Colegio M\u00e9dico Dominicano. Los hospitales y cl\u00ednicas de la capital acataron este lunes el llamado a paro laboral instaurado por el Colegio M\u00e9dico Dominicano (CMD), en\u2026","rel":"","context":"En \u00abSin categor\u00eda\u00bb","block_context":{"text":"Sin categor\u00eda","link":"https:\/\/lasprimeras.com.do\/index.php\/category\/sin-categoria\/"},"img":{"alt_text":"Rufino Senen Caba, presidente del Colegio Medico Dominicano (CMD)JORGE LUIS MART\u00cdNEZ","src":"https:\/\/i0.wp.com\/lasprimeras.com.do\/wp-content\/uploads\/2023\/07\/Rufino-Senen-Caba.jpeg?resize=350%2C200&ssl=1","width":350,"height":200,"srcset":"https:\/\/i0.wp.com\/lasprimeras.com.do\/wp-content\/uploads\/2023\/07\/Rufino-Senen-Caba.jpeg?resize=350%2C200&ssl=1 1x, https:\/\/i0.wp.com\/lasprimeras.com.do\/wp-content\/uploads\/2023\/07\/Rufino-Senen-Caba.jpeg?resize=525%2C300&ssl=1 1.5x"},"classes":[]}],"jetpack_sharing_enabled":true,"_links":{"self":[{"href":"https:\/\/lasprimeras.com.do\/index.php\/wp-json\/wp\/v2\/posts\/62537","targetHints":{"allow":["GET"]}}],"collection":[{"href":"https:\/\/lasprimeras.com.do\/index.php\/wp-json\/wp\/v2\/posts"}],"about":[{"href":"https:\/\/lasprimeras.com.do\/index.php\/wp-json\/wp\/v2\/types\/post"}],"author":[{"embeddable":true,"href":"https:\/\/lasprimeras.com.do\/index.php\/wp-json\/wp\/v2\/users\/3"}],"replies":[{"embeddable":true,"href":"https:\/\/lasprimeras.com.do\/index.php\/wp-json\/wp\/v2\/comments?post=62537"}],"version-history":[{"count":1,"href":"https:\/\/lasprimeras.com.do\/index.php\/wp-json\/wp\/v2\/posts\/62537\/revisions"}],"predecessor-version":[{"id":62539,"href":"https:\/\/lasprimeras.com.do\/index.php\/wp-json\/wp\/v2\/posts\/62537\/revisions\/62539"}],"wp:featuredmedia":[{"embeddable":true,"href":"https:\/\/lasprimeras.com.do\/index.php\/wp-json\/wp\/v2\/media\/62538"}],"wp:attachment":[{"href":"https:\/\/lasprimeras.com.do\/index.php\/wp-json\/wp\/v2\/media?parent=62537"}],"wp:term":[{"taxonomy":"category","embeddable":true,"href":"https:\/\/lasprimeras.com.do\/index.php\/wp-json\/wp\/v2\/categories?post=62537"},{"taxonomy":"post_tag","embeddable":true,"href":"https:\/\/lasprimeras.com.do\/index.php\/wp-json\/wp\/v2\/tags?post=62537"}],"curies":[{"name":"wp","href":"https:\/\/api.w.org\/{rel}","templated":true}]}}