{"id":62540,"date":"2023-10-05T14:34:56","date_gmt":"2023-10-05T18:34:56","guid":{"rendered":"https:\/\/lasprimeras.com.do\/?p=62540"},"modified":"2023-10-05T14:34:58","modified_gmt":"2023-10-05T18:34:58","slug":"clarissa-molina-estara-en-nuevo-programa-de-univision","status":"publish","type":"post","link":"https:\/\/lasprimeras.com.do\/index.php\/2023\/10\/05\/clarissa-molina-estara-en-nuevo-programa-de-univision\/","title":{"rendered":"Clarissa Molina estar\u00e1 en nuevo programa de Univisi\u00f3n"},"content":{"rendered":"\n<p>Santo Domingo.-Luego de tener un segmento de redes sociales durante 7 a\u00f1os en &#8220;El Gordo y La Flaca&#8221;, adem\u00e1s de conducir alfombras y premiaciones, la comunicadora dominicana Clarissa Molina da un paso importante como presentadora de Univisi\u00f3n.<\/p>\n\n\n\n<p>Molina formar\u00e1 parte del elenco de &#8220;D\u00edmelo ya&#8221;, el nuevo programa de la cadena estadounidense de habla hispana, que se transmitir\u00e1 todos los jueves a partir de hoy a las 7 pm hora del Este por el servicio streaming a ViX, propiedad de TelevisaUnivision, junto a Karina Banda y Jorge Bernal.<\/p>\n\n\n\n<p>&#8220;D\u00edmelo ya est\u00e1 literalmente pensado para esas personas que quieren ver un contenido r\u00e1pido, informativo como pasa hoy en d\u00eda&#8221;, cont\u00f3 Molina en una entrevista para People en Espa\u00f1ol. &#8220;Vamos a tener un contenido muy variado donde todo el mundo se va a poner alimentar de informaci\u00f3n del d\u00eda a d\u00eda, de lo que est\u00e1 pasando en la tecnolog\u00eda, que con las aplicaciones tambi\u00e9n. va a ver de todo un poquito&#8221;.<\/p>\n\n\n\n<p>Clarissa Molina entr\u00f3 a Univisi\u00f3n tras ganar el concurso Nuestra Belleza Latina VIP en 2016 y desde entonces ha tenido la oportunidad de conducir Premios Juventud 2021 y 2022, Latin AMAs 2023 y el detr\u00e1s de c\u00e1maras de los Latin Grammy 2021.<\/p>\n\n\n\n<p>Por su lado, Jorge Bernal, quien sali\u00f3 de Telemundo en septiembre del a\u00f1o pasado, regresa a Univisi\u00f3n 27 a\u00f1os despu\u00e9s.<\/p>\n\n\n\n<p>El presentador cubano recuerda que solo hab\u00eda pisado Univisi\u00f3n para grabar una c\u00e1psula &#8220;Control&#8221;, por lo que est\u00e1 emocionado de integrarse a la familia de manera oficial.<\/p>\n\n\n\n<p>Mientras que Karina Banda, conocida por su participaci\u00f3n en &#8220;Enamor\u00e1ndonos&#8221; y sus noticias de deporte en &#8220;El Gordo y La Flaca&#8221;, afirm\u00f3 sobre su nuevo proyecto que: &#8220;Siento que es un lugar en donde adem\u00e1s de que se van a entretener van a aprender y qu\u00e9 gran oportunidad es ver a un programa entretenido y que te va a dejar algo&#8221;.<\/p>\n","protected":false},"excerpt":{"rendered":"<p>Santo Domingo.-Luego de tener un segmento de redes sociales durante 7 a\u00f1os en &#8220;El Gordo y La Flaca&#8221;, adem\u00e1s de conducir alfombras y premiaciones, la comunicadora dominicana Clarissa Molina da&hellip;<\/p>\n","protected":false},"author":3,"featured_media":62541,"comment_status":"open","ping_status":"open","sticky":false,"template":"","format":"standard","meta":{"content-type":"","jetpack_post_was_ever_published":false,"_jetpack_newsletter_access":"","_jetpack_dont_email_post_to_subs":false,"_jetpack_newsletter_tier_id":0,"_jetpack_memberships_contains_paywalled_content":false,"_jetpack_memberships_contains_paid_content":false,"footnotes":""},"categories":[84],"tags":[],"class_list":["post-62540","post","type-post","status-publish","format-standard","has-post-thumbnail","hentry","category-entretenimiento"],"jetpack_featured_media_url":"https:\/\/lasprimeras.com.do\/wp-content\/uploads\/2023\/10\/WhatsApp-Image-2023-10-05-at-9.55.14-AM-1.jpeg","jetpack-related-posts":[{"id":122736,"url":"https:\/\/lasprimeras.com.do\/index.php\/2026\/02\/20\/georgina-duluc-triunfa-en-la-alfombra-magenta-de-premio-lo-nuestro\/","url_meta":{"origin":62540,"position":0},"title":"Georgina Duluc triunfa en la alfombra magenta de Premio Lo Nuestro","author":"Nelson Feliz","date":"20 de febrero de 2026","format":false,"excerpt":"Miami, Florida. \u2014 La comunicadora y actriz dominicana Georgina Duluc brill\u00f3 con luz propia en la alfombra magenta de Premio Lo Nuestro, deslumbrando con un dise\u00f1o exclusivo de la reconocida dise\u00f1adora internacional Giannina Azar. Su aparici\u00f3n marc\u00f3 uno de los momentos m\u00e1s comentados de la noche, consolidando su elegancia, seguridad\u2026","rel":"","context":"En \u00abENTRETENIMIENTO\u00bb","block_context":{"text":"ENTRETENIMIENTO","link":"https:\/\/lasprimeras.com.do\/index.php\/category\/entretenimiento\/"},"img":{"alt_text":"","src":"https:\/\/i0.wp.com\/lasprimeras.com.do\/wp-content\/uploads\/2026\/02\/georgina-duluc-0.png?resize=350%2C200&ssl=1","width":350,"height":200,"srcset":"https:\/\/i0.wp.com\/lasprimeras.com.do\/wp-content\/uploads\/2026\/02\/georgina-duluc-0.png?resize=350%2C200&ssl=1 1x, https:\/\/i0.wp.com\/lasprimeras.com.do\/wp-content\/uploads\/2026\/02\/georgina-duluc-0.png?resize=525%2C300&ssl=1 1.5x"},"classes":[]},{"id":118663,"url":"https:\/\/lasprimeras.com.do\/index.php\/2026\/01\/01\/ezequiel-molina-advierte-de-la-ira-de-dios-a-los-corruptos-que-saquean-el-dinero-del-pueblo\/","url_meta":{"origin":62540,"position":1},"title":"Ezequiel Molina advierte de la ira de Dios &#8220;a los corruptos&#8221; que saquean el dinero del pueblo","author":"Nelson Feliz","date":"1 de enero de 2026","format":false,"excerpt":"Miles de cristianos evang\u00e9licos se citaron la tarde de este jueves en la edici\u00f3n 62 de La Batalla de la Fe, evento celebrado cada primero de enero en el Estadio Ol\u00edmpico F\u00e9lix S\u00e1nchez. En su discurso, el pastor Ezequiel Molina lanz\u00f3 duras cr\u00edticas contra los que cometen actos de corrupci\u00f3n\u2026","rel":"","context":"En \u00abNACIONALES\u00bb","block_context":{"text":"NACIONALES","link":"https:\/\/lasprimeras.com.do\/index.php\/category\/nacionales\/"},"img":{"alt_text":"Ezequiel Molina","src":"https:\/\/i0.wp.com\/lasprimeras.com.do\/wp-content\/uploads\/2026\/01\/Ezequiel-Molina.jpg?resize=350%2C200&ssl=1","width":350,"height":200,"srcset":"https:\/\/i0.wp.com\/lasprimeras.com.do\/wp-content\/uploads\/2026\/01\/Ezequiel-Molina.jpg?resize=350%2C200&ssl=1 1x, https:\/\/i0.wp.com\/lasprimeras.com.do\/wp-content\/uploads\/2026\/01\/Ezequiel-Molina.jpg?resize=525%2C300&ssl=1 1.5x, https:\/\/i0.wp.com\/lasprimeras.com.do\/wp-content\/uploads\/2026\/01\/Ezequiel-Molina.jpg?resize=700%2C400&ssl=1 2x"},"classes":[]},{"id":119154,"url":"https:\/\/lasprimeras.com.do\/index.php\/2026\/01\/07\/henry-molina-destaca-avances-historicos-y-llama-a-consolidar-la-transformacion-del-poder-judicial\/","url_meta":{"origin":62540,"position":2},"title":"Henry Molina destaca avances hist\u00f3ricos y llama a consolidar la transformaci\u00f3n del Poder Judicial","author":"Nelson Feliz","date":"7 de enero de 2026","format":false,"excerpt":"Henry Molina","rel":"","context":"En \u00abJUSTICIA\u00bb","block_context":{"text":"JUSTICIA","link":"https:\/\/lasprimeras.com.do\/index.php\/category\/justicia\/"},"img":{"alt_text":"Henry Molina","src":"https:\/\/i0.wp.com\/lasprimeras.com.do\/wp-content\/uploads\/2026\/01\/Henry-Molina.jpg?resize=350%2C200&ssl=1","width":350,"height":200,"srcset":"https:\/\/i0.wp.com\/lasprimeras.com.do\/wp-content\/uploads\/2026\/01\/Henry-Molina.jpg?resize=350%2C200&ssl=1 1x, https:\/\/i0.wp.com\/lasprimeras.com.do\/wp-content\/uploads\/2026\/01\/Henry-Molina.jpg?resize=525%2C300&ssl=1 1.5x, https:\/\/i0.wp.com\/lasprimeras.com.do\/wp-content\/uploads\/2026\/01\/Henry-Molina.jpg?resize=700%2C400&ssl=1 2x"},"classes":[]},{"id":86475,"url":"https:\/\/lasprimeras.com.do\/index.php\/2024\/07\/26\/senado-reconoce-al-musico-clasico-jose-antonio-molina-por-sus-aportes-al-arte\/","url_meta":{"origin":62540,"position":3},"title":"Senado reconoce al m\u00fasico cl\u00e1sico Jos\u00e9 Antonio Molina por sus aportes al arte","author":"Nelson Feliz","date":"26 de julio de 2024","format":false,"excerpt":"El presidente del Senado, Ricardo de los Santos encabez\u00f3 la entrega de un pergamino de reconocimiento al director de la Orquesta Sinf\u00f3nica Nacional, Jos\u00e9 Antonio Molina por sus aportes a la m\u00fasica, el arte y la cultura dominicana. Durante la actividad, el presidente del Senado destac\u00f3 la gran trayectoria del\u2026","rel":"","context":"En \u00abENTRETENIMIENTO\u00bb","block_context":{"text":"ENTRETENIMIENTO","link":"https:\/\/lasprimeras.com.do\/index.php\/category\/entretenimiento\/"},"img":{"alt_text":"Jos\u00e9 Antonio Molina","src":"https:\/\/i0.wp.com\/lasprimeras.com.do\/wp-content\/uploads\/2024\/07\/Jose-Antonio-Molina-1.jpg?resize=350%2C200&ssl=1","width":350,"height":200,"srcset":"https:\/\/i0.wp.com\/lasprimeras.com.do\/wp-content\/uploads\/2024\/07\/Jose-Antonio-Molina-1.jpg?resize=350%2C200&ssl=1 1x, https:\/\/i0.wp.com\/lasprimeras.com.do\/wp-content\/uploads\/2024\/07\/Jose-Antonio-Molina-1.jpg?resize=525%2C300&ssl=1 1.5x, https:\/\/i0.wp.com\/lasprimeras.com.do\/wp-content\/uploads\/2024\/07\/Jose-Antonio-Molina-1.jpg?resize=700%2C400&ssl=1 2x"},"classes":[]},{"id":115027,"url":"https:\/\/lasprimeras.com.do\/index.php\/2025\/11\/18\/cooproharina-inicia-construccion-de-un-nuevo-molino-en-santo-domingo-oeste\/","url_meta":{"origin":62540,"position":4},"title":"COOPROHARINA inicia construcci\u00f3n de un nuevo molino en Santo Domingo Oeste","author":"Nelson Feliz","date":"18 de noviembre de 2025","format":false,"excerpt":"La Cooperativa de Servicios M\u00faltiples de Procesadores de la Harina (COOPROHARINA) dej\u00f3 iniciada la construcci\u00f3n de su nuevo molino, que estar\u00e1 ubicado en el Distrito Industrial de Santo Domingo Oeste (DISDO), proyecto que forma parte del plan de expansi\u00f3n y modernizaci\u00f3n de la cooperativa y conlleva una inversi\u00f3n de RD$1,100\u2026","rel":"","context":"En \u00abECONOM\u00cdA\u00bb","block_context":{"text":"ECONOM\u00cdA","link":"https:\/\/lasprimeras.com.do\/index.php\/category\/economia\/"},"img":{"alt_text":"","src":"https:\/\/i0.wp.com\/lasprimeras.com.do\/wp-content\/uploads\/2025\/11\/COOPROHARINA-1.jpg?resize=350%2C200&ssl=1","width":350,"height":200,"srcset":"https:\/\/i0.wp.com\/lasprimeras.com.do\/wp-content\/uploads\/2025\/11\/COOPROHARINA-1.jpg?resize=350%2C200&ssl=1 1x, https:\/\/i0.wp.com\/lasprimeras.com.do\/wp-content\/uploads\/2025\/11\/COOPROHARINA-1.jpg?resize=525%2C300&ssl=1 1.5x, https:\/\/i0.wp.com\/lasprimeras.com.do\/wp-content\/uploads\/2025\/11\/COOPROHARINA-1.jpg?resize=700%2C400&ssl=1 2x"},"classes":[]},{"id":72650,"url":"https:\/\/lasprimeras.com.do\/index.php\/2024\/01\/02\/ezequiel-molina-critica-violencia-e-irrespeto-a-leyes\/","url_meta":{"origin":62540,"position":5},"title":"Ezequiel Molina critica violencia e irrespeto a leyes","author":"BIMARY DE JES\u00daS Matos","date":"2 de enero de 2024","format":false,"excerpt":"Santo Domingo.-El presidente del Ministerio La Batalla de la Fe, pastor Ezequiel Molina Rosario manifest\u00f3 que la violencia y el irrespeto a las leyes est\u00e1n \u201cfuera de control\u201d, no solo en la Rep\u00fablica Dominicana, sino en muchos pa\u00edses del mundo. En un serm\u00f3n titulado \u201cAlerta Final\u201d, Molina Rosario enfoc\u00f3 su\u2026","rel":"","context":"En \u00abNACIONALES\u00bb","block_context":{"text":"NACIONALES","link":"https:\/\/lasprimeras.com.do\/index.php\/category\/nacionales\/"},"img":{"alt_text":"","src":"https:\/\/i0.wp.com\/lasprimeras.com.do\/wp-content\/uploads\/2024\/01\/esta.jpg?resize=350%2C200&ssl=1","width":350,"height":200,"srcset":"https:\/\/i0.wp.com\/lasprimeras.com.do\/wp-content\/uploads\/2024\/01\/esta.jpg?resize=350%2C200&ssl=1 1x, https:\/\/i0.wp.com\/lasprimeras.com.do\/wp-content\/uploads\/2024\/01\/esta.jpg?resize=525%2C300&ssl=1 1.5x"},"classes":[]}],"jetpack_sharing_enabled":true,"_links":{"self":[{"href":"https:\/\/lasprimeras.com.do\/index.php\/wp-json\/wp\/v2\/posts\/62540","targetHints":{"allow":["GET"]}}],"collection":[{"href":"https:\/\/lasprimeras.com.do\/index.php\/wp-json\/wp\/v2\/posts"}],"about":[{"href":"https:\/\/lasprimeras.com.do\/index.php\/wp-json\/wp\/v2\/types\/post"}],"author":[{"embeddable":true,"href":"https:\/\/lasprimeras.com.do\/index.php\/wp-json\/wp\/v2\/users\/3"}],"replies":[{"embeddable":true,"href":"https:\/\/lasprimeras.com.do\/index.php\/wp-json\/wp\/v2\/comments?post=62540"}],"version-history":[{"count":1,"href":"https:\/\/lasprimeras.com.do\/index.php\/wp-json\/wp\/v2\/posts\/62540\/revisions"}],"predecessor-version":[{"id":62542,"href":"https:\/\/lasprimeras.com.do\/index.php\/wp-json\/wp\/v2\/posts\/62540\/revisions\/62542"}],"wp:featuredmedia":[{"embeddable":true,"href":"https:\/\/lasprimeras.com.do\/index.php\/wp-json\/wp\/v2\/media\/62541"}],"wp:attachment":[{"href":"https:\/\/lasprimeras.com.do\/index.php\/wp-json\/wp\/v2\/media?parent=62540"}],"wp:term":[{"taxonomy":"category","embeddable":true,"href":"https:\/\/lasprimeras.com.do\/index.php\/wp-json\/wp\/v2\/categories?post=62540"},{"taxonomy":"post_tag","embeddable":true,"href":"https:\/\/lasprimeras.com.do\/index.php\/wp-json\/wp\/v2\/tags?post=62540"}],"curies":[{"name":"wp","href":"https:\/\/api.w.org\/{rel}","templated":true}]}}