{"id":62549,"date":"2023-10-05T14:52:06","date_gmt":"2023-10-05T18:52:06","guid":{"rendered":"https:\/\/lasprimeras.com.do\/?p=62549"},"modified":"2023-10-05T14:52:07","modified_gmt":"2023-10-05T18:52:07","slug":"pld-celebrara-el-7-y-8-de-octubre-267-asambleas-delegados-municipios","status":"publish","type":"post","link":"https:\/\/lasprimeras.com.do\/index.php\/2023\/10\/05\/pld-celebrara-el-7-y-8-de-octubre-267-asambleas-delegados-municipios\/","title":{"rendered":"PLD celebrar\u00e1 el 7 y 8 de octubre 267 asambleas delegados municipios"},"content":{"rendered":"\n<p>SANTO DOMINGO.- El Partido de la Liberaci\u00f3n Dominicana (PLD) celebrar\u00e1 los d\u00edas 7 y 8 de octubre 267 asambleas de delegados que completar\u00e1 la escogencia de los candidatos a regidores y vocales en municipios y distritos municipales.<\/p>\n\n\n\n<p>En documento en PLD dijo que de 9 de la ma\u00f1ana a 6 de la tarde realizar\u00e1 tres modalidades de asambleas para escoger de la lista de precandidatos que figurar\u00e1n en las distintas boletas municipales en las elecciones del pr\u00f3ximo febrero.<\/p>\n\n\n\n<p>\u00abDel total de asambleas 21 son por aclamaci\u00f3n en los municipios y 43 por aclamaci\u00f3n en los distritos municipales. 180 de las asambleas se realizar\u00e1n mediante el voto manual tanto en los municipios como en distritos municipales y 23 mediante el voto automatizado, mediante los artefactos tecnol\u00f3gicas facilitados por la Junta Central Electoral\u00bb, indic\u00f3.<\/p>\n\n\n\n<p>La convocatoria para esos encuentros eleccionarios internos se hace de conformidad con lo previsto en ac\u00e1pite 6.1 de la gu\u00eda para las Asambleas de Delegados de la Comisi\u00f3n Nacional Electoral (CNE) y conforme a la ley 20-23 de R\u00e9gimen Electoral y la ley 33-18 de Partidos, Agrupaciones y Movimientos Pol\u00edticos y del debido plazo.<\/p>\n\n\n\n<p>Los convocados son los presidentes de Comit\u00e9s de Base y los miembros del Comit\u00e9 Central de la demarcaci\u00f3n correspondiente, quienes estatutariamente son los delegados y delegadas del PLD.<\/p>\n\n\n\n<p>Este jueves la Comisi\u00f3n Nacional Electoral (CNE) comenzar\u00e1 la distribuci\u00f3n de las valijas con los materiales que se utilizar\u00e1n en los locales habilitados para esos fines.<\/p>\n","protected":false},"excerpt":{"rendered":"<p>SANTO DOMINGO.- El Partido de la Liberaci\u00f3n Dominicana (PLD) celebrar\u00e1 los d\u00edas 7 y 8 de octubre 267 asambleas de delegados que completar\u00e1 la escogencia de los candidatos a regidores&hellip;<\/p>\n","protected":false},"author":3,"featured_media":62550,"comment_status":"open","ping_status":"open","sticky":false,"template":"","format":"standard","meta":{"content-type":"","jetpack_post_was_ever_published":false,"_jetpack_newsletter_access":"","_jetpack_dont_email_post_to_subs":false,"_jetpack_newsletter_tier_id":0,"_jetpack_memberships_contains_paywalled_content":false,"_jetpack_memberships_contains_paid_content":false,"footnotes":""},"categories":[1],"tags":[4222,2848,1037,269],"class_list":["post-62549","post","type-post","status-publish","format-standard","has-post-thumbnail","hentry","category-sin-categoria","tag-asambleas","tag-delegados","tag-municipios","tag-pld"],"jetpack_featured_media_url":"https:\/\/lasprimeras.com.do\/wp-content\/uploads\/2023\/10\/WhatsApp-Image-2023-10-05-at-9.55.14-AM-2.jpeg","jetpack-related-posts":[{"id":62473,"url":"https:\/\/lasprimeras.com.do\/index.php\/2023\/10\/05\/pld-celebrara-asambleas-de-delegados-para-escoger-candidatos-regidores-y-vocales\/","url_meta":{"origin":62549,"position":0},"title":"PLD celebrar\u00e1 Asambleas de Delegados para escoger candidatos Regidores y Vocales","author":"Nelson Feliz","date":"5 de octubre de 2023","format":false,"excerpt":"El PLD celebrar\u00e1 los d\u00edas 7 y 8 de octubre, 267 asambleas de delegados en los municipios y distritos municipales del pa\u00eds. El Partido de la Liberaci\u00f3n Dominicana (PLD) ultima los detalles organizativos y operativos para la celebraci\u00f3n, los d\u00edas s\u00e1bado 7 y domingo de octubre, las Asambleas de Delegados\u2026","rel":"","context":"En \u00abPORTADA\u00bb","block_context":{"text":"PORTADA","link":"https:\/\/lasprimeras.com.do\/index.php\/category\/portada\/"},"img":{"alt_text":"PLD","src":"https:\/\/i0.wp.com\/lasprimeras.com.do\/wp-content\/uploads\/2023\/10\/PLD.jpg?resize=350%2C200&ssl=1","width":350,"height":200,"srcset":"https:\/\/i0.wp.com\/lasprimeras.com.do\/wp-content\/uploads\/2023\/10\/PLD.jpg?resize=350%2C200&ssl=1 1x, https:\/\/i0.wp.com\/lasprimeras.com.do\/wp-content\/uploads\/2023\/10\/PLD.jpg?resize=525%2C300&ssl=1 1.5x, https:\/\/i0.wp.com\/lasprimeras.com.do\/wp-content\/uploads\/2023\/10\/PLD.jpg?resize=700%2C400&ssl=1 2x"},"classes":[]},{"id":62461,"url":"https:\/\/lasprimeras.com.do\/index.php\/2023\/10\/05\/el-pld-completara-eleccion-regidores\/","url_meta":{"origin":62549,"position":1},"title":"El PLD completar\u00e1 elecci\u00f3n regidores","author":"BIMARY DE JES\u00daS Matos","date":"5 de octubre de 2023","format":false,"excerpt":"Santo Domingo.-El Partido de la Liberaci\u00f3n Dominicana celebrar\u00e1 los d\u00edas 7 y 8 del presente mes, 267 asambleas de delegados en los municipios y distritos municipales del pa\u00eds para escoger a los candidatos a regidores, con las que se completar\u00e1 esa parte de las boletas al nivel municipal. En total,\u2026","rel":"","context":"En \u00abSin categor\u00eda\u00bb","block_context":{"text":"Sin categor\u00eda","link":"https:\/\/lasprimeras.com.do\/index.php\/category\/sin-categoria\/"},"img":{"alt_text":"","src":"","width":0,"height":0},"classes":[]},{"id":62898,"url":"https:\/\/lasprimeras.com.do\/index.php\/2023\/10\/09\/pld-escoge-este-fin-de-semana-a-candidatos-a-regidores-y-vocales\/","url_meta":{"origin":62549,"position":2},"title":"PLD escoge este fin de semana a candidatos a regidores y vocales","author":"BIMARY DE JES\u00daS Matos","date":"9 de octubre de 2023","format":false,"excerpt":"Santo Domingo.- La Comisi\u00f3n Nacional Electoral del Partido de la Liberaci\u00f3n Dominicana (PLD) dej\u00f3 oficialmente abiertas este s\u00e1bado las asambleas de delegados de la organizaci\u00f3n para escoger los candidatos a regidores y vocales en todo el territorio nacional. El proceso que se realiza en 267 municipios, circunscripciones electorales y distritos\u2026","rel":"","context":"En \u00abSin categor\u00eda\u00bb","block_context":{"text":"Sin categor\u00eda","link":"https:\/\/lasprimeras.com.do\/index.php\/category\/sin-categoria\/"},"img":{"alt_text":"","src":"https:\/\/i0.wp.com\/lasprimeras.com.do\/wp-content\/uploads\/2023\/10\/WhatsApp-Image-2023-10-08-at-12.09.51-PM-4.jpeg?resize=350%2C200&ssl=1","width":350,"height":200,"srcset":"https:\/\/i0.wp.com\/lasprimeras.com.do\/wp-content\/uploads\/2023\/10\/WhatsApp-Image-2023-10-08-at-12.09.51-PM-4.jpeg?resize=350%2C200&ssl=1 1x, https:\/\/i0.wp.com\/lasprimeras.com.do\/wp-content\/uploads\/2023\/10\/WhatsApp-Image-2023-10-08-at-12.09.51-PM-4.jpeg?resize=525%2C300&ssl=1 1.5x"},"classes":[]},{"id":63053,"url":"https:\/\/lasprimeras.com.do\/index.php\/2023\/10\/09\/charles-mariotti-dice-pld-culmino-exitosa-asambleas-de-delegados\/","url_meta":{"origin":62549,"position":3},"title":"Charles Mariotti dice PLD culmino exitosa Asambleas de Delegados","author":"Nelson Feliz","date":"9 de octubre de 2023","format":false,"excerpt":"Charles Mariotti elogia el trabajo de la Comisi\u00f3n Nacional Electoral del PLD. Resalta alta participaci\u00f3n en las Asambleas de Delegados. El secretario general del Partido de la Liberaci\u00f3n Dominicana, Charles Mariotti, dijo que esa organizaci\u00f3n pol\u00edtica sali\u00f3 por la puerta grande con la realizaci\u00f3n de las Asambleas de Delegados el\u2026","rel":"","context":"En \u00abPORTADA\u00bb","block_context":{"text":"PORTADA","link":"https:\/\/lasprimeras.com.do\/index.php\/category\/portada\/"},"img":{"alt_text":"Charles-Mariotti","src":"https:\/\/i0.wp.com\/lasprimeras.com.do\/wp-content\/uploads\/2023\/10\/Charles-Mariotti.jpg?resize=350%2C200&ssl=1","width":350,"height":200,"srcset":"https:\/\/i0.wp.com\/lasprimeras.com.do\/wp-content\/uploads\/2023\/10\/Charles-Mariotti.jpg?resize=350%2C200&ssl=1 1x, https:\/\/i0.wp.com\/lasprimeras.com.do\/wp-content\/uploads\/2023\/10\/Charles-Mariotti.jpg?resize=525%2C300&ssl=1 1.5x"},"classes":[]},{"id":62807,"url":"https:\/\/lasprimeras.com.do\/index.php\/2023\/10\/07\/luis-alberto-%c2%a8sde-esta-sumergido-entre-basura-y-otras-problematicas%c2%a8\/","url_meta":{"origin":62549,"position":4},"title":"Luis Alberto: \u00a8SDE est\u00e1 sumergido entre basura y otras problem\u00e1ticas\u00a8","author":"Nelson Feliz","date":"7 de octubre de 2023","format":false,"excerpt":"El aspirante alcalde del Partido de la Liberaci\u00f3n Dominicana (PLD) por el municipio Santo Domingo Este, Luis Alberto Tejeda, lament\u00f3 el fallecimiento de una adolescente de 13 a\u00f1os a causa de Dengue, al tiempo que destac\u00f3 que la zona oriental permanece lleno de basura ante la mirada indiferente de las\u2026","rel":"","context":"En \u00abPORTADA\u00bb","block_context":{"text":"PORTADA","link":"https:\/\/lasprimeras.com.do\/index.php\/category\/portada\/"},"img":{"alt_text":"Luis Alberto Tejeda","src":"https:\/\/i0.wp.com\/lasprimeras.com.do\/wp-content\/uploads\/2023\/10\/Luis-Alberto-Tejeda-1.jpg?resize=350%2C200&ssl=1","width":350,"height":200,"srcset":"https:\/\/i0.wp.com\/lasprimeras.com.do\/wp-content\/uploads\/2023\/10\/Luis-Alberto-Tejeda-1.jpg?resize=350%2C200&ssl=1 1x, https:\/\/i0.wp.com\/lasprimeras.com.do\/wp-content\/uploads\/2023\/10\/Luis-Alberto-Tejeda-1.jpg?resize=525%2C300&ssl=1 1.5x"},"classes":[]},{"id":63146,"url":"https:\/\/lasprimeras.com.do\/index.php\/2023\/10\/10\/pld-proclamara-a-abel-martinez-como-su-candidato-presidencial-el-22-de-octubre\/","url_meta":{"origin":62549,"position":5},"title":"PLD proclamar\u00e1 a Abel Mart\u00ednez como su candidato presidencial el 22 de octubre","author":"Nelson Feliz","date":"10 de octubre de 2023","format":false,"excerpt":"El partido inform\u00f3 que est\u00e1 preparado para inscribir las 4,119 candidaturas en los tres niveles de elecci\u00f3n. El Partido de la Liberaci\u00f3n Dominicana (PLD) inform\u00f3 que proclamar\u00e1 a Abel Mart\u00ednez como su candidato presidencial el domingo 22 de octubre, a las 10:00 de la ma\u00f1ana, en el Pabell\u00f3n de Voleibol\u2026","rel":"","context":"En \u00abPORTADA\u00bb","block_context":{"text":"PORTADA","link":"https:\/\/lasprimeras.com.do\/index.php\/category\/portada\/"},"img":{"alt_text":"Ruben Bichara","src":"https:\/\/i0.wp.com\/lasprimeras.com.do\/wp-content\/uploads\/2023\/10\/Ruben-Bichara.jpg?resize=350%2C200&ssl=1","width":350,"height":200,"srcset":"https:\/\/i0.wp.com\/lasprimeras.com.do\/wp-content\/uploads\/2023\/10\/Ruben-Bichara.jpg?resize=350%2C200&ssl=1 1x, https:\/\/i0.wp.com\/lasprimeras.com.do\/wp-content\/uploads\/2023\/10\/Ruben-Bichara.jpg?resize=525%2C300&ssl=1 1.5x, https:\/\/i0.wp.com\/lasprimeras.com.do\/wp-content\/uploads\/2023\/10\/Ruben-Bichara.jpg?resize=700%2C400&ssl=1 2x"},"classes":[]}],"jetpack_sharing_enabled":true,"_links":{"self":[{"href":"https:\/\/lasprimeras.com.do\/index.php\/wp-json\/wp\/v2\/posts\/62549","targetHints":{"allow":["GET"]}}],"collection":[{"href":"https:\/\/lasprimeras.com.do\/index.php\/wp-json\/wp\/v2\/posts"}],"about":[{"href":"https:\/\/lasprimeras.com.do\/index.php\/wp-json\/wp\/v2\/types\/post"}],"author":[{"embeddable":true,"href":"https:\/\/lasprimeras.com.do\/index.php\/wp-json\/wp\/v2\/users\/3"}],"replies":[{"embeddable":true,"href":"https:\/\/lasprimeras.com.do\/index.php\/wp-json\/wp\/v2\/comments?post=62549"}],"version-history":[{"count":1,"href":"https:\/\/lasprimeras.com.do\/index.php\/wp-json\/wp\/v2\/posts\/62549\/revisions"}],"predecessor-version":[{"id":62551,"href":"https:\/\/lasprimeras.com.do\/index.php\/wp-json\/wp\/v2\/posts\/62549\/revisions\/62551"}],"wp:featuredmedia":[{"embeddable":true,"href":"https:\/\/lasprimeras.com.do\/index.php\/wp-json\/wp\/v2\/media\/62550"}],"wp:attachment":[{"href":"https:\/\/lasprimeras.com.do\/index.php\/wp-json\/wp\/v2\/media?parent=62549"}],"wp:term":[{"taxonomy":"category","embeddable":true,"href":"https:\/\/lasprimeras.com.do\/index.php\/wp-json\/wp\/v2\/categories?post=62549"},{"taxonomy":"post_tag","embeddable":true,"href":"https:\/\/lasprimeras.com.do\/index.php\/wp-json\/wp\/v2\/tags?post=62549"}],"curies":[{"name":"wp","href":"https:\/\/api.w.org\/{rel}","templated":true}]}}