{"id":62592,"date":"2023-10-05T21:40:33","date_gmt":"2023-10-06T01:40:33","guid":{"rendered":"https:\/\/lasprimeras.com.do\/?p=62592"},"modified":"2023-10-05T21:40:34","modified_gmt":"2023-10-06T01:40:34","slug":"luis-el-gallo-asegura-donde-hay-comida-educacion-y-salud-se-controla-delincuencia","status":"publish","type":"post","link":"https:\/\/lasprimeras.com.do\/index.php\/2023\/10\/05\/luis-el-gallo-asegura-donde-hay-comida-educacion-y-salud-se-controla-delincuencia\/","title":{"rendered":"Luis \u201cEl Gallo\u201d asegura donde hay comida, educaci\u00f3n y salud se controla delincuencia"},"content":{"rendered":"\n<p>El presidente de la Uni\u00f3n Dem\u00f3crata Cristiana \u2013UDC, Luis Acosta Moreta, Luis \u201cEl Gallo\u201d, dijo hoy que los principales problemas que tiene el pa\u00eds actualmente pasan por la seguridad ciudadana, la comida diaria y el pleno empleo.<\/p>\n\n\n\n<p>Resalt\u00f3 que la experiencia indica que en la Rep\u00fablica Dominicana donde hay comida, educaci\u00f3n y servicios m\u00e9dicos la delincuencia se reduce, y cualquier violaci\u00f3n a la ley puede ser controlada sin m\u00e9todos dr\u00e1sticos.<\/p>\n\n\n\n<p>Resalt\u00f3 que todos los ingredientes sociales tienen que ir hermanados, ya que no se puede lograr un avance en el desarrollo nacional si las acciones que genera la delincuencia no son enfrentadas de inmediato y con justicia social.<\/p>\n\n\n\n<p>Destac\u00f3 los esfuerzos que del presidente Luis Abinader para hacer frente a los cuadros de miseria y abandono de la sociedad dominicana, que es el principal caldo de cultivo de la delincuencia.<\/p>\n\n\n\n<p>Consider\u00f3 que es positivo el gesto del presidente Abinader de aumentar la asignaci\u00f3n presupuestal de este y el a\u00f1o venidero para enfrentar la delincuencia y la inseguridad ciudadana, porque todos los dominicanos tienen derecho a vivir en paz y armon\u00eda.<\/p>\n\n\n\n<p>Pero advirti\u00f3 que de acuerdo con las estad\u00edsticas los principales integrantes de las pandillas son j\u00f3venes que provienen de las barriadas marginadas, donde persisten las exclusi\u00f3n y las deficiencias comunitarias.<\/p>\n\n\n\n<p>De ah\u00ed que se debe privilegiar la lucha contra el delito, en base a las acciones de los organismos de seguridad y el fortalecimiento de la justicia, pero sin olvidar nunca donde es que comienza la ra\u00edz del mal.<\/p>\n\n\n\n<p>Para lograr que se reduzca dr\u00e1sticamente la delincuencia, hay que pensar en la realidad de que donde la barriga est\u00e1 sin alimentos, surgen las tentaciones y las ideas de subsistir de cualquier forma.<\/p>\n\n\n\n<p>Propuso al presidente Abinader que junto a las patrullas que salen armadas a mantener el orden p\u00fablico, tambi\u00e9n se env\u00ede a los trabajadores sociales, llevando comida, salud, y abriendo brecha a los emprendedores, y sus peque\u00f1os negocitos.<\/p>\n\n\n\n<p>No son ideas paternalistas, sino basadas en la realidad de los dominicanos, ya que con los trabajos comunitarios de la UDC hemos comprobado que donde hay comida, educaci\u00f3n y servicios m\u00e9dicos la delincuencia se reduce.<\/p>\n\n\n\n<p>A\u00f1adi\u00f3 que dentro de la reforma que se hace a la Polic\u00eda se debe dar paso a la sonrisa, el rostro amable, el instinto de servir al ciudadano, y jugar su rol de defensor del indefenso.<\/p>\n\n\n\n<p>Dijo que hay que cambiar la triste mentalidad de larga data de que cuando se hacen redadas en los barrios, el ser pobre y tener harapos es considerado como un sin\u00f3nimo de delincuencia.<\/p>\n","protected":false},"excerpt":{"rendered":"<p>El presidente de la Uni\u00f3n Dem\u00f3crata Cristiana \u2013UDC, Luis Acosta Moreta, Luis \u201cEl Gallo\u201d, dijo hoy que los principales problemas que tiene el pa\u00eds actualmente pasan por la seguridad ciudadana,&hellip;<\/p>\n","protected":false},"author":2,"featured_media":62593,"comment_status":"open","ping_status":"open","sticky":false,"template":"","format":"standard","meta":{"content-type":"","jetpack_post_was_ever_published":false,"_jetpack_newsletter_access":"","_jetpack_dont_email_post_to_subs":false,"_jetpack_newsletter_tier_id":0,"_jetpack_memberships_contains_paywalled_content":false,"_jetpack_memberships_contains_paid_content":false,"footnotes":""},"categories":[1],"tags":[8253,3579,893,561,813],"class_list":["post-62592","post","type-post","status-publish","format-standard","has-post-thumbnail","hentry","category-sin-categoria","tag-comida","tag-delincuencia","tag-educacion","tag-luis-acosta-moreta","tag-salud"],"jetpack_featured_media_url":"https:\/\/lasprimeras.com.do\/wp-content\/uploads\/2023\/10\/Luis-Acosta-Moreta-2.jpg","jetpack-related-posts":[{"id":116103,"url":"https:\/\/lasprimeras.com.do\/index.php\/2025\/11\/27\/luis-el-gallo-demanda-en-navidad-fin-de-la-usura-en-los-precios-de-los-comestibles\/","url_meta":{"origin":62592,"position":0},"title":"Luis \u201cEl Gallo\u201d demanda en navidad fin de la usura en los precios de los comestibles","author":"Nelson Feliz","date":"27 de noviembre de 2025","format":false,"excerpt":"El presidente de la Uni\u00f3n Dem\u00f3crata Cristiana \u2013UDC-, Luis Acosta Moreta, Luis \u201cEl Gallo\u201d pidi\u00f3 hoy que se establezca una estricta vigilancia en esta etapa final del a\u00f1o, para evitar que se aumenten los precios de los productos de primera necesidad. Indic\u00f3 que a diario los agiotistas reajustan los precios\u2026","rel":"","context":"En \u00abPOLITICA\u00bb","block_context":{"text":"POLITICA","link":"https:\/\/lasprimeras.com.do\/index.php\/category\/politica\/"},"img":{"alt_text":"Luis Acosta Moreta","src":"https:\/\/i0.wp.com\/lasprimeras.com.do\/wp-content\/uploads\/2024\/02\/Luis-Acosta-Moreta-2.jpg?resize=350%2C200&ssl=1","width":350,"height":200,"srcset":"https:\/\/i0.wp.com\/lasprimeras.com.do\/wp-content\/uploads\/2024\/02\/Luis-Acosta-Moreta-2.jpg?resize=350%2C200&ssl=1 1x, https:\/\/i0.wp.com\/lasprimeras.com.do\/wp-content\/uploads\/2024\/02\/Luis-Acosta-Moreta-2.jpg?resize=525%2C300&ssl=1 1.5x, https:\/\/i0.wp.com\/lasprimeras.com.do\/wp-content\/uploads\/2024\/02\/Luis-Acosta-Moreta-2.jpg?resize=700%2C400&ssl=1 2x"},"classes":[]},{"id":107104,"url":"https:\/\/lasprimeras.com.do\/index.php\/2025\/08\/22\/luis-el-gallo-reparte-libros-y-mascotas-proclama-el-ano-escolar-de-la-disciplina-y-los-valores-patrios\/","url_meta":{"origin":62592,"position":1},"title":"Luis \u201cEl Gallo\u201d reparte libros y mascotas; proclama el A\u00f1o Escolar de la Disciplina y los Valores Patrios","author":"Nelson Feliz","date":"22 de agosto de 2025","format":false,"excerpt":"El presidente de la Uni\u00f3n Dem\u00f3crata Cristiana (UDC), Luis Acosta Moreta, Luis \u201cEl Gallo\u201d, encabez\u00f3 jornadas de entrega de libros y \u00fatiles escolares a ni\u00f1os y ni\u00f1as de los barrios m\u00e1s pobres del Gran Santo Domingo, incluyendo Villas Agr\u00edcolas, San Carlos, El T\u00fanel de Capotillo, La 42, La Ci\u00e9naga, Cristo\u2026","rel":"","context":"En \u00abPOLITICA\u00bb","block_context":{"text":"POLITICA","link":"https:\/\/lasprimeras.com.do\/index.php\/category\/politica\/"},"img":{"alt_text":"","src":"https:\/\/i0.wp.com\/lasprimeras.com.do\/wp-content\/uploads\/2025\/08\/GALLO-1.jpg?resize=350%2C200&ssl=1","width":350,"height":200,"srcset":"https:\/\/i0.wp.com\/lasprimeras.com.do\/wp-content\/uploads\/2025\/08\/GALLO-1.jpg?resize=350%2C200&ssl=1 1x, https:\/\/i0.wp.com\/lasprimeras.com.do\/wp-content\/uploads\/2025\/08\/GALLO-1.jpg?resize=525%2C300&ssl=1 1.5x, https:\/\/i0.wp.com\/lasprimeras.com.do\/wp-content\/uploads\/2025\/08\/GALLO-1.jpg?resize=700%2C400&ssl=1 2x"},"classes":[]},{"id":128108,"url":"https:\/\/lasprimeras.com.do\/index.php\/2026\/04\/19\/luis-el-gallo-pide-unidad-para-controlar-precios-de-alimentos\/","url_meta":{"origin":62592,"position":2},"title":"Luis \u201cEl Gallo\u201d pide unidad para controlar precios de alimentos","author":"Nelson Feliz","date":"19 de abril de 2026","format":false,"excerpt":"El presidente de la Uni\u00f3n Dem\u00f3crata Cristiana -UDC-, Luis Acosta Moreta, Luis \u201cEl Gallo\u201d, pidi\u00f3 hoy al sector empresarial que una sus esfuerzos con el gobierno, para establecer precios asequibles a los comestibles de la canasta familiar. A\u00f1adi\u00f3 que los precios de los art\u00edculos se mantienen por las nubes, alejando\u2026","rel":"","context":"En \u00abPOLITICA\u00bb","block_context":{"text":"POLITICA","link":"https:\/\/lasprimeras.com.do\/index.php\/category\/politica\/"},"img":{"alt_text":"Luis Acosta Moreta","src":"https:\/\/i0.wp.com\/lasprimeras.com.do\/wp-content\/uploads\/2026\/04\/Luis-Acosta-Moreta.jpg?resize=350%2C200&ssl=1","width":350,"height":200,"srcset":"https:\/\/i0.wp.com\/lasprimeras.com.do\/wp-content\/uploads\/2026\/04\/Luis-Acosta-Moreta.jpg?resize=350%2C200&ssl=1 1x, https:\/\/i0.wp.com\/lasprimeras.com.do\/wp-content\/uploads\/2026\/04\/Luis-Acosta-Moreta.jpg?resize=525%2C300&ssl=1 1.5x, https:\/\/i0.wp.com\/lasprimeras.com.do\/wp-content\/uploads\/2026\/04\/Luis-Acosta-Moreta.jpg?resize=700%2C400&ssl=1 2x"},"classes":[]},{"id":126950,"url":"https:\/\/lasprimeras.com.do\/index.php\/2026\/04\/07\/luis-el-gallo-respalda-propuesta-presidente-abinader-de-un-gran-acuerdo-nacional\/","url_meta":{"origin":62592,"position":3},"title":"Luis \u201cEl Gallo\u201d respalda propuesta presidente Abinader de un gran acuerdo nacional","author":"Nelson Feliz","date":"7 de abril de 2026","format":false,"excerpt":"El l\u00edder de la Uni\u00f3n Dem\u00f3crata Cristiana \u2013UDC-, Luis Acosta Moreta, Luis \u201cEl Gallo\u201d, apoy\u00f3 hoy la propuesta del presidente Luis Abinader de propiciar un gran acuerdo nacional para prevenir una crisis econ\u00f3mica, impulsada por problemas internacionales. Felicit\u00f3 y se adhiri\u00f3 a la propuesta del presidente Abinader, e hizo un\u2026","rel":"","context":"En \u00abPOLITICA\u00bb","block_context":{"text":"POLITICA","link":"https:\/\/lasprimeras.com.do\/index.php\/category\/politica\/"},"img":{"alt_text":"Luis Acosta Moreta","src":"https:\/\/i0.wp.com\/lasprimeras.com.do\/wp-content\/uploads\/2025\/07\/Luis-Acosta-Moreta.png?resize=350%2C200&ssl=1","width":350,"height":200},"classes":[]},{"id":120393,"url":"https:\/\/lasprimeras.com.do\/index.php\/2026\/01\/23\/luis-el-gallo-destaca-presidente-abinader-trabaja-para-acabar-con-la-miseria-y-la-corrupcion\/","url_meta":{"origin":62592,"position":4},"title":"Luis \u201cEl Gallo\u201d destaca presidente Abinader trabaja para acabar con la miseria y la corrupci\u00f3n","author":"Nelson Feliz","date":"23 de enero de 2026","format":false,"excerpt":"El l\u00edder de la Uni\u00f3n Dem\u00f3crata Cristiana \u2013UDC-, Luis Acosta Moreta, Luis \u201cEl Gallo\u201d, consider\u00f3 hoy que el presidente Luis Abinader est\u00e1 trabajando a tiempo completo para acabar con la marginalidad social, y mejorar los niveles de vida de la poblaci\u00f3n. Asimismo, se\u00f1al\u00f3 que el mandatario ha dicho en varias\u2026","rel":"","context":"En \u00abPOLITICA\u00bb","block_context":{"text":"POLITICA","link":"https:\/\/lasprimeras.com.do\/index.php\/category\/politica\/"},"img":{"alt_text":"Luis Acosta Moreta","src":"https:\/\/i0.wp.com\/lasprimeras.com.do\/wp-content\/uploads\/2025\/06\/Luis-Acosta-Moreta-1.jpg?resize=350%2C200&ssl=1","width":350,"height":200,"srcset":"https:\/\/i0.wp.com\/lasprimeras.com.do\/wp-content\/uploads\/2025\/06\/Luis-Acosta-Moreta-1.jpg?resize=350%2C200&ssl=1 1x, https:\/\/i0.wp.com\/lasprimeras.com.do\/wp-content\/uploads\/2025\/06\/Luis-Acosta-Moreta-1.jpg?resize=525%2C300&ssl=1 1.5x, https:\/\/i0.wp.com\/lasprimeras.com.do\/wp-content\/uploads\/2025\/06\/Luis-Acosta-Moreta-1.jpg?resize=700%2C400&ssl=1 2x"},"classes":[]},{"id":72969,"url":"https:\/\/lasprimeras.com.do\/index.php\/2024\/01\/04\/luis-el-gallo-agasaja-a-presos-la-victoria\/","url_meta":{"origin":62592,"position":5},"title":"Luis \u201cEl Gallo\u201d agasaja a presos La Victoria","author":"Nelson Feliz","date":"4 de enero de 2024","format":false,"excerpt":"Acosta Moreta pide prevenir la delincuencia ejecutando pol\u00edticas de inclusi\u00f3n social. El presidente de la Uni\u00f3n Dem\u00f3crata Cristiana \u2013UDC-, Luis Acosta Moreta, Luis \u201cEl Gallo\u201d, consider\u00f3 hoy que la mejor prevenci\u00f3n para evitar que las c\u00e1rceles est\u00e9n llenas de violadores de las leyes, es levantar el respeto al derecho del\u2026","rel":"","context":"En \u00abPORTADA\u00bb","block_context":{"text":"PORTADA","link":"https:\/\/lasprimeras.com.do\/index.php\/category\/portada\/"},"img":{"alt_text":"Luis Acosta Moreta","src":"https:\/\/i0.wp.com\/lasprimeras.com.do\/wp-content\/uploads\/2024\/01\/Luis-Acosta-Moreta-1.jpg?resize=350%2C200&ssl=1","width":350,"height":200,"srcset":"https:\/\/i0.wp.com\/lasprimeras.com.do\/wp-content\/uploads\/2024\/01\/Luis-Acosta-Moreta-1.jpg?resize=350%2C200&ssl=1 1x, https:\/\/i0.wp.com\/lasprimeras.com.do\/wp-content\/uploads\/2024\/01\/Luis-Acosta-Moreta-1.jpg?resize=525%2C300&ssl=1 1.5x, https:\/\/i0.wp.com\/lasprimeras.com.do\/wp-content\/uploads\/2024\/01\/Luis-Acosta-Moreta-1.jpg?resize=700%2C400&ssl=1 2x"},"classes":[]}],"jetpack_sharing_enabled":true,"_links":{"self":[{"href":"https:\/\/lasprimeras.com.do\/index.php\/wp-json\/wp\/v2\/posts\/62592","targetHints":{"allow":["GET"]}}],"collection":[{"href":"https:\/\/lasprimeras.com.do\/index.php\/wp-json\/wp\/v2\/posts"}],"about":[{"href":"https:\/\/lasprimeras.com.do\/index.php\/wp-json\/wp\/v2\/types\/post"}],"author":[{"embeddable":true,"href":"https:\/\/lasprimeras.com.do\/index.php\/wp-json\/wp\/v2\/users\/2"}],"replies":[{"embeddable":true,"href":"https:\/\/lasprimeras.com.do\/index.php\/wp-json\/wp\/v2\/comments?post=62592"}],"version-history":[{"count":1,"href":"https:\/\/lasprimeras.com.do\/index.php\/wp-json\/wp\/v2\/posts\/62592\/revisions"}],"predecessor-version":[{"id":62594,"href":"https:\/\/lasprimeras.com.do\/index.php\/wp-json\/wp\/v2\/posts\/62592\/revisions\/62594"}],"wp:featuredmedia":[{"embeddable":true,"href":"https:\/\/lasprimeras.com.do\/index.php\/wp-json\/wp\/v2\/media\/62593"}],"wp:attachment":[{"href":"https:\/\/lasprimeras.com.do\/index.php\/wp-json\/wp\/v2\/media?parent=62592"}],"wp:term":[{"taxonomy":"category","embeddable":true,"href":"https:\/\/lasprimeras.com.do\/index.php\/wp-json\/wp\/v2\/categories?post=62592"},{"taxonomy":"post_tag","embeddable":true,"href":"https:\/\/lasprimeras.com.do\/index.php\/wp-json\/wp\/v2\/tags?post=62592"}],"curies":[{"name":"wp","href":"https:\/\/api.w.org\/{rel}","templated":true}]}}