{"id":62595,"date":"2023-10-05T21:47:04","date_gmt":"2023-10-06T01:47:04","guid":{"rendered":"https:\/\/lasprimeras.com.do\/?p=62595"},"modified":"2023-10-05T21:47:05","modified_gmt":"2023-10-06T01:47:05","slug":"hipolito-mejia-apoya-aspirante-alcaldia-de-pedro-brand","status":"publish","type":"post","link":"https:\/\/lasprimeras.com.do\/index.php\/2023\/10\/05\/hipolito-mejia-apoya-aspirante-alcaldia-de-pedro-brand\/","title":{"rendered":"Hipolito Mej\u00eda apoya aspirante alcald\u00eda de Pedro Brand"},"content":{"rendered":"\n<p>El expresidente Hipolito Mej\u00eda, resalta cualidades del aspirante a alcalde por el municipio Pedro Brand, Margnaury Espinal, para dirigir el ayuntamiento en el a\u00f1o 2024-2028.<\/p>\n\n\n\n<p>Mej\u00eda, expres\u00f3 que Espinal es un pol\u00edtico que no est\u00e1 contaminando y por eso merece ser elegido, adem\u00e1s por ser un joven oriundo de Pedro Brand.<\/p>\n\n\n\n<p>Adem\u00e1s revel\u00f3 que todas las encuestas que se han hecho dan al joven ganador para ser el candidato del Partido Revolucionario Moderno (PRM).<\/p>\n\n\n\n<p>En ese sentido, exhort\u00f3 a todos los ciudadanos del municipio a votar masivamente por el joven pol\u00edtico y tambi\u00e9n actual regidor.<\/p>\n\n\n\n<p>De su lado, Margnaury Espinal, manifest\u00f3 su agradecimiento al ex mandatario y a su familia por su apoyo.<\/p>\n\n\n\n<p>Eapinal se comprometi\u00f3 a no desde aduar a su gente e indic\u00f3 que pertenece a la generaci\u00f3n de pol\u00edticos que trabajan para servir a su pueblo.<\/p>\n","protected":false},"excerpt":{"rendered":"<p>El expresidente Hipolito Mej\u00eda, resalta cualidades del aspirante a alcalde por el municipio Pedro Brand, Margnaury Espinal, para dirigir el ayuntamiento en el a\u00f1o 2024-2028. Mej\u00eda, expres\u00f3 que Espinal es&hellip;<\/p>\n","protected":false},"author":2,"featured_media":62596,"comment_status":"open","ping_status":"open","sticky":false,"template":"","format":"standard","meta":{"content-type":"","jetpack_post_was_ever_published":false,"_jetpack_newsletter_access":"","_jetpack_dont_email_post_to_subs":false,"_jetpack_newsletter_tier_id":0,"_jetpack_memberships_contains_paywalled_content":false,"_jetpack_memberships_contains_paid_content":false,"footnotes":""},"categories":[1],"tags":[8254],"class_list":["post-62595","post","type-post","status-publish","format-standard","has-post-thumbnail","hentry","category-sin-categoria","tag-hipolito-mejia-3"],"jetpack_featured_media_url":"https:\/\/lasprimeras.com.do\/wp-content\/uploads\/2023\/10\/Hipolito-Mejia.jpg","jetpack-related-posts":[{"id":122240,"url":"https:\/\/lasprimeras.com.do\/index.php\/2026\/02\/15\/hipolito-mejia-minimiza-apoyo-a-collado-y-asegura-perdera-mucho-a-poco-de-carolina\/","url_meta":{"origin":62595,"position":0},"title":"Hip\u00f3lito Mej\u00eda minimiza apoyo a Collado y asegura perder\u00e1 mucho a poco de Carolina","author":"Nelson Feliz","date":"15 de febrero de 2026","format":false,"excerpt":"El expresidente Hip\u00f3lito Mej\u00eda asegur\u00f3 hoy que su hija, Carolina Mej\u00eda, derrotar\u00e1 \u201cmucho a poco\u201d al aspirante presidencial David Collado, a quien defini\u00f3 como su m\u00e1s cercano contrincante en la carrera por la nominaci\u00f3n presidencial del Partido Revolucionario Moderno (PRM). En su declaraci\u00f3n, el veterano pol\u00edtico se fue m\u00e1s lejos\u2026","rel":"","context":"En \u00abPOLITICA\u00bb","block_context":{"text":"POLITICA","link":"https:\/\/lasprimeras.com.do\/index.php\/category\/politica\/"},"img":{"alt_text":"Hip\u00f3lito Mej\u00eda","src":"https:\/\/i0.wp.com\/lasprimeras.com.do\/wp-content\/uploads\/2026\/02\/Hipolito-Mejia.jpg?resize=350%2C200&ssl=1","width":350,"height":200,"srcset":"https:\/\/i0.wp.com\/lasprimeras.com.do\/wp-content\/uploads\/2026\/02\/Hipolito-Mejia.jpg?resize=350%2C200&ssl=1 1x, https:\/\/i0.wp.com\/lasprimeras.com.do\/wp-content\/uploads\/2026\/02\/Hipolito-Mejia.jpg?resize=525%2C300&ssl=1 1.5x, https:\/\/i0.wp.com\/lasprimeras.com.do\/wp-content\/uploads\/2026\/02\/Hipolito-Mejia.jpg?resize=700%2C400&ssl=1 2x"},"classes":[]},{"id":110290,"url":"https:\/\/lasprimeras.com.do\/index.php\/2025\/09\/27\/hipolito-mejia-trata-de-endozar-liderazgo-politico-a-su-hija-carolina\/","url_meta":{"origin":62595,"position":1},"title":"Hip\u00f3lito Mej\u00eda trata de endozar liderazgo pol\u00edtico a su hija Carolina","author":"Nelson Feliz","date":"27 de septiembre de 2025","format":false,"excerpt":"El liderazgo pol\u00edtico no se transfiere, reza una m\u00e1xima popular, credo que Hip\u00f3lito Mej\u00eda apuesta a romper para convertir a su hija Carolina Mej\u00eda en la primera presidenta de Rep\u00fablica Dominicana. El expresidente de la Rep\u00fablica est\u00e1 en las calles recorriendo el pa\u00eds para lograr que la alcaldesa del Distrito\u2026","rel":"","context":"En \u00abPOLITICA\u00bb","block_context":{"text":"POLITICA","link":"https:\/\/lasprimeras.com.do\/index.php\/category\/politica\/"},"img":{"alt_text":"","src":"https:\/\/i0.wp.com\/lasprimeras.com.do\/wp-content\/uploads\/2025\/09\/Hipolito-Mejia-y-Carolina-Mejia-1.jpg?resize=350%2C200&ssl=1","width":350,"height":200,"srcset":"https:\/\/i0.wp.com\/lasprimeras.com.do\/wp-content\/uploads\/2025\/09\/Hipolito-Mejia-y-Carolina-Mejia-1.jpg?resize=350%2C200&ssl=1 1x, https:\/\/i0.wp.com\/lasprimeras.com.do\/wp-content\/uploads\/2025\/09\/Hipolito-Mejia-y-Carolina-Mejia-1.jpg?resize=525%2C300&ssl=1 1.5x, https:\/\/i0.wp.com\/lasprimeras.com.do\/wp-content\/uploads\/2025\/09\/Hipolito-Mejia-y-Carolina-Mejia-1.jpg?resize=700%2C400&ssl=1 2x"},"classes":[]},{"id":75859,"url":"https:\/\/lasprimeras.com.do\/index.php\/2024\/02\/05\/ex-presidente-hipolito-mejia-valora-apoyo-del-mnd-a-alcaldesa-carolina-mejia\/","url_meta":{"origin":62595,"position":2},"title":"Ex presidente Hip\u00f3lito Mej\u00eda valora apoyo del MND a alcaldesa Carolina Mej\u00eda\u00a0","author":"Nelson Feliz","date":"5 de febrero de 2024","format":false,"excerpt":"El ex presidente de la Rep\u00fablica, Hip\u00f3lito Mej\u00eda, valor\u00f3 la labor que realiza el Movimiento Nacional Deportivo (MND), que dirige Alberto Rodr\u00edguez Mella, en beneficio de los barrios de esta capital y las provincias que conforman el territorio nacional y reconoci\u00f3 adem\u00e1s, el apoyo brindado por ese sector a la\u2026","rel":"","context":"En \u00abPORTADA\u00bb","block_context":{"text":"PORTADA","link":"https:\/\/lasprimeras.com.do\/index.php\/category\/portada\/"},"img":{"alt_text":"Hipolito y Carolina","src":"https:\/\/i0.wp.com\/lasprimeras.com.do\/wp-content\/uploads\/2024\/02\/Hipolito-y-Carolina-1.jpg?resize=350%2C200&ssl=1","width":350,"height":200,"srcset":"https:\/\/i0.wp.com\/lasprimeras.com.do\/wp-content\/uploads\/2024\/02\/Hipolito-y-Carolina-1.jpg?resize=350%2C200&ssl=1 1x, https:\/\/i0.wp.com\/lasprimeras.com.do\/wp-content\/uploads\/2024\/02\/Hipolito-y-Carolina-1.jpg?resize=525%2C300&ssl=1 1.5x, https:\/\/i0.wp.com\/lasprimeras.com.do\/wp-content\/uploads\/2024\/02\/Hipolito-y-Carolina-1.jpg?resize=700%2C400&ssl=1 2x"},"classes":[]},{"id":110511,"url":"https:\/\/lasprimeras.com.do\/index.php\/2025\/09\/29\/anpa-inaugura-este-martes-su-ix-congreso-nacional-hipolito-mejia\/","url_meta":{"origin":62595,"position":3},"title":"ANPA inaugura este martes su IX Congreso Nacional \u201cHip\u00f3lito Mej\u00eda\u201d","author":"Nelson Feliz","date":"29 de septiembre de 2025","format":false,"excerpt":"La Asociaci\u00f3n Nacional de Profesionales Agropecuarios (ANPA) dejar\u00e1 inaugurado este martes su IX Congreso Nacional \u201cHip\u00f3lito Mej\u00eda\u201d, a celebrarse en el Hotel Coopmarena de Juan Dolio, provincia San Pedro de Macor\u00eds, los d\u00edas 30 de septiembre, 1 y 2 de octubre de 2025. Con el lema \u201cEl agr\u00f3nomo como garante\u2026","rel":"","context":"En \u00abNACIONALES\u00bb","block_context":{"text":"NACIONALES","link":"https:\/\/lasprimeras.com.do\/index.php\/category\/nacionales\/"},"img":{"alt_text":"","src":"https:\/\/i0.wp.com\/lasprimeras.com.do\/wp-content\/uploads\/2025\/09\/Hipolito-Mejia-1.jpg?resize=350%2C200&ssl=1","width":350,"height":200,"srcset":"https:\/\/i0.wp.com\/lasprimeras.com.do\/wp-content\/uploads\/2025\/09\/Hipolito-Mejia-1.jpg?resize=350%2C200&ssl=1 1x, https:\/\/i0.wp.com\/lasprimeras.com.do\/wp-content\/uploads\/2025\/09\/Hipolito-Mejia-1.jpg?resize=525%2C300&ssl=1 1.5x, https:\/\/i0.wp.com\/lasprimeras.com.do\/wp-content\/uploads\/2025\/09\/Hipolito-Mejia-1.jpg?resize=700%2C400&ssl=1 2x"},"classes":[]},{"id":104393,"url":"https:\/\/lasprimeras.com.do\/index.php\/2025\/07\/23\/ultiman-a-ivonne-handal-hermana-de-la-nuera-del-expresidente-hipolito-mejia\/","url_meta":{"origin":62595,"position":4},"title":"Ultiman a Ivonne Handal hermana de la nuera del expresidente Hip\u00f3lito Mej\u00eda","author":"Nelson Feliz","date":"23 de julio de 2025","format":false,"excerpt":"El atacante tiene problemas mentales \u201cEnt\u00e9rate de quien se trata\u201d Ivonne Handal, hermana de la nuera del expresidente Hip\u00f3lito Mej\u00eda, fue ultimada en su apartamento de Naco, supuestamente por un vecino que tiene problemas mentales. Ivonne era hermana de Nancy Handal, la esposa de Felipe Mej\u00eda, el hijo mayor del\u2026","rel":"","context":"En \u00abNACIONALES\u00bb","block_context":{"text":"NACIONALES","link":"https:\/\/lasprimeras.com.do\/index.php\/category\/nacionales\/"},"img":{"alt_text":"","src":"https:\/\/i0.wp.com\/lasprimeras.com.do\/wp-content\/uploads\/2023\/07\/Cuchillo.jpg?resize=350%2C200&ssl=1","width":350,"height":200,"srcset":"https:\/\/i0.wp.com\/lasprimeras.com.do\/wp-content\/uploads\/2023\/07\/Cuchillo.jpg?resize=350%2C200&ssl=1 1x, https:\/\/i0.wp.com\/lasprimeras.com.do\/wp-content\/uploads\/2023\/07\/Cuchillo.jpg?resize=525%2C300&ssl=1 1.5x"},"classes":[]},{"id":122902,"url":"https:\/\/lasprimeras.com.do\/index.php\/2026\/02\/23\/hipolito-mejia-apoya-las-demandas-de-los-profesionales-agropecuarios\/","url_meta":{"origin":62595,"position":5},"title":"Hip\u00f3lito Mej\u00eda apoya las demandas de los profesionales agropecuarios","author":"Nelson Feliz","date":"23 de febrero de 2026","format":false,"excerpt":"Mej\u00eda se compromete a transmitirlas al presidente Luis Abinader. El expresidente de la Rep\u00fablica, Hip\u00f3lito Mej\u00eda, expres\u00f3 este lunes su respaldo a las demandas de los profesionales agropecuarios dominicanos y se comprometi\u00f3 a transmitirlas personalmente al presidente de la Rep\u00fablica, Luis Abinader. La afirmaci\u00f3n fue realizada por el Pleno Nacional\u2026","rel":"","context":"En \u00abPOLITICA\u00bb","block_context":{"text":"POLITICA","link":"https:\/\/lasprimeras.com.do\/index.php\/category\/politica\/"},"img":{"alt_text":"Tito Hern\u00e1ndez","src":"https:\/\/i0.wp.com\/lasprimeras.com.do\/wp-content\/uploads\/2026\/02\/Tito-Hernandez.jpg?resize=350%2C200&ssl=1","width":350,"height":200,"srcset":"https:\/\/i0.wp.com\/lasprimeras.com.do\/wp-content\/uploads\/2026\/02\/Tito-Hernandez.jpg?resize=350%2C200&ssl=1 1x, https:\/\/i0.wp.com\/lasprimeras.com.do\/wp-content\/uploads\/2026\/02\/Tito-Hernandez.jpg?resize=525%2C300&ssl=1 1.5x, https:\/\/i0.wp.com\/lasprimeras.com.do\/wp-content\/uploads\/2026\/02\/Tito-Hernandez.jpg?resize=700%2C400&ssl=1 2x"},"classes":[]}],"jetpack_sharing_enabled":true,"_links":{"self":[{"href":"https:\/\/lasprimeras.com.do\/index.php\/wp-json\/wp\/v2\/posts\/62595","targetHints":{"allow":["GET"]}}],"collection":[{"href":"https:\/\/lasprimeras.com.do\/index.php\/wp-json\/wp\/v2\/posts"}],"about":[{"href":"https:\/\/lasprimeras.com.do\/index.php\/wp-json\/wp\/v2\/types\/post"}],"author":[{"embeddable":true,"href":"https:\/\/lasprimeras.com.do\/index.php\/wp-json\/wp\/v2\/users\/2"}],"replies":[{"embeddable":true,"href":"https:\/\/lasprimeras.com.do\/index.php\/wp-json\/wp\/v2\/comments?post=62595"}],"version-history":[{"count":1,"href":"https:\/\/lasprimeras.com.do\/index.php\/wp-json\/wp\/v2\/posts\/62595\/revisions"}],"predecessor-version":[{"id":62597,"href":"https:\/\/lasprimeras.com.do\/index.php\/wp-json\/wp\/v2\/posts\/62595\/revisions\/62597"}],"wp:featuredmedia":[{"embeddable":true,"href":"https:\/\/lasprimeras.com.do\/index.php\/wp-json\/wp\/v2\/media\/62596"}],"wp:attachment":[{"href":"https:\/\/lasprimeras.com.do\/index.php\/wp-json\/wp\/v2\/media?parent=62595"}],"wp:term":[{"taxonomy":"category","embeddable":true,"href":"https:\/\/lasprimeras.com.do\/index.php\/wp-json\/wp\/v2\/categories?post=62595"},{"taxonomy":"post_tag","embeddable":true,"href":"https:\/\/lasprimeras.com.do\/index.php\/wp-json\/wp\/v2\/tags?post=62595"}],"curies":[{"name":"wp","href":"https:\/\/api.w.org\/{rel}","templated":true}]}}