{"id":62603,"date":"2023-10-05T22:13:01","date_gmt":"2023-10-06T02:13:01","guid":{"rendered":"https:\/\/lasprimeras.com.do\/?p=62603"},"modified":"2023-10-05T22:13:03","modified_gmt":"2023-10-06T02:13:03","slug":"trasciende-pld-fp-y-rescate-rd-llevarian-a-fermin-brito-como-candidato-alcalde-en-boca-chica","status":"publish","type":"post","link":"https:\/\/lasprimeras.com.do\/index.php\/2023\/10\/05\/trasciende-pld-fp-y-rescate-rd-llevarian-a-fermin-brito-como-candidato-alcalde-en-boca-chica\/","title":{"rendered":"Trasciende PLD, FP y Rescate RD llevar\u00edan a Ferm\u00edn Brito como candidato alcalde en Boca Chica"},"content":{"rendered":"\n<p>Una fuente al m\u00e1s alto nivel del partido Fuerza del Pueblo (FP) revel\u00f3 que esa organizaci\u00f3n y el Partido de la Liberaci\u00f3n Dominicana (PLD) llegaron a un acuerdo electoral en el municipio Boca Chica, en el que se establece que el actual alcalde de esa demacraci\u00f3n, ser\u00eda Ferm\u00edn Brito y que tambi\u00e9n lo apoyar\u00e1n todos los partidos que conforman la alianza Rescate RD y otros aliados del la FP.<\/p>\n\n\n\n<p>Seg\u00fan el informante, dicha alianza ya est\u00e1 definida y en los pr\u00f3ximos d\u00edas se estar\u00eda anunciando en Boca Chica el apoyo de manera formal de la FP a la candidatura a alcalde del ingeniero Ferm\u00edn Brito, que es del PLD.<\/p>\n\n\n\n<p>Tambi\u00e9n se da por seguro que a la candidatura de Brito se sumar\u00e1n m\u00e1s de 10 partidos emergentes pertenecientes al bloque opositor RD.<\/p>\n\n\n\n<p>\u201cCon este apoyo a Brito, m\u00e1s la divisi\u00f3n interna que se observa en el PRM de Boca Chica, no habr\u00e1 forma de que en estos comicios municipales de este municipio\u201d, el partido gobernante salga vencedor\u201d, destac\u00f3 el alto miembro de la Direcci\u00f3n Pol\u00edtica de la FP.<\/p>\n\n\n\n<p>Otro dato interesante al que tuvo acceso este redactor es que un nutrido grupo de perreme\u00edstas disgustados con el accionar negativo y por las imposiciones de esa organizaci\u00f3n en el pasado proceso electoral interno, prepara sus maletas para ir apoyar lo que ellos denominan alianza invencible en el municipio.<\/p>\n\n\n\n<p>La mayor\u00eda de esos dirigentes y militantes del PRM en Boca Chica participaron en las primarias del domingo, pero no resultaron electos por los supuestos cuantiosos recursos que se utilizaron para hacer variar los resultados, dijeron.<\/p>\n\n\n\n<p>\u201cNosotros estamos muy disgustados por el manejo incorrecto de las primarias y porque estas claramente se hicieron para favorecer la candidatura a alcalde de un extra partido que no ha aportado nada a nuestra organizaci\u00f3n\u201d, puntualizaron.<\/p>\n\n\n\n<p>Adem\u00e1s, se nos inform\u00f3 que de acuerdo a las encuestas y ahora con la concertaci\u00f3n PLD FP, el candidato Ferm\u00edn Brito, podr\u00eda ganar las elecciones municipales con m\u00e1s de 50%, ya que con solo hacer el anuncio de su proclamaci\u00f3n sectores sociales se integrar\u00edan para conformar un plan de acci\u00f3n a favor del desarrollo del municipio.<\/p>\n\n\n\n<p>\u201cTenemos varias encuestas que reflejan que Brito si va unificado gana con facilidad\u201d, agreg\u00f3 nuestra fuente.<\/p>\n\n\n\n<p>Autor Francis P\u00e9rez<\/p>\n","protected":false},"excerpt":{"rendered":"<p>Una fuente al m\u00e1s alto nivel del partido Fuerza del Pueblo (FP) revel\u00f3 que esa organizaci\u00f3n y el Partido de la Liberaci\u00f3n Dominicana (PLD) llegaron a un acuerdo electoral en&hellip;<\/p>\n","protected":false},"author":2,"featured_media":61574,"comment_status":"open","ping_status":"open","sticky":false,"template":"","format":"standard","meta":{"content-type":"","jetpack_post_was_ever_published":false,"_jetpack_newsletter_access":"","_jetpack_dont_email_post_to_subs":false,"_jetpack_newsletter_tier_id":0,"_jetpack_memberships_contains_paywalled_content":false,"_jetpack_memberships_contains_paid_content":false,"footnotes":""},"categories":[1],"tags":[161,2703,1526,7646,79,269,6791],"class_list":["post-62603","post","type-post","status-publish","format-standard","has-post-thumbnail","hentry","category-sin-categoria","tag-alcalde","tag-boca-chica","tag-candidato","tag-fermin-brito","tag-fp","tag-pld","tag-rescate-rd"],"jetpack_featured_media_url":"https:\/\/lasprimeras.com.do\/wp-content\/uploads\/2023\/09\/Fermin-Brito-1.jpg","jetpack-related-posts":[{"id":61573,"url":"https:\/\/lasprimeras.com.do\/index.php\/2023\/09\/28\/pld-anuncia-multitudinario-acto-de-proclamacion-candidatura-en-boca-chica\/","url_meta":{"origin":62603,"position":0},"title":"PLD anuncia multitudinario acto de proclamaci\u00f3n candidatura en Boca Chica","author":"Nelson Feliz","date":"28 de septiembre de 2023","format":false,"excerpt":"El alcalde del Partido de la Liberaci\u00f3n Dominicana (PLD) en este municipio tur\u00edstico, Ferm\u00edn Brito, ser\u00e1 proclamado este s\u00e1bado 30 de septiembre, en una multitudinaria concentraci\u00f3n que se realizar\u00e1 a las 3:00 de la tarde en los alrededores del parque La Maquinita, en Andr\u00e9s Boca Chica. Ferm\u00edn Brito, quien aparece\u2026","rel":"","context":"En \u00abPORTADA\u00bb","block_context":{"text":"PORTADA","link":"https:\/\/lasprimeras.com.do\/index.php\/category\/portada\/"},"img":{"alt_text":"Fermin Brito","src":"https:\/\/i0.wp.com\/lasprimeras.com.do\/wp-content\/uploads\/2023\/09\/Fermin-Brito-1.jpg?resize=350%2C200&ssl=1","width":350,"height":200,"srcset":"https:\/\/i0.wp.com\/lasprimeras.com.do\/wp-content\/uploads\/2023\/09\/Fermin-Brito-1.jpg?resize=350%2C200&ssl=1 1x, https:\/\/i0.wp.com\/lasprimeras.com.do\/wp-content\/uploads\/2023\/09\/Fermin-Brito-1.jpg?resize=525%2C300&ssl=1 1.5x"},"classes":[]},{"id":75592,"url":"https:\/\/lasprimeras.com.do\/index.php\/2024\/02\/02\/daniel-ozuna-se-perfila-como-el-favorito-para-ganar-la-alcaldia-de-boca-chica\/","url_meta":{"origin":62603,"position":1},"title":"Daniel Ozuna se perfila como el favorito para ganar la alcald\u00eda de Boca Chica\u00a0\u00a0\u00a0\u00a0\u00a0\u00a0\u00a0\u00a0\u00a0\u00a0\u00a0","author":"Nelson Feliz","date":"2 de febrero de 2024","format":false,"excerpt":"Boca Chica.-. El candidato a alcalde por la Alianza Rescate RD, Ingeniero Daniel Ozuna, declar\u00f3 hoy que las encuestas que han realizado los partidos pol\u00edticos en esa localidad, lo colocan como el favorito para ganar la alcald\u00eda del municipio Boca Chica. Ozuna, se consolida en primer lugar con un 41%,\u2026","rel":"","context":"En \u00abPORTADA\u00bb","block_context":{"text":"PORTADA","link":"https:\/\/lasprimeras.com.do\/index.php\/category\/portada\/"},"img":{"alt_text":"Daniel Ozuna","src":"https:\/\/i0.wp.com\/lasprimeras.com.do\/wp-content\/uploads\/2024\/02\/Daniel-Ozuna.jpg?resize=350%2C200&ssl=1","width":350,"height":200,"srcset":"https:\/\/i0.wp.com\/lasprimeras.com.do\/wp-content\/uploads\/2024\/02\/Daniel-Ozuna.jpg?resize=350%2C200&ssl=1 1x, https:\/\/i0.wp.com\/lasprimeras.com.do\/wp-content\/uploads\/2024\/02\/Daniel-Ozuna.jpg?resize=525%2C300&ssl=1 1.5x"},"classes":[]},{"id":74593,"url":"https:\/\/lasprimeras.com.do\/index.php\/2024\/01\/24\/prd-y-fp-proclaman-a-daniel-ozuna-candidato-alcalde-por-boca-chica\/","url_meta":{"origin":62603,"position":2},"title":"PRD y FP proclaman a Daniel Ozuna candidato alcalde por Boca Chica","author":"Nelson Feliz","date":"24 de enero de 2024","format":false,"excerpt":"Juramentan comando de campa\u00f1a de la Alianza Rescate RD Boca Chica.-. El candidato a alcalde por los Partidos Revolucionario Dominicano y Fuerza del Pueblo, a trav\u00e9s de la \u201cAlianza Rescate RD\u201d, Ing. Daniel Ozuna, inaugur\u00f3 este mi\u00e9rcoles su Comando de Campa\u00f1a ubicado en la Calle Duarte del sector Andr\u00e9s -\u2026","rel":"","context":"En \u00abPORTADA\u00bb","block_context":{"text":"PORTADA","link":"https:\/\/lasprimeras.com.do\/index.php\/category\/portada\/"},"img":{"alt_text":"Daniel Ozuna","src":"https:\/\/i0.wp.com\/lasprimeras.com.do\/wp-content\/uploads\/2024\/01\/Daniel-Ozuna-1-1.jpg?resize=350%2C200&ssl=1","width":350,"height":200,"srcset":"https:\/\/i0.wp.com\/lasprimeras.com.do\/wp-content\/uploads\/2024\/01\/Daniel-Ozuna-1-1.jpg?resize=350%2C200&ssl=1 1x, https:\/\/i0.wp.com\/lasprimeras.com.do\/wp-content\/uploads\/2024\/01\/Daniel-Ozuna-1-1.jpg?resize=525%2C300&ssl=1 1.5x"},"classes":[]},{"id":53597,"url":"https:\/\/lasprimeras.com.do\/index.php\/2023\/06\/28\/presidente-abinader-reserva-candidatura-de-ramon-candelaria-y-jeison-castillo-en-boca-chica\/","url_meta":{"origin":62603,"position":3},"title":"Presidente Abinader reserva candidatura de Ram\u00f3n Candelaria y Jeison Castillo en Boca Chica","author":"Nelson Feliz","date":"28 de junio de 2023","format":false,"excerpt":"El Partido Revolucionario Moderno (PRM) se reserva la candidatura a la Alcald\u00eda en el Municipio Boca Chica, el cual ser\u00e1 el relevo del alcalde Ferm\u00edn Brito Rinc\u00f3n, del PLD. Se trata del empresario y propietario del Bocana Restaurant, Ram\u00f3n Candelaria, quien en los \u00faltimos meses se ha visto muy activo\u2026","rel":"","context":"En \u00abPORTADA\u00bb","block_context":{"text":"PORTADA","link":"https:\/\/lasprimeras.com.do\/index.php\/category\/portada\/"},"img":{"alt_text":"","src":"https:\/\/i0.wp.com\/lasprimeras.com.do\/wp-content\/uploads\/2023\/06\/candelaria-2.jpg?resize=350%2C200&ssl=1","width":350,"height":200,"srcset":"https:\/\/i0.wp.com\/lasprimeras.com.do\/wp-content\/uploads\/2023\/06\/candelaria-2.jpg?resize=350%2C200&ssl=1 1x, https:\/\/i0.wp.com\/lasprimeras.com.do\/wp-content\/uploads\/2023\/06\/candelaria-2.jpg?resize=525%2C300&ssl=1 1.5x, https:\/\/i0.wp.com\/lasprimeras.com.do\/wp-content\/uploads\/2023\/06\/candelaria-2.jpg?resize=700%2C400&ssl=1 2x"},"classes":[]},{"id":72666,"url":"https:\/\/lasprimeras.com.do\/index.php\/2024\/01\/02\/muere-madre-del-alcalde-de-boca-chica-fermin-brito\/","url_meta":{"origin":62603,"position":4},"title":"Muere madre del alcalde de Boca Chica Ferm\u00edn Brito","author":"Nelson Feliz","date":"2 de enero de 2024","format":false,"excerpt":"Falleci\u00f3 el pasado lunes la madre del alcalde de Boca Chica, ingeniero Ferm\u00edn Brito Rinc\u00f3n, a los 93 a\u00f1os de edad. Do\u00f1a Esther Luc\u00eda Rinc\u00f3n estuvo d\u00edas antes internada en un centro asistencial de este municipio. Sus restos est\u00e1n siendo velados en la Funeraria San Andr\u00e9s, ubicada en la calle\u2026","rel":"","context":"En \u00abNACIONALES\u00bb","block_context":{"text":"NACIONALES","link":"https:\/\/lasprimeras.com.do\/index.php\/category\/nacionales\/"},"img":{"alt_text":"","src":"","width":0,"height":0},"classes":[]},{"id":74499,"url":"https:\/\/lasprimeras.com.do\/index.php\/2024\/01\/23\/alcalde-de-bc-pide-intervencion-del-presidente-abinader-ante-amenazas-de-desalojar-a-15-mil-familias\/","url_meta":{"origin":62603,"position":5},"title":"Alcalde de BC pide intervenci\u00f3n del Presidente Abinader ante amenazas de desalojar a 15 mil familias","author":"Nelson Feliz","date":"23 de enero de 2024","format":false,"excerpt":"El alcalde del Municipio de Boca Chica, ingeniero Ferm\u00edn Brito Rinc\u00f3n, pidi\u00f3 al presidente de la Rep\u00fablica Luis Abinader impedir que m\u00e1s de 15 mil familias de clase pobre que residen en distintas parcelas sean desalojadas. Ferm\u00edn Brito explic\u00f3 que unas 60 Juntas de Vecinos del Municipio de Boca Chica,\u2026","rel":"","context":"En \u00abNACIONALES\u00bb","block_context":{"text":"NACIONALES","link":"https:\/\/lasprimeras.com.do\/index.php\/category\/nacionales\/"},"img":{"alt_text":"FERMIN BRITO","src":"https:\/\/i0.wp.com\/lasprimeras.com.do\/wp-content\/uploads\/2024\/01\/FERMIN-BRITO.jpg?resize=350%2C200&ssl=1","width":350,"height":200,"srcset":"https:\/\/i0.wp.com\/lasprimeras.com.do\/wp-content\/uploads\/2024\/01\/FERMIN-BRITO.jpg?resize=350%2C200&ssl=1 1x, https:\/\/i0.wp.com\/lasprimeras.com.do\/wp-content\/uploads\/2024\/01\/FERMIN-BRITO.jpg?resize=525%2C300&ssl=1 1.5x, https:\/\/i0.wp.com\/lasprimeras.com.do\/wp-content\/uploads\/2024\/01\/FERMIN-BRITO.jpg?resize=700%2C400&ssl=1 2x"},"classes":[]}],"jetpack_sharing_enabled":true,"_links":{"self":[{"href":"https:\/\/lasprimeras.com.do\/index.php\/wp-json\/wp\/v2\/posts\/62603","targetHints":{"allow":["GET"]}}],"collection":[{"href":"https:\/\/lasprimeras.com.do\/index.php\/wp-json\/wp\/v2\/posts"}],"about":[{"href":"https:\/\/lasprimeras.com.do\/index.php\/wp-json\/wp\/v2\/types\/post"}],"author":[{"embeddable":true,"href":"https:\/\/lasprimeras.com.do\/index.php\/wp-json\/wp\/v2\/users\/2"}],"replies":[{"embeddable":true,"href":"https:\/\/lasprimeras.com.do\/index.php\/wp-json\/wp\/v2\/comments?post=62603"}],"version-history":[{"count":1,"href":"https:\/\/lasprimeras.com.do\/index.php\/wp-json\/wp\/v2\/posts\/62603\/revisions"}],"predecessor-version":[{"id":62604,"href":"https:\/\/lasprimeras.com.do\/index.php\/wp-json\/wp\/v2\/posts\/62603\/revisions\/62604"}],"wp:featuredmedia":[{"embeddable":true,"href":"https:\/\/lasprimeras.com.do\/index.php\/wp-json\/wp\/v2\/media\/61574"}],"wp:attachment":[{"href":"https:\/\/lasprimeras.com.do\/index.php\/wp-json\/wp\/v2\/media?parent=62603"}],"wp:term":[{"taxonomy":"category","embeddable":true,"href":"https:\/\/lasprimeras.com.do\/index.php\/wp-json\/wp\/v2\/categories?post=62603"},{"taxonomy":"post_tag","embeddable":true,"href":"https:\/\/lasprimeras.com.do\/index.php\/wp-json\/wp\/v2\/tags?post=62603"}],"curies":[{"name":"wp","href":"https:\/\/api.w.org\/{rel}","templated":true}]}}