{"id":62605,"date":"2023-10-05T22:15:29","date_gmt":"2023-10-06T02:15:29","guid":{"rendered":"https:\/\/lasprimeras.com.do\/?p=62605"},"modified":"2023-10-05T22:15:31","modified_gmt":"2023-10-06T02:15:31","slug":"jose-andujar-hablara-manana-viernes-a-las-7-de-la-noche","status":"publish","type":"post","link":"https:\/\/lasprimeras.com.do\/index.php\/2023\/10\/05\/jose-andujar-hablara-manana-viernes-a-las-7-de-la-noche\/","title":{"rendered":"Jos\u00e9 And\u00fajar hablar\u00e1 ma\u00f1ana viernes a las 7 de la noche"},"content":{"rendered":"\n<p>El alcalde del municipio Santo Domingo Oeste, Jos\u00e9 And\u00fajar, anunci\u00f3 que este viernes 6 de octubre a las 7 de la noche fijar\u00e1 una posici\u00f3n sobre su participaci\u00f3n en las pasadas primarias del Partido Revolucionario Moderno (PRM) donde compiti\u00f3 por la candidatura.<\/p>\n\n\n\n<p>La informaci\u00f3n And\u00fajar la dio a conocer a trav\u00e9s de sus redes sociales en un breve mensaje, canales que ser\u00e1 utilizado por el candidato para anunciar su posici\u00f3n y pr\u00f3ximas acciones en la pol\u00edtica.<\/p>\n\n\n\n<p>Se recuerda que tras el proceso interno se ha especulado sobre cu\u00e1les ser\u00edan los pr\u00f3ximos pasos en la pol\u00edtica que dar\u00e1 And\u00fajar, luego de convertirse en el segundo candidato m\u00e1s votado en esa plaza.<\/p>\n","protected":false},"excerpt":{"rendered":"<p>El alcalde del municipio Santo Domingo Oeste, Jos\u00e9 And\u00fajar, anunci\u00f3 que este viernes 6 de octubre a las 7 de la noche fijar\u00e1 una posici\u00f3n sobre su participaci\u00f3n en las&hellip;<\/p>\n","protected":false},"author":2,"featured_media":55128,"comment_status":"open","ping_status":"open","sticky":false,"template":"","format":"standard","meta":{"content-type":"","jetpack_post_was_ever_published":false,"_jetpack_newsletter_access":"","_jetpack_dont_email_post_to_subs":false,"_jetpack_newsletter_tier_id":0,"_jetpack_memberships_contains_paywalled_content":false,"_jetpack_memberships_contains_paid_content":false,"footnotes":""},"categories":[1],"tags":[8257],"class_list":["post-62605","post","type-post","status-publish","format-standard","has-post-thumbnail","hentry","category-sin-categoria","tag-jose-andujar"],"jetpack_featured_media_url":"https:\/\/lasprimeras.com.do\/wp-content\/uploads\/2023\/07\/Monsenor-Faustino-Cruz-Ing.-Felipe-Subervi-Fellito-Dir.-CAASD-y-Jose-Andujar-alcalde-SDO.jpg","jetpack-related-posts":[{"id":125487,"url":"https:\/\/lasprimeras.com.do\/index.php\/2026\/03\/23\/director-de-la-policia-asiste-a-velatorio-de-raso-caido-en-servicio\/","url_meta":{"origin":62605,"position":0},"title":"Director de la Polic\u00eda asiste a velatorio de raso ca\u00eddo en servicio","author":"Nelson Feliz","date":"23 de marzo de 2026","format":false,"excerpt":"-Expresa condolencias y solidaridad a familiares, amigos y allegados. El director general de la Polic\u00eda Nacional, mayor general Andr\u00e9s Modesto Cruz Cruz, se traslad\u00f3 junto al alto mando de la instituci\u00f3n al sector Villa Progreso, en la provincia San Crist\u00f3bal, para asistir al velatorio del raso Dary Daniel And\u00fajar P\u00e9rez,\u2026","rel":"","context":"En \u00abMILITARES\u00bb","block_context":{"text":"MILITARES","link":"https:\/\/lasprimeras.com.do\/index.php\/category\/militares\/"},"img":{"alt_text":"","src":"https:\/\/i0.wp.com\/lasprimeras.com.do\/wp-content\/uploads\/2026\/03\/jefe-PN.jpg?resize=350%2C200&ssl=1","width":350,"height":200,"srcset":"https:\/\/i0.wp.com\/lasprimeras.com.do\/wp-content\/uploads\/2026\/03\/jefe-PN.jpg?resize=350%2C200&ssl=1 1x, https:\/\/i0.wp.com\/lasprimeras.com.do\/wp-content\/uploads\/2026\/03\/jefe-PN.jpg?resize=525%2C300&ssl=1 1.5x"},"classes":[]},{"id":121269,"url":"https:\/\/lasprimeras.com.do\/index.php\/2026\/02\/02\/dan-a-conocer-programa-docente-y-actividades-de-cultura-dominicana-en-nueva-york-y-nueva-jersey\/","url_meta":{"origin":62605,"position":1},"title":"Dan a conocer programa docente y actividades de Cultura Dominicana en Nueva York y Nueva Jersey","author":"Nelson Feliz","date":"2 de febrero de 2026","format":false,"excerpt":"NUEVA YORK. \u2013 En el marco de la celebraci\u00f3n del Mes de la Patria Dominicana, la Direcci\u00f3n de Cultura Dominicana en el Exterior dio a conocer un amplio programa docente y agenda de actividades culturales a desarrollarse en sus sedes de Nueva York y Nueva Jersey, en su firme compromiso\u2026","rel":"","context":"En \u00abENTRETENIMIENTO\u00bb","block_context":{"text":"ENTRETENIMIENTO","link":"https:\/\/lasprimeras.com.do\/index.php\/category\/entretenimiento\/"},"img":{"alt_text":"Cultura Dominicana","src":"https:\/\/i0.wp.com\/lasprimeras.com.do\/wp-content\/uploads\/2026\/02\/Cultura-Dominicana.jpg?resize=350%2C200&ssl=1","width":350,"height":200,"srcset":"https:\/\/i0.wp.com\/lasprimeras.com.do\/wp-content\/uploads\/2026\/02\/Cultura-Dominicana.jpg?resize=350%2C200&ssl=1 1x, https:\/\/i0.wp.com\/lasprimeras.com.do\/wp-content\/uploads\/2026\/02\/Cultura-Dominicana.jpg?resize=525%2C300&ssl=1 1.5x, https:\/\/i0.wp.com\/lasprimeras.com.do\/wp-content\/uploads\/2026\/02\/Cultura-Dominicana.jpg?resize=700%2C400&ssl=1 2x"},"classes":[]},{"id":73921,"url":"https:\/\/lasprimeras.com.do\/index.php\/2024\/01\/17\/carolina-duarte-lanza-su-candidatura-a-regidora-por-el-municipio-sdo\/","url_meta":{"origin":62605,"position":2},"title":"Carolina Duarte lanza su candidatura a regidora por el municipio SDO","author":"Nelson Feliz","date":"17 de enero de 2024","format":false,"excerpt":"Francisco Pe\u00f1a y Jos\u00e9 And\u00fajar dan respaldo a Carolina Duarte como regidora Con la presencia del candidato alcalde por el municipio Francisco Pe\u00f1a y el actual alcalde Jos\u00e9 And\u00fajar y los principales lideres pol\u00edtico de esta demarcaci\u00f3n, Carolina Duarte lanza su candidatura a regidora por en la alianza entre el\u2026","rel":"","context":"En \u00abSin categor\u00eda\u00bb","block_context":{"text":"Sin categor\u00eda","link":"https:\/\/lasprimeras.com.do\/index.php\/category\/sin-categoria\/"},"img":{"alt_text":"Carolina Duarte","src":"https:\/\/i0.wp.com\/lasprimeras.com.do\/wp-content\/uploads\/2024\/01\/Carolina-Duarte-1.jpg?resize=350%2C200&ssl=1","width":350,"height":200,"srcset":"https:\/\/i0.wp.com\/lasprimeras.com.do\/wp-content\/uploads\/2024\/01\/Carolina-Duarte-1.jpg?resize=350%2C200&ssl=1 1x, https:\/\/i0.wp.com\/lasprimeras.com.do\/wp-content\/uploads\/2024\/01\/Carolina-Duarte-1.jpg?resize=525%2C300&ssl=1 1.5x, https:\/\/i0.wp.com\/lasprimeras.com.do\/wp-content\/uploads\/2024\/01\/Carolina-Duarte-1.jpg?resize=700%2C400&ssl=1 2x"},"classes":[]},{"id":92471,"url":"https:\/\/lasprimeras.com.do\/index.php\/2025\/01\/04\/licey-vence-a-las-estrellas-4-3\/","url_meta":{"origin":62605,"position":3},"title":"Licey vence a las Estrellas 4-3","author":"Nelson Feliz","date":"4 de enero de 2025","format":false,"excerpt":"Ambos equipos tienen marca ahora de 2-1 en la primera posici\u00f3n de la semifinal round robin Miguel And\u00fajar dispar\u00f3 un sencillo de dos carreras en el d\u00e9cimo episodio y Jean Carlos Mej\u00eda complet\u00f3 un intenso relevo para darle a los Tigres del Licey una victoria 4-3 la noche de este\u2026","rel":"","context":"En \u00abDEPORTES\u00bb","block_context":{"text":"DEPORTES","link":"https:\/\/lasprimeras.com.do\/index.php\/category\/deportes\/"},"img":{"alt_text":"","src":"https:\/\/i0.wp.com\/lasprimeras.com.do\/wp-content\/uploads\/2025\/01\/ANDUJAR.jpg?resize=350%2C200&ssl=1","width":350,"height":200,"srcset":"https:\/\/i0.wp.com\/lasprimeras.com.do\/wp-content\/uploads\/2025\/01\/ANDUJAR.jpg?resize=350%2C200&ssl=1 1x, https:\/\/i0.wp.com\/lasprimeras.com.do\/wp-content\/uploads\/2025\/01\/ANDUJAR.jpg?resize=525%2C300&ssl=1 1.5x, https:\/\/i0.wp.com\/lasprimeras.com.do\/wp-content\/uploads\/2025\/01\/ANDUJAR.jpg?resize=700%2C400&ssl=1 2x"},"classes":[]},{"id":54055,"url":"https:\/\/lasprimeras.com.do\/index.php\/2023\/07\/06\/francisco-pena-y-elias-baez-serian-los-favoritos-para-la-alcaldia-de-sdo\/","url_meta":{"origin":62605,"position":4},"title":"Francisco Pe\u00f1a y El\u00edas B\u00e1ez ser\u00edan los favoritos para la alcald\u00eda de SDO","author":"Nelson Feliz","date":"6 de julio de 2023","format":false,"excerpt":"\u0619El exalcalde por Santo Domingo Oeste (SDO), Francisco Pe\u00f1a y el diputado El\u00edas B\u00e1ez, ambos del Partido Revolucionario Moderno (PRM), ser\u00edan los favoritos para medirse a la alcald\u00eda de este municipio en las elecciones municipales de febrero de 2024, esto seg\u00fan los resultados de una encuesta. De acuerdo con el\u2026","rel":"","context":"En \u00abPORTADA\u00bb","block_context":{"text":"PORTADA","link":"https:\/\/lasprimeras.com.do\/index.php\/category\/portada\/"},"img":{"alt_text":"Francisco Pe\u00f1a y El\u00edas B\u00e1ez","src":"https:\/\/i0.wp.com\/lasprimeras.com.do\/wp-content\/uploads\/2023\/07\/Francisco-Pena-y-Elias-Baez.jpg?resize=350%2C200&ssl=1","width":350,"height":200},"classes":[]},{"id":48907,"url":"https:\/\/lasprimeras.com.do\/index.php\/2023\/05\/05\/radhames-gonzalez-dice-no-aspira-a-la-alcaldia-de-sdo\/","url_meta":{"origin":62605,"position":5},"title":"Radham\u00e9s Gonz\u00e1lez dice no aspira a la alcald\u00eda de SDO","author":"prenxa100","date":"5 de mayo de 2023","format":false,"excerpt":"Santo Domingo.- El exdiputado y dirigente de Partido Revolucionario Moderno (PRM), Radham\u00e9s Gonz\u00e1lez, inform\u00f3 que no est\u00e1 aspirando a la candidatura a alcalde por el municipio de Santo Domingo Oeste para las elecciones de 2024. \"Yo particularmente he decidido renunciar a verme m\u00e1s en un afiche\", as\u00ed se expres\u00f3 el\u2026","rel":"","context":"En \u00abSin categor\u00eda\u00bb","block_context":{"text":"Sin categor\u00eda","link":"https:\/\/lasprimeras.com.do\/index.php\/category\/sin-categoria\/"},"img":{"alt_text":"","src":"","width":0,"height":0},"classes":[]}],"jetpack_sharing_enabled":true,"_links":{"self":[{"href":"https:\/\/lasprimeras.com.do\/index.php\/wp-json\/wp\/v2\/posts\/62605","targetHints":{"allow":["GET"]}}],"collection":[{"href":"https:\/\/lasprimeras.com.do\/index.php\/wp-json\/wp\/v2\/posts"}],"about":[{"href":"https:\/\/lasprimeras.com.do\/index.php\/wp-json\/wp\/v2\/types\/post"}],"author":[{"embeddable":true,"href":"https:\/\/lasprimeras.com.do\/index.php\/wp-json\/wp\/v2\/users\/2"}],"replies":[{"embeddable":true,"href":"https:\/\/lasprimeras.com.do\/index.php\/wp-json\/wp\/v2\/comments?post=62605"}],"version-history":[{"count":1,"href":"https:\/\/lasprimeras.com.do\/index.php\/wp-json\/wp\/v2\/posts\/62605\/revisions"}],"predecessor-version":[{"id":62606,"href":"https:\/\/lasprimeras.com.do\/index.php\/wp-json\/wp\/v2\/posts\/62605\/revisions\/62606"}],"wp:featuredmedia":[{"embeddable":true,"href":"https:\/\/lasprimeras.com.do\/index.php\/wp-json\/wp\/v2\/media\/55128"}],"wp:attachment":[{"href":"https:\/\/lasprimeras.com.do\/index.php\/wp-json\/wp\/v2\/media?parent=62605"}],"wp:term":[{"taxonomy":"category","embeddable":true,"href":"https:\/\/lasprimeras.com.do\/index.php\/wp-json\/wp\/v2\/categories?post=62605"},{"taxonomy":"post_tag","embeddable":true,"href":"https:\/\/lasprimeras.com.do\/index.php\/wp-json\/wp\/v2\/tags?post=62605"}],"curies":[{"name":"wp","href":"https:\/\/api.w.org\/{rel}","templated":true}]}}