{"id":62617,"date":"2023-10-06T06:55:42","date_gmt":"2023-10-06T10:55:42","guid":{"rendered":"https:\/\/lasprimeras.com.do\/?p=62617"},"modified":"2023-10-06T06:55:43","modified_gmt":"2023-10-06T10:55:43","slug":"televida-41-anuncia-su-telemaraton-2023-para-continuar-con-su-labor-evangelizadora","status":"publish","type":"post","link":"https:\/\/lasprimeras.com.do\/index.php\/2023\/10\/06\/televida-41-anuncia-su-telemaraton-2023-para-continuar-con-su-labor-evangelizadora\/","title":{"rendered":"Televida 41 anuncia su Telemarat\u00f3n 2023 para continuar con su labor evangelizadora"},"content":{"rendered":"\n<p>Santo Domingo.-Para continuar con su labor evangelizadora, de formaci\u00f3n y asistencia a las familias que buscan todos los d\u00edas una programaci\u00f3n familiar, el canal Televida 41 anuncia su costumbrado Telemarat\u00f3n en esta oportunidad en su versi\u00f3n 2023.<\/p>\n\n\n\n<p>Televida, conocido como \u201cEl canal cat\u00f3lico de la familia\u201d, busca recolectar fondos econ\u00f3micos y continuar con su labor evangelizadora, de formaci\u00f3n y de asistencia a las familias que diariamente sintonizan su programaci\u00f3n.<\/p>\n\n\n\n<p>El Telemarat\u00f3n se llevar\u00e1 a cabo el domingo 15 de octubre del presente a\u00f1o en las instalaciones del canal, situado en la calle Paraguay esq. Av. Expreso V Centenario en el sector de Villa Juana.<\/p>\n\n\n\n<p>En esta nueva entrega la transmisi\u00f3n se iniciar\u00e1 a las 9:00 am, con una duraci\u00f3n de doce horas en las que la Oraci\u00f3n ser\u00e1 el elemento principal, acompa\u00f1ada por charlas y conciertos en vivo, con la participaci\u00f3n de personalidades del medio art\u00edstico y de la Comunicaci\u00f3n de la Rep\u00fablica Dominicana y de la di\u00e1spora.<\/p>\n\n\n\n<p>La Administraci\u00f3n del canal realiza esta actividad con la intenci\u00f3n de motivar la colaboraci\u00f3n de empresas y marcas patrocinadoras, as\u00ed como a la feligres\u00eda cat\u00f3lica que est\u00e1n comprometidos en sostener el contenido, apto para todo p\u00fablico y a la vez personalizado, con programas orientados a dar respuesta en cada etapa del ser humano.<\/p>\n\n\n\n<p>Televida es un canal especializado, cat\u00f3lico, que forma parte de los Multimedios Vida de la Arquidi\u00f3cesis de Santo Domingo. Fundado en el a\u00f1o 1995, actualmente est\u00e1 dirigido por el reverendo, padre Kennedy Rodr\u00edguez Montes de Oca.<\/p>\n","protected":false},"excerpt":{"rendered":"<p>Santo Domingo.-Para continuar con su labor evangelizadora, de formaci\u00f3n y asistencia a las familias que buscan todos los d\u00edas una programaci\u00f3n familiar, el canal Televida 41 anuncia su costumbrado Telemarat\u00f3n&hellip;<\/p>\n","protected":false},"author":3,"featured_media":62618,"comment_status":"open","ping_status":"open","sticky":false,"template":"","format":"standard","meta":{"content-type":"","jetpack_post_was_ever_published":false,"_jetpack_newsletter_access":"","_jetpack_dont_email_post_to_subs":false,"_jetpack_newsletter_tier_id":0,"_jetpack_memberships_contains_paywalled_content":false,"_jetpack_memberships_contains_paid_content":false,"footnotes":""},"categories":[84],"tags":[],"class_list":["post-62617","post","type-post","status-publish","format-standard","has-post-thumbnail","hentry","category-entretenimiento"],"jetpack_featured_media_url":"https:\/\/lasprimeras.com.do\/wp-content\/uploads\/2023\/10\/WhatsApp-Image-2023-10-05-at-9.43.40-PM.jpeg","jetpack-related-posts":[{"id":58038,"url":"https:\/\/lasprimeras.com.do\/index.php\/2023\/08\/18\/telemaraton-solidario-para-ayudar-a-las-familias-afectadas-por-la-explosion-en-san-cristobal\/","url_meta":{"origin":62617,"position":0},"title":"Telemarat\u00f3n solidario para ayudar a las familias afectadas por la explosi\u00f3n en San Crist\u00f3bal","author":"Nelson Feliz","date":"18 de agosto de 2023","format":false,"excerpt":"La televisi\u00f3n nacional muestra su solidaridad este domingo a partir del mediod\u00eda La Fundaci\u00f3n Sur Futuro, en colaboraci\u00f3n con Color Visi\u00f3n, llevar\u00e1 a cabo un telemarat\u00f3n el domingo 20 de agosto para ayudar a las familias afectadas por la explosi\u00f3n ocurrida el viernes pasado en San Crist\u00f3bal, que ha cobrado\u2026","rel":"","context":"En \u00abNACIONALES\u00bb","block_context":{"text":"NACIONALES","link":"https:\/\/lasprimeras.com.do\/index.php\/category\/nacionales\/"},"img":{"alt_text":"Melba Segura","src":"https:\/\/i0.wp.com\/lasprimeras.com.do\/wp-content\/uploads\/2023\/08\/Melba-Segura.jpg?resize=350%2C200&ssl=1","width":350,"height":200,"srcset":"https:\/\/i0.wp.com\/lasprimeras.com.do\/wp-content\/uploads\/2023\/08\/Melba-Segura.jpg?resize=350%2C200&ssl=1 1x, https:\/\/i0.wp.com\/lasprimeras.com.do\/wp-content\/uploads\/2023\/08\/Melba-Segura.jpg?resize=525%2C300&ssl=1 1.5x"},"classes":[]},{"id":95980,"url":"https:\/\/lasprimeras.com.do\/index.php\/2025\/03\/23\/sntp-reconoce-a-la-periodista-adolfina-mejia-y-otras-9-comunicadoras\/","url_meta":{"origin":62617,"position":1},"title":"SNTP reconoce a la periodista Adolfina Mejia y otras 9 comunicadoras","author":"Nelson Feliz","date":"23 de marzo de 2025","format":false,"excerpt":"El galard\u00f3n que se enmarca en la conmemoraci\u00f3n del D\u00eda Internacional de la Mujer reconoce su trayectoria en los medios de comunicaci\u00f3n. El Sindicato Nacional de Trabajadores de la Prensa (SNTP) en conjunto con su filial del Distrito Nacional y la Secretaria de Equidad de G\u00e9nero reconoci\u00f3 con una \"Distinci\u00f3n\u2026","rel":"","context":"En \u00abENTRETENIMIENTO\u00bb","block_context":{"text":"ENTRETENIMIENTO","link":"https:\/\/lasprimeras.com.do\/index.php\/category\/entretenimiento\/"},"img":{"alt_text":"","src":"https:\/\/i0.wp.com\/lasprimeras.com.do\/wp-content\/uploads\/2025\/03\/adolfina.jpg?resize=350%2C200&ssl=1","width":350,"height":200,"srcset":"https:\/\/i0.wp.com\/lasprimeras.com.do\/wp-content\/uploads\/2025\/03\/adolfina.jpg?resize=350%2C200&ssl=1 1x, https:\/\/i0.wp.com\/lasprimeras.com.do\/wp-content\/uploads\/2025\/03\/adolfina.jpg?resize=525%2C300&ssl=1 1.5x"},"classes":[]},{"id":56201,"url":"https:\/\/lasprimeras.com.do\/index.php\/2023\/07\/29\/leonel-fernandez-si-dios-quiere-volvera-a-hacer-mas-por-las-iglesias\/","url_meta":{"origin":62617,"position":2},"title":"Leonel Fern\u00e1ndez: &#8220;Si Dios quiere&#8221;, volver\u00e1 a hacer m\u00e1s por las iglesias","author":"Nelson Feliz","date":"29 de julio de 2023","format":false,"excerpt":"La Batalla de la Fe reconoce gobiernos de Leonel Fern\u00e1ndez por apoyar labor evangelizadora. El precandidato presidencial del partido Fuerza del Pueblo (FP), Leonel Fern\u00e1ndez, particip\u00f3 en la cena-encuentro que se realiz\u00f3 con motivo de la celebraci\u00f3n del 60 aniversario de la Batalla de la Fe, donde afirm\u00f3 que lo\u2026","rel":"","context":"En \u00abPORTADA\u00bb","block_context":{"text":"PORTADA","link":"https:\/\/lasprimeras.com.do\/index.php\/category\/portada\/"},"img":{"alt_text":"Leonel Fernandez","src":"https:\/\/i0.wp.com\/lasprimeras.com.do\/wp-content\/uploads\/2023\/07\/Leonel-Fernandez-3-1.jpg?resize=350%2C200&ssl=1","width":350,"height":200,"srcset":"https:\/\/i0.wp.com\/lasprimeras.com.do\/wp-content\/uploads\/2023\/07\/Leonel-Fernandez-3-1.jpg?resize=350%2C200&ssl=1 1x, https:\/\/i0.wp.com\/lasprimeras.com.do\/wp-content\/uploads\/2023\/07\/Leonel-Fernandez-3-1.jpg?resize=525%2C300&ssl=1 1.5x, https:\/\/i0.wp.com\/lasprimeras.com.do\/wp-content\/uploads\/2023\/07\/Leonel-Fernandez-3-1.jpg?resize=700%2C400&ssl=1 2x"},"classes":[]},{"id":61094,"url":"https:\/\/lasprimeras.com.do\/index.php\/2023\/09\/21\/el-pais-esta-de-luto-ha-fallecido-alvaro-arvelo\/","url_meta":{"origin":62617,"position":3},"title":"El pa\u00eds est\u00e1 de luto, ha fallecido \u00c1lvaro Arvelo","author":"Nelson Feliz","date":"21 de septiembre de 2023","format":false,"excerpt":"PLD lamenta el deceso del gran comunicador \u00c1lvaro Arvelo hijo. Que Descanse en Paz El Partido de la Liberaci\u00f3n Dominicana (PLD) lament\u00f3 el deceso del veterano comunicador \u00c1lvaro Arvelo hijo, (Alvarito), cuyo fallecimiento se report\u00f3 la ma\u00f1ana de este jueves, 21 de septiembre. Al confirmarse la noticia de manera particular\u2026","rel":"","context":"En \u00abNACIONALES\u00bb","block_context":{"text":"NACIONALES","link":"https:\/\/lasprimeras.com.do\/index.php\/category\/nacionales\/"},"img":{"alt_text":"","src":"https:\/\/i0.wp.com\/lasprimeras.com.do\/wp-content\/uploads\/2023\/09\/Alvaro-Arvelo-1.jpeg?resize=350%2C200&ssl=1","width":350,"height":200,"srcset":"https:\/\/i0.wp.com\/lasprimeras.com.do\/wp-content\/uploads\/2023\/09\/Alvaro-Arvelo-1.jpeg?resize=350%2C200&ssl=1 1x, https:\/\/i0.wp.com\/lasprimeras.com.do\/wp-content\/uploads\/2023\/09\/Alvaro-Arvelo-1.jpeg?resize=525%2C300&ssl=1 1.5x, https:\/\/i0.wp.com\/lasprimeras.com.do\/wp-content\/uploads\/2023\/09\/Alvaro-Arvelo-1.jpeg?resize=700%2C400&ssl=1 2x"},"classes":[]},{"id":69702,"url":"https:\/\/lasprimeras.com.do\/index.php\/2023\/12\/05\/daddy-yankee-promete-servirle-solo-a-jesus\/","url_meta":{"origin":62617,"position":4},"title":"Daddy Yankee promete servirle s\u00f3lo a Jes\u00fas","author":"BIMARY DE JES\u00daS Matos","date":"5 de diciembre de 2023","format":false,"excerpt":"Puerto Rico.-Daddy Yankee le puso fin a la historia musical que forj\u00f3 por las pasadas tres d\u00e9cadas en el g\u00e9nero urbano para iniciar una completamente nueva con Jes\u00fas como su manejador. La estrella del reguet\u00f3n culmin\u00f3 el domingo sus conciertos de despedida de los escenarios con la confesi\u00f3n de haber\u2026","rel":"","context":"En \u00abENTRETENIMIENTO\u00bb","block_context":{"text":"ENTRETENIMIENTO","link":"https:\/\/lasprimeras.com.do\/index.php\/category\/entretenimiento\/"},"img":{"alt_text":"","src":"https:\/\/i0.wp.com\/lasprimeras.com.do\/wp-content\/uploads\/2023\/12\/whatsapp-image-2023-11-06-at-84144-pm-1024x681-3.webp?resize=350%2C200&ssl=1","width":350,"height":200,"srcset":"https:\/\/i0.wp.com\/lasprimeras.com.do\/wp-content\/uploads\/2023\/12\/whatsapp-image-2023-11-06-at-84144-pm-1024x681-3.webp?resize=350%2C200&ssl=1 1x, https:\/\/i0.wp.com\/lasprimeras.com.do\/wp-content\/uploads\/2023\/12\/whatsapp-image-2023-11-06-at-84144-pm-1024x681-3.webp?resize=525%2C300&ssl=1 1.5x"},"classes":[]},{"id":56572,"url":"https:\/\/lasprimeras.com.do\/index.php\/2023\/08\/02\/ecrefobi-anuncia-feria-del-libro-y-la-cultura-de-la-provincia-duarte-2023\/","url_meta":{"origin":62617,"position":5},"title":"Ecrefobi anuncia Feria del Libro y la Cultura de la Provincia Duarte 2023","author":"Nelson Feliz","date":"2 de agosto de 2023","format":false,"excerpt":"El Equipo para la Creaci\u00f3n y Fortalecimiento de Bibliotecas (Ecrefobi) anunci\u00f3 este mi\u00e9rcoles 2 de agosto la segunda edici\u00f3n de la Feria del Libro y la Cultura de la Provincia Duarte 2023, del 25 al 29 de octubre del presente a\u00f1o. En la rueda de prensa, realizada en el sal\u00f3n\u2026","rel":"","context":"En \u00abENTRETENIMIENTO\u00bb","block_context":{"text":"ENTRETENIMIENTO","link":"https:\/\/lasprimeras.com.do\/index.php\/category\/entretenimiento\/"},"img":{"alt_text":"","src":"https:\/\/i0.wp.com\/lasprimeras.com.do\/wp-content\/uploads\/2023\/08\/Directiva-feria.jpg?resize=350%2C200&ssl=1","width":350,"height":200,"srcset":"https:\/\/i0.wp.com\/lasprimeras.com.do\/wp-content\/uploads\/2023\/08\/Directiva-feria.jpg?resize=350%2C200&ssl=1 1x, https:\/\/i0.wp.com\/lasprimeras.com.do\/wp-content\/uploads\/2023\/08\/Directiva-feria.jpg?resize=525%2C300&ssl=1 1.5x, https:\/\/i0.wp.com\/lasprimeras.com.do\/wp-content\/uploads\/2023\/08\/Directiva-feria.jpg?resize=700%2C400&ssl=1 2x"},"classes":[]}],"jetpack_sharing_enabled":true,"_links":{"self":[{"href":"https:\/\/lasprimeras.com.do\/index.php\/wp-json\/wp\/v2\/posts\/62617","targetHints":{"allow":["GET"]}}],"collection":[{"href":"https:\/\/lasprimeras.com.do\/index.php\/wp-json\/wp\/v2\/posts"}],"about":[{"href":"https:\/\/lasprimeras.com.do\/index.php\/wp-json\/wp\/v2\/types\/post"}],"author":[{"embeddable":true,"href":"https:\/\/lasprimeras.com.do\/index.php\/wp-json\/wp\/v2\/users\/3"}],"replies":[{"embeddable":true,"href":"https:\/\/lasprimeras.com.do\/index.php\/wp-json\/wp\/v2\/comments?post=62617"}],"version-history":[{"count":1,"href":"https:\/\/lasprimeras.com.do\/index.php\/wp-json\/wp\/v2\/posts\/62617\/revisions"}],"predecessor-version":[{"id":62619,"href":"https:\/\/lasprimeras.com.do\/index.php\/wp-json\/wp\/v2\/posts\/62617\/revisions\/62619"}],"wp:featuredmedia":[{"embeddable":true,"href":"https:\/\/lasprimeras.com.do\/index.php\/wp-json\/wp\/v2\/media\/62618"}],"wp:attachment":[{"href":"https:\/\/lasprimeras.com.do\/index.php\/wp-json\/wp\/v2\/media?parent=62617"}],"wp:term":[{"taxonomy":"category","embeddable":true,"href":"https:\/\/lasprimeras.com.do\/index.php\/wp-json\/wp\/v2\/categories?post=62617"},{"taxonomy":"post_tag","embeddable":true,"href":"https:\/\/lasprimeras.com.do\/index.php\/wp-json\/wp\/v2\/tags?post=62617"}],"curies":[{"name":"wp","href":"https:\/\/api.w.org\/{rel}","templated":true}]}}