{"id":62624,"date":"2023-10-06T07:00:48","date_gmt":"2023-10-06T11:00:48","guid":{"rendered":"https:\/\/lasprimeras.com.do\/?p=62624"},"modified":"2023-10-06T07:00:49","modified_gmt":"2023-10-06T11:00:49","slug":"aguilas-cibaenas-contratan-al-lanzador-abridor-derecho-ronnie-williams","status":"publish","type":"post","link":"https:\/\/lasprimeras.com.do\/index.php\/2023\/10\/06\/aguilas-cibaenas-contratan-al-lanzador-abridor-derecho-ronnie-williams\/","title":{"rendered":"\u00c1guilas Cibae\u00f1as contratan al lanzador abridor derecho Ronnie Williams"},"content":{"rendered":"\n<p>Santo Domingo.-Las \u00c1guilas Cibae\u00f1as anuncian la contrataci\u00f3n del abridor derecho Ronnie Williams, quien formar\u00e1 parte de la rotaci\u00f3n del conjunto durante la temporada 2023-24.<\/p>\n\n\n\n<p>Williams, de 27 a\u00f1os, inici\u00f3 su carrera profesional en 2014, a\u00f1o en que fue selecci\u00f3n de segunda ronda de la organizaci\u00f3n de los Cardenales de St. Louis y luego form\u00f3 parte de los Gigantes de San Francisco, acumulando ocho a\u00f1os de experiencia de liga menor.<\/p>\n\n\n\n<p>En 2022, incursion\u00f3 en la Liga de Corea (KBO), lanzando para los Kia Tigers.<\/p>\n\n\n\n<p>Viene de agotar una exitosa jornada con los Diablos Rojos de M\u00e9xico de la Liga Mexicana de B\u00e9isbol. Tuvo marca de 4-4 con PCL de 3.24, quinto mejor del circuito, en 80.2 entradas lanzadas.<\/p>\n\n\n\n<p>La primera experiencia de Williams en el b\u00e9isbol invernal se produjo con el uniforme de las \u00c1guilas, cuando tuvo una exigua participaci\u00f3n durante la temporada 2019-20. En esa misma estaci\u00f3n, lanz\u00f3 brevemente para los Criollos de Caguas de la Liga de Puerto Rico.<\/p>\n\n\n\n<p>Durante la temporada 2022-23, fue uno de los iniciadores de los Indios de Mayag\u00fcez, campeones del circuito boricua. Luego de acumular marca de 2-1, 3.15 en 40 episodios en la serie regular, lanz\u00f3 6.1 episodios en blanco en el sexto juego de la Serie Final y concluy\u00f3 su actuaci\u00f3n invernal con una participaci\u00f3n en la Serie del Caribe 2023 celebrada en Venezuela.<\/p>\n\n\n\n<p>Williams se integrar\u00e1 a los entrenamientos de los 22 veces campeones nacionales esta semana y estar\u00e1 listo para el d\u00eda inaugural.<\/p>\n","protected":false},"excerpt":{"rendered":"<p>Santo Domingo.-Las \u00c1guilas Cibae\u00f1as anuncian la contrataci\u00f3n del abridor derecho Ronnie Williams, quien formar\u00e1 parte de la rotaci\u00f3n del conjunto durante la temporada 2023-24. Williams, de 27 a\u00f1os, inici\u00f3 su&hellip;<\/p>\n","protected":false},"author":3,"featured_media":62625,"comment_status":"open","ping_status":"open","sticky":false,"template":"","format":"standard","meta":{"content-type":"","jetpack_post_was_ever_published":false,"_jetpack_newsletter_access":"","_jetpack_dont_email_post_to_subs":false,"_jetpack_newsletter_tier_id":0,"_jetpack_memberships_contains_paywalled_content":false,"_jetpack_memberships_contains_paid_content":false,"footnotes":""},"categories":[1],"tags":[],"class_list":["post-62624","post","type-post","status-publish","format-standard","has-post-thumbnail","hentry","category-sin-categoria"],"jetpack_featured_media_url":"https:\/\/lasprimeras.com.do\/wp-content\/uploads\/2023\/10\/WhatsApp-Image-2023-10-05-at-9.43.40-PM-2.jpeg","jetpack-related-posts":[{"id":64708,"url":"https:\/\/lasprimeras.com.do\/index.php\/2023\/10\/23\/aguilas-blanquean-a-gigantes-2-0-con-pitcheo-encabezado-por-ronny-williams\/","url_meta":{"origin":62624,"position":0},"title":"\u00c1guilas blanquean a Gigantes 2-0 con pitcheo encabezado por Ronny Williams","author":"Nelson Feliz","date":"23 de octubre de 2023","format":false,"excerpt":"Es la segunda victoria corrida para el equipo aguilucho. Ronnie Williams lanz\u00f3 pelota de calidad de cinco episodios y dos tercios y Daniel Palka para entre ambos comandar una blanqueada 2-0 de las \u00c1guilas Cibae\u00f1as sobre los Gigantes del Cibao. Las \u00c1guilas, que ganaron en su hogar del Estadio Cibao,\u2026","rel":"","context":"En \u00abSin categor\u00eda\u00bb","block_context":{"text":"Sin categor\u00eda","link":"https:\/\/lasprimeras.com.do\/index.php\/category\/sin-categoria\/"},"img":{"alt_text":"Ronnie Williams","src":"https:\/\/i0.wp.com\/lasprimeras.com.do\/wp-content\/uploads\/2023\/10\/Ronnie-Williams.jpg?resize=350%2C200&ssl=1","width":350,"height":200,"srcset":"https:\/\/i0.wp.com\/lasprimeras.com.do\/wp-content\/uploads\/2023\/10\/Ronnie-Williams.jpg?resize=350%2C200&ssl=1 1x, https:\/\/i0.wp.com\/lasprimeras.com.do\/wp-content\/uploads\/2023\/10\/Ronnie-Williams.jpg?resize=525%2C300&ssl=1 1.5x, https:\/\/i0.wp.com\/lasprimeras.com.do\/wp-content\/uploads\/2023\/10\/Ronnie-Williams.jpg?resize=700%2C400&ssl=1 2x"},"classes":[]},{"id":64730,"url":"https:\/\/lasprimeras.com.do\/index.php\/2023\/10\/23\/palka-dispara-jonron-para-decidir-triunfo-aguilas-sobre-gc\/","url_meta":{"origin":62624,"position":1},"title":"Palka dispara jonr\u00f3n para decidir triunfo \u00c1guilas sobre GC","author":"BIMARY DE JES\u00daS Matos","date":"23 de octubre de 2023","format":false,"excerpt":"SANTO DOMINGO.- El estadounidense Daniel Palka envi\u00f3 la pelota por encima de la pared del jard\u00edn derecho del estadio Juli\u00e1n Javier, de San Francisco de Macor\u00eds (nordeste), y de esta manera lider\u00f3 este domingo la victoria 0-2 de las \u00c1guilas Cibae\u00f1as ante los Gigantes en el campeonato de b\u00e9isbol invernal\u2026","rel":"","context":"En \u00abSin categor\u00eda\u00bb","block_context":{"text":"Sin categor\u00eda","link":"https:\/\/lasprimeras.com.do\/index.php\/category\/sin-categoria\/"},"img":{"alt_text":"","src":"https:\/\/i0.wp.com\/lasprimeras.com.do\/wp-content\/uploads\/2023\/10\/WhatsApp-Image-2023-05-20-at-11.41.18-AM-1.webp?resize=350%2C200&ssl=1","width":350,"height":200},"classes":[]},{"id":123881,"url":"https:\/\/lasprimeras.com.do\/index.php\/2026\/03\/06\/banreservas-reconoce-a-winston-chilote-llenas-en-homenaje-a-los-93-anos-de-las-aguilas-cibaenas\/","url_meta":{"origin":62624,"position":2},"title":"Banreservas reconoce a Winston \u201cChilote\u201d Llenas en homenaje a los 93 a\u00f1os de las \u00c1guilas Cibae\u00f1as","author":"Nelson Feliz","date":"6 de marzo de 2026","format":false,"excerpt":"Durante la actividad, por primera vez fueron exhibidos fuera del Estadio Cibao los trofeos y memorabilia de las \u00c1guilas Cibae\u00f1as, en una exposici\u00f3n especial realizada durante toda la noche en el Centro Cultural Banreservas El Banco de Reservas de la Rep\u00fablica Dominicana entreg\u00f3 un reconocimiento especial a Winston \u201cChilote\u201d Llenas,\u2026","rel":"","context":"En \u00abDEPORTES\u00bb","block_context":{"text":"DEPORTES","link":"https:\/\/lasprimeras.com.do\/index.php\/category\/deportes\/"},"img":{"alt_text":"","src":"https:\/\/i0.wp.com\/lasprimeras.com.do\/wp-content\/uploads\/2026\/03\/IMG-20260306-WA0376-scaled.jpg?resize=350%2C200&ssl=1","width":350,"height":200,"srcset":"https:\/\/i0.wp.com\/lasprimeras.com.do\/wp-content\/uploads\/2026\/03\/IMG-20260306-WA0376-scaled.jpg?resize=350%2C200&ssl=1 1x, https:\/\/i0.wp.com\/lasprimeras.com.do\/wp-content\/uploads\/2026\/03\/IMG-20260306-WA0376-scaled.jpg?resize=525%2C300&ssl=1 1.5x, https:\/\/i0.wp.com\/lasprimeras.com.do\/wp-content\/uploads\/2026\/03\/IMG-20260306-WA0376-scaled.jpg?resize=700%2C400&ssl=1 2x, https:\/\/i0.wp.com\/lasprimeras.com.do\/wp-content\/uploads\/2026\/03\/IMG-20260306-WA0376-scaled.jpg?resize=1050%2C600&ssl=1 3x, https:\/\/i0.wp.com\/lasprimeras.com.do\/wp-content\/uploads\/2026\/03\/IMG-20260306-WA0376-scaled.jpg?resize=1400%2C800&ssl=1 4x"},"classes":[]},{"id":64125,"url":"https:\/\/lasprimeras.com.do\/index.php\/2023\/10\/18\/aguilas-completan-refuerzos-al-contratar-lanzador-braden-webb\/","url_meta":{"origin":62624,"position":3},"title":"Aguilas completan refuerzos al contratar lanzador Braden Webb","author":"BIMARY DE JES\u00daS Matos","date":"18 de octubre de 2023","format":false,"excerpt":"SANTIAGO DE LOS CABALLEROS.-\u00a0\u00c1ngel Ovalles, gerente general de las \u00c1guilas Cibae\u00f1as, anunci\u00f3 la contrataci\u00f3n del lanzador derecho\u00a0Braden Webb, quien completa la n\u00f3mina de importados de inicio de temporada de los 22 veces campeones nacionales. Webb, escogido en la tercera ronda del sorteo de novatos de MLB 2016 por los Cerveceros\u2026","rel":"","context":"En \u00abSin categor\u00eda\u00bb","block_context":{"text":"Sin categor\u00eda","link":"https:\/\/lasprimeras.com.do\/index.php\/category\/sin-categoria\/"},"img":{"alt_text":"","src":"https:\/\/i0.wp.com\/lasprimeras.com.do\/wp-content\/uploads\/2023\/10\/WhatsApp-Image-2023-09-16-at-4.14.02-PM-2-9.jpeg?resize=350%2C200&ssl=1","width":350,"height":200,"srcset":"https:\/\/i0.wp.com\/lasprimeras.com.do\/wp-content\/uploads\/2023\/10\/WhatsApp-Image-2023-09-16-at-4.14.02-PM-2-9.jpeg?resize=350%2C200&ssl=1 1x, https:\/\/i0.wp.com\/lasprimeras.com.do\/wp-content\/uploads\/2023\/10\/WhatsApp-Image-2023-09-16-at-4.14.02-PM-2-9.jpeg?resize=525%2C300&ssl=1 1.5x, https:\/\/i0.wp.com\/lasprimeras.com.do\/wp-content\/uploads\/2023\/10\/WhatsApp-Image-2023-09-16-at-4.14.02-PM-2-9.jpeg?resize=700%2C400&ssl=1 2x"},"classes":[]},{"id":111960,"url":"https:\/\/lasprimeras.com.do\/index.php\/2025\/10\/15\/leonardo-aguilera-lanza-la-primera-bola-en-partido-inaugural-del-torneo-de-beisbol-en-el-estadio-cibao\/","url_meta":{"origin":62624,"position":4},"title":"Leonardo Aguilera lanza la primera bola en partido inaugural del torneo de b\u00e9isbol en el Estadio Cibao","author":"Nelson Feliz","date":"15 de octubre de 2025","format":false,"excerpt":"El presidente ejecutivo del Banco de Reservas, doctor Leonardo Aguilera, realiz\u00f3 este mi\u00e9rcoles el lanzamiento de la primera bola del partido inaugural de la temporada 2025-2026 de la Liga Dominicana de B\u00e9isbol (LIDOM), efectuado en el Estadio Cibao, donde se enfrentaron las \u00c1guilas Cibae\u00f1as y los Gigantes del Cibao. Previo\u2026","rel":"","context":"En \u00abDEPORTES\u00bb","block_context":{"text":"DEPORTES","link":"https:\/\/lasprimeras.com.do\/index.php\/category\/deportes\/"},"img":{"alt_text":"","src":"https:\/\/i0.wp.com\/lasprimeras.com.do\/wp-content\/uploads\/2025\/10\/Aguilera-2.jpg?resize=350%2C200&ssl=1","width":350,"height":200,"srcset":"https:\/\/i0.wp.com\/lasprimeras.com.do\/wp-content\/uploads\/2025\/10\/Aguilera-2.jpg?resize=350%2C200&ssl=1 1x, https:\/\/i0.wp.com\/lasprimeras.com.do\/wp-content\/uploads\/2025\/10\/Aguilera-2.jpg?resize=525%2C300&ssl=1 1.5x, https:\/\/i0.wp.com\/lasprimeras.com.do\/wp-content\/uploads\/2025\/10\/Aguilera-2.jpg?resize=700%2C400&ssl=1 2x"},"classes":[]},{"id":67648,"url":"https:\/\/lasprimeras.com.do\/index.php\/2023\/11\/17\/con-dinelson-lamet-y-coco-montes-van-trece-debutantes-de-las-aguilas-este-invierno\/","url_meta":{"origin":62624,"position":5},"title":"Con Dinelson Lamet y Coco Montes van trece debutantes de las \u00c1guilas este invierno","author":"Nelson Feliz","date":"17 de noviembre de 2023","format":false,"excerpt":"Lamet se uni\u00f3 a Jhordany Mezquita (Oct 21); Frederick Bencosme (Nov 2); John Garc\u00eda (Nov 3) y Luis Leandro Ort\u00edz (Nov 3) en el listado de los cuatro debuts dominicanos de este torneo. El abridor dominicano Dinelson Lamet y el estadounidense Coco Montes, fueron este mi\u00e9rcoles los debuts doce y\u2026","rel":"","context":"En \u00abSin categor\u00eda\u00bb","block_context":{"text":"Sin categor\u00eda","link":"https:\/\/lasprimeras.com.do\/index.php\/category\/sin-categoria\/"},"img":{"alt_text":"Dinelson Lamet","src":"https:\/\/i0.wp.com\/lasprimeras.com.do\/wp-content\/uploads\/2023\/11\/Dinelson-Lamet.jpg?resize=350%2C200&ssl=1","width":350,"height":200,"srcset":"https:\/\/i0.wp.com\/lasprimeras.com.do\/wp-content\/uploads\/2023\/11\/Dinelson-Lamet.jpg?resize=350%2C200&ssl=1 1x, https:\/\/i0.wp.com\/lasprimeras.com.do\/wp-content\/uploads\/2023\/11\/Dinelson-Lamet.jpg?resize=525%2C300&ssl=1 1.5x, https:\/\/i0.wp.com\/lasprimeras.com.do\/wp-content\/uploads\/2023\/11\/Dinelson-Lamet.jpg?resize=700%2C400&ssl=1 2x"},"classes":[]}],"jetpack_sharing_enabled":true,"_links":{"self":[{"href":"https:\/\/lasprimeras.com.do\/index.php\/wp-json\/wp\/v2\/posts\/62624","targetHints":{"allow":["GET"]}}],"collection":[{"href":"https:\/\/lasprimeras.com.do\/index.php\/wp-json\/wp\/v2\/posts"}],"about":[{"href":"https:\/\/lasprimeras.com.do\/index.php\/wp-json\/wp\/v2\/types\/post"}],"author":[{"embeddable":true,"href":"https:\/\/lasprimeras.com.do\/index.php\/wp-json\/wp\/v2\/users\/3"}],"replies":[{"embeddable":true,"href":"https:\/\/lasprimeras.com.do\/index.php\/wp-json\/wp\/v2\/comments?post=62624"}],"version-history":[{"count":1,"href":"https:\/\/lasprimeras.com.do\/index.php\/wp-json\/wp\/v2\/posts\/62624\/revisions"}],"predecessor-version":[{"id":62626,"href":"https:\/\/lasprimeras.com.do\/index.php\/wp-json\/wp\/v2\/posts\/62624\/revisions\/62626"}],"wp:featuredmedia":[{"embeddable":true,"href":"https:\/\/lasprimeras.com.do\/index.php\/wp-json\/wp\/v2\/media\/62625"}],"wp:attachment":[{"href":"https:\/\/lasprimeras.com.do\/index.php\/wp-json\/wp\/v2\/media?parent=62624"}],"wp:term":[{"taxonomy":"category","embeddable":true,"href":"https:\/\/lasprimeras.com.do\/index.php\/wp-json\/wp\/v2\/categories?post=62624"},{"taxonomy":"post_tag","embeddable":true,"href":"https:\/\/lasprimeras.com.do\/index.php\/wp-json\/wp\/v2\/tags?post=62624"}],"curies":[{"name":"wp","href":"https:\/\/api.w.org\/{rel}","templated":true}]}}