{"id":62645,"date":"2023-10-06T07:18:12","date_gmt":"2023-10-06T11:18:12","guid":{"rendered":"https:\/\/lasprimeras.com.do\/?p=62645"},"modified":"2023-10-06T07:18:32","modified_gmt":"2023-10-06T11:18:32","slug":"surinam-ofrece-a-rd-oportunidad-de-invertir-en-petroleo","status":"publish","type":"post","link":"https:\/\/lasprimeras.com.do\/index.php\/2023\/10\/06\/surinam-ofrece-a-rd-oportunidad-de-invertir-en-petroleo\/","title":{"rendered":"Surinam ofrece a RD oportunidad de invertir en petr\u00f3leo"},"content":{"rendered":"\n<p>Santo Domingo.-El presidente Luis Abinader firm\u00f3 ayer con su hom\u00f3logo de Surinam un memorando de entendimiento que contempla la posibilidad de invertir capital dominicano en la explotaci\u00f3n de petr\u00f3leo en ese pa\u00eds suramericano, en t\u00e9rminos similares a los acuerdos firmados en agosto con Guyana.<\/p>\n\n\n\n<p>Surinam y Guyana comparten la suerte de que recientemente han descubierto grandes yacimientos de petr\u00f3leo y gas natural, y requieren inversi\u00f3n de capital extranjero, algo que el Gobierno dominicano quiere aprovechar.<\/p>\n\n\n\n<p>Estas dos naciones comparten frontera en el noreste de Suram\u00e9rica, al norte de Brasil.<\/p>\n","protected":false},"excerpt":{"rendered":"<p>Santo Domingo.-El presidente Luis Abinader firm\u00f3 ayer con su hom\u00f3logo de Surinam un memorando de entendimiento que contempla la posibilidad de invertir capital dominicano en la explotaci\u00f3n de petr\u00f3leo en&hellip;<\/p>\n","protected":false},"author":3,"featured_media":62646,"comment_status":"open","ping_status":"open","sticky":false,"template":"","format":"standard","meta":{"content-type":"","jetpack_post_was_ever_published":false,"_jetpack_newsletter_access":"","_jetpack_dont_email_post_to_subs":false,"_jetpack_newsletter_tier_id":0,"_jetpack_memberships_contains_paywalled_content":false,"_jetpack_memberships_contains_paid_content":false,"footnotes":""},"categories":[25],"tags":[7935],"class_list":["post-62645","post","type-post","status-publish","format-standard","has-post-thumbnail","hentry","category-portada","tag-surinam"],"jetpack_featured_media_url":"https:\/\/lasprimeras.com.do\/wp-content\/uploads\/2023\/10\/WhatsApp-Image-2023-10-05-at-9.43.40-PM-7.jpeg","jetpack-related-posts":[{"id":62576,"url":"https:\/\/lasprimeras.com.do\/index.php\/2023\/10\/05\/gobierno-dominicano-firma-con-surinam-cuatro-convenios-para-el-fortalecimiento-economico-del-pais\/","url_meta":{"origin":62645,"position":0},"title":"Gobierno dominicano firma con Surinam cuatro convenios para el fortalecimiento econ\u00f3mico del pa\u00eds","author":"Nelson Feliz","date":"5 de octubre de 2023","format":false,"excerpt":"Los acuerdos procuran el fortalecimiento de ambas naciones en las \u00e1reas de energ\u00eda, agricultura, industria de los hidrocarburos y servicios a\u00e9reos. El presidente Luis Abinader y su hom\u00f3logo de la Rep\u00fablica de Surinam, Chandrikapersad Santokhi, encabezaron este jueves la firma de cuatro convenios hist\u00f3ricos para el fortalecimiento econ\u00f3mico del pa\u00eds,\u2026","rel":"","context":"En \u00abECONOM\u00cdA\u00bb","block_context":{"text":"ECONOM\u00cdA","link":"https:\/\/lasprimeras.com.do\/index.php\/category\/economia\/"},"img":{"alt_text":"Luis Abinader y Chandrikapersad Santokhi","src":"https:\/\/i0.wp.com\/lasprimeras.com.do\/wp-content\/uploads\/2023\/10\/Luis-Abinader-y-Chandrikapersad-Santokhi-1.jpg?resize=350%2C200&ssl=1","width":350,"height":200,"srcset":"https:\/\/i0.wp.com\/lasprimeras.com.do\/wp-content\/uploads\/2023\/10\/Luis-Abinader-y-Chandrikapersad-Santokhi-1.jpg?resize=350%2C200&ssl=1 1x, https:\/\/i0.wp.com\/lasprimeras.com.do\/wp-content\/uploads\/2023\/10\/Luis-Abinader-y-Chandrikapersad-Santokhi-1.jpg?resize=525%2C300&ssl=1 1.5x, https:\/\/i0.wp.com\/lasprimeras.com.do\/wp-content\/uploads\/2023\/10\/Luis-Abinader-y-Chandrikapersad-Santokhi-1.jpg?resize=700%2C400&ssl=1 2x"},"classes":[]},{"id":62589,"url":"https:\/\/lasprimeras.com.do\/index.php\/2023\/10\/05\/congreso-nacional-recibe-presidente-de-surinam-chandrikapersad-santokhi\/","url_meta":{"origin":62645,"position":1},"title":"Congreso Nacional recibe presidente de Surinam Chandrikapersad Santokhi","author":"Nelson Feliz","date":"5 de octubre de 2023","format":false,"excerpt":"Es la primera vez que un presidente de Surinam visita la Rep\u00fablica Dominicana El Congreso Nacional se constituy\u00f3 en Reuni\u00f3n Conjunta para recibir este jueves al presidente de la Rep\u00fablica de Surinam, Chandrikapersad Santokhi, en una ceremonia solemne que se realiz\u00f3 en el Sal\u00f3n de la Asamblea Nacional, como parte\u2026","rel":"","context":"En \u00abNACIONALES\u00bb","block_context":{"text":"NACIONALES","link":"https:\/\/lasprimeras.com.do\/index.php\/category\/nacionales\/"},"img":{"alt_text":"Congreso Nacional","src":"https:\/\/i0.wp.com\/lasprimeras.com.do\/wp-content\/uploads\/2023\/10\/Congreso-Nacional-1.jpg?resize=350%2C200&ssl=1","width":350,"height":200,"srcset":"https:\/\/i0.wp.com\/lasprimeras.com.do\/wp-content\/uploads\/2023\/10\/Congreso-Nacional-1.jpg?resize=350%2C200&ssl=1 1x, https:\/\/i0.wp.com\/lasprimeras.com.do\/wp-content\/uploads\/2023\/10\/Congreso-Nacional-1.jpg?resize=525%2C300&ssl=1 1.5x, https:\/\/i0.wp.com\/lasprimeras.com.do\/wp-content\/uploads\/2023\/10\/Congreso-Nacional-1.jpg?resize=700%2C400&ssl=1 2x"},"classes":[]},{"id":57222,"url":"https:\/\/lasprimeras.com.do\/index.php\/2023\/08\/10\/luis-el-gallo-saluda-acuerdos-entre-gobierno-dominicano-y-guyana\/","url_meta":{"origin":62645,"position":2},"title":"Luis \u201cEl Gallo\u201d saluda acuerdos entre gobierno dominicano y Guyana","author":"Nelson Feliz","date":"10 de agosto de 2023","format":false,"excerpt":"El presidente de la Uni\u00f3n Dem\u00f3crata Cristiana \u2013UDC-, Luis Acosta Moreta, Luis \u201cEl Gallo\u201d, salud\u00f3 hoy los acuerdos econ\u00f3micos, diplom\u00e1ticos e institucionales entre el gobierno dominicano y Guyana, y consider\u00f3 que ser\u00e1n positivos en el desarrollo del pa\u00eds. Dijo que es una pol\u00edtica sabia del presidente Luis Abinader buscar acuerdos\u2026","rel":"","context":"En \u00abPORTADA\u00bb","block_context":{"text":"PORTADA","link":"https:\/\/lasprimeras.com.do\/index.php\/category\/portada\/"},"img":{"alt_text":"Luis Acosta Moreta","src":"https:\/\/i0.wp.com\/lasprimeras.com.do\/wp-content\/uploads\/2023\/08\/Acuerdo-1.jpg?resize=350%2C200&ssl=1","width":350,"height":200,"srcset":"https:\/\/i0.wp.com\/lasprimeras.com.do\/wp-content\/uploads\/2023\/08\/Acuerdo-1.jpg?resize=350%2C200&ssl=1 1x, https:\/\/i0.wp.com\/lasprimeras.com.do\/wp-content\/uploads\/2023\/08\/Acuerdo-1.jpg?resize=525%2C300&ssl=1 1.5x, https:\/\/i0.wp.com\/lasprimeras.com.do\/wp-content\/uploads\/2023\/08\/Acuerdo-1.jpg?resize=700%2C400&ssl=1 2x"},"classes":[]},{"id":61500,"url":"https:\/\/lasprimeras.com.do\/index.php\/2023\/09\/27\/presidente-de-surinam-chandrikapersad-santokhi-llega-el-proximo-miercoles-al-pais\/","url_meta":{"origin":62645,"position":3},"title":"Presidente de Surinam, Chandrikapersad Santokhi, llega el pr\u00f3ximo mi\u00e9rcoles al pa\u00eds","author":"Nelson Feliz","date":"27 de septiembre de 2023","format":false,"excerpt":"El presidente Luis Abinader recibir\u00e1 el pr\u00f3ximo jueves 5 de octubre en visita oficial a su hom\u00f3logo de la Rep\u00fablica de Surinam, Chandrikapersad Santokhi, quien arriba al pa\u00eds el mi\u00e9rcoles 4. A su llegada a suelo dominicano, el presidente de Surinam y su comitiva oficial ser\u00e1n recibidos por el ministro\u2026","rel":"","context":"En \u00abPORTADA\u00bb","block_context":{"text":"PORTADA","link":"https:\/\/lasprimeras.com.do\/index.php\/category\/portada\/"},"img":{"alt_text":"Chandrikapersad Santokhi","src":"https:\/\/i0.wp.com\/lasprimeras.com.do\/wp-content\/uploads\/2023\/09\/Chandrikapersad-Santokhi.jpg?resize=350%2C200&ssl=1","width":350,"height":200},"classes":[]},{"id":62313,"url":"https:\/\/lasprimeras.com.do\/index.php\/2023\/10\/04\/abinader-recibira-en-el-palacio-nacional-a-su-homologo-de-surinam-chandrikapersad-santokhi\/","url_meta":{"origin":62645,"position":4},"title":"Abinader recibir\u00e1 en el Palacio Nacional a su hom\u00f3logo de Surinam, Chandrikapersad Santokhi","author":"Nelson Feliz","date":"4 de octubre de 2023","format":false,"excerpt":"El presidente Luis Abinader recibir\u00e1 este jueves en visita oficial a su hom\u00f3logo de la Rep\u00fablica de Surinam, Chandrikapersad Santokhi, quien llega al pa\u00eds hoy mi\u00e9rcoles. La ceremonia de recibimiento al presidente de Surinam se realizar\u00e1 en la explanada frontal del Palacio Nacional, a las 10:00 de la ma\u00f1ana del\u2026","rel":"","context":"En \u00abNACIONALES\u00bb","block_context":{"text":"NACIONALES","link":"https:\/\/lasprimeras.com.do\/index.php\/category\/nacionales\/"},"img":{"alt_text":"Chandrikapersad Santokhi","src":"https:\/\/i0.wp.com\/lasprimeras.com.do\/wp-content\/uploads\/2023\/10\/Chandrikapersad-Santokhi.jpg?resize=350%2C200&ssl=1","width":350,"height":200},"classes":[]},{"id":62511,"url":"https:\/\/lasprimeras.com.do\/index.php\/2023\/10\/05\/abinader-recibe-su-homologo-de-surinam-chandrikapersad-santokhi-en-visita-oficial\/","url_meta":{"origin":62645,"position":5},"title":"Abinader recibe su hom\u00f3logo de Surinam, Chandrikapersad Santokhi en visita oficial","author":"Nelson Feliz","date":"5 de octubre de 2023","format":false,"excerpt":"El presidente Luis Abinader recibi\u00f3 este jueves en el Palacio Nacional a su hom\u00f3logo de la Rep\u00fablica de Surinam, Chandrikapersad Santokhi, quien realiza una visita oficial al pa\u00eds. La ceremonia de recibimiento al mandatario de la Rep\u00fablica de Surinam estuvo encabezada por el presidente Abinader y se realiz\u00f3 en la\u2026","rel":"","context":"En \u00abNACIONALES\u00bb","block_context":{"text":"NACIONALES","link":"https:\/\/lasprimeras.com.do\/index.php\/category\/nacionales\/"},"img":{"alt_text":"Luis Abinader vs Chandrikapersad Santokhi","src":"https:\/\/i0.wp.com\/lasprimeras.com.do\/wp-content\/uploads\/2023\/10\/Luis-Abinader-vs-Chandrikapersad-Santokhi.jpg?resize=350%2C200&ssl=1","width":350,"height":200,"srcset":"https:\/\/i0.wp.com\/lasprimeras.com.do\/wp-content\/uploads\/2023\/10\/Luis-Abinader-vs-Chandrikapersad-Santokhi.jpg?resize=350%2C200&ssl=1 1x, https:\/\/i0.wp.com\/lasprimeras.com.do\/wp-content\/uploads\/2023\/10\/Luis-Abinader-vs-Chandrikapersad-Santokhi.jpg?resize=525%2C300&ssl=1 1.5x, https:\/\/i0.wp.com\/lasprimeras.com.do\/wp-content\/uploads\/2023\/10\/Luis-Abinader-vs-Chandrikapersad-Santokhi.jpg?resize=700%2C400&ssl=1 2x"},"classes":[]}],"jetpack_sharing_enabled":true,"_links":{"self":[{"href":"https:\/\/lasprimeras.com.do\/index.php\/wp-json\/wp\/v2\/posts\/62645","targetHints":{"allow":["GET"]}}],"collection":[{"href":"https:\/\/lasprimeras.com.do\/index.php\/wp-json\/wp\/v2\/posts"}],"about":[{"href":"https:\/\/lasprimeras.com.do\/index.php\/wp-json\/wp\/v2\/types\/post"}],"author":[{"embeddable":true,"href":"https:\/\/lasprimeras.com.do\/index.php\/wp-json\/wp\/v2\/users\/3"}],"replies":[{"embeddable":true,"href":"https:\/\/lasprimeras.com.do\/index.php\/wp-json\/wp\/v2\/comments?post=62645"}],"version-history":[{"count":1,"href":"https:\/\/lasprimeras.com.do\/index.php\/wp-json\/wp\/v2\/posts\/62645\/revisions"}],"predecessor-version":[{"id":62647,"href":"https:\/\/lasprimeras.com.do\/index.php\/wp-json\/wp\/v2\/posts\/62645\/revisions\/62647"}],"wp:featuredmedia":[{"embeddable":true,"href":"https:\/\/lasprimeras.com.do\/index.php\/wp-json\/wp\/v2\/media\/62646"}],"wp:attachment":[{"href":"https:\/\/lasprimeras.com.do\/index.php\/wp-json\/wp\/v2\/media?parent=62645"}],"wp:term":[{"taxonomy":"category","embeddable":true,"href":"https:\/\/lasprimeras.com.do\/index.php\/wp-json\/wp\/v2\/categories?post=62645"},{"taxonomy":"post_tag","embeddable":true,"href":"https:\/\/lasprimeras.com.do\/index.php\/wp-json\/wp\/v2\/tags?post=62645"}],"curies":[{"name":"wp","href":"https:\/\/api.w.org\/{rel}","templated":true}]}}