{"id":62697,"date":"2023-10-06T12:55:13","date_gmt":"2023-10-06T16:55:13","guid":{"rendered":"https:\/\/lasprimeras.com.do\/?p=62697"},"modified":"2023-10-06T12:55:15","modified_gmt":"2023-10-06T16:55:15","slug":"varios-heridos-tras-accidente-ocurrido-en-carretera-la-otra-banda","status":"publish","type":"post","link":"https:\/\/lasprimeras.com.do\/index.php\/2023\/10\/06\/varios-heridos-tras-accidente-ocurrido-en-carretera-la-otra-banda\/","title":{"rendered":"Varios heridos tras accidente ocurrido en carretera La Otra Banda"},"content":{"rendered":"\n<p><strong>El accidente ocurri\u00f3 cerca de las 8:00 de la ma\u00f1ana en la carretera La Otra Banda-Ver\u00f3n.<\/strong><\/p>\n\n\n\n<p>Varias personas resultaron heridas en un accidente ocurrido en el tramo de la carretera que une a La Otra Banda con Ver\u00f3n, provincia La Altagracia.<\/p>\n\n\n\n<p>El incidente involucr\u00f3 cuatro veh\u00edculos, un autob\u00fas del transporte tur\u00edstico y tres carros.<\/p>\n\n\n\n<p>Unidades del Sistema 911 procedieron a realizar el traslado de los heridos al Hospital General Nuestra Se\u00f1ora de la Altagracia con retrasos, debido al taponamiento provocado por la misma coalici\u00f3n.<\/p>\n\n\n\n<p>Se supo que algunos de los heridos fueron atendidos con primeros auxilios en el trayecto, seg\u00fan informaciones, ninguno de gravedad.<\/p>\n\n\n\n<p>Seg\u00fan testigos, en el tramo donde sucedi\u00f3 el siniestro &#8220;es frecuente&#8221; que ocurran deslizamiento, especialmente cuando caen lluvias.<\/p>\n\n\n\n<p>Personal del Hospital explic\u00f3 que m\u00e1s adelante podr\u00e1n tener nombres y situaciones de los pacientes que resultaron afectados.<\/p>\n","protected":false},"excerpt":{"rendered":"<p>El accidente ocurri\u00f3 cerca de las 8:00 de la ma\u00f1ana en la carretera La Otra Banda-Ver\u00f3n. Varias personas resultaron heridas en un accidente ocurrido en el tramo de la carretera&hellip;<\/p>\n","protected":false},"author":2,"featured_media":62698,"comment_status":"open","ping_status":"open","sticky":false,"template":"","format":"standard","meta":{"content-type":"","jetpack_post_was_ever_published":false,"_jetpack_newsletter_access":"","_jetpack_dont_email_post_to_subs":false,"_jetpack_newsletter_tier_id":0,"_jetpack_memberships_contains_paywalled_content":false,"_jetpack_memberships_contains_paid_content":false,"footnotes":""},"categories":[35],"tags":[2211,234,1467,8285],"class_list":["post-62697","post","type-post","status-publish","format-standard","has-post-thumbnail","hentry","category-nacionales","tag-accidente","tag-carretera","tag-heridos","tag-la-otra-banda"],"jetpack_featured_media_url":"https:\/\/lasprimeras.com.do\/wp-content\/uploads\/2023\/10\/accidentes.jpeg","jetpack-related-posts":[{"id":60109,"url":"https:\/\/lasprimeras.com.do\/index.php\/2023\/09\/10\/14-personas-murieron-en-cinco-accidentes-en-el-este-de-republica-dominicana-este-fin-de-semana\/","url_meta":{"origin":62697,"position":0},"title":"14 personas murieron en cinco accidentes en el este de Rep\u00fablica Dominicana este fin de semana.","author":"Nelson Feliz","date":"10 de septiembre de 2023","format":false,"excerpt":"Entre los d\u00edas s\u00e1bado y domingo, las carreteras de la regi\u00f3n este del pa\u00eds se vieron oscurecidas con 14 fallecidos y decenas de heridos en al menos cinco accidentes, causando luto y dolor en muchos hogares. En la ruta La Otra Banda -Ver\u00f3n ocurrieron accidentes que resultaron en la muerte\u2026","rel":"","context":"En \u00abNACIONALES\u00bb","block_context":{"text":"NACIONALES","link":"https:\/\/lasprimeras.com.do\/index.php\/category\/nacionales\/"},"img":{"alt_text":"","src":"https:\/\/i0.wp.com\/lasprimeras.com.do\/wp-content\/uploads\/2023\/09\/accidentes-en-el-este.jpg?resize=350%2C200&ssl=1","width":350,"height":200,"srcset":"https:\/\/i0.wp.com\/lasprimeras.com.do\/wp-content\/uploads\/2023\/09\/accidentes-en-el-este.jpg?resize=350%2C200&ssl=1 1x, https:\/\/i0.wp.com\/lasprimeras.com.do\/wp-content\/uploads\/2023\/09\/accidentes-en-el-este.jpg?resize=525%2C300&ssl=1 1.5x, https:\/\/i0.wp.com\/lasprimeras.com.do\/wp-content\/uploads\/2023\/09\/accidentes-en-el-este.jpg?resize=700%2C400&ssl=1 2x"},"classes":[]},{"id":67001,"url":"https:\/\/lasprimeras.com.do\/index.php\/2023\/11\/12\/un-hombre-muerto-y-otro-herido-en-accidente-ocurrido-en-bonao\/","url_meta":{"origin":62697,"position":1},"title":"Un hombre muerto y otro herido en accidente ocurrido en Bonao","author":"Nelson Feliz","date":"12 de noviembre de 2023","format":false,"excerpt":"Un hombre perdi\u00f3 la vida, mientras que otro result\u00f3 gravemente herido, tras un aparatoso accidente ocurrido en la comunidad Los Pinos, tramo carretero Maim\u00f3n-Piedra Blanca, en la provincia Monse\u00f1or Nouel. Seg\u00fan los informes preliminares, el accidente se origin\u00f3 cuado un \u00e1rbol se cay\u00f3, impactando el veh\u00edculo. Hasta el momento las\u2026","rel":"","context":"En \u00abNACIONALES\u00bb","block_context":{"text":"NACIONALES","link":"https:\/\/lasprimeras.com.do\/index.php\/category\/nacionales\/"},"img":{"alt_text":"Accidente","src":"https:\/\/i0.wp.com\/lasprimeras.com.do\/wp-content\/uploads\/2023\/11\/Accidente-1.jpg?resize=350%2C200&ssl=1","width":350,"height":200,"srcset":"https:\/\/i0.wp.com\/lasprimeras.com.do\/wp-content\/uploads\/2023\/11\/Accidente-1.jpg?resize=350%2C200&ssl=1 1x, https:\/\/i0.wp.com\/lasprimeras.com.do\/wp-content\/uploads\/2023\/11\/Accidente-1.jpg?resize=525%2C300&ssl=1 1.5x"},"classes":[]},{"id":60032,"url":"https:\/\/lasprimeras.com.do\/index.php\/2023\/09\/09\/aumento-a-nueve-las-personas-muertas-en-accidente-de-este-sabado-en-higuey\/","url_meta":{"origin":62697,"position":2},"title":"Aument\u00f3 a nueve las personas muertas en accidente de este s\u00e1bado en Higuey","author":"Nelson Feliz","date":"9 de septiembre de 2023","format":false,"excerpt":"Aument\u00f3 a nueve la cantidad de personas que murieron en un accidente aparatoso, este s\u00e1bado en la carretera La Otra Banda-Ver\u00f3n, de esta provincia La Altagracia. La informaci\u00f3n fue confirmada por el director del Hospital General y de Especialidades Nuestra Se\u00f1ora de La Altagracia , doctor Juan Santana Rodr\u00edguez. Estableci\u00f3\u2026","rel":"","context":"En \u00abNACIONALES\u00bb","block_context":{"text":"NACIONALES","link":"https:\/\/lasprimeras.com.do\/index.php\/category\/nacionales\/"},"img":{"alt_text":"","src":"https:\/\/i0.wp.com\/lasprimeras.com.do\/wp-content\/uploads\/2023\/09\/accidentes-2.jpg?resize=350%2C200&ssl=1","width":350,"height":200,"srcset":"https:\/\/i0.wp.com\/lasprimeras.com.do\/wp-content\/uploads\/2023\/09\/accidentes-2.jpg?resize=350%2C200&ssl=1 1x, https:\/\/i0.wp.com\/lasprimeras.com.do\/wp-content\/uploads\/2023\/09\/accidentes-2.jpg?resize=525%2C300&ssl=1 1.5x, https:\/\/i0.wp.com\/lasprimeras.com.do\/wp-content\/uploads\/2023\/09\/accidentes-2.jpg?resize=700%2C400&ssl=1 2x"},"classes":[]},{"id":59957,"url":"https:\/\/lasprimeras.com.do\/index.php\/2023\/09\/09\/imagenes-fuertes-asistencia-del-9-1-1-a-accidente-de-transito-entre-dos-autobuses-de-transporte-de-personal\/","url_meta":{"origin":62697,"position":3},"title":"Im\u00e1genes Fuertes: Asistencia del 9-1-1 a accidente de tr\u00e1nsito entre dos autobuses de transporte de personal","author":"Nelson Feliz","date":"9 de septiembre de 2023","format":false,"excerpt":"Accidente en Hig\u00fcey deja cuatro muertos y 17 heridos Al menos cuatro personas murieron y 17 resultaron heridas durante un accidente de tr\u00e1nsito entre dos dos autobuses que transportaban empleados de dos cadenas hoteleras de B\u00e1varo. El fatal accidente se registr\u00f3 pasadas las 6:00 de la ma\u00f1ana de este s\u00e1bado\u2026","rel":"","context":"En \u00abNACIONALES\u00bb","block_context":{"text":"NACIONALES","link":"https:\/\/lasprimeras.com.do\/index.php\/category\/nacionales\/"},"img":{"alt_text":"","src":"https:\/\/i0.wp.com\/lasprimeras.com.do\/wp-content\/uploads\/2023\/09\/accidentes-2.jpg?resize=350%2C200&ssl=1","width":350,"height":200,"srcset":"https:\/\/i0.wp.com\/lasprimeras.com.do\/wp-content\/uploads\/2023\/09\/accidentes-2.jpg?resize=350%2C200&ssl=1 1x, https:\/\/i0.wp.com\/lasprimeras.com.do\/wp-content\/uploads\/2023\/09\/accidentes-2.jpg?resize=525%2C300&ssl=1 1.5x, https:\/\/i0.wp.com\/lasprimeras.com.do\/wp-content\/uploads\/2023\/09\/accidentes-2.jpg?resize=700%2C400&ssl=1 2x"},"classes":[]},{"id":107795,"url":"https:\/\/lasprimeras.com.do\/index.php\/2025\/08\/31\/accidente-en-la-altagracia-deja-al-menos-cinco-fallecidos-y-12-heridos-911-coordina-acciones\/","url_meta":{"origin":62697,"position":4},"title":"Accidente en La Altagracia deja al menos cinco fallecidos y 12 heridos; 911 coordina acciones","author":"Nelson Feliz","date":"31 de agosto de 2025","format":false,"excerpt":"El Sistema Nacional de Atenci\u00f3n a Emergencia y Seguridad 911 coordin\u00f3 el env\u00edo de once unidades de salud. Al menos cinco personas fallecidas y doce heridos es el saldo preliminar de un accidente de tr\u00e1nsito entre una camioneta que transportaba personas cristianas y un cami\u00f3n de basura registrado en la\u2026","rel":"","context":"En \u00abNACIONALES\u00bb","block_context":{"text":"NACIONALES","link":"https:\/\/lasprimeras.com.do\/index.php\/category\/nacionales\/"},"img":{"alt_text":"","src":"https:\/\/i0.wp.com\/lasprimeras.com.do\/wp-content\/uploads\/2025\/08\/ACCIDENTE.jpeg?resize=350%2C200&ssl=1","width":350,"height":200,"srcset":"https:\/\/i0.wp.com\/lasprimeras.com.do\/wp-content\/uploads\/2025\/08\/ACCIDENTE.jpeg?resize=350%2C200&ssl=1 1x, https:\/\/i0.wp.com\/lasprimeras.com.do\/wp-content\/uploads\/2025\/08\/ACCIDENTE.jpeg?resize=525%2C300&ssl=1 1.5x, https:\/\/i0.wp.com\/lasprimeras.com.do\/wp-content\/uploads\/2025\/08\/ACCIDENTE.jpeg?resize=700%2C400&ssl=1 2x"},"classes":[]},{"id":92190,"url":"https:\/\/lasprimeras.com.do\/index.php\/2024\/12\/31\/accidente-de-transito-en-la-carretera-entre-azua-y-bani-deja-cuatro-muertos-y-varios-heridos\/","url_meta":{"origin":62697,"position":5},"title":"Accidente de tr\u00e1nsito en la carretera entre Azua y Ban\u00ed deja cuatro muertos y varios heridos","author":"Nelson Feliz","date":"31 de diciembre de 2024","format":false,"excerpt":"Un tr\u00e1gico accidente de tr\u00e1nsito ocurrido este martes en la carretera S\u00e1nchez, entre Azua y Ban\u00ed, dej\u00f3 un saldo de cuatro personas fallecidas y otras cuatro heridas, seg\u00fan inform\u00f3 el Sistema 911. El siniestro involucr\u00f3 a dos veh\u00edculos tipo yipeta: una Honda CRV de color gris y una Hyundai Santa\u2026","rel":"","context":"En \u00abNACIONALES\u00bb","block_context":{"text":"NACIONALES","link":"https:\/\/lasprimeras.com.do\/index.php\/category\/nacionales\/"},"img":{"alt_text":"","src":"https:\/\/i0.wp.com\/lasprimeras.com.do\/wp-content\/uploads\/2024\/12\/Accidente.jpg?resize=350%2C200&ssl=1","width":350,"height":200,"srcset":"https:\/\/i0.wp.com\/lasprimeras.com.do\/wp-content\/uploads\/2024\/12\/Accidente.jpg?resize=350%2C200&ssl=1 1x, https:\/\/i0.wp.com\/lasprimeras.com.do\/wp-content\/uploads\/2024\/12\/Accidente.jpg?resize=525%2C300&ssl=1 1.5x"},"classes":[]}],"jetpack_sharing_enabled":true,"_links":{"self":[{"href":"https:\/\/lasprimeras.com.do\/index.php\/wp-json\/wp\/v2\/posts\/62697","targetHints":{"allow":["GET"]}}],"collection":[{"href":"https:\/\/lasprimeras.com.do\/index.php\/wp-json\/wp\/v2\/posts"}],"about":[{"href":"https:\/\/lasprimeras.com.do\/index.php\/wp-json\/wp\/v2\/types\/post"}],"author":[{"embeddable":true,"href":"https:\/\/lasprimeras.com.do\/index.php\/wp-json\/wp\/v2\/users\/2"}],"replies":[{"embeddable":true,"href":"https:\/\/lasprimeras.com.do\/index.php\/wp-json\/wp\/v2\/comments?post=62697"}],"version-history":[{"count":1,"href":"https:\/\/lasprimeras.com.do\/index.php\/wp-json\/wp\/v2\/posts\/62697\/revisions"}],"predecessor-version":[{"id":62699,"href":"https:\/\/lasprimeras.com.do\/index.php\/wp-json\/wp\/v2\/posts\/62697\/revisions\/62699"}],"wp:featuredmedia":[{"embeddable":true,"href":"https:\/\/lasprimeras.com.do\/index.php\/wp-json\/wp\/v2\/media\/62698"}],"wp:attachment":[{"href":"https:\/\/lasprimeras.com.do\/index.php\/wp-json\/wp\/v2\/media?parent=62697"}],"wp:term":[{"taxonomy":"category","embeddable":true,"href":"https:\/\/lasprimeras.com.do\/index.php\/wp-json\/wp\/v2\/categories?post=62697"},{"taxonomy":"post_tag","embeddable":true,"href":"https:\/\/lasprimeras.com.do\/index.php\/wp-json\/wp\/v2\/tags?post=62697"}],"curies":[{"name":"wp","href":"https:\/\/api.w.org\/{rel}","templated":true}]}}