{"id":62700,"date":"2023-10-06T13:04:29","date_gmt":"2023-10-06T17:04:29","guid":{"rendered":"https:\/\/lasprimeras.com.do\/?p=62700"},"modified":"2023-10-06T13:04:31","modified_gmt":"2023-10-06T17:04:31","slug":"se-entrega-grillo-zacateca-que-no-sepulto-cadaveres-de-neonatos-en-el-cementerio-cristo-salvador","status":"publish","type":"post","link":"https:\/\/lasprimeras.com.do\/index.php\/2023\/10\/06\/se-entrega-grillo-zacateca-que-no-sepulto-cadaveres-de-neonatos-en-el-cementerio-cristo-salvador\/","title":{"rendered":"Se entrega &#8220;Grillo&#8221;, zacateca que no sepult\u00f3 cad\u00e1veres de neonatos en el cementerio Cristo Salvador"},"content":{"rendered":"\n<p><strong>&#8220;Grillo&#8221; lleg\u00f3 en compa\u00f1\u00eda del periodista Ram\u00f3n Tolentino y algunos familiares para hablar con la polic\u00eda.<\/strong><\/p>\n\n\n\n<p>Se entreg\u00f3 a la Polic\u00eda Nacional el zacateca del cementerio Cristo Salvador de Santo Domingo Este, Hilario Pascual, conocido como \u201cGrillo\u201d, quien se encontraba pr\u00f3fugo luego de no haber dado sepultura a los cuerpos de seis neonatos.<\/p>\n\n\n\n<p>Grillo lleg\u00f3 en compa\u00f1\u00eda del comunicador Ram\u00f3n Tolentino y algunos familiares para rendir cuentas de lo que se le acusa.<\/p>\n\n\n\n<p>En la Polic\u00eda Nacional fue recibido por el vocero de la entidad, Diego Pesqueira, quien indic\u00f3 que estar\u00e1n realizando los procedimientos de lugar con el acusado.<\/p>\n\n\n\n<p>GRILLO DICE QUE ESTABA BORRACHO<\/p>\n\n\n\n<p>Pascual declar\u00f3 a trav\u00e9s de un v\u00eddeo que circula en redes sociales que no es culpable de haber \u201cmatado\u201d a los beb\u00e9s que fueron hallados en el lugar y que se entregar\u00e1 a las autoridades.<\/p>\n\n\n\n<p>Asimismo, indic\u00f3 que se encontraba tomando (alcohol) cerca del cementerio, le pusieron los cad\u00e1veres y le entregaron 1,000 pesos, sin ning\u00fan documento referente.<\/p>\n","protected":false},"excerpt":{"rendered":"<p>&#8220;Grillo&#8221; lleg\u00f3 en compa\u00f1\u00eda del periodista Ram\u00f3n Tolentino y algunos familiares para hablar con la polic\u00eda. Se entreg\u00f3 a la Polic\u00eda Nacional el zacateca del cementerio Cristo Salvador de Santo&hellip;<\/p>\n","protected":false},"author":2,"featured_media":62701,"comment_status":"open","ping_status":"open","sticky":false,"template":"","format":"standard","meta":{"content-type":"","jetpack_post_was_ever_published":false,"_jetpack_newsletter_access":"","_jetpack_dont_email_post_to_subs":false,"_jetpack_newsletter_tier_id":0,"_jetpack_memberships_contains_paywalled_content":false,"_jetpack_memberships_contains_paid_content":false,"footnotes":""},"categories":[35],"tags":[4882,2495,2496,8281,1209,8287,1129,8286],"class_list":["post-62700","post","type-post","status-publish","format-standard","has-post-thumbnail","hentry","category-nacionales","tag-cadaveres","tag-cementerio","tag-cristo-salvador","tag-grillo","tag-neonatos","tag-no-sepulto","tag-se-entrega","tag-zacateca"],"jetpack_featured_media_url":"https:\/\/lasprimeras.com.do\/wp-content\/uploads\/2023\/10\/Grillo.jpg","jetpack-related-posts":[{"id":62676,"url":"https:\/\/lasprimeras.com.do\/index.php\/2023\/10\/06\/administrador-del-cementerio-cristo-salvador-pide-a-grillo-entregarse-a-las-autoridades\/","url_meta":{"origin":62700,"position":0},"title":"Administrador del cementerio Cristo Salvador pide a &#8216;Grillo&#8217; entregarse a las autoridades","author":"Nelson Feliz","date":"6 de octubre de 2023","format":false,"excerpt":"Los seis neonatos encontrados proven\u00edan del Hospital Ciudad Juan Bosch, en Santo Domingo Este, un centro que nunca ha enviado cad\u00e1veres a sepultar a este camposanto. El administrador del Cementerio Cristo Salvador, Virgilio Ure\u00f1a Garc\u00eda, llam\u00f3 este jueves al alba\u00f1il (sepulturero) Hilario Pascual, mejor conocido como 'Grillo', a entregarse a\u2026","rel":"","context":"En \u00abNACIONALES\u00bb","block_context":{"text":"NACIONALES","link":"https:\/\/lasprimeras.com.do\/index.php\/category\/nacionales\/"},"img":{"alt_text":"Virgilio Ure\u00f1a Garc\u00eda","src":"https:\/\/i0.wp.com\/lasprimeras.com.do\/wp-content\/uploads\/2023\/10\/Virgilio-Urena-Garcia.jpeg?resize=350%2C200&ssl=1","width":350,"height":200,"srcset":"https:\/\/i0.wp.com\/lasprimeras.com.do\/wp-content\/uploads\/2023\/10\/Virgilio-Urena-Garcia.jpeg?resize=350%2C200&ssl=1 1x, https:\/\/i0.wp.com\/lasprimeras.com.do\/wp-content\/uploads\/2023\/10\/Virgilio-Urena-Garcia.jpeg?resize=525%2C300&ssl=1 1.5x, https:\/\/i0.wp.com\/lasprimeras.com.do\/wp-content\/uploads\/2023\/10\/Virgilio-Urena-Garcia.jpeg?resize=700%2C400&ssl=1 2x"},"classes":[]},{"id":63047,"url":"https:\/\/lasprimeras.com.do\/index.php\/2023\/10\/09\/prision-preventiva-a-el-grillo-y-chofer-de-funeraria-por-abandono-de-cadaveres-de-recien-nacidos\/","url_meta":{"origin":62700,"position":1},"title":"Prisi\u00f3n preventiva a &#8220;El Grillo&#8221; y chofer de funeraria por abandono de cad\u00e1veres de reci\u00e9n nacidos","author":"Nelson Feliz","date":"9 de octubre de 2023","format":false,"excerpt":"El juez Leomar Gabriel Cruz Quezada de la Oficina Judicial de Servicios de Atenci\u00f3n Permanente de Santo Domingo Este dict\u00f3 un mes de prisi\u00f3n preventiva como medida de coerci\u00f3n contra Pascual Hilario, \"El Grillo\", imputado por no sepultar al menos seis neonatos procedentes del hospital Ciudad Juan Bosch que fueron\u2026","rel":"","context":"En \u00abJUSTICIA\u00bb","block_context":{"text":"JUSTICIA","link":"https:\/\/lasprimeras.com.do\/index.php\/category\/justicia\/"},"img":{"alt_text":"familiares-de-el-grillo","src":"https:\/\/i0.wp.com\/lasprimeras.com.do\/wp-content\/uploads\/2023\/10\/familiares-de-el-grillo.jpg?resize=350%2C200&ssl=1","width":350,"height":200,"srcset":"https:\/\/i0.wp.com\/lasprimeras.com.do\/wp-content\/uploads\/2023\/10\/familiares-de-el-grillo.jpg?resize=350%2C200&ssl=1 1x, https:\/\/i0.wp.com\/lasprimeras.com.do\/wp-content\/uploads\/2023\/10\/familiares-de-el-grillo.jpg?resize=525%2C300&ssl=1 1.5x, https:\/\/i0.wp.com\/lasprimeras.com.do\/wp-content\/uploads\/2023\/10\/familiares-de-el-grillo.jpg?resize=700%2C400&ssl=1 2x"},"classes":[]},{"id":62706,"url":"https:\/\/lasprimeras.com.do\/index.php\/2023\/10\/06\/el-grillo-dice-hospital-intento-sepultar-bebes-violando-protocolos\/","url_meta":{"origin":62700,"position":2},"title":"El Grillo dice hospital intent\u00f3 sepultar beb\u00e9s violando protocolos","author":"BIMARY DE JES\u00daS Matos","date":"6 de octubre de 2023","format":false,"excerpt":"SANTO DOMINGO, RD- Las revelaciones hechas por Hilario Pascual, conocido como El Grillo, zacateca del Cementerio Cristo Salvador, en torno al macabro hallazgo de seis beb\u00e9s en las afueras del campo Santo, son escalofriantes y comprometen tanto a la Funeraria La Popular como al Hospital Ciudad Juan Bosch, este \u00faltimo\u2026","rel":"","context":"En \u00abPORTADA\u00bb","block_context":{"text":"PORTADA","link":"https:\/\/lasprimeras.com.do\/index.php\/category\/portada\/"},"img":{"alt_text":"","src":"https:\/\/i0.wp.com\/lasprimeras.com.do\/wp-content\/uploads\/2023\/10\/WhatsApp-Image-2023-10-05-at-9.43.40-PM-9.jpeg?resize=350%2C200&ssl=1","width":350,"height":200,"srcset":"https:\/\/i0.wp.com\/lasprimeras.com.do\/wp-content\/uploads\/2023\/10\/WhatsApp-Image-2023-10-05-at-9.43.40-PM-9.jpeg?resize=350%2C200&ssl=1 1x, https:\/\/i0.wp.com\/lasprimeras.com.do\/wp-content\/uploads\/2023\/10\/WhatsApp-Image-2023-10-05-at-9.43.40-PM-9.jpeg?resize=525%2C300&ssl=1 1.5x"},"classes":[]},{"id":62452,"url":"https:\/\/lasprimeras.com.do\/index.php\/2023\/10\/05\/patologia-pide-reforzar-entrega-de-cadaveres\/","url_meta":{"origin":62700,"position":3},"title":"Patolog\u00eda pide reforzar entrega de cad\u00e1veres","author":"BIMARY DE JES\u00daS Matos","date":"5 de octubre de 2023","format":false,"excerpt":"Santo Domingo.-La Sociedad Dominicana de Patolog\u00eda solicit\u00f3 a los centros hospitalarios p\u00fablicos y privados reforzar la supervisi\u00f3n al momento de entregar cad\u00e1veres a las funerarias, tras la aparici\u00f3n de seis beb\u00e9s muertos en la entrada del cementerio Cristo Salvador, Santo Domingo Este a las 6:00 de la ma\u00f1ana de ayer.\u2026","rel":"","context":"En \u00abNACIONALES\u00bb","block_context":{"text":"NACIONALES","link":"https:\/\/lasprimeras.com.do\/index.php\/category\/nacionales\/"},"img":{"alt_text":"","src":"https:\/\/i0.wp.com\/lasprimeras.com.do\/wp-content\/uploads\/2023\/10\/WhatsApp-Image-2023-10-04-at-5.20.12-PM-4.webp?resize=350%2C200&ssl=1","width":350,"height":200,"srcset":"https:\/\/i0.wp.com\/lasprimeras.com.do\/wp-content\/uploads\/2023\/10\/WhatsApp-Image-2023-10-04-at-5.20.12-PM-4.webp?resize=350%2C200&ssl=1 1x, https:\/\/i0.wp.com\/lasprimeras.com.do\/wp-content\/uploads\/2023\/10\/WhatsApp-Image-2023-10-04-at-5.20.12-PM-4.webp?resize=525%2C300&ssl=1 1.5x, https:\/\/i0.wp.com\/lasprimeras.com.do\/wp-content\/uploads\/2023\/10\/WhatsApp-Image-2023-10-04-at-5.20.12-PM-4.webp?resize=700%2C400&ssl=1 2x, https:\/\/i0.wp.com\/lasprimeras.com.do\/wp-content\/uploads\/2023\/10\/WhatsApp-Image-2023-10-04-at-5.20.12-PM-4.webp?resize=1050%2C600&ssl=1 3x"},"classes":[]},{"id":63208,"url":"https:\/\/lasprimeras.com.do\/index.php\/2023\/10\/11\/la-espada-de-la-justicia-dominicana-solo-para-grillos-y-zacatecas\/","url_meta":{"origin":62700,"position":4},"title":"La espada de la justicia dominicana: solo para \u201cGrillos\u201d y \u201cZacatecas\u201d","author":"Nelson Feliz","date":"11 de octubre de 2023","format":false,"excerpt":"Neo CarmonaEl autor es servidor universitario Para el a\u00f1o 2021, el Fondo de las Naciones Unidas para la Infancia (UNICEF) se\u00f1alaba que la mortalidad neonatal en la Rep\u00fablica Dominicana, estimada en ese momento en un 19.4 por cada 1,000 nacidos vivos, era superior a la media en Am\u00e9rica Latina. Esto\u2026","rel":"","context":"En \u00abOPINI\u00d3N\u00bb","block_context":{"text":"OPINI\u00d3N","link":"https:\/\/lasprimeras.com.do\/index.php\/category\/opinion\/"},"img":{"alt_text":"El-Grillo","src":"https:\/\/i0.wp.com\/lasprimeras.com.do\/wp-content\/uploads\/2023\/10\/El-Grillo-1-1140x646-1.jpg?resize=350%2C200&ssl=1","width":350,"height":200,"srcset":"https:\/\/i0.wp.com\/lasprimeras.com.do\/wp-content\/uploads\/2023\/10\/El-Grillo-1-1140x646-1.jpg?resize=350%2C200&ssl=1 1x, https:\/\/i0.wp.com\/lasprimeras.com.do\/wp-content\/uploads\/2023\/10\/El-Grillo-1-1140x646-1.jpg?resize=525%2C300&ssl=1 1.5x, https:\/\/i0.wp.com\/lasprimeras.com.do\/wp-content\/uploads\/2023\/10\/El-Grillo-1-1140x646-1.jpg?resize=700%2C400&ssl=1 2x"},"classes":[]},{"id":62524,"url":"https:\/\/lasprimeras.com.do\/index.php\/2023\/10\/05\/terrero-responsabiliza-al-ministerio-de-salud-y-al-sns-de-cadaveres-de-neonatos-encontrados-en-cementerio\/","url_meta":{"origin":62700,"position":5},"title":"Terrero responsabiliza al Ministerio de Salud y al SNS de cad\u00e1veres de neonatos encontrados en cementerio","author":"Nelson Feliz","date":"5 de octubre de 2023","format":false,"excerpt":"El dirigente y miembro del Comit\u00e9 Central del Partido de la Liberaci\u00f3n Dominicana (PLD), doctor V\u00edctor Manuel Terrero, reaccion\u00f3 indignado con el caso de los seis reci\u00e9n nacidos cuyos cad\u00e1veres fueron encontrados en la entrada del Cementerio Cristo Salvador, en Santo Domingo Este. El doctor Terrero, declar\u00f3 que los servicios\u2026","rel":"","context":"En \u00abPORTADA\u00bb","block_context":{"text":"PORTADA","link":"https:\/\/lasprimeras.com.do\/index.php\/category\/portada\/"},"img":{"alt_text":"Victor Terrero","src":"https:\/\/i0.wp.com\/lasprimeras.com.do\/wp-content\/uploads\/2023\/10\/Victor-Terrero.jpg?resize=350%2C200&ssl=1","width":350,"height":200,"srcset":"https:\/\/i0.wp.com\/lasprimeras.com.do\/wp-content\/uploads\/2023\/10\/Victor-Terrero.jpg?resize=350%2C200&ssl=1 1x, https:\/\/i0.wp.com\/lasprimeras.com.do\/wp-content\/uploads\/2023\/10\/Victor-Terrero.jpg?resize=525%2C300&ssl=1 1.5x, https:\/\/i0.wp.com\/lasprimeras.com.do\/wp-content\/uploads\/2023\/10\/Victor-Terrero.jpg?resize=700%2C400&ssl=1 2x"},"classes":[]}],"jetpack_sharing_enabled":true,"_links":{"self":[{"href":"https:\/\/lasprimeras.com.do\/index.php\/wp-json\/wp\/v2\/posts\/62700","targetHints":{"allow":["GET"]}}],"collection":[{"href":"https:\/\/lasprimeras.com.do\/index.php\/wp-json\/wp\/v2\/posts"}],"about":[{"href":"https:\/\/lasprimeras.com.do\/index.php\/wp-json\/wp\/v2\/types\/post"}],"author":[{"embeddable":true,"href":"https:\/\/lasprimeras.com.do\/index.php\/wp-json\/wp\/v2\/users\/2"}],"replies":[{"embeddable":true,"href":"https:\/\/lasprimeras.com.do\/index.php\/wp-json\/wp\/v2\/comments?post=62700"}],"version-history":[{"count":1,"href":"https:\/\/lasprimeras.com.do\/index.php\/wp-json\/wp\/v2\/posts\/62700\/revisions"}],"predecessor-version":[{"id":62702,"href":"https:\/\/lasprimeras.com.do\/index.php\/wp-json\/wp\/v2\/posts\/62700\/revisions\/62702"}],"wp:featuredmedia":[{"embeddable":true,"href":"https:\/\/lasprimeras.com.do\/index.php\/wp-json\/wp\/v2\/media\/62701"}],"wp:attachment":[{"href":"https:\/\/lasprimeras.com.do\/index.php\/wp-json\/wp\/v2\/media?parent=62700"}],"wp:term":[{"taxonomy":"category","embeddable":true,"href":"https:\/\/lasprimeras.com.do\/index.php\/wp-json\/wp\/v2\/categories?post=62700"},{"taxonomy":"post_tag","embeddable":true,"href":"https:\/\/lasprimeras.com.do\/index.php\/wp-json\/wp\/v2\/tags?post=62700"}],"curies":[{"name":"wp","href":"https:\/\/api.w.org\/{rel}","templated":true}]}}