{"id":62706,"date":"2023-10-06T14:05:11","date_gmt":"2023-10-06T18:05:11","guid":{"rendered":"https:\/\/lasprimeras.com.do\/?p=62706"},"modified":"2023-10-06T14:05:12","modified_gmt":"2023-10-06T18:05:12","slug":"el-grillo-dice-hospital-intento-sepultar-bebes-violando-protocolos","status":"publish","type":"post","link":"https:\/\/lasprimeras.com.do\/index.php\/2023\/10\/06\/el-grillo-dice-hospital-intento-sepultar-bebes-violando-protocolos\/","title":{"rendered":"El Grillo dice hospital intent\u00f3 sepultar beb\u00e9s violando protocolos"},"content":{"rendered":"\n<p>SANTO DOMINGO, RD- Las revelaciones hechas por Hilario Pascual, conocido como El Grillo, zacateca del Cementerio Cristo Salvador, en torno al macabro hallazgo de seis beb\u00e9s en las afueras del campo Santo, son escalofriantes y comprometen tanto a la Funeraria La Popular como al Hospital Ciudad Juan Bosch, este \u00faltimo supuestamente intentaba ocultar el fallecimiento de los ni\u00f1os reci\u00e9n nacidos.<\/p>\n\n\n\n<p>Seg\u00fan el sepulturero del campo santo, los cuerpos sin vida de los reci\u00e9n nacidos fueron llevados al lugar violentando los protocolos de rigor.<\/p>\n\n\n\n<p>Hilario Pascual, quien se entreg\u00f3 a la Polic\u00eda a trav\u00e9s del periodista Ram\u00f3n Tolentino y una representaci\u00f3n de los derechos Humanos, se deslig\u00f3 totalmente del caso.<\/p>\n\n\n\n<p>Los cad\u00e1veres de los infantes fueron hallados el pasado martes en las afueras del cementerio y los familiares del sepulturero piden a las autoridades prestar atenci\u00f3n a las acciones que se realizan desde el Hospital de la Ciudad Juan Bosch, seg\u00fan ellos hay \u201cgato entre macuto\u201d.<\/p>\n\n\n\n<p>Este caso gener\u00f3 la indignaci\u00f3n de los diferentes sectores de la sociedad.<\/p>\n","protected":false},"excerpt":{"rendered":"<p>SANTO DOMINGO, RD- Las revelaciones hechas por Hilario Pascual, conocido como El Grillo, zacateca del Cementerio Cristo Salvador, en torno al macabro hallazgo de seis beb\u00e9s en las afueras del&hellip;<\/p>\n","protected":false},"author":3,"featured_media":62707,"comment_status":"open","ping_status":"open","sticky":false,"template":"","format":"standard","meta":{"content-type":"","jetpack_post_was_ever_published":false,"_jetpack_newsletter_access":"","_jetpack_dont_email_post_to_subs":false,"_jetpack_newsletter_tier_id":0,"_jetpack_memberships_contains_paywalled_content":false,"_jetpack_memberships_contains_paid_content":false,"footnotes":""},"categories":[25],"tags":[],"class_list":["post-62706","post","type-post","status-publish","format-standard","has-post-thumbnail","hentry","category-portada"],"jetpack_featured_media_url":"https:\/\/lasprimeras.com.do\/wp-content\/uploads\/2023\/10\/WhatsApp-Image-2023-10-05-at-9.43.40-PM-9.jpeg","jetpack-related-posts":[{"id":62676,"url":"https:\/\/lasprimeras.com.do\/index.php\/2023\/10\/06\/administrador-del-cementerio-cristo-salvador-pide-a-grillo-entregarse-a-las-autoridades\/","url_meta":{"origin":62706,"position":0},"title":"Administrador del cementerio Cristo Salvador pide a &#8216;Grillo&#8217; entregarse a las autoridades","author":"Nelson Feliz","date":"6 de octubre de 2023","format":false,"excerpt":"Los seis neonatos encontrados proven\u00edan del Hospital Ciudad Juan Bosch, en Santo Domingo Este, un centro que nunca ha enviado cad\u00e1veres a sepultar a este camposanto. El administrador del Cementerio Cristo Salvador, Virgilio Ure\u00f1a Garc\u00eda, llam\u00f3 este jueves al alba\u00f1il (sepulturero) Hilario Pascual, mejor conocido como 'Grillo', a entregarse a\u2026","rel":"","context":"En \u00abNACIONALES\u00bb","block_context":{"text":"NACIONALES","link":"https:\/\/lasprimeras.com.do\/index.php\/category\/nacionales\/"},"img":{"alt_text":"Virgilio Ure\u00f1a Garc\u00eda","src":"https:\/\/i0.wp.com\/lasprimeras.com.do\/wp-content\/uploads\/2023\/10\/Virgilio-Urena-Garcia.jpeg?resize=350%2C200&ssl=1","width":350,"height":200,"srcset":"https:\/\/i0.wp.com\/lasprimeras.com.do\/wp-content\/uploads\/2023\/10\/Virgilio-Urena-Garcia.jpeg?resize=350%2C200&ssl=1 1x, https:\/\/i0.wp.com\/lasprimeras.com.do\/wp-content\/uploads\/2023\/10\/Virgilio-Urena-Garcia.jpeg?resize=525%2C300&ssl=1 1.5x, https:\/\/i0.wp.com\/lasprimeras.com.do\/wp-content\/uploads\/2023\/10\/Virgilio-Urena-Garcia.jpeg?resize=700%2C400&ssl=1 2x"},"classes":[]},{"id":63047,"url":"https:\/\/lasprimeras.com.do\/index.php\/2023\/10\/09\/prision-preventiva-a-el-grillo-y-chofer-de-funeraria-por-abandono-de-cadaveres-de-recien-nacidos\/","url_meta":{"origin":62706,"position":1},"title":"Prisi\u00f3n preventiva a &#8220;El Grillo&#8221; y chofer de funeraria por abandono de cad\u00e1veres de reci\u00e9n nacidos","author":"Nelson Feliz","date":"9 de octubre de 2023","format":false,"excerpt":"El juez Leomar Gabriel Cruz Quezada de la Oficina Judicial de Servicios de Atenci\u00f3n Permanente de Santo Domingo Este dict\u00f3 un mes de prisi\u00f3n preventiva como medida de coerci\u00f3n contra Pascual Hilario, \"El Grillo\", imputado por no sepultar al menos seis neonatos procedentes del hospital Ciudad Juan Bosch que fueron\u2026","rel":"","context":"En \u00abJUSTICIA\u00bb","block_context":{"text":"JUSTICIA","link":"https:\/\/lasprimeras.com.do\/index.php\/category\/justicia\/"},"img":{"alt_text":"familiares-de-el-grillo","src":"https:\/\/i0.wp.com\/lasprimeras.com.do\/wp-content\/uploads\/2023\/10\/familiares-de-el-grillo.jpg?resize=350%2C200&ssl=1","width":350,"height":200,"srcset":"https:\/\/i0.wp.com\/lasprimeras.com.do\/wp-content\/uploads\/2023\/10\/familiares-de-el-grillo.jpg?resize=350%2C200&ssl=1 1x, https:\/\/i0.wp.com\/lasprimeras.com.do\/wp-content\/uploads\/2023\/10\/familiares-de-el-grillo.jpg?resize=525%2C300&ssl=1 1.5x, https:\/\/i0.wp.com\/lasprimeras.com.do\/wp-content\/uploads\/2023\/10\/familiares-de-el-grillo.jpg?resize=700%2C400&ssl=1 2x"},"classes":[]},{"id":62700,"url":"https:\/\/lasprimeras.com.do\/index.php\/2023\/10\/06\/se-entrega-grillo-zacateca-que-no-sepulto-cadaveres-de-neonatos-en-el-cementerio-cristo-salvador\/","url_meta":{"origin":62706,"position":2},"title":"Se entrega &#8220;Grillo&#8221;, zacateca que no sepult\u00f3 cad\u00e1veres de neonatos en el cementerio Cristo Salvador","author":"Nelson Feliz","date":"6 de octubre de 2023","format":false,"excerpt":"\"Grillo\" lleg\u00f3 en compa\u00f1\u00eda del periodista Ram\u00f3n Tolentino y algunos familiares para hablar con la polic\u00eda. Se entreg\u00f3 a la Polic\u00eda Nacional el zacateca del cementerio Cristo Salvador de Santo Domingo Este, Hilario Pascual, conocido como \u201cGrillo\u201d, quien se encontraba pr\u00f3fugo luego de no haber dado sepultura a los cuerpos\u2026","rel":"","context":"En \u00abNACIONALES\u00bb","block_context":{"text":"NACIONALES","link":"https:\/\/lasprimeras.com.do\/index.php\/category\/nacionales\/"},"img":{"alt_text":"Grillo","src":"https:\/\/i0.wp.com\/lasprimeras.com.do\/wp-content\/uploads\/2023\/10\/Grillo.jpg?resize=350%2C200&ssl=1","width":350,"height":200,"srcset":"https:\/\/i0.wp.com\/lasprimeras.com.do\/wp-content\/uploads\/2023\/10\/Grillo.jpg?resize=350%2C200&ssl=1 1x, https:\/\/i0.wp.com\/lasprimeras.com.do\/wp-content\/uploads\/2023\/10\/Grillo.jpg?resize=525%2C300&ssl=1 1.5x, https:\/\/i0.wp.com\/lasprimeras.com.do\/wp-content\/uploads\/2023\/10\/Grillo.jpg?resize=700%2C400&ssl=1 2x"},"classes":[]},{"id":62452,"url":"https:\/\/lasprimeras.com.do\/index.php\/2023\/10\/05\/patologia-pide-reforzar-entrega-de-cadaveres\/","url_meta":{"origin":62706,"position":3},"title":"Patolog\u00eda pide reforzar entrega de cad\u00e1veres","author":"BIMARY DE JES\u00daS Matos","date":"5 de octubre de 2023","format":false,"excerpt":"Santo Domingo.-La Sociedad Dominicana de Patolog\u00eda solicit\u00f3 a los centros hospitalarios p\u00fablicos y privados reforzar la supervisi\u00f3n al momento de entregar cad\u00e1veres a las funerarias, tras la aparici\u00f3n de seis beb\u00e9s muertos en la entrada del cementerio Cristo Salvador, Santo Domingo Este a las 6:00 de la ma\u00f1ana de ayer.\u2026","rel":"","context":"En \u00abNACIONALES\u00bb","block_context":{"text":"NACIONALES","link":"https:\/\/lasprimeras.com.do\/index.php\/category\/nacionales\/"},"img":{"alt_text":"","src":"https:\/\/i0.wp.com\/lasprimeras.com.do\/wp-content\/uploads\/2023\/10\/WhatsApp-Image-2023-10-04-at-5.20.12-PM-4.webp?resize=350%2C200&ssl=1","width":350,"height":200,"srcset":"https:\/\/i0.wp.com\/lasprimeras.com.do\/wp-content\/uploads\/2023\/10\/WhatsApp-Image-2023-10-04-at-5.20.12-PM-4.webp?resize=350%2C200&ssl=1 1x, https:\/\/i0.wp.com\/lasprimeras.com.do\/wp-content\/uploads\/2023\/10\/WhatsApp-Image-2023-10-04-at-5.20.12-PM-4.webp?resize=525%2C300&ssl=1 1.5x, https:\/\/i0.wp.com\/lasprimeras.com.do\/wp-content\/uploads\/2023\/10\/WhatsApp-Image-2023-10-04-at-5.20.12-PM-4.webp?resize=700%2C400&ssl=1 2x, https:\/\/i0.wp.com\/lasprimeras.com.do\/wp-content\/uploads\/2023\/10\/WhatsApp-Image-2023-10-04-at-5.20.12-PM-4.webp?resize=1050%2C600&ssl=1 3x"},"classes":[]},{"id":63208,"url":"https:\/\/lasprimeras.com.do\/index.php\/2023\/10\/11\/la-espada-de-la-justicia-dominicana-solo-para-grillos-y-zacatecas\/","url_meta":{"origin":62706,"position":4},"title":"La espada de la justicia dominicana: solo para \u201cGrillos\u201d y \u201cZacatecas\u201d","author":"Nelson Feliz","date":"11 de octubre de 2023","format":false,"excerpt":"Neo CarmonaEl autor es servidor universitario Para el a\u00f1o 2021, el Fondo de las Naciones Unidas para la Infancia (UNICEF) se\u00f1alaba que la mortalidad neonatal en la Rep\u00fablica Dominicana, estimada en ese momento en un 19.4 por cada 1,000 nacidos vivos, era superior a la media en Am\u00e9rica Latina. Esto\u2026","rel":"","context":"En \u00abOPINI\u00d3N\u00bb","block_context":{"text":"OPINI\u00d3N","link":"https:\/\/lasprimeras.com.do\/index.php\/category\/opinion\/"},"img":{"alt_text":"El-Grillo","src":"https:\/\/i0.wp.com\/lasprimeras.com.do\/wp-content\/uploads\/2023\/10\/El-Grillo-1-1140x646-1.jpg?resize=350%2C200&ssl=1","width":350,"height":200,"srcset":"https:\/\/i0.wp.com\/lasprimeras.com.do\/wp-content\/uploads\/2023\/10\/El-Grillo-1-1140x646-1.jpg?resize=350%2C200&ssl=1 1x, https:\/\/i0.wp.com\/lasprimeras.com.do\/wp-content\/uploads\/2023\/10\/El-Grillo-1-1140x646-1.jpg?resize=525%2C300&ssl=1 1.5x, https:\/\/i0.wp.com\/lasprimeras.com.do\/wp-content\/uploads\/2023\/10\/El-Grillo-1-1140x646-1.jpg?resize=700%2C400&ssl=1 2x"},"classes":[]},{"id":62393,"url":"https:\/\/lasprimeras.com.do\/index.php\/2023\/10\/04\/asde-explica-caso-de-cadaveres-de-ninos-recien-nacidos-lanzados-frente-al-cementerio-cristo-salvador\/","url_meta":{"origin":62706,"position":5},"title":"ASDE explica caso de cad\u00e1veres de ni\u00f1os reci\u00e9n nacidos lanzados frente al Cementerio Cristo Salvador","author":"Nelson Feliz","date":"4 de octubre de 2023","format":false,"excerpt":"EL AYUNTAMIENTO SOLICITA SALUD P\u00daBLICA INVESTIGUE Y SANCIONE A LOS RESPONSABLES DE LANZAR SEIS CAD\u00c1VERES FRENTE A LA VERJA DEL CEMENTERIO CRISTO SALVADOR El Ayuntamiento de Santo Domingo Este informa a toda la ciudadan\u00eda y a la opini\u00f3n p\u00fablica que en el caso de los cad\u00e1veres de 6 ni\u00f1os reci\u00e9n\u2026","rel":"","context":"En \u00abNACIONALES\u00bb","block_context":{"text":"NACIONALES","link":"https:\/\/lasprimeras.com.do\/index.php\/category\/nacionales\/"},"img":{"alt_text":"","src":"https:\/\/i0.wp.com\/lasprimeras.com.do\/wp-content\/uploads\/2023\/10\/muerticos.jpg?resize=350%2C200&ssl=1","width":350,"height":200,"srcset":"https:\/\/i0.wp.com\/lasprimeras.com.do\/wp-content\/uploads\/2023\/10\/muerticos.jpg?resize=350%2C200&ssl=1 1x, https:\/\/i0.wp.com\/lasprimeras.com.do\/wp-content\/uploads\/2023\/10\/muerticos.jpg?resize=525%2C300&ssl=1 1.5x, https:\/\/i0.wp.com\/lasprimeras.com.do\/wp-content\/uploads\/2023\/10\/muerticos.jpg?resize=700%2C400&ssl=1 2x"},"classes":[]}],"jetpack_sharing_enabled":true,"_links":{"self":[{"href":"https:\/\/lasprimeras.com.do\/index.php\/wp-json\/wp\/v2\/posts\/62706","targetHints":{"allow":["GET"]}}],"collection":[{"href":"https:\/\/lasprimeras.com.do\/index.php\/wp-json\/wp\/v2\/posts"}],"about":[{"href":"https:\/\/lasprimeras.com.do\/index.php\/wp-json\/wp\/v2\/types\/post"}],"author":[{"embeddable":true,"href":"https:\/\/lasprimeras.com.do\/index.php\/wp-json\/wp\/v2\/users\/3"}],"replies":[{"embeddable":true,"href":"https:\/\/lasprimeras.com.do\/index.php\/wp-json\/wp\/v2\/comments?post=62706"}],"version-history":[{"count":1,"href":"https:\/\/lasprimeras.com.do\/index.php\/wp-json\/wp\/v2\/posts\/62706\/revisions"}],"predecessor-version":[{"id":62708,"href":"https:\/\/lasprimeras.com.do\/index.php\/wp-json\/wp\/v2\/posts\/62706\/revisions\/62708"}],"wp:featuredmedia":[{"embeddable":true,"href":"https:\/\/lasprimeras.com.do\/index.php\/wp-json\/wp\/v2\/media\/62707"}],"wp:attachment":[{"href":"https:\/\/lasprimeras.com.do\/index.php\/wp-json\/wp\/v2\/media?parent=62706"}],"wp:term":[{"taxonomy":"category","embeddable":true,"href":"https:\/\/lasprimeras.com.do\/index.php\/wp-json\/wp\/v2\/categories?post=62706"},{"taxonomy":"post_tag","embeddable":true,"href":"https:\/\/lasprimeras.com.do\/index.php\/wp-json\/wp\/v2\/tags?post=62706"}],"curies":[{"name":"wp","href":"https:\/\/api.w.org\/{rel}","templated":true}]}}