{"id":62715,"date":"2023-10-06T14:11:53","date_gmt":"2023-10-06T18:11:53","guid":{"rendered":"https:\/\/lasprimeras.com.do\/?p=62715"},"modified":"2023-10-06T14:11:55","modified_gmt":"2023-10-06T18:11:55","slug":"aplazan-audiencia-del-profesor-jhon-kelly-martinez","status":"publish","type":"post","link":"https:\/\/lasprimeras.com.do\/index.php\/2023\/10\/06\/aplazan-audiencia-del-profesor-jhon-kelly-martinez\/","title":{"rendered":"Aplazan audiencia del profesor Jhon Kelly Mart\u00ednez"},"content":{"rendered":"\n<p>HIGUEY.- La C\u00e1mara Penal del Distrito Judicial de La Altagracia aplaz\u00f3 para el pr\u00f3ximo viernes 17 de noviembre la audiencia preliminar en contra del profesor John Kelly Mart\u00ednez y su sobrino Rubiel Morillo Mart\u00ednez, por la muerte de la adolescente de 16 a\u00f1os Esmeralda Richiez Mart\u00ednez.<\/p>\n\n\n\n<p>Seg\u00fan el abogado de la parte acusadora, Silvestre Antonio Rodr\u00edguez dijo que el tribunal deber\u00e1 sacar copias al expediente para entreg\u00e1rselo a los abogados para que lo tengan en la pr\u00f3xima audiencia.<\/p>\n\n\n\n<p>Se recuerda que Jhonny Kelly fue a la casa de la adolescente Esmeralda Richiez, a quien llev\u00f3 a una playa y viol\u00f3 provocando un sangrado que acort\u00f3 su vida.<\/p>\n\n\n\n<p>La audiencia preliminar estaba pautada para el mi\u00e9rcoles 23 de agosto y fue pospuesta por la tormenta Franklin, ya que el Poder Judicial suspendi\u00f3 los trabajos por el fen\u00f3meno atmosf\u00e9rico.<\/p>\n\n\n\n<p>La audiencia ser\u00e1 privada, donde adem\u00e1s se revisar\u00e1 la medida de coerci\u00f3n de un a\u00f1o impuesta al educador que ya lleva 6 meses recluido en la C\u00e1rcel de Anamuya CCR-14 Hig\u00fcey, donde permanece aislado de los dem\u00e1s internos.<\/p>\n\n\n\n<p>El Juzgado de la Instrucci\u00f3n del Distrito Judicial de La Altagracia ratific\u00f3 la medida de un a\u00f1o de prisi\u00f3n preventiva como medida de coerci\u00f3n, contra Mart\u00ednez, la que fue dictada el 20 de febrero.<\/p>\n\n\n\n<p>Radican cargos<\/p>\n\n\n\n<p>La fiscal\u00eda de la provincia La Altagracia radic\u00f3 el 12 de junio la acusaci\u00f3n y la solicitud de la apertura a jucio al Juzgado de la Instrucci\u00f3n de La Altagracia, contra John Kelly Mart\u00ednez y su sobrino Rubiel Morillo Mart\u00ednez, involucrarados en el deceso de Richiez por el Minisyerio P\u00fablico<\/p>\n\n\n\n<p>Est\u00e1 acusado por el Ministerio P\u00fablico por violaci\u00f3n a los art\u00edculos 265, 266, 295, 303 y 331 del C\u00f3digo Penal Dominicano, los dos \u00faltimos modificados por la Ley 24-97, sobre Violencia de G\u00e9nero e Intrafamiliar.<\/p>\n\n\n\n<p>Jhon Kelly Mart\u00ednez y su primo guardan prisi\u00f3n en la c\u00e1rcel de Anamuya en Hig\u00fcey.<\/p>\n\n\n\n<p>Recientemente el Ministerio de Educaci\u00f3n anunci\u00f3 la separaci\u00f3n definitiva al educador.<\/p>\n","protected":false},"excerpt":{"rendered":"<p>HIGUEY.- La C\u00e1mara Penal del Distrito Judicial de La Altagracia aplaz\u00f3 para el pr\u00f3ximo viernes 17 de noviembre la audiencia preliminar en contra del profesor John Kelly Mart\u00ednez y su&hellip;<\/p>\n","protected":false},"author":3,"featured_media":62716,"comment_status":"open","ping_status":"open","sticky":false,"template":"","format":"standard","meta":{"content-type":"","jetpack_post_was_ever_published":false,"_jetpack_newsletter_access":"","_jetpack_dont_email_post_to_subs":false,"_jetpack_newsletter_tier_id":0,"_jetpack_memberships_contains_paywalled_content":false,"_jetpack_memberships_contains_paid_content":false,"footnotes":""},"categories":[35],"tags":[],"class_list":["post-62715","post","type-post","status-publish","format-standard","has-post-thumbnail","hentry","category-nacionales"],"jetpack_featured_media_url":"https:\/\/lasprimeras.com.do\/wp-content\/uploads\/2023\/10\/WhatsApp-Image-2023-10-05-at-9.43.40-PM-12.jpeg","jetpack-related-posts":[{"id":67672,"url":"https:\/\/lasprimeras.com.do\/index.php\/2023\/11\/17\/conoceran-hoy-audiencia-preliminar-en-el-caso-de-esmeralda-richiez\/","url_meta":{"origin":62715,"position":0},"title":"Conocer\u00e1n hoy audiencia preliminar en el caso de Esmeralda Richiez","author":"Nelson Feliz","date":"17 de noviembre de 2023","format":false,"excerpt":"La adolescente fue encontrada muerta la ma\u00f1ana del 12 de febrero. El Juzgado Penal del Distrito Judicial de La Altagracia conocer\u00e1 este viernes la audiencia preliminar en contra del profesor John Kelly Mart\u00ednez y su sobrino Rubiel Morillo Mart\u00ednez, por la muerte de la adolescente de 16 a\u00f1os Esmeralda Richiez\u2026","rel":"","context":"En \u00abJUSTICIA\u00bb","block_context":{"text":"JUSTICIA","link":"https:\/\/lasprimeras.com.do\/index.php\/category\/justicia\/"},"img":{"alt_text":"Esmeralda Richiez","src":"https:\/\/i0.wp.com\/lasprimeras.com.do\/wp-content\/uploads\/2023\/11\/Esmeralda-Richiez.jpg?resize=350%2C200&ssl=1","width":350,"height":200,"srcset":"https:\/\/i0.wp.com\/lasprimeras.com.do\/wp-content\/uploads\/2023\/11\/Esmeralda-Richiez.jpg?resize=350%2C200&ssl=1 1x, https:\/\/i0.wp.com\/lasprimeras.com.do\/wp-content\/uploads\/2023\/11\/Esmeralda-Richiez.jpg?resize=525%2C300&ssl=1 1.5x, https:\/\/i0.wp.com\/lasprimeras.com.do\/wp-content\/uploads\/2023\/11\/Esmeralda-Richiez.jpg?resize=700%2C400&ssl=1 2x"},"classes":[]},{"id":59263,"url":"https:\/\/lasprimeras.com.do\/index.php\/2023\/09\/01\/aplazan-para-el-6-de-octubre-inicio-del-juicio-preliminar-por-muerte-de-esmeralda-richiez\/","url_meta":{"origin":62715,"position":1},"title":"Aplazan para el 6 de octubre inicio del juicio preliminar por muerte de Esmeralda Richiez","author":"Nelson Feliz","date":"1 de septiembre de 2023","format":false,"excerpt":"El abogado de la familia Richiez adelant\u00f3 que van a presentar una acusaci\u00f3n independiente a la del Ministerio P\u00fablico. El primer Juzgado de la Instrucci\u00f3n de la provincia La Altagracia aplaz\u00f3 para el d\u00eda 6 de octubre la audiencia del inicio del juicio preliminar contra los imputados John Kelly Mart\u00ednez\u2026","rel":"","context":"En \u00abJUSTICIA\u00bb","block_context":{"text":"JUSTICIA","link":"https:\/\/lasprimeras.com.do\/index.php\/category\/justicia\/"},"img":{"alt_text":"Silvestre Antonio Rodr\u00edguez","src":"https:\/\/i0.wp.com\/lasprimeras.com.do\/wp-content\/uploads\/2023\/09\/Silvestre-Antonio-Rodriguez.jpg?resize=350%2C200&ssl=1","width":350,"height":200,"srcset":"https:\/\/i0.wp.com\/lasprimeras.com.do\/wp-content\/uploads\/2023\/09\/Silvestre-Antonio-Rodriguez.jpg?resize=350%2C200&ssl=1 1x, https:\/\/i0.wp.com\/lasprimeras.com.do\/wp-content\/uploads\/2023\/09\/Silvestre-Antonio-Rodriguez.jpg?resize=525%2C300&ssl=1 1.5x, https:\/\/i0.wp.com\/lasprimeras.com.do\/wp-content\/uploads\/2023\/09\/Silvestre-Antonio-Rodriguez.jpg?resize=700%2C400&ssl=1 2x"},"classes":[]},{"id":58404,"url":"https:\/\/lasprimeras.com.do\/index.php\/2023\/08\/23\/posponen-inicio-del-juicio-preliminar-por-muerte-de-esmeralda-richiez\/","url_meta":{"origin":62715,"position":2},"title":"Posponen inicio del juicio preliminar por muerte de Esmeralda Richiez","author":"Nelson Feliz","date":"23 de agosto de 2023","format":false,"excerpt":"El paso de la Tormenta Franklin movi\u00f3 el comienzo para el 1 de septiembre. El Juzgado de la Instrucci\u00f3n de la provincia La Altagracia ha pospuesto el inicio del juicio preliminar contra los imputados John Kelly Mart\u00ednez y Rubiel Morillo Mart\u00ednez por la muerte de la adolescente Esmeralda Richiez para\u2026","rel":"","context":"En \u00abJUSTICIA\u00bb","block_context":{"text":"JUSTICIA","link":"https:\/\/lasprimeras.com.do\/index.php\/category\/justicia\/"},"img":{"alt_text":"Esmeralda Richiez","src":"https:\/\/i0.wp.com\/lasprimeras.com.do\/wp-content\/uploads\/2023\/08\/Esmeralda-Richiez.jpg?resize=350%2C200&ssl=1","width":350,"height":200,"srcset":"https:\/\/i0.wp.com\/lasprimeras.com.do\/wp-content\/uploads\/2023\/08\/Esmeralda-Richiez.jpg?resize=350%2C200&ssl=1 1x, https:\/\/i0.wp.com\/lasprimeras.com.do\/wp-content\/uploads\/2023\/08\/Esmeralda-Richiez.jpg?resize=525%2C300&ssl=1 1.5x, https:\/\/i0.wp.com\/lasprimeras.com.do\/wp-content\/uploads\/2023\/08\/Esmeralda-Richiez.jpg?resize=700%2C400&ssl=1 2x"},"classes":[]},{"id":67752,"url":"https:\/\/lasprimeras.com.do\/index.php\/2023\/11\/18\/tribunal-se-reserva-fallo-de-audiencia-preliminar-contra-john-kelly-martinez\/","url_meta":{"origin":62715,"position":3},"title":"Tribunal se reserva fallo de audiencia preliminar contra John Kelly Mart\u00ednez","author":"BIMARY DE JES\u00daS Matos","date":"18 de noviembre de 2023","format":false,"excerpt":"Santo Domingo.-El Juzgado Penal del Distrito Judicial de La Altagracia reserv\u00f3 para el pr\u00f3ximo viernes 24 de noviembre el resultado de la audiencia preliminar en contra del profesor John Kelly Mart\u00ednez y su sobrino Rubiel Morillo Mart\u00ednez, acusados de la muerte de la adolescente de 16 a\u00f1os Esmeralda Richiez Mart\u00ednez.\u2026","rel":"","context":"En \u00abPORTADA\u00bb","block_context":{"text":"PORTADA","link":"https:\/\/lasprimeras.com.do\/index.php\/category\/portada\/"},"img":{"alt_text":"","src":"https:\/\/i0.wp.com\/lasprimeras.com.do\/wp-content\/uploads\/2023\/11\/valentin-35.jpg?resize=350%2C200&ssl=1","width":350,"height":200,"srcset":"https:\/\/i0.wp.com\/lasprimeras.com.do\/wp-content\/uploads\/2023\/11\/valentin-35.jpg?resize=350%2C200&ssl=1 1x, https:\/\/i0.wp.com\/lasprimeras.com.do\/wp-content\/uploads\/2023\/11\/valentin-35.jpg?resize=525%2C300&ssl=1 1.5x"},"classes":[]},{"id":68476,"url":"https:\/\/lasprimeras.com.do\/index.php\/2023\/11\/24\/tribunal-envia-a-juicio-de-fondo-john-kelly-martinez-y-a-su-sobrino-por-muerte-de-esmeralda-richiez\/","url_meta":{"origin":62715,"position":4},"title":"Tribunal env\u00eda a juicio de fondo John kelly Mart\u00ednez y a su sobrino por muerte de Esmeralda Richiez","author":"BIMARY DE JES\u00daS Matos","date":"24 de noviembre de 2023","format":false,"excerpt":"Santo Domingo.-El Juzgado Penal del Distrito Judicial de La Altagracia envi\u00f3 a juicio de fondo al profesor John Kelly Mart\u00ednez y a su sobrino Rubiel Morillo Mart\u00ednez, por la muerte de la adolescente de 16 a\u00f1os Esmeralda Richiez Mart\u00ednez. La jueza Alexandra Reyes Custodio determin\u00f3 que hab\u00eda suficientes elementos probatorios\u2026","rel":"","context":"En \u00abPORTADA\u00bb","block_context":{"text":"PORTADA","link":"https:\/\/lasprimeras.com.do\/index.php\/category\/portada\/"},"img":{"alt_text":"","src":"https:\/\/i0.wp.com\/lasprimeras.com.do\/wp-content\/uploads\/2023\/11\/WhatsApp-Image-2023-11-24-at-2.29.46-PM.jpeg?resize=350%2C200&ssl=1","width":350,"height":200,"srcset":"https:\/\/i0.wp.com\/lasprimeras.com.do\/wp-content\/uploads\/2023\/11\/WhatsApp-Image-2023-11-24-at-2.29.46-PM.jpeg?resize=350%2C200&ssl=1 1x, https:\/\/i0.wp.com\/lasprimeras.com.do\/wp-content\/uploads\/2023\/11\/WhatsApp-Image-2023-11-24-at-2.29.46-PM.jpeg?resize=525%2C300&ssl=1 1.5x"},"classes":[]},{"id":73362,"url":"https:\/\/lasprimeras.com.do\/index.php\/2024\/01\/09\/tribunal-colegiado-inicia-este-hoy-juicio-por-la-muerte-de-esmeralda-richiez\/","url_meta":{"origin":62715,"position":5},"title":"Tribunal Colegiado inicia este hoy juicio por la muerte de Esmeralda Richiez","author":"Nelson Feliz","date":"9 de enero de 2024","format":false,"excerpt":"El Tribunal Colegiado de la provincia La Altagracia iniciar\u00e1 hoy con el juicio contra el profesor Jhon Kelly Mart\u00ednez, quien es acusado de causar la muerte a la adolescente, Esmeralda Richiez. La audiencia est\u00e1 pautada para comenzar a las 9: 00 de la ma\u00f1ana de este martes, donde la fiscal\u00eda\u2026","rel":"","context":"En \u00abJUSTICIA\u00bb","block_context":{"text":"JUSTICIA","link":"https:\/\/lasprimeras.com.do\/index.php\/category\/justicia\/"},"img":{"alt_text":"Esmeralda Richiez","src":"https:\/\/i0.wp.com\/lasprimeras.com.do\/wp-content\/uploads\/2023\/08\/Esmeralda-Richiez.jpg?resize=350%2C200&ssl=1","width":350,"height":200,"srcset":"https:\/\/i0.wp.com\/lasprimeras.com.do\/wp-content\/uploads\/2023\/08\/Esmeralda-Richiez.jpg?resize=350%2C200&ssl=1 1x, https:\/\/i0.wp.com\/lasprimeras.com.do\/wp-content\/uploads\/2023\/08\/Esmeralda-Richiez.jpg?resize=525%2C300&ssl=1 1.5x, https:\/\/i0.wp.com\/lasprimeras.com.do\/wp-content\/uploads\/2023\/08\/Esmeralda-Richiez.jpg?resize=700%2C400&ssl=1 2x"},"classes":[]}],"jetpack_sharing_enabled":true,"_links":{"self":[{"href":"https:\/\/lasprimeras.com.do\/index.php\/wp-json\/wp\/v2\/posts\/62715","targetHints":{"allow":["GET"]}}],"collection":[{"href":"https:\/\/lasprimeras.com.do\/index.php\/wp-json\/wp\/v2\/posts"}],"about":[{"href":"https:\/\/lasprimeras.com.do\/index.php\/wp-json\/wp\/v2\/types\/post"}],"author":[{"embeddable":true,"href":"https:\/\/lasprimeras.com.do\/index.php\/wp-json\/wp\/v2\/users\/3"}],"replies":[{"embeddable":true,"href":"https:\/\/lasprimeras.com.do\/index.php\/wp-json\/wp\/v2\/comments?post=62715"}],"version-history":[{"count":1,"href":"https:\/\/lasprimeras.com.do\/index.php\/wp-json\/wp\/v2\/posts\/62715\/revisions"}],"predecessor-version":[{"id":62717,"href":"https:\/\/lasprimeras.com.do\/index.php\/wp-json\/wp\/v2\/posts\/62715\/revisions\/62717"}],"wp:featuredmedia":[{"embeddable":true,"href":"https:\/\/lasprimeras.com.do\/index.php\/wp-json\/wp\/v2\/media\/62716"}],"wp:attachment":[{"href":"https:\/\/lasprimeras.com.do\/index.php\/wp-json\/wp\/v2\/media?parent=62715"}],"wp:term":[{"taxonomy":"category","embeddable":true,"href":"https:\/\/lasprimeras.com.do\/index.php\/wp-json\/wp\/v2\/categories?post=62715"},{"taxonomy":"post_tag","embeddable":true,"href":"https:\/\/lasprimeras.com.do\/index.php\/wp-json\/wp\/v2\/tags?post=62715"}],"curies":[{"name":"wp","href":"https:\/\/api.w.org\/{rel}","templated":true}]}}