{"id":62718,"date":"2023-10-06T14:13:25","date_gmt":"2023-10-06T18:13:25","guid":{"rendered":"https:\/\/lasprimeras.com.do\/?p=62718"},"modified":"2023-10-06T14:13:27","modified_gmt":"2023-10-06T18:13:27","slug":"escogido-revela-estructura-de-operaciones-temporada-2023-24","status":"publish","type":"post","link":"https:\/\/lasprimeras.com.do\/index.php\/2023\/10\/06\/escogido-revela-estructura-de-operaciones-temporada-2023-24\/","title":{"rendered":"Escogido revela estructura de operaciones temporada 2023-24"},"content":{"rendered":"\n<p>SANTO DOMINGO.- Los Leones del Escogido dieron a conocer la estructura de su Departamento de Operaciones de B\u00e9isbol, que encabeza el gerente general Luis Rojas, para la temporada oto\u00f1o-invernal 2023-24 de la Liga de B\u00e9isbol Profesional de la Rep\u00fablica Dominicana.<\/p>\n\n\n\n<p>Jaylon Pimentel se mantiene como Director de Operaciones, en la que ser\u00e1 su octava temporada en la franquicia escarlata. Actualmente Pimentel es Pro-Scout de los Yankees de Nueva York.<\/p>\n\n\n\n<p>\u00c1ngel \u201cAroboy\u201d Santana, con notable experiencia en el b\u00e9isbol dominicano con los Leones, Tigres del Licey, \u00c1guilas Cibae\u00f1as y Estrellas Orientales, es asistente especial de Operaciones de B\u00e9isbol,<\/p>\n\n\n\n<p>Miguel Prestol, quien est\u00e1 con el club desde el 2018 y que trabaja como Scout de \u00c1rea de los Bravos de Atlanta, es el Coordinador de Operaciones de B\u00e9isbol.<\/p>\n\n\n\n<p>Eduardo P\u00e9rez es Asistente de Operaciones por segundo a\u00f1o seguido y Jos\u00e9 Almonte, Pro-Scout de los Marlins de Miami, es el Coordinador de Scouteo de los melenudos.<\/p>\n\n\n\n<p>Luis Javier, activo en el Escogido desde el 2015, es Coordinador de Anal\u00edtica, acompa\u00f1ado de Manuel De Moya, de los Vigilantes de Texas.<\/p>\n\n\n\n<p>Joel Lithgow, director de la Academia de los Yankees y Mariana Patraca, quien labora como Coordinadora de Operaciones para Am\u00e9rica Latina de los Diamondbacks de Arizona, est\u00e1n a cargo de las Operaciones Administrativas. Lithgow entra a su segunda campa\u00f1a con los rojos y Patraca a su cuarta.<\/p>\n\n\n\n<p>Aime Rivas recientemente se integr\u00f3 por primera vez a la franquicia de los Leones para desempe\u00f1ar la funci\u00f3n de Player Personnel, la cual brinda apoyo y seguimiento a las necesidades de los jugadores. Rivas ha cubierto el b\u00e9isbol profesional por 17 a\u00f1os, desarrollando excelentes relaciones con los peloteros.<\/p>\n\n\n\n<p>El equipo de los Leones se mantiene entrenando en el complejo de los Yankees en Boca Chica, donde este s\u00e1bado sostendr\u00e1n un fogueo contra la Universidad de Louisville a las 11:00 de la ma\u00f1ana.<\/p>\n","protected":false},"excerpt":{"rendered":"<p>SANTO DOMINGO.- Los Leones del Escogido dieron a conocer la estructura de su Departamento de Operaciones de B\u00e9isbol, que encabeza el gerente general Luis Rojas, para la temporada oto\u00f1o-invernal 2023-24&hellip;<\/p>\n","protected":false},"author":3,"featured_media":62719,"comment_status":"open","ping_status":"open","sticky":false,"template":"","format":"standard","meta":{"content-type":"","jetpack_post_was_ever_published":false,"_jetpack_newsletter_access":"","_jetpack_dont_email_post_to_subs":false,"_jetpack_newsletter_tier_id":0,"_jetpack_memberships_contains_paywalled_content":false,"_jetpack_memberships_contains_paid_content":false,"footnotes":""},"categories":[1],"tags":[],"class_list":["post-62718","post","type-post","status-publish","format-standard","has-post-thumbnail","hentry","category-sin-categoria"],"jetpack_featured_media_url":"https:\/\/lasprimeras.com.do\/wp-content\/uploads\/2023\/10\/WhatsApp-Image-2023-10-05-at-9.43.40-PM-13.jpeg","jetpack-related-posts":[{"id":78215,"url":"https:\/\/lasprimeras.com.do\/index.php\/2024\/02\/29\/estrellas-orientales-anuncian-a-jose-mejia-como-gerente-general\/","url_meta":{"origin":62718,"position":0},"title":"Estrellas Orientales anuncian a Jos\u00e9 Mej\u00eda como gerente general","author":"BIMARY DE JES\u00daS Matos","date":"29 de febrero de 2024","format":false,"excerpt":"SAN PEDRO DE MACORIS.- Las Estrellas Orientales anunciaron la designaci\u00f3n de Jos\u00e9 Mej\u00eda como gerente general para la pr\u00f3xima temporada de Liga de B\u00e9isbol Profesional de la Rep\u00fablica Dominicana (Lidom). El anuncio fue realizado por el vicepresidente de operaciones de b\u00e9isbol del conjunto oriental, Jos\u00e9 Mall\u00e9n Calac, quien elogi\u00f3 la\u2026","rel":"","context":"En \u00abSin categor\u00eda\u00bb","block_context":{"text":"Sin categor\u00eda","link":"https:\/\/lasprimeras.com.do\/index.php\/category\/sin-categoria\/"},"img":{"alt_text":"","src":"https:\/\/i0.wp.com\/lasprimeras.com.do\/wp-content\/uploads\/2024\/02\/Estrellas-Orientales.jpg?resize=350%2C200&ssl=1","width":350,"height":200},"classes":[]},{"id":72258,"url":"https:\/\/lasprimeras.com.do\/index.php\/2023\/12\/28\/los-leones-pierden-a-cordero-lopez-y-calixte-para-la-semifinal\/","url_meta":{"origin":62718,"position":1},"title":"Los Leones pierden a Cordero, L\u00f3pez y Calixte para la semifinal","author":"BIMARY DE JES\u00daS Matos","date":"28 de diciembre de 2023","format":false,"excerpt":"SANTO DOMINGO.- Los Leones del Escogido informaron de que no podr\u00e1n contar con los servicios del cerrador Jimmy Cordero y los jugadores del cuadro interior Otto L\u00f3pez y Orlando Calixte para la semifinal del campeonato de b\u00e9isbol invernal dominicano que comienza este mi\u00e9rcoles. El conjunto capitalino se\u00f1al\u00f3 que los jugadores\u2026","rel":"","context":"En \u00abSin categor\u00eda\u00bb","block_context":{"text":"Sin categor\u00eda","link":"https:\/\/lasprimeras.com.do\/index.php\/category\/sin-categoria\/"},"img":{"alt_text":"","src":"https:\/\/i0.wp.com\/lasprimeras.com.do\/wp-content\/uploads\/2023\/12\/El-texto-del-parrafo-1.png?resize=350%2C200&ssl=1","width":350,"height":200,"srcset":"https:\/\/i0.wp.com\/lasprimeras.com.do\/wp-content\/uploads\/2023\/12\/El-texto-del-parrafo-1.png?resize=350%2C200&ssl=1 1x, https:\/\/i0.wp.com\/lasprimeras.com.do\/wp-content\/uploads\/2023\/12\/El-texto-del-parrafo-1.png?resize=525%2C300&ssl=1 1.5x"},"classes":[]},{"id":75059,"url":"https:\/\/lasprimeras.com.do\/index.php\/2024\/01\/29\/personalidades-felicitan-a-tigres-del-licey-por-corona-beisbol-rd\/","url_meta":{"origin":62718,"position":2},"title":"Personalidades felicitan a Tigres del Licey por corona b\u00e9isbol RD","author":"BIMARY DE JES\u00daS Matos","date":"29 de enero de 2024","format":false,"excerpt":"SANTO DOMINGO.- Personalidades, dirigentes y pol\u00edticos dominicanos felicitaron a los Tigres del Licey por lograr su corona 24 en el beisbol profesional criollo. El Comisionado de B\u00e9isbol Profesional del Caribe, Juan Francisco Puello Herrera, hizo extensiva las felicitaciones a cada uno de los directivos, encabezados por su presidente Ricardo Ravelo,\u2026","rel":"","context":"En \u00abSin categor\u00eda\u00bb","block_context":{"text":"Sin categor\u00eda","link":"https:\/\/lasprimeras.com.do\/index.php\/category\/sin-categoria\/"},"img":{"alt_text":"","src":"https:\/\/i0.wp.com\/lasprimeras.com.do\/wp-content\/uploads\/2024\/01\/Captura-de-pantalla-2024-01-24-145854.jpg?resize=350%2C200&ssl=1","width":350,"height":200,"srcset":"https:\/\/i0.wp.com\/lasprimeras.com.do\/wp-content\/uploads\/2024\/01\/Captura-de-pantalla-2024-01-24-145854.jpg?resize=350%2C200&ssl=1 1x, https:\/\/i0.wp.com\/lasprimeras.com.do\/wp-content\/uploads\/2024\/01\/Captura-de-pantalla-2024-01-24-145854.jpg?resize=525%2C300&ssl=1 1.5x, https:\/\/i0.wp.com\/lasprimeras.com.do\/wp-content\/uploads\/2024\/01\/Captura-de-pantalla-2024-01-24-145854.jpg?resize=700%2C400&ssl=1 2x, https:\/\/i0.wp.com\/lasprimeras.com.do\/wp-content\/uploads\/2024\/01\/Captura-de-pantalla-2024-01-24-145854.jpg?resize=1050%2C600&ssl=1 3x"},"classes":[]},{"id":92931,"url":"https:\/\/lasprimeras.com.do\/index.php\/2025\/01\/19\/licey-y-escogido-la-final-del-beisbol-dominicano-quien-alzara-el-trofeo\/","url_meta":{"origin":62718,"position":3},"title":"Licey y Escogido: La final del b\u00e9isbol dominicano \u00bfQui\u00e9n alzar\u00e1 el trofeo?","author":"Nelson Feliz","date":"19 de enero de 2025","format":false,"excerpt":"Por Juan Julio G\u00f3mez Los Tigres de Licey y Leones del Escogido inician este lunes la lucha por la corona en la final del b\u00e9isbol local, en la que los melenudos buscan romper una racha de ocho a\u00f1os sin ganar un t\u00edtulo. Ser\u00e1 la d\u00e9cima vez que estos equipos se\u2026","rel":"","context":"En \u00abDEPORTES\u00bb","block_context":{"text":"DEPORTES","link":"https:\/\/lasprimeras.com.do\/index.php\/category\/deportes\/"},"img":{"alt_text":"","src":"https:\/\/i0.wp.com\/lasprimeras.com.do\/wp-content\/uploads\/2025\/01\/siguen-las-celebraciones-del-Escogido-1024x682-1.jpeg?resize=350%2C200&ssl=1","width":350,"height":200,"srcset":"https:\/\/i0.wp.com\/lasprimeras.com.do\/wp-content\/uploads\/2025\/01\/siguen-las-celebraciones-del-Escogido-1024x682-1.jpeg?resize=350%2C200&ssl=1 1x, https:\/\/i0.wp.com\/lasprimeras.com.do\/wp-content\/uploads\/2025\/01\/siguen-las-celebraciones-del-Escogido-1024x682-1.jpeg?resize=525%2C300&ssl=1 1.5x, https:\/\/i0.wp.com\/lasprimeras.com.do\/wp-content\/uploads\/2025\/01\/siguen-las-celebraciones-del-Escogido-1024x682-1.jpeg?resize=700%2C400&ssl=1 2x"},"classes":[]},{"id":63818,"url":"https:\/\/lasprimeras.com.do\/index.php\/2023\/10\/16\/refuerzos-del-licey-se-preparan-para-temporada-beisbol-de-la-rd\/","url_meta":{"origin":62718,"position":4},"title":"Refuerzos del Licey se preparan para temporada beisbol de la RD","author":"BIMARY DE JES\u00daS Matos","date":"16 de octubre de 2023","format":false,"excerpt":"BOCA CHICA (Licey.com).- Siguen haciendo acto de presencia los refuerzos de los Campeones Nacionales, Tigres del Licey, en los entrenamientos de la organizaci\u00f3n a pocos d\u00edas para que inicie la temporada 2023-24, dedicada a la periodista deportiva Onfalia Morillo. En esta ocasi\u00f3n el inicialista Tristin English estuvo hablando sobre sus\u2026","rel":"","context":"En \u00abSin categor\u00eda\u00bb","block_context":{"text":"Sin categor\u00eda","link":"https:\/\/lasprimeras.com.do\/index.php\/category\/sin-categoria\/"},"img":{"alt_text":"","src":"https:\/\/i0.wp.com\/lasprimeras.com.do\/wp-content\/uploads\/2023\/10\/WhatsApp-Image-2023-10-15-at-8.04.52-PM-4.jpeg?resize=350%2C200&ssl=1","width":350,"height":200,"srcset":"https:\/\/i0.wp.com\/lasprimeras.com.do\/wp-content\/uploads\/2023\/10\/WhatsApp-Image-2023-10-15-at-8.04.52-PM-4.jpeg?resize=350%2C200&ssl=1 1x, https:\/\/i0.wp.com\/lasprimeras.com.do\/wp-content\/uploads\/2023\/10\/WhatsApp-Image-2023-10-15-at-8.04.52-PM-4.jpeg?resize=525%2C300&ssl=1 1.5x, https:\/\/i0.wp.com\/lasprimeras.com.do\/wp-content\/uploads\/2023\/10\/WhatsApp-Image-2023-10-15-at-8.04.52-PM-4.jpeg?resize=700%2C400&ssl=1 2x"},"classes":[]},{"id":104628,"url":"https:\/\/lasprimeras.com.do\/index.php\/2025\/07\/25\/dan-apertura-clasico-beisbol-pequenas-ligas-2025\/","url_meta":{"origin":62718,"position":5},"title":"Dan apertura Cl\u00e1sico B\u00e9isbol Peque\u00f1as Ligas 2025","author":"Nelson Feliz","date":"25 de julio de 2025","format":false,"excerpt":"La Liga Pimentel dej\u00f3 inaugurada la 4ta edici\u00f3n del Cl\u00e1sico de B\u00e9isbol de Peque\u00f1as Ligas 2025, opci\u00f3n a la Copa SEABOARD, dedicada a la periodista Carmen Aybar, en el complejo de la academia Pimentel. Karel Williams, delegado de Aruba, valor\u00f3 el montaje del evento, as\u00ed como la presencia de los\u2026","rel":"","context":"En \u00abDEPORTES\u00bb","block_context":{"text":"DEPORTES","link":"https:\/\/lasprimeras.com.do\/index.php\/category\/deportes\/"},"img":{"alt_text":"","src":"https:\/\/i0.wp.com\/lasprimeras.com.do\/wp-content\/uploads\/2025\/07\/bandera.jpg?resize=350%2C200&ssl=1","width":350,"height":200,"srcset":"https:\/\/i0.wp.com\/lasprimeras.com.do\/wp-content\/uploads\/2025\/07\/bandera.jpg?resize=350%2C200&ssl=1 1x, https:\/\/i0.wp.com\/lasprimeras.com.do\/wp-content\/uploads\/2025\/07\/bandera.jpg?resize=525%2C300&ssl=1 1.5x, https:\/\/i0.wp.com\/lasprimeras.com.do\/wp-content\/uploads\/2025\/07\/bandera.jpg?resize=700%2C400&ssl=1 2x"},"classes":[]}],"jetpack_sharing_enabled":true,"_links":{"self":[{"href":"https:\/\/lasprimeras.com.do\/index.php\/wp-json\/wp\/v2\/posts\/62718","targetHints":{"allow":["GET"]}}],"collection":[{"href":"https:\/\/lasprimeras.com.do\/index.php\/wp-json\/wp\/v2\/posts"}],"about":[{"href":"https:\/\/lasprimeras.com.do\/index.php\/wp-json\/wp\/v2\/types\/post"}],"author":[{"embeddable":true,"href":"https:\/\/lasprimeras.com.do\/index.php\/wp-json\/wp\/v2\/users\/3"}],"replies":[{"embeddable":true,"href":"https:\/\/lasprimeras.com.do\/index.php\/wp-json\/wp\/v2\/comments?post=62718"}],"version-history":[{"count":1,"href":"https:\/\/lasprimeras.com.do\/index.php\/wp-json\/wp\/v2\/posts\/62718\/revisions"}],"predecessor-version":[{"id":62720,"href":"https:\/\/lasprimeras.com.do\/index.php\/wp-json\/wp\/v2\/posts\/62718\/revisions\/62720"}],"wp:featuredmedia":[{"embeddable":true,"href":"https:\/\/lasprimeras.com.do\/index.php\/wp-json\/wp\/v2\/media\/62719"}],"wp:attachment":[{"href":"https:\/\/lasprimeras.com.do\/index.php\/wp-json\/wp\/v2\/media?parent=62718"}],"wp:term":[{"taxonomy":"category","embeddable":true,"href":"https:\/\/lasprimeras.com.do\/index.php\/wp-json\/wp\/v2\/categories?post=62718"},{"taxonomy":"post_tag","embeddable":true,"href":"https:\/\/lasprimeras.com.do\/index.php\/wp-json\/wp\/v2\/tags?post=62718"}],"curies":[{"name":"wp","href":"https:\/\/api.w.org\/{rel}","templated":true}]}}