{"id":62721,"date":"2023-10-06T14:18:26","date_gmt":"2023-10-06T18:18:26","guid":{"rendered":"https:\/\/lasprimeras.com.do\/?p=62721"},"modified":"2023-10-06T14:18:27","modified_gmt":"2023-10-06T18:18:27","slug":"jce-supervisara-mas-de-centenar-de-asambleas-de-partidos-politicos","status":"publish","type":"post","link":"https:\/\/lasprimeras.com.do\/index.php\/2023\/10\/06\/jce-supervisara-mas-de-centenar-de-asambleas-de-partidos-politicos\/","title":{"rendered":"JCE supervisar\u00e1 mas de centenar de asambleas de partidos pol\u00edticos"},"content":{"rendered":"\n<p>Santo Domingo.- La Junta Central Electoral (JCE) inform\u00f3 este jueves de que supervisar\u00e1 y fiscalizar\u00e1 durante este mes de octubre las convenciones y asambleas de las organizaciones pol\u00edticas que escogieron esa modalidad para seleccionar sus candidatos a puestos de elecci\u00f3n popular.<\/p>\n\n\n\n<p>Este fin de semana la instituci\u00f3n supervisar\u00e1 117 asambleas celebradas por tres organizaciones pol\u00edticas, lo que supondr\u00e1 la participaci\u00f3n de 250 colaboradores, distribuidos en 90 equipos de trabajo con abogados de la Consultor\u00eda Jur\u00eddica, las direcciones de Inspector\u00eda y Partidos Pol\u00edticos, as\u00ed como ch\u00f3feres y personal t\u00e9cnico.<\/p>\n\n\n\n<p>Seg\u00fan el cronograma de las organizaciones pol\u00edticas, el Partido de la Liberaci\u00f3n Dominicana (PLD) celebrar\u00e1, a nivel nacional y de manera simult\u00e1nea, 113 asambleas los d\u00edas 7 y 8 de octubre (27 y 86 asambleas, respectivamente), para seleccionar candidaturas en los niveles de regidur\u00edas y vocales.<\/p>\n\n\n\n<p>El Frente Amplio realizar\u00e1 el pr\u00f3ximo domingo tres convenciones municipales de circunscripciones y distritos de Santo Domingo Este, San Crist\u00f3bal y Boca Chica, mientras que el Partido Popular Cristiano (PPC) realizar\u00e1 convenciones ordinarias y extraordinarias de manera simult\u00e1nea en el Distrito Nacional para escoger sus candidatos en los niveles municipal, congresual y presidencial.<\/p>\n\n\n\n<p>El domingo 15 de octubre el Frente Amplio (FA), el Partido Humanista Dominicano (PHD), el Partido Verde Dominicano, el Partido Democr\u00e1tico Alternativo (MODA) y el Partido Alianza Pa\u00eds (ALPA\u00cdS) llevar\u00e1n a cabo sus respectivas convenciones provinciales y municipales.<\/p>\n\n\n\n<p>El s\u00e1bado 21 de octubre lo har\u00e1 el Partido Esperanza Democr\u00e1tica (PED), el Partido de Acci\u00f3n Liberal (PAL), el Partido Dominicanos por el Cambio (DxC) y el Partido Justicia Social (JS).<\/p>\n\n\n\n<p>El domingo 22 de octubre ser\u00e1n el Partido Bloque Institucional Socialdem\u00f3crata (BIS), el Partido Dem\u00f3crata Popular (PDP), el Partido Popular Cristiano (PPC), el Partido Nacional Voluntad Ciudadana (PNVC), El Partido Primero la Gente (PPG), el Partido Uni\u00f3n Dem\u00f3crata Cristiano (UDC) y el Partido Alianza Pa\u00eds (ALPA\u00cdS) los que efect\u00faen convenciones del Distrito Nacional.<\/p>\n\n\n\n<p>El oficialista Partido Revolucionario Moderno (PRM) celebr\u00f3 el pasado domingo elecciones primarias para elegir a su candidato presidencial, consulta en la que el jefe de Estado Luis Abinader gan\u00f3 por un margen muy amplio. EFE<\/p>\n","protected":false},"excerpt":{"rendered":"<p>Santo Domingo.- La Junta Central Electoral (JCE) inform\u00f3 este jueves de que supervisar\u00e1 y fiscalizar\u00e1 durante este mes de octubre las convenciones y asambleas de las organizaciones pol\u00edticas que escogieron&hellip;<\/p>\n","protected":false},"author":3,"featured_media":62722,"comment_status":"open","ping_status":"open","sticky":false,"template":"","format":"standard","meta":{"content-type":"","jetpack_post_was_ever_published":false,"_jetpack_newsletter_access":"","_jetpack_dont_email_post_to_subs":false,"_jetpack_newsletter_tier_id":0,"_jetpack_memberships_contains_paywalled_content":false,"_jetpack_memberships_contains_paid_content":false,"footnotes":""},"categories":[1],"tags":[],"class_list":["post-62721","post","type-post","status-publish","format-standard","has-post-thumbnail","hentry","category-sin-categoria"],"jetpack_featured_media_url":"https:\/\/lasprimeras.com.do\/wp-content\/uploads\/2023\/10\/WhatsApp-Image-2023-10-05-at-9.43.40-PM-14.jpeg","jetpack-related-posts":[{"id":62509,"url":"https:\/\/lasprimeras.com.do\/index.php\/2023\/10\/05\/jce-supervisara-y-fiscalizara-convenciones-de-organizaciones-politicas\/","url_meta":{"origin":62721,"position":0},"title":"JCE supervisar\u00e1 y fiscalizar\u00e1 convenciones de organizaciones pol\u00edticas","author":"Nelson Feliz","date":"5 de octubre de 2023","format":false,"excerpt":"La Junta Central Electoral (JCE), de conformidad con las disposiciones contenidas en la Ley 33-18 de Partidos, Agrupaciones y Movimientos Pol\u00edticos, supervisar\u00e1 y fiscalizar\u00e1 durante este mes de octubre las convenciones y asambleas de las organizaciones pol\u00edticas que escogieron esa modalidad para seleccionar sus candidatos a puestos de elecci\u00f3n popular.\u2026","rel":"","context":"En \u00abSin categor\u00eda\u00bb","block_context":{"text":"Sin categor\u00eda","link":"https:\/\/lasprimeras.com.do\/index.php\/category\/sin-categoria\/"},"img":{"alt_text":"JCE","src":"https:\/\/i0.wp.com\/lasprimeras.com.do\/wp-content\/uploads\/2023\/07\/JCE.jpg?resize=350%2C200&ssl=1","width":350,"height":200,"srcset":"https:\/\/i0.wp.com\/lasprimeras.com.do\/wp-content\/uploads\/2023\/07\/JCE.jpg?resize=350%2C200&ssl=1 1x, https:\/\/i0.wp.com\/lasprimeras.com.do\/wp-content\/uploads\/2023\/07\/JCE.jpg?resize=525%2C300&ssl=1 1.5x, https:\/\/i0.wp.com\/lasprimeras.com.do\/wp-content\/uploads\/2023\/07\/JCE.jpg?resize=700%2C400&ssl=1 2x"},"classes":[]},{"id":65982,"url":"https:\/\/lasprimeras.com.do\/index.php\/2023\/11\/02\/jce-superviso-360-convenciones-de-39-organizaciones-politicas\/","url_meta":{"origin":62721,"position":1},"title":"JCE supervis\u00f3 360 convenciones de 39 organizaciones pol\u00edticas","author":"BIMARY DE JES\u00daS Matos","date":"2 de noviembre de 2023","format":false,"excerpt":"Santo Domingo.- La Junta Central Electoral (JCE) inform\u00f3 este mi\u00e9rcoles de que supervis\u00f3 y fiscaliz\u00f3 360 convenciones realizadas por 39 organizaciones pol\u00edticas de las 42 actualmente reconocidas. El organismo record\u00f3 en un comunicado que el 29 de octubre pasado concluy\u00f3 el plazo para que los partidos, movimientos y agrupaciones pol\u00edticas\u2026","rel":"","context":"En \u00abSin categor\u00eda\u00bb","block_context":{"text":"Sin categor\u00eda","link":"https:\/\/lasprimeras.com.do\/index.php\/category\/sin-categoria\/"},"img":{"alt_text":"","src":"https:\/\/i0.wp.com\/lasprimeras.com.do\/wp-content\/uploads\/2023\/11\/WhatsApp-Image-2023-10-31-at-11.41.17-AM-4.jpeg?resize=350%2C200&ssl=1","width":350,"height":200},"classes":[]},{"id":65907,"url":"https:\/\/lasprimeras.com.do\/index.php\/2023\/11\/01\/jce-superviso-360-convenciones-en-39-organizaciones-politicas\/","url_meta":{"origin":62721,"position":2},"title":"JCE supervis\u00f3 360 convenciones en 39 organizaciones pol\u00edticas","author":"BIMARY DE JES\u00daS Matos","date":"1 de noviembre de 2023","format":false,"excerpt":"Santo Domingo.\u2013 La Junta Central Electoral (JCE) inform\u00f3 que supervis\u00f3 y fiscaliz\u00f3 360 convenciones realizadas por 39 organizaciones pol\u00edticas, de las 42 actualmente reconocidas, al tiempo que record\u00f3 que el pasado 29 de octubre concluy\u00f3 el plazo para los partidos, movimiento y agrupaciones pol\u00edticas realizar asambleas y encuestas para escogencia\u2026","rel":"","context":"En \u00abSin categor\u00eda\u00bb","block_context":{"text":"Sin categor\u00eda","link":"https:\/\/lasprimeras.com.do\/index.php\/category\/sin-categoria\/"},"img":{"alt_text":"","src":"https:\/\/i0.wp.com\/lasprimeras.com.do\/wp-content\/uploads\/2023\/11\/WhatsApp-Image-2023-11-01-at-9.19.48-AM-2.webp?resize=350%2C200&ssl=1","width":350,"height":200,"srcset":"https:\/\/i0.wp.com\/lasprimeras.com.do\/wp-content\/uploads\/2023\/11\/WhatsApp-Image-2023-11-01-at-9.19.48-AM-2.webp?resize=350%2C200&ssl=1 1x, https:\/\/i0.wp.com\/lasprimeras.com.do\/wp-content\/uploads\/2023\/11\/WhatsApp-Image-2023-11-01-at-9.19.48-AM-2.webp?resize=525%2C300&ssl=1 1.5x"},"classes":[]},{"id":63672,"url":"https:\/\/lasprimeras.com.do\/index.php\/2023\/10\/13\/jce-continua-con-el-cronograma-para-convenciones-que-realizaran-las-organizaciones-politicas\/","url_meta":{"origin":62721,"position":3},"title":"JCE contin\u00faa con el cronograma para convenciones que realizar\u00e1n las organizaciones pol\u00edticas","author":"Nelson Feliz","date":"13 de octubre de 2023","format":false,"excerpt":"Por Martin Restituyo La Junta Central Electoral (JCE) contin\u00faa con el cronograma para las convenciones que realizar\u00e1n las organizaciones pol\u00edticas que no optaron por la modalidad de primarias, para la escogencia de sus candidatos y candidatas a cargos de elecci\u00f3n popular. Estas actividades deben realizarse a m\u00e1s tardar el \u00faltimo\u2026","rel":"","context":"En \u00abSin categor\u00eda\u00bb","block_context":{"text":"Sin categor\u00eda","link":"https:\/\/lasprimeras.com.do\/index.php\/category\/sin-categoria\/"},"img":{"alt_text":"JCE","src":"https:\/\/i0.wp.com\/lasprimeras.com.do\/wp-content\/uploads\/2023\/08\/jce-ratifica-sancionara-partidos-y-a-candidatos-violen-medida-legal.jpg?resize=350%2C200&ssl=1","width":350,"height":200,"srcset":"https:\/\/i0.wp.com\/lasprimeras.com.do\/wp-content\/uploads\/2023\/08\/jce-ratifica-sancionara-partidos-y-a-candidatos-violen-medida-legal.jpg?resize=350%2C200&ssl=1 1x, https:\/\/i0.wp.com\/lasprimeras.com.do\/wp-content\/uploads\/2023\/08\/jce-ratifica-sancionara-partidos-y-a-candidatos-violen-medida-legal.jpg?resize=525%2C300&ssl=1 1.5x, https:\/\/i0.wp.com\/lasprimeras.com.do\/wp-content\/uploads\/2023\/08\/jce-ratifica-sancionara-partidos-y-a-candidatos-violen-medida-legal.jpg?resize=700%2C400&ssl=1 2x"},"classes":[]},{"id":62473,"url":"https:\/\/lasprimeras.com.do\/index.php\/2023\/10\/05\/pld-celebrara-asambleas-de-delegados-para-escoger-candidatos-regidores-y-vocales\/","url_meta":{"origin":62721,"position":4},"title":"PLD celebrar\u00e1 Asambleas de Delegados para escoger candidatos Regidores y Vocales","author":"Nelson Feliz","date":"5 de octubre de 2023","format":false,"excerpt":"El PLD celebrar\u00e1 los d\u00edas 7 y 8 de octubre, 267 asambleas de delegados en los municipios y distritos municipales del pa\u00eds. El Partido de la Liberaci\u00f3n Dominicana (PLD) ultima los detalles organizativos y operativos para la celebraci\u00f3n, los d\u00edas s\u00e1bado 7 y domingo de octubre, las Asambleas de Delegados\u2026","rel":"","context":"En \u00abPORTADA\u00bb","block_context":{"text":"PORTADA","link":"https:\/\/lasprimeras.com.do\/index.php\/category\/portada\/"},"img":{"alt_text":"PLD","src":"https:\/\/i0.wp.com\/lasprimeras.com.do\/wp-content\/uploads\/2023\/10\/PLD.jpg?resize=350%2C200&ssl=1","width":350,"height":200,"srcset":"https:\/\/i0.wp.com\/lasprimeras.com.do\/wp-content\/uploads\/2023\/10\/PLD.jpg?resize=350%2C200&ssl=1 1x, https:\/\/i0.wp.com\/lasprimeras.com.do\/wp-content\/uploads\/2023\/10\/PLD.jpg?resize=525%2C300&ssl=1 1.5x, https:\/\/i0.wp.com\/lasprimeras.com.do\/wp-content\/uploads\/2023\/10\/PLD.jpg?resize=700%2C400&ssl=1 2x"},"classes":[]},{"id":123935,"url":"https:\/\/lasprimeras.com.do\/index.php\/2026\/03\/06\/jce-fija-reglas-para-reconocer-nuevos-partidos-politicos\/","url_meta":{"origin":62721,"position":5},"title":"JCE fija reglas para reconocer nuevos partidos pol\u00edticos","author":"Nelson Feliz","date":"6 de marzo de 2026","format":false,"excerpt":"El Pleno de la Junta Central Electoral (JCE) dict\u00f3 formalmente el Reglamento que establece el procedimiento para el reconocimiento de partidos, agrupaciones y movimientos pol\u00edticos, con el objetivo de dotar de mayor transparencia y rigor jur\u00eddico al proceso de formaci\u00f3n de nuevas entidades pol\u00edticas en la Rep\u00fablica Dominicana. Esta nueva\u2026","rel":"","context":"En \u00abNACIONALES\u00bb","block_context":{"text":"NACIONALES","link":"https:\/\/lasprimeras.com.do\/index.php\/category\/nacionales\/"},"img":{"alt_text":"","src":"https:\/\/i0.wp.com\/lasprimeras.com.do\/wp-content\/uploads\/2025\/10\/JCE-1.jpg?resize=350%2C200&ssl=1","width":350,"height":200,"srcset":"https:\/\/i0.wp.com\/lasprimeras.com.do\/wp-content\/uploads\/2025\/10\/JCE-1.jpg?resize=350%2C200&ssl=1 1x, https:\/\/i0.wp.com\/lasprimeras.com.do\/wp-content\/uploads\/2025\/10\/JCE-1.jpg?resize=525%2C300&ssl=1 1.5x, https:\/\/i0.wp.com\/lasprimeras.com.do\/wp-content\/uploads\/2025\/10\/JCE-1.jpg?resize=700%2C400&ssl=1 2x"},"classes":[]}],"jetpack_sharing_enabled":true,"_links":{"self":[{"href":"https:\/\/lasprimeras.com.do\/index.php\/wp-json\/wp\/v2\/posts\/62721","targetHints":{"allow":["GET"]}}],"collection":[{"href":"https:\/\/lasprimeras.com.do\/index.php\/wp-json\/wp\/v2\/posts"}],"about":[{"href":"https:\/\/lasprimeras.com.do\/index.php\/wp-json\/wp\/v2\/types\/post"}],"author":[{"embeddable":true,"href":"https:\/\/lasprimeras.com.do\/index.php\/wp-json\/wp\/v2\/users\/3"}],"replies":[{"embeddable":true,"href":"https:\/\/lasprimeras.com.do\/index.php\/wp-json\/wp\/v2\/comments?post=62721"}],"version-history":[{"count":1,"href":"https:\/\/lasprimeras.com.do\/index.php\/wp-json\/wp\/v2\/posts\/62721\/revisions"}],"predecessor-version":[{"id":62723,"href":"https:\/\/lasprimeras.com.do\/index.php\/wp-json\/wp\/v2\/posts\/62721\/revisions\/62723"}],"wp:featuredmedia":[{"embeddable":true,"href":"https:\/\/lasprimeras.com.do\/index.php\/wp-json\/wp\/v2\/media\/62722"}],"wp:attachment":[{"href":"https:\/\/lasprimeras.com.do\/index.php\/wp-json\/wp\/v2\/media?parent=62721"}],"wp:term":[{"taxonomy":"category","embeddable":true,"href":"https:\/\/lasprimeras.com.do\/index.php\/wp-json\/wp\/v2\/categories?post=62721"},{"taxonomy":"post_tag","embeddable":true,"href":"https:\/\/lasprimeras.com.do\/index.php\/wp-json\/wp\/v2\/tags?post=62721"}],"curies":[{"name":"wp","href":"https:\/\/api.w.org\/{rel}","templated":true}]}}