{"id":62770,"date":"2023-10-07T21:46:05","date_gmt":"2023-10-08T01:46:05","guid":{"rendered":"https:\/\/lasprimeras.com.do\/?p=62770"},"modified":"2023-10-07T21:46:06","modified_gmt":"2023-10-08T01:46:06","slug":"netanyahu-llama-a-los-palestinos-a-salir-de-gaza-ante-inminente-ofensiva-contra-hamas","status":"publish","type":"post","link":"https:\/\/lasprimeras.com.do\/index.php\/2023\/10\/07\/netanyahu-llama-a-los-palestinos-a-salir-de-gaza-ante-inminente-ofensiva-contra-hamas\/","title":{"rendered":"Netanyahu llama a los palestinos a salir de Gaza ante inminente ofensiva contra Ham\u00e1s"},"content":{"rendered":"\n<p><strong>El primer ministro de Israel, Benjam\u00edn Netanyahu, afirm\u00f3 este s\u00e1bado que el Ej\u00e9rcito de su pa\u00eds utilizar\u00e1 &#8220;todo su poder&#8221; para destruir a Ham\u00e1s.<\/strong><\/p>\n\n\n\n<p>El primer ministro de Israel, Benjam\u00edn Netanyahu, afirm\u00f3 este s\u00e1bado que el Ej\u00e9rcito de su pa\u00eds utilizar\u00e1 &#8220;todo su poder&#8221; para destruir a Ham\u00e1s, e inst\u00f3 a los palestinos a abandonar la Franja de Gaza al advertir que reducir\u00e1 &#8220;a escombros&#8221; los escondites de los milicianos.<\/p>\n\n\n\n<p>&#8220;Las Fuerzas de Defensa de Israel est\u00e1n a punto de utilizar todo su poder para destruir las capacidades de Ham\u00e1s&#8221;, dijo Netanyahu en un discurso televisado, el segundo desde que esta ma\u00f1ana el movimiento islamista Ham\u00e1s sorprendi\u00f3 a Israel con un ataque por tierra, aire y mar sin precedentes.<\/p>\n\n\n\n<p>&#8220;Los destruiremos y vengaremos con fuerza este d\u00eda oscuro que han impuesto al Estado de Israel y a sus ciudadanos&#8221;, subray\u00f3.<\/p>\n\n\n\n<p>Adem\u00e1s, el primer ministro israel\u00ed llam\u00f3 a los habitantes de Gaza a evacuar la franja ante la inminente ofensiva.<\/p>\n\n\n\n<p>&#8220;Les digo a los residentes de Gaza: v\u00e1yanse ahora porque actuaremos con fuerza. Todos los lugares en los que Ham\u00e1s est\u00e1 desplegado, escondido y operando, los convertiremos en islas de escombros&#8221;, advirti\u00f3.<\/p>\n\n\n\n<p>Sin embargo, los gazat\u00edes no tienen posibilidad de abandonar el enclave -gobernado de facto por Ham\u00e1s, un movimiento considerado terrorista por el Gobierno israel\u00ed, Estados Unidos y la Uni\u00f3n Europea (UE)-, puesto que est\u00e1 bloqueado por Egipto e Israel. As\u00ed, son contados los gazat\u00edes que logran obtener permisos para salir de la franja.<\/p>\n\n\n\n<p>Por otro lado, Netanyahu agradeci\u00f3 a los l\u00edderes de Estados Unidos -su principal socio-, Francia y Reino Unido por manifestar su apoyo a Israel.<\/p>\n\n\n\n<p>Calificando los acontecimientos de este s\u00e1bado como algo &#8220;nunca antes visto en Israel&#8221;, el primer ministro de Israel prometi\u00f3 ganar la guerra, aunque advirti\u00f3 que &#8220;el precio ser\u00e1 alto&#8221;.<\/p>\n\n\n\n<p>En tanto, el ministro de Defensa israel\u00ed, Yoav Gallant, ha decidido extender la situaci\u00f3n de emergencia a todo el pa\u00eds y no solo en un radio de 80 kil\u00f3metros de la Franja de Gaza, como hab\u00eda hecho anteriormente.<\/p>\n\n\n\n<p>De su lado, el Consejo de Seguridad Nacional advirti\u00f3 a los israel\u00edes que viven en el extranjero que est\u00e9n alerta ante ataques contra jud\u00edos relacionados con la escalada actual.<\/p>\n\n\n\n<p>Unas 250 personas han muerto en Israel como consecuencia de la agresi\u00f3n m\u00faltiple de Ham\u00e1s; mientras que los ataques a\u00e9reos israel\u00edes de represalia se han cobrado la vida de 232 personas en Gaza, seg\u00fan los \u00faltimos datos confirmados por fuentes m\u00e9dicas de ambos lados. EFE<\/p>\n","protected":false},"excerpt":{"rendered":"<p>El primer ministro de Israel, Benjam\u00edn Netanyahu, afirm\u00f3 este s\u00e1bado que el Ej\u00e9rcito de su pa\u00eds utilizar\u00e1 &#8220;todo su poder&#8221; para destruir a Ham\u00e1s. El primer ministro de Israel, Benjam\u00edn&hellip;<\/p>\n","protected":false},"author":2,"featured_media":62771,"comment_status":"open","ping_status":"open","sticky":false,"template":"","format":"standard","meta":{"content-type":"","jetpack_post_was_ever_published":false,"_jetpack_newsletter_access":"","_jetpack_dont_email_post_to_subs":false,"_jetpack_newsletter_tier_id":0,"_jetpack_memberships_contains_paywalled_content":false,"_jetpack_memberships_contains_paid_content":false,"footnotes":""},"categories":[1],"tags":[8294,8295,4012,2959,8293],"class_list":["post-62770","post","type-post","status-publish","format-standard","has-post-thumbnail","hentry","category-sin-categoria","tag-benjamin-netanyahu-2","tag-gaza","tag-inminente","tag-ofensiva","tag-palestinos"],"jetpack_featured_media_url":"https:\/\/lasprimeras.com.do\/wp-content\/uploads\/2023\/10\/Palestinos-se-alejan-del-kibbutz-de-Kfar-Azza-Israel.jpg","jetpack-related-posts":[{"id":70524,"url":"https:\/\/lasprimeras.com.do\/index.php\/2023\/12\/12\/netanyahu-acusa-a-palestina-de-querer-destruir-israel-por-etapas\/","url_meta":{"origin":62770,"position":0},"title":"Netanyahu acusa a Palestina de querer destruir Israel \u00abpor etapas\u00bb","author":"BIMARY DE JES\u00daS Matos","date":"12 de diciembre de 2023","format":false,"excerpt":"ISRAEL.- Benjam\u00edn Netanyahu se\u00f1al\u00f3 ante la Comisi\u00f3n de Asuntos Exteriores y Defensa del Parlamento que la Autoridad Palestina (AP) quiere destruir Israel \u201cpor etapas\u201d. La reuni\u00f3n se realiz\u00f3 a puertas cerradas. Sin embargo, medios locales difundieron parte del contenido abordado. \u201cLa diferencia entre Hamas y la Autoridad Palestina es \u00fanicamente\u2026","rel":"","context":"En \u00abSin categor\u00eda\u00bb","block_context":{"text":"Sin categor\u00eda","link":"https:\/\/lasprimeras.com.do\/index.php\/category\/sin-categoria\/"},"img":{"alt_text":"","src":"https:\/\/i0.wp.com\/lasprimeras.com.do\/wp-content\/uploads\/2023\/12\/juegos-sde.png?resize=350%2C200&ssl=1","width":350,"height":200,"srcset":"https:\/\/i0.wp.com\/lasprimeras.com.do\/wp-content\/uploads\/2023\/12\/juegos-sde.png?resize=350%2C200&ssl=1 1x, https:\/\/i0.wp.com\/lasprimeras.com.do\/wp-content\/uploads\/2023\/12\/juegos-sde.png?resize=525%2C300&ssl=1 1.5x"},"classes":[]},{"id":62782,"url":"https:\/\/lasprimeras.com.do\/index.php\/2023\/10\/07\/se-eleva-a-a-mas-de-300-el-numero-de-israelies-fallecidos-tras-el-ataque-de-hamas\/","url_meta":{"origin":62770,"position":1},"title":"Se eleva a a m\u00e1s de 300 el n\u00famero de israel\u00edes fallecidos tras el ataque de Ham\u00e1s","author":"Nelson Feliz","date":"7 de octubre de 2023","format":false,"excerpt":"La cifra de fallecidos podr\u00eda aumentar en las pr\u00f3ximas horas, dada la gravedad de algunos de los heridos. M\u00e1s de 300 ciudadanos israel\u00edes han muerto como consecuencia del ataque llevado a cabo el s\u00e1bado desde la Franja de Gaza por el grupo islamista Ham\u00e1s contra el territorio de Israel, informaron\u2026","rel":"","context":"En \u00abSin categor\u00eda\u00bb","block_context":{"text":"Sin categor\u00eda","link":"https:\/\/lasprimeras.com.do\/index.php\/category\/sin-categoria\/"},"img":{"alt_text":"La gente eval\u00faa la destrucci\u00f3n causada por los ataques a\u00e9reos israel\u00edes en la ciudad de Gaza el 7 de octubre de 2023. Militantes palestinos han comenzado una \"guerra\" contra Israel, en la que se infiltraron por aire, mar y tierra desde la bloqueada Franja de Gaza.AFP\/ MOHAMMED ABED","src":"https:\/\/i0.wp.com\/lasprimeras.com.do\/wp-content\/uploads\/2023\/10\/Ataques.jpeg?resize=350%2C200&ssl=1","width":350,"height":200,"srcset":"https:\/\/i0.wp.com\/lasprimeras.com.do\/wp-content\/uploads\/2023\/10\/Ataques.jpeg?resize=350%2C200&ssl=1 1x, https:\/\/i0.wp.com\/lasprimeras.com.do\/wp-content\/uploads\/2023\/10\/Ataques.jpeg?resize=525%2C300&ssl=1 1.5x, https:\/\/i0.wp.com\/lasprimeras.com.do\/wp-content\/uploads\/2023\/10\/Ataques.jpeg?resize=700%2C400&ssl=1 2x"},"classes":[]},{"id":82948,"url":"https:\/\/lasprimeras.com.do\/index.php\/2024\/05\/09\/netanyahu-dice-que-israel-luchara-hasta-con-las-unas-si-es-necesario-para-derrotar-a-hamas\/","url_meta":{"origin":62770,"position":2},"title":"Netanyahu dice que Israel \u201cluchar\u00e1 hasta con las u\u00f1as\u201d si es necesario para derrotar a Ham\u00e1s","author":"Nelson Feliz","date":"9 de mayo de 2024","format":false,"excerpt":"BY JOSEPH KRAUSS AND JOSEF FEDERMAN JERUSAL\u00c9N (AP) \u2014 El primer ministro israel\u00ed Benjamin Netanyahu declar\u00f3 el jueves que la amenaza de Estados Unidos de retener armamento no evitar\u00e1 que Israel contin\u00fae con su ofensiva en la Franja de Gaza, indicando que podr\u00eda proceder con una invasi\u00f3n a la hacinada\u2026","rel":"","context":"En \u00abSin categor\u00eda\u00bb","block_context":{"text":"Sin categor\u00eda","link":"https:\/\/lasprimeras.com.do\/index.php\/category\/sin-categoria\/"},"img":{"alt_text":"","src":"https:\/\/i0.wp.com\/lasprimeras.com.do\/wp-content\/uploads\/2024\/05\/muertos.jpg?resize=350%2C200&ssl=1","width":350,"height":200,"srcset":"https:\/\/i0.wp.com\/lasprimeras.com.do\/wp-content\/uploads\/2024\/05\/muertos.jpg?resize=350%2C200&ssl=1 1x, https:\/\/i0.wp.com\/lasprimeras.com.do\/wp-content\/uploads\/2024\/05\/muertos.jpg?resize=525%2C300&ssl=1 1.5x, https:\/\/i0.wp.com\/lasprimeras.com.do\/wp-content\/uploads\/2024\/05\/muertos.jpg?resize=700%2C400&ssl=1 2x"},"classes":[]},{"id":67341,"url":"https:\/\/lasprimeras.com.do\/index.php\/2023\/11\/15\/biden-y-netanyahu-hablan-sobre-liberar-rehenes-en-poder-hamas\/","url_meta":{"origin":62770,"position":3},"title":"Biden y Netanyahu hablan sobre liberar rehenes en poder Ham\u00e1s","author":"BIMARY DE JES\u00daS Matos","date":"15 de noviembre de 2023","format":false,"excerpt":"WASHINGTON.- El presidente de Estados Unidos, Joe Biden, y el primer ministro de Israel, Benjamin Netanyahu, han mantenido este martes una conversaci\u00f3n telef\u00f3nica respecto a \u00ablos \u00faltimos acontecimientos\u00bb en la Franja de Gaza y a los esfuerzos de ambos pa\u00edses para liberar a los rehenes capturados por el Movimiento de\u2026","rel":"","context":"En \u00abSin categor\u00eda\u00bb","block_context":{"text":"Sin categor\u00eda","link":"https:\/\/lasprimeras.com.do\/index.php\/category\/sin-categoria\/"},"img":{"alt_text":"","src":"https:\/\/i0.wp.com\/lasprimeras.com.do\/wp-content\/uploads\/2023\/11\/valentin-22.jpg?resize=350%2C200&ssl=1","width":350,"height":200,"srcset":"https:\/\/i0.wp.com\/lasprimeras.com.do\/wp-content\/uploads\/2023\/11\/valentin-22.jpg?resize=350%2C200&ssl=1 1x, https:\/\/i0.wp.com\/lasprimeras.com.do\/wp-content\/uploads\/2023\/11\/valentin-22.jpg?resize=525%2C300&ssl=1 1.5x"},"classes":[]},{"id":83385,"url":"https:\/\/lasprimeras.com.do\/index.php\/2024\/05\/15\/netanyahu-rechaza-criticas-internas-y-externas-por-su-falta-de-un-plan-de-postguerra-para-gaza\/","url_meta":{"origin":62770,"position":4},"title":"Netanyahu rechaza cr\u00edticas internas y externas por su falta de un plan de postguerra para Gaza","author":"Nelson Feliz","date":"15 de mayo de 2024","format":false,"excerpt":"POR TIA GOLDENBERG,ABBY SEWELL Y WAFAA SHURAFA JERUSAL\u00c9N (AP) \u2014 El primer ministro israel\u00ed, Benjam\u00edn Netanyahu, rechaz\u00f3 el mi\u00e9rcoles las cr\u00edticas de que no est\u00e1 planificando una realidad de posguerra en la Franja de Gaza, diciendo que era imposible prepararse para cualquier escenario en el asediado enclave palestino hasta que\u2026","rel":"","context":"En \u00abSin categor\u00eda\u00bb","block_context":{"text":"Sin categor\u00eda","link":"https:\/\/lasprimeras.com.do\/index.php\/category\/sin-categoria\/"},"img":{"alt_text":"","src":"https:\/\/i0.wp.com\/lasprimeras.com.do\/wp-content\/uploads\/2024\/05\/gaza-1.jpg?resize=350%2C200&ssl=1","width":350,"height":200,"srcset":"https:\/\/i0.wp.com\/lasprimeras.com.do\/wp-content\/uploads\/2024\/05\/gaza-1.jpg?resize=350%2C200&ssl=1 1x, https:\/\/i0.wp.com\/lasprimeras.com.do\/wp-content\/uploads\/2024\/05\/gaza-1.jpg?resize=525%2C300&ssl=1 1.5x, https:\/\/i0.wp.com\/lasprimeras.com.do\/wp-content\/uploads\/2024\/05\/gaza-1.jpg?resize=700%2C400&ssl=1 2x"},"classes":[]},{"id":68706,"url":"https:\/\/lasprimeras.com.do\/index.php\/2023\/11\/27\/netanyahu-entra-en-la-franja-de-gaza\/","url_meta":{"origin":62770,"position":5},"title":"Netanyahu entra en la Franja de Gaza","author":"BIMARY DE JES\u00daS Matos","date":"27 de noviembre de 2023","format":false,"excerpt":"Jerusal\u00e9n. El primer ministro de Israel, Benjam\u00edn Netanyahu, entr\u00f3 ayera la Franja de Gaza por primera vez desde que estall\u00f3 la guerra con Ham\u00e1s, el 7 de octubre, y asegur\u00f3 que sus tropas retomar\u00e1n la ofensiva hasta \u201celiminar\u201d al grupo islamista cuando termine el cese el fuego temporal. \u201cTenemos tres\u2026","rel":"","context":"En \u00abSin categor\u00eda\u00bb","block_context":{"text":"Sin categor\u00eda","link":"https:\/\/lasprimeras.com.do\/index.php\/category\/sin-categoria\/"},"img":{"alt_text":"","src":"https:\/\/i0.wp.com\/lasprimeras.com.do\/wp-content\/uploads\/2023\/11\/WhatsApp-Image-2023-11-26-at-2.38.38-PM-1.jpeg?resize=350%2C200&ssl=1","width":350,"height":200,"srcset":"https:\/\/i0.wp.com\/lasprimeras.com.do\/wp-content\/uploads\/2023\/11\/WhatsApp-Image-2023-11-26-at-2.38.38-PM-1.jpeg?resize=350%2C200&ssl=1 1x, https:\/\/i0.wp.com\/lasprimeras.com.do\/wp-content\/uploads\/2023\/11\/WhatsApp-Image-2023-11-26-at-2.38.38-PM-1.jpeg?resize=525%2C300&ssl=1 1.5x"},"classes":[]}],"jetpack_sharing_enabled":true,"_links":{"self":[{"href":"https:\/\/lasprimeras.com.do\/index.php\/wp-json\/wp\/v2\/posts\/62770","targetHints":{"allow":["GET"]}}],"collection":[{"href":"https:\/\/lasprimeras.com.do\/index.php\/wp-json\/wp\/v2\/posts"}],"about":[{"href":"https:\/\/lasprimeras.com.do\/index.php\/wp-json\/wp\/v2\/types\/post"}],"author":[{"embeddable":true,"href":"https:\/\/lasprimeras.com.do\/index.php\/wp-json\/wp\/v2\/users\/2"}],"replies":[{"embeddable":true,"href":"https:\/\/lasprimeras.com.do\/index.php\/wp-json\/wp\/v2\/comments?post=62770"}],"version-history":[{"count":2,"href":"https:\/\/lasprimeras.com.do\/index.php\/wp-json\/wp\/v2\/posts\/62770\/revisions"}],"predecessor-version":[{"id":62773,"href":"https:\/\/lasprimeras.com.do\/index.php\/wp-json\/wp\/v2\/posts\/62770\/revisions\/62773"}],"wp:featuredmedia":[{"embeddable":true,"href":"https:\/\/lasprimeras.com.do\/index.php\/wp-json\/wp\/v2\/media\/62771"}],"wp:attachment":[{"href":"https:\/\/lasprimeras.com.do\/index.php\/wp-json\/wp\/v2\/media?parent=62770"}],"wp:term":[{"taxonomy":"category","embeddable":true,"href":"https:\/\/lasprimeras.com.do\/index.php\/wp-json\/wp\/v2\/categories?post=62770"},{"taxonomy":"post_tag","embeddable":true,"href":"https:\/\/lasprimeras.com.do\/index.php\/wp-json\/wp\/v2\/tags?post=62770"}],"curies":[{"name":"wp","href":"https:\/\/api.w.org\/{rel}","templated":true}]}}