{"id":62777,"date":"2023-10-07T21:59:51","date_gmt":"2023-10-08T01:59:51","guid":{"rendered":"https:\/\/lasprimeras.com.do\/?p=62777"},"modified":"2023-10-07T21:59:52","modified_gmt":"2023-10-08T01:59:52","slug":"organizacion-acuerdo-de-montana-rechaza-mision-de-apoyo-a-la-seguridad-en-haiti","status":"publish","type":"post","link":"https:\/\/lasprimeras.com.do\/index.php\/2023\/10\/07\/organizacion-acuerdo-de-montana-rechaza-mision-de-apoyo-a-la-seguridad-en-haiti\/","title":{"rendered":"Organizaci\u00f3n &#8220;Acuerdo de Montana&#8221; rechaza misi\u00f3n de apoyo a la seguridad en Hait\u00ed"},"content":{"rendered":"\n<p class=\"wp-block-paragraph\"><strong>El Acuerdo de Montana surgi\u00f3 luego de la muerte del presidente Jovenel Mo\u00efse, el 7 de julio de 2021.<\/strong><\/p>\n\n\n\n<p class=\"wp-block-paragraph\">La organizaci\u00f3n representativa de la sociedad haitiana denominada Acuerdo de Montana rechaz\u00f3 hoy la adopci\u00f3n por parte del Consejo de Seguridad de la Naciones Unidas (ONU) de desplegar una misi\u00f3n multinacional de apoyo a la seguridad en Hait\u00ed, por considerarla un irrespeto a la soberan\u00eda de ese pa\u00eds.<\/p>\n\n\n\n<p class=\"wp-block-paragraph\">En un comunicado firmado por representantes de la organizaci\u00f3n Acuerdo del Hotel Montana, nombrada as\u00ed el 30 de agosto de 2021, cuando una amplia representaci\u00f3n de empresarios, sindicalistas, l\u00edderes c\u00edvicos, las iglesias y representantes de la di\u00e1spora haitiana lograron ponerse de acuerdo y elegir de manera democr\u00e1tica distintas autoridades estatales, luego de la muerte del presidente Jovenel Mo\u00efse, el 7 de julio de 2021.<\/p>\n\n\n\n<p class=\"wp-block-paragraph\">&#8220;Las Naciones Unidas, extrayendo lecciones del fracaso de sus intervenciones anteriores, considera necesario distanciarse de la implementaci\u00f3n operativa de dicha misi\u00f3n. <\/p>\n\n\n\n<p class=\"wp-block-paragraph\">El Acuerdo de Montana se\u00f1ala que el secuestro del derecho a la autodeterminaci\u00f3n de la naci\u00f3n haitiana por ciertos actores internacionales dominantes, en violaci\u00f3n de la propia carta de la ONU, fue objeto de negociaciones diplom\u00e1ticas que culminaron en el compromiso asumido de respetar la soberan\u00eda, integridad y unidad territorial del Estado y del pueblo haitiano&#8221;, indica el documento.<\/p>\n\n\n\n<p class=\"wp-block-paragraph\">Se\u00f1ala que, una fuerza multinacional armada ajena a la ONU no puede intervenir en un pa\u00eds garantizando su soberan\u00eda y su integridad.<\/p>\n\n\n\n<p class=\"wp-block-paragraph\">&#8220;Parece claramente que esta resoluci\u00f3n, expresada de una manera sin precedentes en la historia de las Naciones Unidas, es el resultado de laboriosas negociaciones y compromisos entre potencias internacionales. Refleja las reservas de ciertos actores estatales, as\u00ed como las advertencias de organizaciones representantes de la sociedad civil&#8221;, indica.<\/p>\n\n\n\n<p class=\"wp-block-paragraph\">El Acuerdo de Montana, dice que quienes gobiernan a Hait\u00ed nunca han hecho nada para frenar el descenso del pa\u00eds y que estos no gozan de credibilidad para comprometerse con el futuro de la naci\u00f3n.<\/p>\n\n\n\n<p class=\"wp-block-paragraph\">Manifiestan que existe un historial de masacres, asesinatos, cr\u00edmenes de todo tipo e impunidad de este poder de facto.<\/p>\n\n\n\n<p class=\"wp-block-paragraph\">Asimismo, escriben que este poder existente nunca podr\u00e1 liberarse de sus conexiones tradicionales con miras a neutralizar a las bandas de todas las tendencias, localizar a sus proveedores locales e internacionales de todo tipo, tranquilizar a los actores pol\u00edticos y conducir al pa\u00eds hacia reformas antes de las elecciones.<\/p>\n\n\n\n<p class=\"wp-block-paragraph\">Lamentan que no exista ninguna sanci\u00f3n internacional adoptada contra miembros de los poderes vigentes o miembros de sectores econ\u00f3micos, pol\u00edticos o grupos armados. &#8220;Ningunos ha sido objeto de procesos judiciales a nivel nacional&#8221;, agregan.<\/p>\n\n\n\n<p class=\"wp-block-paragraph\">&#8220;En este momento decisivo en el que est\u00e1 en juego nuestra existencia como pueblo, hacemos un llamamiento a los ciudadanos a ejercer una vigilancia activa en la defensa de los intereses de la naci\u00f3n haitiana. La terquedad de sostener plenamente a un odiado r\u00e9gimen de facto, con bandas que aterrorizan a la poblaci\u00f3n, heredero de un sangriento golpe de Estado, fuertemente sospechoso de cr\u00edmenes contra la humanidad, mancha de dudas leg\u00edtimas, e incluso de sospechas, las mejores disposiciones contenidas en la resoluci\u00f3n de la ONU&#8221;, refieren.<\/p>\n\n\n\n<p class=\"wp-block-paragraph\">Consideran que, el fin de la impunidad implica el divorcio del aparato estatal, del personal pol\u00edtico, de las instituciones con este sector mafioso, constituye el requisito previo esencial para el \u00e9xito de cualquier empresa tendente seriamente a sacar a Hait\u00ed del caos.<\/p>\n\n\n\n<p class=\"wp-block-paragraph\"><strong>Llaman a crear gobierno de salvaci\u00f3n nacional<\/strong><\/p>\n\n\n\n<p class=\"wp-block-paragraph\">La organizaci\u00f3n representativa de la sociedad haitiana denominada Acuerdo de Montana llam\u00f3 a la conformaci\u00f3n de un gobierno de salvaci\u00f3n nacional, bajo la sombrilla de un consenso suficiente e integrado por personalidades honestas, cre\u00edbles, competentes, imparciales y que gocen de la confianza de la poblaci\u00f3n, capaz de movilizar las reservas inagotables de energ\u00eda patri\u00f3tica y c\u00edvica del pueblo haitiano, para la recuperaci\u00f3n del pa\u00eds y de la sociedad.<\/p>\n\n\n\n<p class=\"wp-block-paragraph\">&#8220;Este gobierno de rescate nacional discutir\u00e1 con los actores internacionales, que son partes interesadas en la crisis haitiana, las modalidades de asistencia necesarias para que el Estado haitiano garantice sus misiones soberanas y ponga fin al sufrimiento de la poblaci\u00f3n&#8221;, dicen.<\/p>\n\n\n\n<p class=\"wp-block-paragraph\">Por los distintos \u00f3rganos e instancias del Acuerdo del 30 de agosto de 2021 , Acuerdo de Montana firman los haitianos Magali Comeau Denis, miembro de la coordinaci\u00f3n de Oficina de Seguimiento de Convenios de 30 de agosto de 2021.<\/p>\n\n\n\n<p class=\"wp-block-paragraph\">Tambi\u00e9n, Fritz Alphonse Jean, presidente electo del Acuerdo del 30 de agosto 2021; James Beltis, presidente del Consejo Nacional de Transici\u00f3n; Bonivert Claude, coordinador de la Plataforma de la Sociedad Civil; Jean William Jeanty, coordinador del Foro de las Partes Pol\u00edticas firmantes del Acuerdo de Montana y Dunois Erick Cantave, del Comit\u00e9 Representativo de los firmantes de la Negociaci\u00f3n (CRN).<\/p>\n","protected":false},"excerpt":{"rendered":"<p>El Acuerdo de Montana surgi\u00f3 luego de la muerte del presidente Jovenel Mo\u00efse, el 7 de julio de 2021. La organizaci\u00f3n representativa de la sociedad haitiana denominada Acuerdo de Montana&hellip;<\/p>\n","protected":false},"author":2,"featured_media":62778,"comment_status":"open","ping_status":"open","sticky":false,"template":"","format":"standard","meta":{"content-type":"","_jetpack_newsletter_access":"","_jetpack_dont_email_post_to_subs":false,"_jetpack_newsletter_tier_id":0,"_jetpack_memberships_contains_paywalled_content":false,"_jetpack_feature_clip_id":0,"_jetpack_memberships_contains_paid_content":false,"footnotes":"","jetpack_post_was_ever_published":false},"categories":[1],"tags":[8298,217,2170,2426,76],"class_list":["post-62777","post","type-post","status-publish","format-standard","has-post-thumbnail","hentry","category-sin-categoria","tag-acuerdo-de-montana","tag-haiti","tag-mision","tag-organizacion","tag-seguridad"],"jetpack-related-posts":[{"id":86223,"url":"https:\/\/lasprimeras.com.do\/index.php\/2024\/07\/21\/fuerzas-jamaicanas-en-haiti-se-sumarian-a-mision-de-los-agentes-kenianos-en-haiti\/","url_meta":{"origin":62777,"position":0},"title":"Fuerzas jamaicanas en Hait\u00ed se sumar\u00edan a misi\u00f3n de los agentes kenianos en Hait\u00ed","author":"Nelson Feliz","date":"21 de julio de 2024","format":false,"excerpt":"El despliegue de las fuerzas jamaicanas en Hait\u00ed como parte de la Misi\u00f3n Multinacional de Apoyo a la Seguridad est\u00e1 cerca, de acuerdo a declaraciones del embajador de Estados Unidos en ese pa\u00eds, Dennis Hankins. En una entrevista para Voz de Am\u00e9rica en creole, Hankins inform\u00f3 que el pr\u00f3ximo contingente\u2026","rel":"","context":"En \u00abSin categor\u00eda\u00bb","block_context":{"text":"Sin categor\u00eda","link":"https:\/\/lasprimeras.com.do\/index.php\/category\/sin-categoria\/"},"img":{"alt_text":"","src":"https:\/\/i0.wp.com\/lasprimeras.com.do\/wp-content\/uploads\/2024\/07\/agentes.jpg?resize=350%2C200&ssl=1","width":350,"height":200,"srcset":"https:\/\/i0.wp.com\/lasprimeras.com.do\/wp-content\/uploads\/2024\/07\/agentes.jpg?resize=350%2C200&ssl=1 1x, https:\/\/i0.wp.com\/lasprimeras.com.do\/wp-content\/uploads\/2024\/07\/agentes.jpg?resize=525%2C300&ssl=1 1.5x, https:\/\/i0.wp.com\/lasprimeras.com.do\/wp-content\/uploads\/2024\/07\/agentes.jpg?resize=700%2C400&ssl=1 2x"},"classes":[]},{"id":126462,"url":"https:\/\/lasprimeras.com.do\/index.php\/2026\/04\/02\/republica-dominicana-brindara-apoyo-logistico-a-mision-de-la-onu-en-haiti\/","url_meta":{"origin":62777,"position":1},"title":"Rep\u00fablica Dominicana brindar\u00e1 apoyo log\u00edstico a misi\u00f3n de la ONU en Hait\u00ed","author":"Nelson Feliz","date":"2 de abril de 2026","format":false,"excerpt":"El canciller Roberto \u00c1lvarez encabezando la reuni\u00f3n con representantes de la ONU para coordinar las acciones de apoyo a la misi\u00f3n internacional en Hait\u00ed desde territorio dominicano.","rel":"","context":"En \u00abNACIONALES\u00bb","block_context":{"text":"NACIONALES","link":"https:\/\/lasprimeras.com.do\/index.php\/category\/nacionales\/"},"img":{"alt_text":"El canciller Roberto \u00c1lvarez encabezando la reuni\u00f3n con representantes de la ONU para coordinar las acciones de apoyo a la misi\u00f3n internacional en Hait\u00ed desde territorio dominicano.","src":"https:\/\/i0.wp.com\/lasprimeras.com.do\/wp-content\/uploads\/2026\/04\/Roberto-Alvarez.jpg?resize=350%2C200&ssl=1","width":350,"height":200,"srcset":"https:\/\/i0.wp.com\/lasprimeras.com.do\/wp-content\/uploads\/2026\/04\/Roberto-Alvarez.jpg?resize=350%2C200&ssl=1 1x, https:\/\/i0.wp.com\/lasprimeras.com.do\/wp-content\/uploads\/2026\/04\/Roberto-Alvarez.jpg?resize=525%2C300&ssl=1 1.5x, https:\/\/i0.wp.com\/lasprimeras.com.do\/wp-content\/uploads\/2026\/04\/Roberto-Alvarez.jpg?resize=700%2C400&ssl=1 2x"},"classes":[]},{"id":84305,"url":"https:\/\/lasprimeras.com.do\/index.php\/2024\/06\/06\/eeuu-se-requieren-acciones-urgentes-para-restaurar-seguridad-en-haiti\/","url_meta":{"origin":62777,"position":2},"title":"EEUU: se requieren \u201cacciones urgentes\u201d para restaurar seguridad en Hait\u00ed","author":"Nelson Feliz","date":"6 de junio de 2024","format":false,"excerpt":"Estados Unidos present\u00f3 el mi\u00e9rcoles una resoluci\u00f3n ante la Organizaci\u00f3n de Estados Americanos (OEA) en la que reitera la necesidad de tomar \u201cacciones urgentes\u201d para restaurar la seguridad en Hait\u00ed, azotado por la violencia y la crisis humanitaria. \u201cEste proyecto hace un llamado a todos los Estados miembros y observadores\u2026","rel":"","context":"En \u00abSin categor\u00eda\u00bb","block_context":{"text":"Sin categor\u00eda","link":"https:\/\/lasprimeras.com.do\/index.php\/category\/sin-categoria\/"},"img":{"alt_text":"","src":"https:\/\/i0.wp.com\/lasprimeras.com.do\/wp-content\/uploads\/2024\/06\/Crisis-en-Haiti.jpg?resize=350%2C200&ssl=1","width":350,"height":200,"srcset":"https:\/\/i0.wp.com\/lasprimeras.com.do\/wp-content\/uploads\/2024\/06\/Crisis-en-Haiti.jpg?resize=350%2C200&ssl=1 1x, https:\/\/i0.wp.com\/lasprimeras.com.do\/wp-content\/uploads\/2024\/06\/Crisis-en-Haiti.jpg?resize=525%2C300&ssl=1 1.5x, https:\/\/i0.wp.com\/lasprimeras.com.do\/wp-content\/uploads\/2024\/06\/Crisis-en-Haiti.jpg?resize=700%2C400&ssl=1 2x"},"classes":[]},{"id":64982,"url":"https:\/\/lasprimeras.com.do\/index.php\/2023\/10\/25\/kenia-mantienen-el-bloqueo-al-despliegue-de-policias-en-haiti\/","url_meta":{"origin":62777,"position":3},"title":"KENIA: Mantienen el bloqueo al despliegue de polic\u00edas en Hait\u00ed","author":"BIMARY DE JES\u00daS Matos","date":"25 de octubre de 2023","format":false,"excerpt":"NAIROBI.- El Tribunal Superior de Nairobi mantuvo hoy el bloqueo temporal del despliegue de polic\u00edas de Kenia en Hait\u00ed como parte de la misi\u00f3n multinacional aprobada por el Consejo de Seguridad de la ONU, inform\u00f3 el abogado y pol\u00edtico opositor Ekuru Aukot, que interpuso una demanda contra esa iniciativa. \u00abEl\u2026","rel":"","context":"En \u00abSin categor\u00eda\u00bb","block_context":{"text":"Sin categor\u00eda","link":"https:\/\/lasprimeras.com.do\/index.php\/category\/sin-categoria\/"},"img":{"alt_text":"","src":"https:\/\/i0.wp.com\/lasprimeras.com.do\/wp-content\/uploads\/2023\/10\/WhatsApp-Image-2023-10-24-at-5.28.33-PM-1-2.jpeg?resize=350%2C200&ssl=1","width":350,"height":200,"srcset":"https:\/\/i0.wp.com\/lasprimeras.com.do\/wp-content\/uploads\/2023\/10\/WhatsApp-Image-2023-10-24-at-5.28.33-PM-1-2.jpeg?resize=350%2C200&ssl=1 1x, https:\/\/i0.wp.com\/lasprimeras.com.do\/wp-content\/uploads\/2023\/10\/WhatsApp-Image-2023-10-24-at-5.28.33-PM-1-2.jpeg?resize=525%2C300&ssl=1 1.5x, https:\/\/i0.wp.com\/lasprimeras.com.do\/wp-content\/uploads\/2023\/10\/WhatsApp-Image-2023-10-24-at-5.28.33-PM-1-2.jpeg?resize=700%2C400&ssl=1 2x, https:\/\/i0.wp.com\/lasprimeras.com.do\/wp-content\/uploads\/2023\/10\/WhatsApp-Image-2023-10-24-at-5.28.33-PM-1-2.jpeg?resize=1050%2C600&ssl=1 3x"},"classes":[]},{"id":63905,"url":"https:\/\/lasprimeras.com.do\/index.php\/2023\/10\/16\/mision-de-la-oea-llega-a-rd-para-levantar-informacion-sobre-canal-de-haiti-en-el-masacre\/","url_meta":{"origin":62777,"position":4},"title":"Misi\u00f3n de la OEA llega a RD para levantar informaci\u00f3n sobre canal de Hait\u00ed en el Masacre","author":"Nelson Feliz","date":"16 de octubre de 2023","format":false,"excerpt":"Se espera que tras visitar la frontera con Dajab\u00f3n, la misi\u00f3n emita un informe ante la OEA. Una misi\u00f3n de la Organizaci\u00f3n de los Estados Americanos (OEA) se encuentra de visita en la Rep\u00fablica Dominicana con el prop\u00f3sito de levantar informaci\u00f3n sobre el canal ilegal que construye Hait\u00ed en el\u2026","rel":"","context":"En \u00abNACIONALES\u00bb","block_context":{"text":"NACIONALES","link":"https:\/\/lasprimeras.com.do\/index.php\/category\/nacionales\/"},"img":{"alt_text":"Misi\u00f3n de la OEA llega a RD","src":"https:\/\/i0.wp.com\/lasprimeras.com.do\/wp-content\/uploads\/2023\/10\/Mision-de-la-OEA-llega-a-RD.jpg?resize=350%2C200&ssl=1","width":350,"height":200,"srcset":"https:\/\/i0.wp.com\/lasprimeras.com.do\/wp-content\/uploads\/2023\/10\/Mision-de-la-OEA-llega-a-RD.jpg?resize=350%2C200&ssl=1 1x, https:\/\/i0.wp.com\/lasprimeras.com.do\/wp-content\/uploads\/2023\/10\/Mision-de-la-OEA-llega-a-RD.jpg?resize=525%2C300&ssl=1 1.5x, https:\/\/i0.wp.com\/lasprimeras.com.do\/wp-content\/uploads\/2023\/10\/Mision-de-la-OEA-llega-a-RD.jpg?resize=700%2C400&ssl=1 2x"},"classes":[]},{"id":89486,"url":"https:\/\/lasprimeras.com.do\/index.php\/2024\/09\/25\/abinader-advierte-que-la-estabilidad-en-haiti-es-necesaria-para-la-seguridad-regional\/","url_meta":{"origin":62777,"position":5},"title":"Abinader advierte que la estabilidad en Hait\u00ed es necesaria para la seguridad regional","author":"Nelson Feliz","date":"25 de septiembre de 2024","format":false,"excerpt":"NUEVA YORK. - La estabilizaci\u00f3n de Hait\u00ed es \u201cuna necesidad estrat\u00e9gica para la seguridad en mi pa\u00eds y en toda la regi\u00f3n\u201d, por lo que venimos \u201csolicitando con firmeza el involucramiento de la comunidad internacional\u201d con un \u201crol sostenido\u201d en su estabilizaci\u00f3n, porque el colapso del vecino pa\u00eds afectar\u00e1 a\u2026","rel":"","context":"En \u00abNACIONALES\u00bb","block_context":{"text":"NACIONALES","link":"https:\/\/lasprimeras.com.do\/index.php\/category\/nacionales\/"},"img":{"alt_text":"Luis Abinader","src":"https:\/\/i0.wp.com\/lasprimeras.com.do\/wp-content\/uploads\/2024\/09\/Luis-Abinader-ONU-1.jpg?resize=350%2C200&ssl=1","width":350,"height":200,"srcset":"https:\/\/i0.wp.com\/lasprimeras.com.do\/wp-content\/uploads\/2024\/09\/Luis-Abinader-ONU-1.jpg?resize=350%2C200&ssl=1 1x, https:\/\/i0.wp.com\/lasprimeras.com.do\/wp-content\/uploads\/2024\/09\/Luis-Abinader-ONU-1.jpg?resize=525%2C300&ssl=1 1.5x, https:\/\/i0.wp.com\/lasprimeras.com.do\/wp-content\/uploads\/2024\/09\/Luis-Abinader-ONU-1.jpg?resize=700%2C400&ssl=1 2x"},"classes":[]}],"jetpack_sharing_enabled":true,"jetpack_featured_media_url":"https:\/\/lasprimeras.com.do\/wp-content\/uploads\/2023\/10\/haitianos.jpg","_links":{"self":[{"href":"https:\/\/lasprimeras.com.do\/index.php\/wp-json\/wp\/v2\/posts\/62777","targetHints":{"allow":["GET"]}}],"collection":[{"href":"https:\/\/lasprimeras.com.do\/index.php\/wp-json\/wp\/v2\/posts"}],"about":[{"href":"https:\/\/lasprimeras.com.do\/index.php\/wp-json\/wp\/v2\/types\/post"}],"author":[{"embeddable":true,"href":"https:\/\/lasprimeras.com.do\/index.php\/wp-json\/wp\/v2\/users\/2"}],"replies":[{"embeddable":true,"href":"https:\/\/lasprimeras.com.do\/index.php\/wp-json\/wp\/v2\/comments?post=62777"}],"version-history":[{"count":1,"href":"https:\/\/lasprimeras.com.do\/index.php\/wp-json\/wp\/v2\/posts\/62777\/revisions"}],"predecessor-version":[{"id":62779,"href":"https:\/\/lasprimeras.com.do\/index.php\/wp-json\/wp\/v2\/posts\/62777\/revisions\/62779"}],"wp:featuredmedia":[{"embeddable":true,"href":"https:\/\/lasprimeras.com.do\/index.php\/wp-json\/wp\/v2\/media\/62778"}],"wp:attachment":[{"href":"https:\/\/lasprimeras.com.do\/index.php\/wp-json\/wp\/v2\/media?parent=62777"}],"wp:term":[{"taxonomy":"category","embeddable":true,"href":"https:\/\/lasprimeras.com.do\/index.php\/wp-json\/wp\/v2\/categories?post=62777"},{"taxonomy":"post_tag","embeddable":true,"href":"https:\/\/lasprimeras.com.do\/index.php\/wp-json\/wp\/v2\/tags?post=62777"}],"curies":[{"name":"wp","href":"https:\/\/api.w.org\/{rel}","templated":true}]}}