{"id":62816,"date":"2023-10-08T00:23:33","date_gmt":"2023-10-08T04:23:33","guid":{"rendered":"https:\/\/lasprimeras.com.do\/?p=62816"},"modified":"2023-10-08T00:23:35","modified_gmt":"2023-10-08T04:23:35","slug":"82-de-delegados-participan-en-asamblea-del-pld","status":"publish","type":"post","link":"https:\/\/lasprimeras.com.do\/index.php\/2023\/10\/08\/82-de-delegados-participan-en-asamblea-del-pld\/","title":{"rendered":"82 % de delegados participan en asamblea del PLD"},"content":{"rendered":"\n<p><strong>El PLD en la Circunscripci\u00f3n Electoral 1 del D.N. da conocer la votaci\u00f3n alcanzada por los precandidatos (as) a regidores.<\/strong><\/p>\n\n\n\n<p>La Comisi\u00f3n Electoral de la Circunscripci\u00f3n Uno del Partido de la Liberaci\u00f3n Dominicana (PLD) en el Distrito Nacional dio a conocer los resultados de las votaciones de los dirigentes que participaron en la Asamblea de Delegados realizada este s\u00e1bado en la Casa Nacional Reinaldo P\u00e9rez con la supervisi\u00f3n de la Junta Central Electoral.<\/p>\n\n\n\n<p>Robert De la Cruz, coordinador de dicha comisi\u00f3n, acompa\u00f1ado de Ram\u00f3n Rivas, presidente de la CE 1 del D.N, Francis Cuevas y Richard Medina, miembros, con la asistencia de Margarita Pimentel, Sonia Bid\u00f3, Mayobabex Escoto y Mar\u00eda Alc\u00e1ntara de la Comisi\u00f3n Nacional Electoral dio a conocer los resultados del acta consolidada de las tres mesas votaciones que operaron en la Casa Nacional Reinaldo Pared P\u00e9rez.<\/p>\n\n\n\n<p>Antes de ofrecer los totales alcanzados por los aspirantes De la Cruz explic\u00f3 que ahora le corresponde a la Comisi\u00f3n Nacional Electoral del PLD informar de la boleta que se presentar\u00e1 en las elecciones de febrero del pr\u00f3ximo a\u00f1o tomando en cuenta las reservas de candidaturas de la direcci\u00f3n partidaria y la aplicaci\u00f3n de la cuota de g\u00e9nero seg\u00fan se establece en la Ley 33-18 de Partidos, Agrupaciones y Movimientos Pol\u00edticos.<\/p>\n\n\n\n<p>El orden de la votaci\u00f3n es como sigue: Ariel Guti\u00e9rrez, Francisco Regalado, Kenia Castillo, Anneudis Checo, Digna M\u00e9ndez, Jorge Feliz Pacheco, Guaroa Gil, Neney, Gilberto Acosta Luciano, Valent\u00edn Guerrero, Miguel \u00c1ngel Santos (Bleys), Beatriz B\u00e1ez, Eddy Hern\u00e1ndez y Lu\u00eds Casado.<\/p>\n\n\n\n<p>En total ejercieron su derecho al voto 816 delegados y delegadas de un total facultado para votar de 1,008, delegados que son presidentes de Comit\u00e9s de Base o miembros del Comit\u00e9 Central del PLD.<\/p>\n\n\n\n<p>\u201cEL gran ganador de este proceso ha sido el Partido de la Liberaci\u00f3n Dominicana por el alto nivel de participaci\u00f3n, el entusiasmo mostrado por electores y el civismo y compa\u00f1erismo de los competidores\u201d, dijo Robert De la Cruz.<\/p>\n\n\n\n<p>De manera extraoficial el porcentaje de participaci\u00f3n de los Delegados est\u00e1 sobrepasando el 80 por ciento y en muchos el 90 por ciento. Este Domingo sesionar\u00e1n la mayor cantidad de Asambleas de Delegados.<\/p>\n","protected":false},"excerpt":{"rendered":"<p>El PLD en la Circunscripci\u00f3n Electoral 1 del D.N. da conocer la votaci\u00f3n alcanzada por los precandidatos (as) a regidores. La Comisi\u00f3n Electoral de la Circunscripci\u00f3n Uno del Partido de&hellip;<\/p>\n","protected":false},"author":2,"featured_media":62817,"comment_status":"open","ping_status":"open","sticky":false,"template":"","format":"standard","meta":{"content-type":"","jetpack_post_was_ever_published":false,"_jetpack_newsletter_access":"","_jetpack_dont_email_post_to_subs":false,"_jetpack_newsletter_tier_id":0,"_jetpack_memberships_contains_paywalled_content":false,"_jetpack_memberships_contains_paid_content":false,"footnotes":""},"categories":[1],"tags":[2481,2848,269],"class_list":["post-62816","post","type-post","status-publish","format-standard","has-post-thumbnail","hentry","category-sin-categoria","tag-asamblea","tag-delegados","tag-pld"],"jetpack_featured_media_url":"https:\/\/lasprimeras.com.do\/wp-content\/uploads\/2023\/10\/pld.jpeg","jetpack-related-posts":[{"id":61745,"url":"https:\/\/lasprimeras.com.do\/index.php\/2023\/09\/30\/alta-concurrencia-en-la-asamblea-de-delegados-del-pld-en-el-municipio-sde\/","url_meta":{"origin":62816,"position":0},"title":"Alta concurrencia en la Asamblea de Delegados del PLD en el municipio SDE","author":"Nelson Feliz","date":"30 de septiembre de 2023","format":false,"excerpt":"La Asamblea de Delegados de la CE 3 del Municipio SDE debe servir de ejemplo para las asambleas pendientes de realizar, apunta Robert De la Cruz de la CNE del PLD. La Comisi\u00f3n Electoral de la Circunscripci\u00f3n Tres del Partido de la Liberaci\u00f3n Dominicana (PLD) en el municipio Santo Domingo\u2026","rel":"","context":"En \u00abPORTADA\u00bb","block_context":{"text":"PORTADA","link":"https:\/\/lasprimeras.com.do\/index.php\/category\/portada\/"},"img":{"alt_text":"Robert De la Cruz","src":"https:\/\/i0.wp.com\/lasprimeras.com.do\/wp-content\/uploads\/2023\/09\/Robert-De-la-Cruz.jpg?resize=350%2C200&ssl=1","width":350,"height":200,"srcset":"https:\/\/i0.wp.com\/lasprimeras.com.do\/wp-content\/uploads\/2023\/09\/Robert-De-la-Cruz.jpg?resize=350%2C200&ssl=1 1x, https:\/\/i0.wp.com\/lasprimeras.com.do\/wp-content\/uploads\/2023\/09\/Robert-De-la-Cruz.jpg?resize=525%2C300&ssl=1 1.5x, https:\/\/i0.wp.com\/lasprimeras.com.do\/wp-content\/uploads\/2023\/09\/Robert-De-la-Cruz.jpg?resize=700%2C400&ssl=1 2x"},"classes":[]},{"id":61955,"url":"https:\/\/lasprimeras.com.do\/index.php\/2023\/10\/02\/pld-elige-precandidatos-a-regidores-circ-3-del-dn\/","url_meta":{"origin":62816,"position":1},"title":"PLD elige precandidatos a regidores circ. 3 del DN","author":"BIMARY DE JES\u00daS Matos","date":"2 de octubre de 2023","format":false,"excerpt":"Santo Domingo.-La Comisi\u00f3n Electoral de la Circunscripci\u00f3n Tres del Partido de la Liberaci\u00f3n Dominicana (PLD) en el Distrito Nacional dio a conocer los resultados de las votaciones de los dirigentes que participaron en la Asamblea de Delegados realizada este s\u00e1bado en la Casa Nacional. Miriam Cabral, coordinadora de dicha comisi\u00f3n\u2026","rel":"","context":"En \u00abSin categor\u00eda\u00bb","block_context":{"text":"Sin categor\u00eda","link":"https:\/\/lasprimeras.com.do\/index.php\/category\/sin-categoria\/"},"img":{"alt_text":"","src":"https:\/\/i0.wp.com\/lasprimeras.com.do\/wp-content\/uploads\/2023\/10\/WhatsApp-Image-2023-09-28-at-11.50.30-PM-1-7.jpeg?resize=350%2C200&ssl=1","width":350,"height":200,"srcset":"https:\/\/i0.wp.com\/lasprimeras.com.do\/wp-content\/uploads\/2023\/10\/WhatsApp-Image-2023-09-28-at-11.50.30-PM-1-7.jpeg?resize=350%2C200&ssl=1 1x, https:\/\/i0.wp.com\/lasprimeras.com.do\/wp-content\/uploads\/2023\/10\/WhatsApp-Image-2023-09-28-at-11.50.30-PM-1-7.jpeg?resize=525%2C300&ssl=1 1.5x, https:\/\/i0.wp.com\/lasprimeras.com.do\/wp-content\/uploads\/2023\/10\/WhatsApp-Image-2023-09-28-at-11.50.30-PM-1-7.jpeg?resize=700%2C400&ssl=1 2x"},"classes":[]},{"id":64972,"url":"https:\/\/lasprimeras.com.do\/index.php\/2023\/10\/24\/seccionales-del-pld-en-el-exterior-escogeran-el-sabado-candidatos-a-diputadosas\/","url_meta":{"origin":62816,"position":2},"title":"Seccionales del PLD en el exterior escoger\u00e1n el s\u00e1bado candidatos a Diputados(as)","author":"Nelson Feliz","date":"24 de octubre de 2023","format":false,"excerpt":"PLD anuncia la celebraci\u00f3n el pr\u00f3ximo s\u00e1bado de las Asambleas de Delegados para escoger los candidatos y candidatas a diputados del exterior. El Partido de la Liberaci\u00f3n Dominicana (PLD) celebrar\u00e1 el pr\u00f3ximo s\u00e1bado, 28 de octubre las asambleas de Delegados de las Seccionales de esa organizaci\u00f3n para escoger los candidatos\u2026","rel":"","context":"En \u00abPORTADA\u00bb","block_context":{"text":"PORTADA","link":"https:\/\/lasprimeras.com.do\/index.php\/category\/portada\/"},"img":{"alt_text":"CASA PLD","src":"https:\/\/i0.wp.com\/lasprimeras.com.do\/wp-content\/uploads\/2023\/07\/CASA-PLD.jpg?resize=350%2C200&ssl=1","width":350,"height":200,"srcset":"https:\/\/i0.wp.com\/lasprimeras.com.do\/wp-content\/uploads\/2023\/07\/CASA-PLD.jpg?resize=350%2C200&ssl=1 1x, https:\/\/i0.wp.com\/lasprimeras.com.do\/wp-content\/uploads\/2023\/07\/CASA-PLD.jpg?resize=525%2C300&ssl=1 1.5x, https:\/\/i0.wp.com\/lasprimeras.com.do\/wp-content\/uploads\/2023\/07\/CASA-PLD.jpg?resize=700%2C400&ssl=1 2x"},"classes":[]},{"id":102894,"url":"https:\/\/lasprimeras.com.do\/index.php\/2025\/07\/09\/pld-en-el-dn-realiza-taller-para-implementar-linea-organizativa-y-electoral\/","url_meta":{"origin":62816,"position":3},"title":"PLD en el DN realiza taller para implementar L\u00ednea Organizativa y Electoral","author":"Nelson Feliz","date":"9 de julio de 2025","format":false,"excerpt":"El Partido de la Liberaci\u00f3n Dominicana (PLD) en la Circunscripci\u00f3n Electoral #1 del Distrito Nacional realiz\u00f3 el taller para la implementaci\u00f3n de la L\u00ednea Organizativa y Electoral, que agota su segunda fase. De forma activa participaron los dirigentes pelede\u00edstas de esa demarcaci\u00f3n territorial con responsabilidades como Coordinadores y Enlaces de\u2026","rel":"","context":"En \u00abPOLITICA\u00bb","block_context":{"text":"POLITICA","link":"https:\/\/lasprimeras.com.do\/index.php\/category\/politica\/"},"img":{"alt_text":"","src":"https:\/\/i0.wp.com\/lasprimeras.com.do\/wp-content\/uploads\/2025\/07\/CE1-2.jpg?resize=350%2C200&ssl=1","width":350,"height":200,"srcset":"https:\/\/i0.wp.com\/lasprimeras.com.do\/wp-content\/uploads\/2025\/07\/CE1-2.jpg?resize=350%2C200&ssl=1 1x, https:\/\/i0.wp.com\/lasprimeras.com.do\/wp-content\/uploads\/2025\/07\/CE1-2.jpg?resize=525%2C300&ssl=1 1.5x, https:\/\/i0.wp.com\/lasprimeras.com.do\/wp-content\/uploads\/2025\/07\/CE1-2.jpg?resize=700%2C400&ssl=1 2x"},"classes":[]},{"id":64637,"url":"https:\/\/lasprimeras.com.do\/index.php\/2023\/10\/22\/pld-proclama-abel-martinez-de-manera-oficial-como-su-candidato-presidencial\/","url_meta":{"origin":62816,"position":4},"title":"PLD proclam\u00e1 Abel Mart\u00ednez de manera oficial como su candidato presidencial","author":"Nelson Feliz","date":"22 de octubre de 2023","format":false,"excerpt":"Abel Mart\u00ednez, luego de ser proclamado candidato presidencial, pronunci\u00f3 un discurso en la Asamblea de Delegados. La Asamblea de Delegados del Partido de la Liberaci\u00f3n Dominicana (PLD) proclam\u00f3 este domingo a Abel Mart\u00ednez como su candidato presidencial, quien asumi\u00f3 el compromiso y envi\u00f3 un emotivo mensaje a la naci\u00f3n dominicana,\u2026","rel":"","context":"En \u00abPORTADA\u00bb","block_context":{"text":"PORTADA","link":"https:\/\/lasprimeras.com.do\/index.php\/category\/portada\/"},"img":{"alt_text":"Abel Martinez vs Danilo Medina","src":"https:\/\/i0.wp.com\/lasprimeras.com.do\/wp-content\/uploads\/2023\/10\/Abel-Martinez-vs-Danilo-Medina.jpg?resize=350%2C200&ssl=1","width":350,"height":200,"srcset":"https:\/\/i0.wp.com\/lasprimeras.com.do\/wp-content\/uploads\/2023\/10\/Abel-Martinez-vs-Danilo-Medina.jpg?resize=350%2C200&ssl=1 1x, https:\/\/i0.wp.com\/lasprimeras.com.do\/wp-content\/uploads\/2023\/10\/Abel-Martinez-vs-Danilo-Medina.jpg?resize=525%2C300&ssl=1 1.5x, https:\/\/i0.wp.com\/lasprimeras.com.do\/wp-content\/uploads\/2023\/10\/Abel-Martinez-vs-Danilo-Medina.jpg?resize=700%2C400&ssl=1 2x"},"classes":[]},{"id":53846,"url":"https:\/\/lasprimeras.com.do\/index.php\/2023\/07\/02\/con-encuestas-y-asambleas-de-delegados-se-escogeran-los-candidatos\/","url_meta":{"origin":62816,"position":5},"title":"Con encuestas y asambleas de delegados se escoger\u00e1n los candidatos","author":"Nelson Feliz","date":"2 de julio de 2023","format":false,"excerpt":"Entusiasmo, alegr\u00eda y camarader\u00eda predominan en el proceso de inscripciones precandidaturas en el Partido de la Liberaci\u00f3n Dominicana. Los miembros del Comit\u00e9 Pol\u00edtico del Partido de la Liberaci\u00f3n Dominicana (PLD); Domingo Contreras y Gustavo S\u00e1nchez, quienes optan por la candidatura a la alcald\u00eda del Distrito Nacional y una diputaci\u00f3n por\u2026","rel":"","context":"En \u00abPORTADA\u00bb","block_context":{"text":"PORTADA","link":"https:\/\/lasprimeras.com.do\/index.php\/category\/portada\/"},"img":{"alt_text":"","src":"https:\/\/i0.wp.com\/lasprimeras.com.do\/wp-content\/uploads\/2023\/07\/PLD.jpeg?resize=350%2C200&ssl=1","width":350,"height":200,"srcset":"https:\/\/i0.wp.com\/lasprimeras.com.do\/wp-content\/uploads\/2023\/07\/PLD.jpeg?resize=350%2C200&ssl=1 1x, https:\/\/i0.wp.com\/lasprimeras.com.do\/wp-content\/uploads\/2023\/07\/PLD.jpeg?resize=525%2C300&ssl=1 1.5x, https:\/\/i0.wp.com\/lasprimeras.com.do\/wp-content\/uploads\/2023\/07\/PLD.jpeg?resize=700%2C400&ssl=1 2x, https:\/\/i0.wp.com\/lasprimeras.com.do\/wp-content\/uploads\/2023\/07\/PLD.jpeg?resize=1050%2C600&ssl=1 3x, https:\/\/i0.wp.com\/lasprimeras.com.do\/wp-content\/uploads\/2023\/07\/PLD.jpeg?resize=1400%2C800&ssl=1 4x"},"classes":[]}],"jetpack_sharing_enabled":true,"_links":{"self":[{"href":"https:\/\/lasprimeras.com.do\/index.php\/wp-json\/wp\/v2\/posts\/62816","targetHints":{"allow":["GET"]}}],"collection":[{"href":"https:\/\/lasprimeras.com.do\/index.php\/wp-json\/wp\/v2\/posts"}],"about":[{"href":"https:\/\/lasprimeras.com.do\/index.php\/wp-json\/wp\/v2\/types\/post"}],"author":[{"embeddable":true,"href":"https:\/\/lasprimeras.com.do\/index.php\/wp-json\/wp\/v2\/users\/2"}],"replies":[{"embeddable":true,"href":"https:\/\/lasprimeras.com.do\/index.php\/wp-json\/wp\/v2\/comments?post=62816"}],"version-history":[{"count":1,"href":"https:\/\/lasprimeras.com.do\/index.php\/wp-json\/wp\/v2\/posts\/62816\/revisions"}],"predecessor-version":[{"id":62818,"href":"https:\/\/lasprimeras.com.do\/index.php\/wp-json\/wp\/v2\/posts\/62816\/revisions\/62818"}],"wp:featuredmedia":[{"embeddable":true,"href":"https:\/\/lasprimeras.com.do\/index.php\/wp-json\/wp\/v2\/media\/62817"}],"wp:attachment":[{"href":"https:\/\/lasprimeras.com.do\/index.php\/wp-json\/wp\/v2\/media?parent=62816"}],"wp:term":[{"taxonomy":"category","embeddable":true,"href":"https:\/\/lasprimeras.com.do\/index.php\/wp-json\/wp\/v2\/categories?post=62816"},{"taxonomy":"post_tag","embeddable":true,"href":"https:\/\/lasprimeras.com.do\/index.php\/wp-json\/wp\/v2\/tags?post=62816"}],"curies":[{"name":"wp","href":"https:\/\/api.w.org\/{rel}","templated":true}]}}