{"id":62832,"date":"2023-10-08T13:21:16","date_gmt":"2023-10-08T17:21:16","guid":{"rendered":"https:\/\/lasprimeras.com.do\/?p=62832"},"modified":"2023-10-08T13:21:17","modified_gmt":"2023-10-08T17:21:17","slug":"apresan-mujer-acusada-de-asesinar-otra-en-barahona","status":"publish","type":"post","link":"https:\/\/lasprimeras.com.do\/index.php\/2023\/10\/08\/apresan-mujer-acusada-de-asesinar-otra-en-barahona\/","title":{"rendered":"Apresan mujer acusada de asesinar otra en Barahona"},"content":{"rendered":"\n<p>Miembros policiales de la Direcci\u00f3n Central de Prevenci\u00f3n, adscritos a la Direcci\u00f3n Regional Sur, apresaron en flagrante delito a una mujer se\u00f1alada como la presunta autora de la muerte de otra la madrugada de este domingo 8 de octubre, en el distrito municipal de Villa Central, provincia de Barahona.<\/p>\n\n\n\n<p>Sentra de Dorquina Jim\u00e9nez Luis (a) Pochunga, de 21 a\u00f1os, se\u00f1alada como la responsable del homicidio de la joven Esmelin Luciano de la Paz, de 24, a consecuencia de herida corto punzante.<\/p>\n\n\n\n<p>La herida ocasionada a la v\u00edctima fue producto de un ataque con un cuello de botella, en momentos que se encontraban en un negocio de expendio de bebidas alcoh\u00f3licas, ubicado en Villa Central, motivado por viejas rencillas personales.<\/p>\n\n\n\n<p>La detenida ser\u00e1 puesta a disposici\u00f3n del Ministerio P\u00fablico, para los fines correspondientes de ley.<\/p>\n","protected":false},"excerpt":{"rendered":"<p>Miembros policiales de la Direcci\u00f3n Central de Prevenci\u00f3n, adscritos a la Direcci\u00f3n Regional Sur, apresaron en flagrante delito a una mujer se\u00f1alada como la presunta autora de la muerte de&hellip;<\/p>\n","protected":false},"author":2,"featured_media":62833,"comment_status":"open","ping_status":"open","sticky":false,"template":"","format":"standard","meta":{"content-type":"","jetpack_post_was_ever_published":false,"_jetpack_newsletter_access":"","_jetpack_dont_email_post_to_subs":false,"_jetpack_newsletter_tier_id":0,"_jetpack_memberships_contains_paywalled_content":false,"_jetpack_memberships_contains_paid_content":false,"footnotes":""},"categories":[35,25],"tags":[637,3315,265,429],"class_list":["post-62832","post","type-post","status-publish","format-standard","has-post-thumbnail","hentry","category-nacionales","category-portada","tag-apresan","tag-asesina","tag-barahona","tag-mujer"],"jetpack_featured_media_url":"https:\/\/lasprimeras.com.do\/wp-content\/uploads\/2023\/10\/Sentra-de-Dorquina-Jimenez-Luis.jpg","jetpack-related-posts":[{"id":55963,"url":"https:\/\/lasprimeras.com.do\/index.php\/2023\/07\/26\/mujer-recibe-estocada-de-manos-de-su-pareja-en-villa-central-barahona\/","url_meta":{"origin":62832,"position":0},"title":"Mujer recibe estocada de manos de su pareja en Villa Central Barahona","author":"Nelson Feliz","date":"26 de julio de 2023","format":false,"excerpt":"La mujer fue ingresada en el Hospital Jaime Mota tras recibir una estocada por parte de su pareja sentimental. Ingresan en la emergencia del Hospital Regional Jaime Mota, una mujer tras recibir una estocada supuestamente a manos de su pareja sentimental en un hecho de sangre ocurrido este mi\u00e9rcoles en\u2026","rel":"","context":"En \u00abNACIONALES\u00bb","block_context":{"text":"NACIONALES","link":"https:\/\/lasprimeras.com.do\/index.php\/category\/nacionales\/"},"img":{"alt_text":"cuchillo","src":"https:\/\/i0.wp.com\/lasprimeras.com.do\/wp-content\/uploads\/2023\/07\/cuchillo-1.jpg?resize=350%2C200&ssl=1","width":350,"height":200,"srcset":"https:\/\/i0.wp.com\/lasprimeras.com.do\/wp-content\/uploads\/2023\/07\/cuchillo-1.jpg?resize=350%2C200&ssl=1 1x, https:\/\/i0.wp.com\/lasprimeras.com.do\/wp-content\/uploads\/2023\/07\/cuchillo-1.jpg?resize=525%2C300&ssl=1 1.5x, https:\/\/i0.wp.com\/lasprimeras.com.do\/wp-content\/uploads\/2023\/07\/cuchillo-1.jpg?resize=700%2C400&ssl=1 2x"},"classes":[]},{"id":104057,"url":"https:\/\/lasprimeras.com.do\/index.php\/2025\/07\/21\/apresan-a-dos-hombres-con-arma-de-fuego-ilegal-y-presuntas-sustancias-narcoticas-en-barahona\/","url_meta":{"origin":62832,"position":1},"title":"Apresan a dos hombres con arma de fuego ilegal y presuntas sustancias narc\u00f3ticas en Barahona","author":"Nelson Feliz","date":"21 de julio de 2025","format":false,"excerpt":"Agentes policiales adscritos a los distintos departamentos lograron apresar a dos hombres en el municipio de Cabral, provincia Barahona, por posesi\u00f3n ilegal de arma de fuego y presuntas sustancias narc\u00f3ticas. Seg\u00fan el informe preliminar, los arrestos se produjeron durante un operativo realizado en el sector Los Botaos, donde fueron detenidos\u2026","rel":"","context":"En \u00abMILITARES\u00bb","block_context":{"text":"MILITARES","link":"https:\/\/lasprimeras.com.do\/index.php\/category\/militares\/"},"img":{"alt_text":"","src":"https:\/\/i0.wp.com\/lasprimeras.com.do\/wp-content\/uploads\/2025\/07\/una-2.jpg?resize=350%2C200&ssl=1","width":350,"height":200,"srcset":"https:\/\/i0.wp.com\/lasprimeras.com.do\/wp-content\/uploads\/2025\/07\/una-2.jpg?resize=350%2C200&ssl=1 1x, https:\/\/i0.wp.com\/lasprimeras.com.do\/wp-content\/uploads\/2025\/07\/una-2.jpg?resize=525%2C300&ssl=1 1.5x, https:\/\/i0.wp.com\/lasprimeras.com.do\/wp-content\/uploads\/2025\/07\/una-2.jpg?resize=700%2C400&ssl=1 2x"},"classes":[]},{"id":78932,"url":"https:\/\/lasprimeras.com.do\/index.php\/2024\/03\/21\/apresados-tres-hombres-en-barahona-por-posesion-de-drogas\/","url_meta":{"origin":62832,"position":2},"title":"Apresados tres hombres en Barahona por posesi\u00f3n de drogas","author":"BIMARY DE JES\u00daS Matos","date":"21 de marzo de 2024","format":false,"excerpt":"Martin Restituyo Barahona.-Agentes policiales, adscritos a la Direcci\u00f3n Regional Sur, realizaron varios operativos preventivos en el distrito municipal de Villa Central, provincia de Barahona, donde lograron la captura de tres personas por posesi\u00f3n de sustancias narc\u00f3ticas, dinero y otros elementos. Los detenidos son Jos\u00e9 S\u00e1nchez, de 42 a\u00f1os; Yean Antoniel\u2026","rel":"","context":"En \u00abNACIONALES\u00bb","block_context":{"text":"NACIONALES","link":"https:\/\/lasprimeras.com.do\/index.php\/category\/nacionales\/"},"img":{"alt_text":"","src":"https:\/\/i0.wp.com\/lasprimeras.com.do\/wp-content\/uploads\/2024\/03\/WhatsApp-Image-2024-03-21-at-5.36.41-PM.jpeg?resize=350%2C200&ssl=1","width":350,"height":200,"srcset":"https:\/\/i0.wp.com\/lasprimeras.com.do\/wp-content\/uploads\/2024\/03\/WhatsApp-Image-2024-03-21-at-5.36.41-PM.jpeg?resize=350%2C200&ssl=1 1x, https:\/\/i0.wp.com\/lasprimeras.com.do\/wp-content\/uploads\/2024\/03\/WhatsApp-Image-2024-03-21-at-5.36.41-PM.jpeg?resize=525%2C300&ssl=1 1.5x, https:\/\/i0.wp.com\/lasprimeras.com.do\/wp-content\/uploads\/2024\/03\/WhatsApp-Image-2024-03-21-at-5.36.41-PM.jpeg?resize=700%2C400&ssl=1 2x, https:\/\/i0.wp.com\/lasprimeras.com.do\/wp-content\/uploads\/2024\/03\/WhatsApp-Image-2024-03-21-at-5.36.41-PM.jpeg?resize=1050%2C600&ssl=1 3x"},"classes":[]},{"id":78963,"url":"https:\/\/lasprimeras.com.do\/index.php\/2024\/03\/21\/apresan-tres-hombres-en-barahona-por-posesion-de-drogas\/","url_meta":{"origin":62832,"position":3},"title":"Apresan tres hombres en Barahona por posesi\u00f3n de drogas","author":"Nelson Feliz","date":"21 de marzo de 2024","format":false,"excerpt":"Agentes policiales, adscritos a la Direcci\u00f3n Regional Sur, realizaron varios operativos preventivos en el distrito municipal de Villa Central, provincia de Barahona. Donde lograron la captura de tres personas por posesi\u00f3n de sustancias narc\u00f3ticas, dinero y otros elementos. Los detenidos son Jos\u00e9 S\u00e1nchez, de 42 a\u00f1os; Yean Antoniel Santana, de\u2026","rel":"","context":"En \u00abMILITARES\u00bb","block_context":{"text":"MILITARES","link":"https:\/\/lasprimeras.com.do\/index.php\/category\/militares\/"},"img":{"alt_text":"DROGAS","src":"https:\/\/i0.wp.com\/lasprimeras.com.do\/wp-content\/uploads\/2024\/03\/DROGAS.jpg?resize=350%2C200&ssl=1","width":350,"height":200,"srcset":"https:\/\/i0.wp.com\/lasprimeras.com.do\/wp-content\/uploads\/2024\/03\/DROGAS.jpg?resize=350%2C200&ssl=1 1x, https:\/\/i0.wp.com\/lasprimeras.com.do\/wp-content\/uploads\/2024\/03\/DROGAS.jpg?resize=525%2C300&ssl=1 1.5x, https:\/\/i0.wp.com\/lasprimeras.com.do\/wp-content\/uploads\/2024\/03\/DROGAS.jpg?resize=700%2C400&ssl=1 2x"},"classes":[]},{"id":51432,"url":"https:\/\/lasprimeras.com.do\/index.php\/2023\/05\/31\/apresan-mujer-que-ultimo-a-su-esposo-en-boca-chica\/","url_meta":{"origin":62832,"position":4},"title":"Apresan mujer que ultim\u00f3 a su esposo en Boca Chica","author":"prenxa100","date":"31 de mayo de 2023","format":false,"excerpt":"SANTO DOMINGO.-.La Direcci\u00f3n Central de Investigaci\u00f3n (DICRIM) apresaron una mujer por haberle quitado la vida a su esposo a pu\u00f1aladas, en un hecho ocurrido en el sector de Andr\u00e9s, municipio de Boca Chica, provincia Santo Domingo. Se trata de Ydorina V\u00e1zquez P\u00e9rez, de 35 a\u00f1os, quien es se\u00f1alada como la\u2026","rel":"","context":"En \u00abNACIONALES\u00bb","block_context":{"text":"NACIONALES","link":"https:\/\/lasprimeras.com.do\/index.php\/category\/nacionales\/"},"img":{"alt_text":"","src":"","width":0,"height":0},"classes":[]},{"id":100749,"url":"https:\/\/lasprimeras.com.do\/index.php\/2025\/06\/11\/apresan-hombre-acusado-de-retener-camion-y-dinero-entregados-para-reparacion-en-barahona\/","url_meta":{"origin":62832,"position":5},"title":"Apresan hombre acusado de retener cami\u00f3n y dinero entregados para reparaci\u00f3n en Barahona","author":"Nelson Feliz","date":"11 de junio de 2025","format":false,"excerpt":"Miembros de la Subdirecci\u00f3n de Investigaci\u00f3n Regional Sur de la Polic\u00eda Nacional apresaron mediante orden judicial a un hombre quien era activamente buscado por su presunta vinculaci\u00f3n en un caso de abuso de confianza, tras retener por m\u00e1s de dos a\u00f1os un cami\u00f3n y dinero entregados para reparaci\u00f3n. Se trata\u2026","rel":"","context":"En \u00abMILITARES\u00bb","block_context":{"text":"MILITARES","link":"https:\/\/lasprimeras.com.do\/index.php\/category\/militares\/"},"img":{"alt_text":"","src":"https:\/\/i0.wp.com\/lasprimeras.com.do\/wp-content\/uploads\/2025\/06\/preso.jpg?resize=350%2C200&ssl=1","width":350,"height":200},"classes":[]}],"jetpack_sharing_enabled":true,"_links":{"self":[{"href":"https:\/\/lasprimeras.com.do\/index.php\/wp-json\/wp\/v2\/posts\/62832","targetHints":{"allow":["GET"]}}],"collection":[{"href":"https:\/\/lasprimeras.com.do\/index.php\/wp-json\/wp\/v2\/posts"}],"about":[{"href":"https:\/\/lasprimeras.com.do\/index.php\/wp-json\/wp\/v2\/types\/post"}],"author":[{"embeddable":true,"href":"https:\/\/lasprimeras.com.do\/index.php\/wp-json\/wp\/v2\/users\/2"}],"replies":[{"embeddable":true,"href":"https:\/\/lasprimeras.com.do\/index.php\/wp-json\/wp\/v2\/comments?post=62832"}],"version-history":[{"count":1,"href":"https:\/\/lasprimeras.com.do\/index.php\/wp-json\/wp\/v2\/posts\/62832\/revisions"}],"predecessor-version":[{"id":62834,"href":"https:\/\/lasprimeras.com.do\/index.php\/wp-json\/wp\/v2\/posts\/62832\/revisions\/62834"}],"wp:featuredmedia":[{"embeddable":true,"href":"https:\/\/lasprimeras.com.do\/index.php\/wp-json\/wp\/v2\/media\/62833"}],"wp:attachment":[{"href":"https:\/\/lasprimeras.com.do\/index.php\/wp-json\/wp\/v2\/media?parent=62832"}],"wp:term":[{"taxonomy":"category","embeddable":true,"href":"https:\/\/lasprimeras.com.do\/index.php\/wp-json\/wp\/v2\/categories?post=62832"},{"taxonomy":"post_tag","embeddable":true,"href":"https:\/\/lasprimeras.com.do\/index.php\/wp-json\/wp\/v2\/tags?post=62832"}],"curies":[{"name":"wp","href":"https:\/\/api.w.org\/{rel}","templated":true}]}}