{"id":62835,"date":"2023-10-08T13:29:54","date_gmt":"2023-10-08T17:29:54","guid":{"rendered":"https:\/\/lasprimeras.com.do\/?p=62835"},"modified":"2023-10-08T13:29:56","modified_gmt":"2023-10-08T17:29:56","slug":"doctora-aquino-se-presenta-como-unica-candidata-a-presidir-el-cmd","status":"publish","type":"post","link":"https:\/\/lasprimeras.com.do\/index.php\/2023\/10\/08\/doctora-aquino-se-presenta-como-unica-candidata-a-presidir-el-cmd\/","title":{"rendered":"Doctora Aquino se presenta como \u00fanica candidata a presidir el CMD"},"content":{"rendered":"\n<p>Por Martin Restituyo<\/p>\n\n\n\n<p>La candidata a presidir el Colegio M\u00e9dico Dominicano (CMD), doctora Yubelky Aquino, se present\u00f3 como la \u00fanica aspirante con un programa de gesti\u00f3n basado en propuestas definidas y reales para los m\u00e9dicos del pa\u00eds.<\/p>\n\n\n\n<p>La doctora Aquino, quien cuenta con el respaldo de un grupo de movimientos que buscan la renovaci\u00f3n del CMD, y que han denominado Gran Bloque Unitario; asegur\u00f3 que sus propuestas de campa\u00f1a salieron de las demandas y necesidades de la clase m\u00e9dica dominicana.<\/p>\n\n\n\n<p>La profesional de la medicina habl\u00f3 en esos t\u00e9rminos al pronunciar el discurso central del lanzamiento de su candidatura, acto realizado en el sal\u00f3n Bracho del Colegio M\u00e9dico, y al que asistieron la mayor\u00eda de los pasados presidentes del gremio.<\/p>\n\n\n\n<p>Manifest\u00f3 que trabajan para que su propuesta cale en el coraz\u00f3n y en el cerebro de los m\u00e9dicos, para ello, luchan con m\u00e9todos de promoci\u00f3n limpios, verdaderos, llenos de nuevas propuestas para el sector.<\/p>\n\n\n\n<p>Propuso a sus adversarios elevar el discurso en la campa\u00f1a, y sugiri\u00f3 a su equipo y seguidores no dejarse distraer, &#8220;ante cualquier provocaci\u00f3n y desinformaci\u00f3n respondan con las propuestas que tenemos&#8221;.<\/p>\n\n\n\n<p>Afirm\u00f3 que el gremio requiere de otra forma de direcci\u00f3n, una nueva generaci\u00f3n de dirigentes, hombres y mujeres j\u00f3venes, preparados para renovar el Colegio M\u00e9dico Dominicano.<\/p>\n\n\n\n<p>La mesa principal del evento estuvo encabezada, adem\u00e1s de la doctora Aquino, por los doctores Santiago Castro Ventura, Severo Mercedes, Jorge Chahin Herrera y Tony Pimentel. Tambi\u00e9n estaban los presidentes regionales del Gran Bloque Unitario, los doctores Aracelis Adames, Hairo Gonz\u00e1lez, Carlos de la Cruz, Jos\u00e9 Rainier Diaz Tineo y los presidentes provinciales.<\/p>\n\n\n\n<p>El Gran Bloque Unitario est\u00e1 constituido por los movimientos Acci\u00f3n Tejadista, Nueva Generaci\u00f3n, La Nueva Uni\u00f3n Gremial, Soluci\u00f3n Gremial, Eficiencia M\u00e9dica, Avanzada M\u00e9dica Social Dominicana y Movimiento M\u00e9dico Gremial Esperanza, quienes firmaron un acuerdo de unidad rumbo a las pr\u00f3ximas elecciones en noviembre.<\/p>\n\n\n\n<p>Aquino es doctora en Medicina, de la Universidad Central del Este (UCE), y actualmente es m\u00e9dico ayudante del Servicio de Cirug\u00eda General en el Hospital Docente F\u00e9lix Mar\u00eda Goico y miembro del Consejo de Administraci\u00f3n, Centro M\u00e9dico Hisp\u00e1nico.<\/p>\n","protected":false},"excerpt":{"rendered":"<p>Por Martin Restituyo La candidata a presidir el Colegio M\u00e9dico Dominicano (CMD), doctora Yubelky Aquino, se present\u00f3 como la \u00fanica aspirante con un programa de gesti\u00f3n basado en propuestas definidas&hellip;<\/p>\n","protected":false},"author":2,"featured_media":62836,"comment_status":"open","ping_status":"open","sticky":false,"template":"","format":"standard","meta":{"content-type":"","jetpack_post_was_ever_published":false,"_jetpack_newsletter_access":"","_jetpack_dont_email_post_to_subs":false,"_jetpack_newsletter_tier_id":0,"_jetpack_memberships_contains_paywalled_content":false,"_jetpack_memberships_contains_paid_content":false,"footnotes":""},"categories":[25],"tags":[3205,1057,8322],"class_list":["post-62835","post","type-post","status-publish","format-standard","has-post-thumbnail","hentry","category-portada","tag-candidata","tag-cmd","tag-yubelky-aquino"],"jetpack_featured_media_url":"https:\/\/lasprimeras.com.do\/wp-content\/uploads\/2023\/10\/Yubelky-Aquino.jpg","jetpack-related-posts":[{"id":120427,"url":"https:\/\/lasprimeras.com.do\/index.php\/2026\/01\/23\/tsa-ratifica-legitimidad-de-la-presidencia-del-dr-luis-pena-nunez-en-el-cmd\/","url_meta":{"origin":62835,"position":0},"title":"TSA ratifica legitimidad de la presidencia del Dr. Luis Pe\u00f1a N\u00fa\u00f1ez en el CMD","author":"Nelson Feliz","date":"23 de enero de 2026","format":false,"excerpt":"Luis Pe\u00f1a N\u00fa\u00f1ez","rel":"","context":"En \u00abJUSTICIA\u00bb","block_context":{"text":"JUSTICIA","link":"https:\/\/lasprimeras.com.do\/index.php\/category\/justicia\/"},"img":{"alt_text":"Luis Pe\u00f1a N\u00fa\u00f1ez","src":"https:\/\/i0.wp.com\/lasprimeras.com.do\/wp-content\/uploads\/2026\/01\/Luis-Pena-Nunez.jpg?resize=350%2C200&ssl=1","width":350,"height":200,"srcset":"https:\/\/i0.wp.com\/lasprimeras.com.do\/wp-content\/uploads\/2026\/01\/Luis-Pena-Nunez.jpg?resize=350%2C200&ssl=1 1x, https:\/\/i0.wp.com\/lasprimeras.com.do\/wp-content\/uploads\/2026\/01\/Luis-Pena-Nunez.jpg?resize=525%2C300&ssl=1 1.5x, https:\/\/i0.wp.com\/lasprimeras.com.do\/wp-content\/uploads\/2026\/01\/Luis-Pena-Nunez.jpg?resize=700%2C400&ssl=1 2x"},"classes":[]},{"id":120170,"url":"https:\/\/lasprimeras.com.do\/index.php\/2026\/01\/21\/cmd-exige-revision-de-hospitales-al-sns-tras-colapso-de-techos-en-sc-y-sfm\/","url_meta":{"origin":62835,"position":1},"title":"CMD exige revisi\u00f3n de hospitales al SNS tras colapso de techos en SC y SFM","author":"Nelson Feliz","date":"21 de enero de 2026","format":false,"excerpt":"El presidente del Colegio M\u00e9dico Dominicano (CMD), el Dr. Luis A. Pe\u00f1a Nu\u00f1ez, hizo un llamado urgente al Servicio Nacional de Salud (SNS) para que inicie de inmediato un proceso riguroso de revisi\u00f3n y supervisi\u00f3n de la planta f\u00edsica de los hospitales de la red p\u00fablica, tras los recientes incidentes\u2026","rel":"","context":"En \u00abPORTADA\u00bb","block_context":{"text":"PORTADA","link":"https:\/\/lasprimeras.com.do\/index.php\/category\/portada\/"},"img":{"alt_text":"Luis A. Pe\u00f1a Nu\u00f1ez","src":"https:\/\/i0.wp.com\/lasprimeras.com.do\/wp-content\/uploads\/2026\/01\/Luis-A.-Pena-Nunez.jpg?resize=350%2C200&ssl=1","width":350,"height":200,"srcset":"https:\/\/i0.wp.com\/lasprimeras.com.do\/wp-content\/uploads\/2026\/01\/Luis-A.-Pena-Nunez.jpg?resize=350%2C200&ssl=1 1x, https:\/\/i0.wp.com\/lasprimeras.com.do\/wp-content\/uploads\/2026\/01\/Luis-A.-Pena-Nunez.jpg?resize=525%2C300&ssl=1 1.5x, https:\/\/i0.wp.com\/lasprimeras.com.do\/wp-content\/uploads\/2026\/01\/Luis-A.-Pena-Nunez.jpg?resize=700%2C400&ssl=1 2x"},"classes":[]},{"id":119315,"url":"https:\/\/lasprimeras.com.do\/index.php\/2026\/01\/10\/cmd-busca-se-declare-el-10-de-noviembre-como-dia-nacional-de-la-mujer-medica-dominicana\/","url_meta":{"origin":62835,"position":2},"title":"CMD busca se declare el 10 de noviembre como \u201cD\u00eda Nacional de la Mujer M\u00e9dica Dominicana\u201d","author":"Nelson Feliz","date":"10 de enero de 2026","format":false,"excerpt":"El Colegio M\u00e9dico Dominicano con la anuencia y apoyo de la senadora por la provincia de Azua y m\u00e9dico pediatra, Dra. L\u00eda Inocencia D\u00edaz, present\u00f3 ante el Senado de la Rep\u00fablica un anteproyecto de ley que busca establecer el 10 de noviembre de cada a\u00f1o como el D\u00eda Nacional de\u2026","rel":"","context":"En \u00abNACIONALES\u00bb","block_context":{"text":"NACIONALES","link":"https:\/\/lasprimeras.com.do\/index.php\/category\/nacionales\/"},"img":{"alt_text":"","src":"https:\/\/i0.wp.com\/lasprimeras.com.do\/wp-content\/uploads\/2026\/01\/CMD.jpg?resize=350%2C200&ssl=1","width":350,"height":200},"classes":[]},{"id":117537,"url":"https:\/\/lasprimeras.com.do\/index.php\/2025\/12\/11\/cmd-bahoruco-inaugura-nueva-area-social-en-su-casa-club\/","url_meta":{"origin":62835,"position":3},"title":"CMD &#8211; Bahoruco inaugura nueva \u00c1rea Social en su Casa Club","author":"Nelson Feliz","date":"11 de diciembre de 2025","format":false,"excerpt":"La filial del Colegio M\u00e9dico Dominicano (CMD) en la provincia Bahoruco celebr\u00f3 la inauguraci\u00f3n de una moderna \u00e1rea social en su Casa Club, ubicada en Neiba. Esta nueva adici\u00f3n busca ofrecer un espacio de recreaci\u00f3n y esparcimiento para los miembros del gremio y sus familias. Detalles de la Obra El\u2026","rel":"","context":"En \u00abTURISMO\u00bb","block_context":{"text":"TURISMO","link":"https:\/\/lasprimeras.com.do\/index.php\/category\/turismo\/"},"img":{"alt_text":"","src":"https:\/\/i0.wp.com\/lasprimeras.com.do\/wp-content\/uploads\/2025\/12\/CMD-Bahoruco.jpg?resize=350%2C200&ssl=1","width":350,"height":200,"srcset":"https:\/\/i0.wp.com\/lasprimeras.com.do\/wp-content\/uploads\/2025\/12\/CMD-Bahoruco.jpg?resize=350%2C200&ssl=1 1x, https:\/\/i0.wp.com\/lasprimeras.com.do\/wp-content\/uploads\/2025\/12\/CMD-Bahoruco.jpg?resize=525%2C300&ssl=1 1.5x, https:\/\/i0.wp.com\/lasprimeras.com.do\/wp-content\/uploads\/2025\/12\/CMD-Bahoruco.jpg?resize=700%2C400&ssl=1 2x"},"classes":[]},{"id":118180,"url":"https:\/\/lasprimeras.com.do\/index.php\/2025\/12\/23\/presidente-del-cmd-juramentada-a-la-doctora-mir-a-font-frias-como-directora-de-ars-cmd\/","url_meta":{"origin":62835,"position":4},"title":"Presidente del CMD juramentada a la doctora Mir a Font Frias como directora de ARS-CMD","author":"Nelson Feliz","date":"23 de diciembre de 2025","format":false,"excerpt":"La Junta Directiva Nacional del CMD y del Consejo de Administraci\u00f3n de la ARS CMD, el Dr. Luis Pe\u00f1a Nu\u00f1ez presidente del Colegio M\u00e9dico Dominicano (CMD), juramento a la Dra Mirna Esther Fonfrias como la nueva directora ejecutiva de la ARS CMD. Mirna Fonfrias es una reconocida m\u00e9dico con una\u2026","rel":"","context":"En \u00abPORTADA\u00bb","block_context":{"text":"PORTADA","link":"https:\/\/lasprimeras.com.do\/index.php\/category\/portada\/"},"img":{"alt_text":"","src":"https:\/\/i0.wp.com\/lasprimeras.com.do\/wp-content\/uploads\/2025\/12\/IMG-20251223-WA0163.jpg?resize=350%2C200&ssl=1","width":350,"height":200,"srcset":"https:\/\/i0.wp.com\/lasprimeras.com.do\/wp-content\/uploads\/2025\/12\/IMG-20251223-WA0163.jpg?resize=350%2C200&ssl=1 1x, https:\/\/i0.wp.com\/lasprimeras.com.do\/wp-content\/uploads\/2025\/12\/IMG-20251223-WA0163.jpg?resize=525%2C300&ssl=1 1.5x, https:\/\/i0.wp.com\/lasprimeras.com.do\/wp-content\/uploads\/2025\/12\/IMG-20251223-WA0163.jpg?resize=700%2C400&ssl=1 2x, https:\/\/i0.wp.com\/lasprimeras.com.do\/wp-content\/uploads\/2025\/12\/IMG-20251223-WA0163.jpg?resize=1050%2C600&ssl=1 3x"},"classes":[]},{"id":115531,"url":"https:\/\/lasprimeras.com.do\/index.php\/2025\/11\/23\/consejo-nacional-del-cmd-proclama-a-luis-pena-nunez-como-ganador-de-las-elecciones\/","url_meta":{"origin":62835,"position":5},"title":"Consejo Nacional del CMD proclama a Luis Pe\u00f1a N\u00fa\u00f1ez como ganador de las elecciones","author":"Nelson Feliz","date":"23 de noviembre de 2025","format":false,"excerpt":"El doctor Pe\u00f1a N\u00fa\u00f1ez result\u00f3 ganador en las elecciones nacionales del CMD con 6,590 votos El 22 de noviembre del 2025 se celebr\u00f3 la reuni\u00f3n ordinaria del Consejo Nacional del CMD en el Sal\u00f3n Dr. Duran Bracho del CMD. En la misma fue proclamado el Dr. Luis Pe\u00f1a N\u00fa\u00f1ez como\u2026","rel":"","context":"En \u00abNACIONALES\u00bb","block_context":{"text":"NACIONALES","link":"https:\/\/lasprimeras.com.do\/index.php\/category\/nacionales\/"},"img":{"alt_text":"","src":"https:\/\/i0.wp.com\/lasprimeras.com.do\/wp-content\/uploads\/2025\/11\/Comision-Electoral-del-CMD.jpg?resize=350%2C200&ssl=1","width":350,"height":200,"srcset":"https:\/\/i0.wp.com\/lasprimeras.com.do\/wp-content\/uploads\/2025\/11\/Comision-Electoral-del-CMD.jpg?resize=350%2C200&ssl=1 1x, https:\/\/i0.wp.com\/lasprimeras.com.do\/wp-content\/uploads\/2025\/11\/Comision-Electoral-del-CMD.jpg?resize=525%2C300&ssl=1 1.5x, https:\/\/i0.wp.com\/lasprimeras.com.do\/wp-content\/uploads\/2025\/11\/Comision-Electoral-del-CMD.jpg?resize=700%2C400&ssl=1 2x"},"classes":[]}],"jetpack_sharing_enabled":true,"_links":{"self":[{"href":"https:\/\/lasprimeras.com.do\/index.php\/wp-json\/wp\/v2\/posts\/62835","targetHints":{"allow":["GET"]}}],"collection":[{"href":"https:\/\/lasprimeras.com.do\/index.php\/wp-json\/wp\/v2\/posts"}],"about":[{"href":"https:\/\/lasprimeras.com.do\/index.php\/wp-json\/wp\/v2\/types\/post"}],"author":[{"embeddable":true,"href":"https:\/\/lasprimeras.com.do\/index.php\/wp-json\/wp\/v2\/users\/2"}],"replies":[{"embeddable":true,"href":"https:\/\/lasprimeras.com.do\/index.php\/wp-json\/wp\/v2\/comments?post=62835"}],"version-history":[{"count":1,"href":"https:\/\/lasprimeras.com.do\/index.php\/wp-json\/wp\/v2\/posts\/62835\/revisions"}],"predecessor-version":[{"id":62837,"href":"https:\/\/lasprimeras.com.do\/index.php\/wp-json\/wp\/v2\/posts\/62835\/revisions\/62837"}],"wp:featuredmedia":[{"embeddable":true,"href":"https:\/\/lasprimeras.com.do\/index.php\/wp-json\/wp\/v2\/media\/62836"}],"wp:attachment":[{"href":"https:\/\/lasprimeras.com.do\/index.php\/wp-json\/wp\/v2\/media?parent=62835"}],"wp:term":[{"taxonomy":"category","embeddable":true,"href":"https:\/\/lasprimeras.com.do\/index.php\/wp-json\/wp\/v2\/categories?post=62835"},{"taxonomy":"post_tag","embeddable":true,"href":"https:\/\/lasprimeras.com.do\/index.php\/wp-json\/wp\/v2\/tags?post=62835"}],"curies":[{"name":"wp","href":"https:\/\/api.w.org\/{rel}","templated":true}]}}