{"id":62838,"date":"2023-10-08T13:36:25","date_gmt":"2023-10-08T17:36:25","guid":{"rendered":"https:\/\/lasprimeras.com.do\/?p=62838"},"modified":"2023-10-08T13:36:26","modified_gmt":"2023-10-08T17:36:26","slug":"la-jce-fija-para-el-21-de-octubre-el-cierre-del-padron-electoral","status":"publish","type":"post","link":"https:\/\/lasprimeras.com.do\/index.php\/2023\/10\/08\/la-jce-fija-para-el-21-de-octubre-el-cierre-del-padron-electoral\/","title":{"rendered":"La JCE fija para el 21 de octubre el cierre del padr\u00f3n electoral"},"content":{"rendered":"\n<p><strong>20 de enero ser\u00e1 el cierre del padr\u00f3n para las elecciones de mayo a nivel nacional y en el exterior<\/strong>.<\/p>\n\n\n\n<p>Por Martin Restituyo<\/p>\n\n\n\n<p>La Junta Central Electoral (JCE) dispuso mediante la Resoluci\u00f3n 54-2023 que el 21 de octubre de 2023, a las 7:00 de la noche, ser\u00e1 la fecha l\u00edmite para el cierre definitivo del padr\u00f3n electoral con miras a las elecciones municipales del 18 de febrero pr\u00f3ximo.<\/p>\n\n\n\n<p>Hasta esta fecha la ciudadan\u00eda podr\u00e1 realizar:<\/p>\n\n\n\n<ol class=\"wp-block-list\">\n<li>Nuevas inscripciones en el registro electoral<\/li>\n\n\n\n<li>Cambios de datos mayores y menores<\/li>\n\n\n\n<li>Renovaci\u00f3n de cambios menores, cambio de militar a civil y viceversa.<\/li>\n\n\n\n<li>Cambio de residencia.<\/li>\n<\/ol>\n\n\n\n<p>Asimismo, para la renovaci\u00f3n de documentos de identificaci\u00f3n (c\u00e9dulas azules y amarillas), naturalizaci\u00f3n o renuncia a la ciudadan\u00eda dominicana.<\/p>\n\n\n\n<p>Por lo que la resoluci\u00f3n dispone que los centros de cedulaci\u00f3n y la Direcci\u00f3n de Registro Electoral laboren en horario de 8:00. de la ma\u00f1ana a 7:00 de la noche.<\/p>\n\n\n\n<p>Mientras que, los duplicados de c\u00e9dula, por p\u00e9rdida o deterioro y que no impliquen cambios de datos, se seguir\u00e1n entregando hasta dos d\u00edas antes de cada elecci\u00f3n.<\/p>\n\n\n\n<p>Para elecciones del 19 de mayo, cierre del padr\u00f3n ser\u00e1 el 20 de enero<\/p>\n\n\n\n<p>En el caso de las elecciones generales ordinarias presidenciales y congresuales del 19 de mayo de 2024, dicha suspensi\u00f3n de los servicios con fines electorales se producir\u00e1 el d\u00eda 20 de enero de 2024 a las 7:00 p. m.<\/p>\n\n\n\n<p>Esto en cumplimiento al art\u00edculo 85 de la Ley 20-23 de R\u00e9gimen Electoral que establece que \u201clas inscripciones de los ciudadanos y ciudadanas ser\u00e1n continuas y solo se suspender\u00e1n para los fines electorales, desde 120 d\u00edas antes de las primeras elecciones ordinarias y hasta treinta 30 d\u00edas despu\u00e9s de celebradas las \u00faltimas elecciones\u201d.<\/p>\n\n\n\n<p>Cierre del padr\u00f3n para residentes en el exterior<\/p>\n\n\n\n<p>La medida no incluye a los dominicanos y dominicanas residentes en el exterior, ya que esta comunidad dominicana no tendr\u00e1 participaci\u00f3n en las elecciones municipales de febrero, pero s\u00ed en lo relativo a las presidenciales y congresuales y, en este caso, el cierre del padr\u00f3n para el proceso se producir\u00e1 el 20 de enero de 2024.<\/p>\n\n\n\n<p>En el caso de los empadronamientos en el exterior todos los ciudadanos y ciudadanas que deseen ejercer el sufragio en las elecciones generales ordinarias presidenciales y de diputaciones en el exterior de 2024, podr\u00e1n empadronarse en las Oficinas se Servicios en el Exterior (OSE), hasta el 21 de enero a las 7:00 de la noche.<\/p>\n\n\n\n<p>Entrega de padr\u00f3n definitivo a organizaciones pol\u00edticas<\/p>\n\n\n\n<p>Asimismo, se dispone que de conformidad con el numeral 21, art\u00edculo 20 de la Ley No. 20-23, Org\u00e1nica del R\u00e9gimen Electoral, el 20 de noviembre de 2023, se har\u00e1 entrega a las organizaciones pol\u00edticas del registro de electores a ser utilizado en las elecciones municipales de febrero de 2024.<\/p>\n\n\n\n<p>En el caso de las Elecciones Generales Ordinarias legislativas y presidenciales del mes de mayo de 2024, el registro de electores que ser\u00e1 utilizado en las mismas ser\u00e1 entregado a las organizaciones pol\u00edticas el 20 de febrero de 2024.<\/p>\n","protected":false},"excerpt":{"rendered":"<p>20 de enero ser\u00e1 el cierre del padr\u00f3n para las elecciones de mayo a nivel nacional y en el exterior. Por Martin Restituyo La Junta Central Electoral (JCE) dispuso mediante&hellip;<\/p>\n","protected":false},"author":2,"featured_media":59036,"comment_status":"open","ping_status":"open","sticky":false,"template":"","format":"standard","meta":{"content-type":"","jetpack_post_was_ever_published":false,"_jetpack_newsletter_access":"","_jetpack_dont_email_post_to_subs":false,"_jetpack_newsletter_tier_id":0,"_jetpack_memberships_contains_paywalled_content":false,"_jetpack_memberships_contains_paid_content":false,"footnotes":""},"categories":[35,25],"tags":[1612,182,183,858,8323],"class_list":["post-62838","post","type-post","status-publish","format-standard","has-post-thumbnail","hentry","category-nacionales","category-portada","tag-cierre","tag-elecciones","tag-jce","tag-municipales","tag-padron-electoral"],"jetpack_featured_media_url":"https:\/\/lasprimeras.com.do\/wp-content\/uploads\/2023\/08\/jce-ratifica-sancionara-partidos-y-a-candidatos-violen-medida-legal.jpg","jetpack-related-posts":[{"id":64472,"url":"https:\/\/lasprimeras.com.do\/index.php\/2023\/10\/20\/jce-informa-a-instituciones-y-a-toda-la-ciudadania-cierre-padron-electoral-este-sabado\/","url_meta":{"origin":62838,"position":0},"title":"JCE informa a instituciones y a toda la ciudadan\u00eda cierre padr\u00f3n electoral este s\u00e1bado","author":"Nelson Feliz","date":"20 de octubre de 2023","format":false,"excerpt":"Informa se entregar\u00e1 certificaci\u00f3n a personas que realicen cambios a la c\u00e9dula posterior al cierre. Por Martin Restituyo La Junta Central Electoral (JCE), en el uso de sus facultades constitucionales, legales y reglamentarias, inform\u00f3 a trav\u00e9s de un comunicado a las entidades p\u00fablicas, privadas y a toda la ciudadan\u00eda en\u2026","rel":"","context":"En \u00abSin categor\u00eda\u00bb","block_context":{"text":"Sin categor\u00eda","link":"https:\/\/lasprimeras.com.do\/index.php\/category\/sin-categoria\/"},"img":{"alt_text":"JCE","src":"https:\/\/i0.wp.com\/lasprimeras.com.do\/wp-content\/uploads\/2023\/07\/JCE.jpg?resize=350%2C200&ssl=1","width":350,"height":200,"srcset":"https:\/\/i0.wp.com\/lasprimeras.com.do\/wp-content\/uploads\/2023\/07\/JCE.jpg?resize=350%2C200&ssl=1 1x, https:\/\/i0.wp.com\/lasprimeras.com.do\/wp-content\/uploads\/2023\/07\/JCE.jpg?resize=525%2C300&ssl=1 1.5x, https:\/\/i0.wp.com\/lasprimeras.com.do\/wp-content\/uploads\/2023\/07\/JCE.jpg?resize=700%2C400&ssl=1 2x"},"classes":[]},{"id":64422,"url":"https:\/\/lasprimeras.com.do\/index.php\/2023\/10\/20\/manana-cierra-el-padron-para-las-elecciones-de-febrero\/","url_meta":{"origin":62838,"position":1},"title":"Ma\u00f1ana cierra el padr\u00f3n para las elecciones de febrero","author":"BIMARY DE JES\u00daS Matos","date":"20 de octubre de 2023","format":false,"excerpt":"Santo Domingo.-Conforme a la resoluci\u00f3n 54\/2023 de la Junta Central Electoral (JCE) las inscripciones y cambios en el padr\u00f3n para las elecciones del 18 de febrero cierran ma\u00f1ana 21 de octubre a las 7:00 de la noche. Hasta ma\u00f1a a esa hora la ciudadan\u00eda podr\u00e1 realizar nuevas inscripciones en el\u2026","rel":"","context":"En \u00abSin categor\u00eda\u00bb","block_context":{"text":"Sin categor\u00eda","link":"https:\/\/lasprimeras.com.do\/index.php\/category\/sin-categoria\/"},"img":{"alt_text":"","src":"https:\/\/i0.wp.com\/lasprimeras.com.do\/wp-content\/uploads\/2023\/10\/WhatsApp-Image-2023-10-18-at-9.33.42-PM-10.jpeg?resize=350%2C200&ssl=1","width":350,"height":200,"srcset":"https:\/\/i0.wp.com\/lasprimeras.com.do\/wp-content\/uploads\/2023\/10\/WhatsApp-Image-2023-10-18-at-9.33.42-PM-10.jpeg?resize=350%2C200&ssl=1 1x, https:\/\/i0.wp.com\/lasprimeras.com.do\/wp-content\/uploads\/2023\/10\/WhatsApp-Image-2023-10-18-at-9.33.42-PM-10.jpeg?resize=525%2C300&ssl=1 1.5x, https:\/\/i0.wp.com\/lasprimeras.com.do\/wp-content\/uploads\/2023\/10\/WhatsApp-Image-2023-10-18-at-9.33.42-PM-10.jpeg?resize=700%2C400&ssl=1 2x"},"classes":[]},{"id":68423,"url":"https:\/\/lasprimeras.com.do\/index.php\/2023\/11\/24\/el-padron-para-las-municipales-cierra-con-8-millones-105-mil-electores\/","url_meta":{"origin":62838,"position":2},"title":"El padr\u00f3n para las municipales cierra con 8 millones 105 mil electores","author":"BIMARY DE JES\u00daS Matos","date":"24 de noviembre de 2023","format":false,"excerpt":"Santo Domingo.-Con 8 millones 105 mil 151 votantes cerr\u00f3 de manera definitiva el padr\u00f3n de electores para los comicios municipales del 18 de febrero del 2024, de los cuales 4 millones 156 mil 628 son mujeres (51.28 %) y 3 millones 948 mil 523 hombres (48.72 %). Con el \u00faltimo\u2026","rel":"","context":"En \u00abSin categor\u00eda\u00bb","block_context":{"text":"Sin categor\u00eda","link":"https:\/\/lasprimeras.com.do\/index.php\/category\/sin-categoria\/"},"img":{"alt_text":"","src":"https:\/\/i0.wp.com\/lasprimeras.com.do\/wp-content\/uploads\/2023\/11\/WhatsApp-Image-2023-11-23-at-4.05.08-PM-1.jpeg?resize=350%2C200&ssl=1","width":350,"height":200,"srcset":"https:\/\/i0.wp.com\/lasprimeras.com.do\/wp-content\/uploads\/2023\/11\/WhatsApp-Image-2023-11-23-at-4.05.08-PM-1.jpeg?resize=350%2C200&ssl=1 1x, https:\/\/i0.wp.com\/lasprimeras.com.do\/wp-content\/uploads\/2023\/11\/WhatsApp-Image-2023-11-23-at-4.05.08-PM-1.jpeg?resize=525%2C300&ssl=1 1.5x"},"classes":[]},{"id":73823,"url":"https:\/\/lasprimeras.com.do\/index.php\/2024\/01\/16\/jce-inicia-impresion-del-padron-electoral\/","url_meta":{"origin":62838,"position":3},"title":"JCE inicia impresi\u00f3n del padr\u00f3n electoral","author":"Nelson Feliz","date":"16 de enero de 2024","format":false,"excerpt":"El Pleno de la Junta Central Electoral (JCE), dando cumplimiento al calendario electoral de actividades, inici\u00f3 este martes la impresi\u00f3n del padr\u00f3n electoral de cara a las elecciones municipales a celebrarse el pr\u00f3ximo 18 de febrero de 2024. Presentes en la actividad el presidente de la JCE, Rom\u00e1n Andr\u00e9s J\u00e1quez\u2026","rel":"","context":"En \u00abNACIONALES\u00bb","block_context":{"text":"NACIONALES","link":"https:\/\/lasprimeras.com.do\/index.php\/category\/nacionales\/"},"img":{"alt_text":"BOLETAS","src":"https:\/\/i0.wp.com\/lasprimeras.com.do\/wp-content\/uploads\/2024\/01\/BOLETAS.jpg?resize=350%2C200&ssl=1","width":350,"height":200,"srcset":"https:\/\/i0.wp.com\/lasprimeras.com.do\/wp-content\/uploads\/2024\/01\/BOLETAS.jpg?resize=350%2C200&ssl=1 1x, https:\/\/i0.wp.com\/lasprimeras.com.do\/wp-content\/uploads\/2024\/01\/BOLETAS.jpg?resize=525%2C300&ssl=1 1.5x, https:\/\/i0.wp.com\/lasprimeras.com.do\/wp-content\/uploads\/2024\/01\/BOLETAS.jpg?resize=700%2C400&ssl=1 2x"},"classes":[]},{"id":64682,"url":"https:\/\/lasprimeras.com.do\/index.php\/2023\/10\/22\/padron-de-rd-para-2024-cuenta-con-mas-de-8-millones-de-electores-mujeres-lideran-con-51\/","url_meta":{"origin":62838,"position":4},"title":"Padr\u00f3n de RD para 2024 cuenta con m\u00e1s de 8 millones de electores; mujeres lideran con 51 %","author":"Nelson Feliz","date":"22 de octubre de 2023","format":false,"excerpt":"La Junta Central Electoral inform\u00f3 que para las elecciones municipales y generales de 2024 m\u00e1s de 8 millones de personas se encuentran h\u00e1biles para votar en Rep\u00fablica Dominicana. Unos 8,103,291 dominicanos podr\u00e1n ejercer su derecho al voto en los sufragios municipales, que se celebrar\u00e1n el pr\u00f3ximo 18 de febrero. Mientras,\u2026","rel":"","context":"En \u00abPORTADA\u00bb","block_context":{"text":"PORTADA","link":"https:\/\/lasprimeras.com.do\/index.php\/category\/portada\/"},"img":{"alt_text":"JCE","src":"https:\/\/i0.wp.com\/lasprimeras.com.do\/wp-content\/uploads\/2023\/07\/JCE.jpg?resize=350%2C200&ssl=1","width":350,"height":200,"srcset":"https:\/\/i0.wp.com\/lasprimeras.com.do\/wp-content\/uploads\/2023\/07\/JCE.jpg?resize=350%2C200&ssl=1 1x, https:\/\/i0.wp.com\/lasprimeras.com.do\/wp-content\/uploads\/2023\/07\/JCE.jpg?resize=525%2C300&ssl=1 1.5x, https:\/\/i0.wp.com\/lasprimeras.com.do\/wp-content\/uploads\/2023\/07\/JCE.jpg?resize=700%2C400&ssl=1 2x"},"classes":[]},{"id":72240,"url":"https:\/\/lasprimeras.com.do\/index.php\/2023\/12\/28\/padron-votantes-del-exterior-totaliza-855-mil-personas\/","url_meta":{"origin":62838,"position":5},"title":"Padr\u00f3n votantes del exterior totaliza 855 mil personas","author":"BIMARY DE JES\u00daS Matos","date":"28 de diciembre de 2023","format":false,"excerpt":"SANTO DOMINGO.-El presidente de la Junta Central Electoral (JCE) detall\u00f3 ayer que el padr\u00f3n en el exterior ronda por las 855,000 personas, de las cuales 273,000 se encuentran en Nueva York, representando el 35 % de dominicanas y dominicanos empadronados, y que este impactar\u00e1 110 recintos y 682 colegios electorales.\u2026","rel":"","context":"En \u00abSin categor\u00eda\u00bb","block_context":{"text":"Sin categor\u00eda","link":"https:\/\/lasprimeras.com.do\/index.php\/category\/sin-categoria\/"},"img":{"alt_text":"","src":"https:\/\/i0.wp.com\/lasprimeras.com.do\/wp-content\/uploads\/2023\/12\/El-texto-del-parrafo-1.webp?resize=350%2C200&ssl=1","width":350,"height":200,"srcset":"https:\/\/i0.wp.com\/lasprimeras.com.do\/wp-content\/uploads\/2023\/12\/El-texto-del-parrafo-1.webp?resize=350%2C200&ssl=1 1x, https:\/\/i0.wp.com\/lasprimeras.com.do\/wp-content\/uploads\/2023\/12\/El-texto-del-parrafo-1.webp?resize=525%2C300&ssl=1 1.5x"},"classes":[]}],"jetpack_sharing_enabled":true,"_links":{"self":[{"href":"https:\/\/lasprimeras.com.do\/index.php\/wp-json\/wp\/v2\/posts\/62838","targetHints":{"allow":["GET"]}}],"collection":[{"href":"https:\/\/lasprimeras.com.do\/index.php\/wp-json\/wp\/v2\/posts"}],"about":[{"href":"https:\/\/lasprimeras.com.do\/index.php\/wp-json\/wp\/v2\/types\/post"}],"author":[{"embeddable":true,"href":"https:\/\/lasprimeras.com.do\/index.php\/wp-json\/wp\/v2\/users\/2"}],"replies":[{"embeddable":true,"href":"https:\/\/lasprimeras.com.do\/index.php\/wp-json\/wp\/v2\/comments?post=62838"}],"version-history":[{"count":1,"href":"https:\/\/lasprimeras.com.do\/index.php\/wp-json\/wp\/v2\/posts\/62838\/revisions"}],"predecessor-version":[{"id":62839,"href":"https:\/\/lasprimeras.com.do\/index.php\/wp-json\/wp\/v2\/posts\/62838\/revisions\/62839"}],"wp:featuredmedia":[{"embeddable":true,"href":"https:\/\/lasprimeras.com.do\/index.php\/wp-json\/wp\/v2\/media\/59036"}],"wp:attachment":[{"href":"https:\/\/lasprimeras.com.do\/index.php\/wp-json\/wp\/v2\/media?parent=62838"}],"wp:term":[{"taxonomy":"category","embeddable":true,"href":"https:\/\/lasprimeras.com.do\/index.php\/wp-json\/wp\/v2\/categories?post=62838"},{"taxonomy":"post_tag","embeddable":true,"href":"https:\/\/lasprimeras.com.do\/index.php\/wp-json\/wp\/v2\/tags?post=62838"}],"curies":[{"name":"wp","href":"https:\/\/api.w.org\/{rel}","templated":true}]}}