{"id":62840,"date":"2023-10-08T13:47:59","date_gmt":"2023-10-08T17:47:59","guid":{"rendered":"https:\/\/lasprimeras.com.do\/?p=62840"},"modified":"2023-10-08T13:48:01","modified_gmt":"2023-10-08T17:48:01","slug":"presidente-abinader-anuncia-construccion-y-terminacion-varias-obras-en-samana","status":"publish","type":"post","link":"https:\/\/lasprimeras.com.do\/index.php\/2023\/10\/08\/presidente-abinader-anuncia-construccion-y-terminacion-varias-obras-en-samana\/","title":{"rendered":"Presidente Abinader anuncia construcci\u00f3n y terminaci\u00f3n varias obras en Saman\u00e1"},"content":{"rendered":"\n<p><strong>Las obras anunciadas a construir y ser terminadas incluye una extensi\u00f3n de la UASD, dos muelles pesqueros, terminaci\u00f3n de carretera, del malec\u00f3n de Saman\u00e1 y la creaci\u00f3n de empleos.<\/strong><\/p>\n\n\n\n<p>El presidente Luis Abinader anunci\u00f3 este domingo la construcci\u00f3n y terminaci\u00f3n de varias obras en Saman\u00e1 que crear\u00e1 m\u00e1s oportunidades y mejorar\u00e1 la calidad de vida de los ciudadanos.<\/p>\n\n\n\n<p>Las obras anunciadas a construir y ser terminadas incluye, la construcci\u00f3n de una extensi\u00f3n de la Universidad Aut\u00f3noma de Santo Domingo (UASD), dos muelles pesqueros, terminaci\u00f3n de carretera, del malec\u00f3n de Saman\u00e1 y la creaci\u00f3n de empleos.<\/p>\n\n\n\n<p>En un encuentro con la prensa de esta provincia el gobernante inform\u00f3 que actualmente se trabaja en la terminaci\u00f3n de la carretera Las Galeras, as\u00ed como muchas otras obras que desarrollar\u00e1n el sector de empleo en Saman\u00e1.<\/p>\n\n\n\n<p>Tambi\u00e9n inform\u00f3 que se trabaja para la instalaci\u00f3n de una extensi\u00f3n de la Universidad Aut\u00f3noma de Santo Domingo (UASD) en la zona.<\/p>\n\n\n\n<p>Tambi\u00e9n precis\u00f3 que para fin de a\u00f1o estar\u00e1 listo el malecon de Saman\u00e1 ya que tiene elaborada una ruta cr\u00edtica para su culminaci\u00f3n.<\/p>\n\n\n\n<p>El jefe de Estado, indic\u00f3 que en Arroyo Barril se construir\u00e1 un muelle tur\u00edstico que iniciar\u00e1 entre enero y febrero que tendr\u00e1 un parque tem\u00e1tico, y asegur\u00f3 se crear\u00e1 una gran din\u00e1mica a nivel de empleos directos e indirectos.<\/p>\n\n\n\n<p>Tambi\u00e9n anunci\u00f3 que est\u00e1 en proceso la creaci\u00f3n de un muelle en el mismo municipio de Saman\u00e1.<\/p>\n\n\n\n<p>Respecto al sector pesquero dijo que el gobierno trabaja para hacer de la pesca un sector seguro y responsable y que Promipyme ayudar\u00e1 con nuevas embarcaciones e inversiones.<\/p>\n\n\n\n<p>Del mismo modo, sostuvo que actualmente se lleva a cabo un Master Plan para Las Terrenas para dar seguimiento a los proyectos de esa zona, para as\u00ed reforzar el tema del agua y el proceso de asfaltado.<\/p>\n\n\n\n<p>Afirm\u00f3 que el gobierno trabaja fuertemente para desarrollar un plan urban\u00edstico, pero aclaro que siempre se trabaja en las prioridades.<br>Entre las obras inaugurada este domingo est\u00e1n varios centros de salud, instalaciones deportivas, v\u00edas asfaltadas, centros educativos y de l muelle de pescadores de S\u00e1nchez.<\/p>\n\n\n\n<p>En la actividad participaron periodistas de El Lim\u00f3n, Las Galeras, S\u00e1nchez y Arroyo Barril.<\/p>\n\n\n\n<p>Durante el encuentro los comunicadores felicitaron al mandatario por sus aportes y transformaciones en la provincia y lo definieron como un gobernante municipalista.<\/p>\n","protected":false},"excerpt":{"rendered":"<p>Las obras anunciadas a construir y ser terminadas incluye una extensi\u00f3n de la UASD, dos muelles pesqueros, terminaci\u00f3n de carretera, del malec\u00f3n de Saman\u00e1 y la creaci\u00f3n de empleos. El&hellip;<\/p>\n","protected":false},"author":2,"featured_media":62841,"comment_status":"open","ping_status":"open","sticky":false,"template":"","format":"standard","meta":{"content-type":"","jetpack_post_was_ever_published":false,"_jetpack_newsletter_access":"","_jetpack_dont_email_post_to_subs":false,"_jetpack_newsletter_tier_id":0,"_jetpack_memberships_contains_paywalled_content":false,"_jetpack_memberships_contains_paid_content":false,"footnotes":""},"categories":[35,25],"tags":[970,67,8324,8325],"class_list":["post-62840","post","type-post","status-publish","format-standard","has-post-thumbnail","hentry","category-nacionales","category-portada","tag-construccion","tag-luis-abinader","tag-samana-2","tag-terminacion"],"jetpack_featured_media_url":"https:\/\/lasprimeras.com.do\/wp-content\/uploads\/2023\/10\/Luis-Abinader-3-1.jpg","jetpack-related-posts":[{"id":100118,"url":"https:\/\/lasprimeras.com.do\/index.php\/2025\/06\/01\/abinader-inaugura-remozado-malecon-de-santa-barbara-de-samana\/","url_meta":{"origin":62840,"position":0},"title":"Abinader inaugura remozado Malec\u00f3n de Santa B\u00e1rbara de Saman\u00e1","author":"Nelson Feliz","date":"1 de junio de 2025","format":false,"excerpt":"El presidente Luis Abinader exhort\u00f3 a los habitantes de la provincia de Saman\u00e1 a unirse y trabajar juntos por el desarrollo integral de la zona, impulsado por las m\u00faltiples obras que ejecuta el gobierno central y que elevan su competitividad como destino tur\u00edstico y econ\u00f3mico. \u201cTrabajemos juntos, solucionemos los problemas\u2026","rel":"","context":"En \u00abECONOM\u00cdA\u00bb","block_context":{"text":"ECONOM\u00cdA","link":"https:\/\/lasprimeras.com.do\/index.php\/category\/economia\/"},"img":{"alt_text":"","src":"https:\/\/i0.wp.com\/lasprimeras.com.do\/wp-content\/uploads\/2025\/06\/Luis-Abinader.jpg?resize=350%2C200&ssl=1","width":350,"height":200,"srcset":"https:\/\/i0.wp.com\/lasprimeras.com.do\/wp-content\/uploads\/2025\/06\/Luis-Abinader.jpg?resize=350%2C200&ssl=1 1x, https:\/\/i0.wp.com\/lasprimeras.com.do\/wp-content\/uploads\/2025\/06\/Luis-Abinader.jpg?resize=525%2C300&ssl=1 1.5x, https:\/\/i0.wp.com\/lasprimeras.com.do\/wp-content\/uploads\/2025\/06\/Luis-Abinader.jpg?resize=700%2C400&ssl=1 2x"},"classes":[]},{"id":123276,"url":"https:\/\/lasprimeras.com.do\/index.php\/2026\/02\/27\/abinader-presenta-inversion-historica-y-mayor-descentralizacion-de-obras-publicas-en-la-rendicion-de-cuentas\/","url_meta":{"origin":62840,"position":1},"title":"Abinader presenta inversi\u00f3n hist\u00f3rica y mayor descentralizaci\u00f3n de obras p\u00fablicas en la Rendici\u00f3n de Cuentas","author":"Nelson Feliz","date":"27 de febrero de 2026","format":false,"excerpt":"Con RD$47,290 millones ejecutados en 2025 y m\u00e1s de mil obras en todo el territorio, Gobierno impulsa la transformaci\u00f3n estructural del pa\u00eds, llevando inversi\u00f3n r\u00e9cord a cada provincia y convirtiendo a Pedernales en el mayor polo de desarrollo fuera de Santo Domingo. El presidente Luis Abinader afirm\u00f3 que la Rep\u00fablica\u2026","rel":"","context":"En \u00abECONOM\u00cdA\u00bb","block_context":{"text":"ECONOM\u00cdA","link":"https:\/\/lasprimeras.com.do\/index.php\/category\/economia\/"},"img":{"alt_text":"Rendici\u00f3n de Cuentas","src":"https:\/\/i0.wp.com\/lasprimeras.com.do\/wp-content\/uploads\/2026\/02\/Rendicion-de-Cuentas.jpg?resize=350%2C200&ssl=1","width":350,"height":200,"srcset":"https:\/\/i0.wp.com\/lasprimeras.com.do\/wp-content\/uploads\/2026\/02\/Rendicion-de-Cuentas.jpg?resize=350%2C200&ssl=1 1x, https:\/\/i0.wp.com\/lasprimeras.com.do\/wp-content\/uploads\/2026\/02\/Rendicion-de-Cuentas.jpg?resize=525%2C300&ssl=1 1.5x, https:\/\/i0.wp.com\/lasprimeras.com.do\/wp-content\/uploads\/2026\/02\/Rendicion-de-Cuentas.jpg?resize=700%2C400&ssl=1 2x"},"classes":[]},{"id":89090,"url":"https:\/\/lasprimeras.com.do\/index.php\/2024\/09\/15\/abinader-anuncia-varias-obras-importantes-para-santo-domingo-este\/","url_meta":{"origin":62840,"position":2},"title":"Abinader anuncia varias obras importantes para Santo Domingo Este","author":"Nelson Feliz","date":"15 de septiembre de 2024","format":false,"excerpt":"Entre est\u00e1s enumer\u00f3, el Tribunal de Justicia, una nueva extensi\u00f3n de la UASD, el Tren Metropolitano, un Hospital General, reconstrucci\u00f3n del malec\u00f3n de SDE y 3 plantas de tratamiento de aguas negras. El presidente Luis Abinader junto a la vicepresidenta Raquel Pe\u00f1a encabezaron este domingo un Consejo de Ministros y\u2026","rel":"","context":"En \u00abNACIONALES\u00bb","block_context":{"text":"NACIONALES","link":"https:\/\/lasprimeras.com.do\/index.php\/category\/nacionales\/"},"img":{"alt_text":"Luis Abinader","src":"https:\/\/i0.wp.com\/lasprimeras.com.do\/wp-content\/uploads\/2024\/09\/Luis-Abinader-1.jpg?resize=350%2C200&ssl=1","width":350,"height":200,"srcset":"https:\/\/i0.wp.com\/lasprimeras.com.do\/wp-content\/uploads\/2024\/09\/Luis-Abinader-1.jpg?resize=350%2C200&ssl=1 1x, https:\/\/i0.wp.com\/lasprimeras.com.do\/wp-content\/uploads\/2024\/09\/Luis-Abinader-1.jpg?resize=525%2C300&ssl=1 1.5x"},"classes":[]},{"id":119366,"url":"https:\/\/lasprimeras.com.do\/index.php\/2026\/01\/11\/mopc-lleva-casi-tres-anos-en-construccion-de-carretera-sabana-grande-de-boya-autopista-juan-pablo-ii\/","url_meta":{"origin":62840,"position":3},"title":"MOPC lleva casi tres a\u00f1os en construcci\u00f3n de carretera Sabana Grande de Boy\u00e1 -Autopista Juan Pablo II","author":"Nelson Feliz","date":"11 de enero de 2026","format":false,"excerpt":"\u201cEl tobog\u00e1n de la muerte\u201d, ubicado en el sector El Anillo, el peor lugar de la carretera Sabana Grande de Boy\u00e1- Autopista Juan Pablo II Lo que se hab\u00eda anunciado como una soluci\u00f3n vial en tres meses el pasado 31 mayo de 2022, se ha convertido en un calvario de\u2026","rel":"","context":"En \u00abNACIONALES\u00bb","block_context":{"text":"NACIONALES","link":"https:\/\/lasprimeras.com.do\/index.php\/category\/nacionales\/"},"img":{"alt_text":"","src":"https:\/\/i0.wp.com\/lasprimeras.com.do\/wp-content\/uploads\/2026\/01\/calle.jpg?resize=350%2C200&ssl=1","width":350,"height":200,"srcset":"https:\/\/i0.wp.com\/lasprimeras.com.do\/wp-content\/uploads\/2026\/01\/calle.jpg?resize=350%2C200&ssl=1 1x, https:\/\/i0.wp.com\/lasprimeras.com.do\/wp-content\/uploads\/2026\/01\/calle.jpg?resize=525%2C300&ssl=1 1.5x, https:\/\/i0.wp.com\/lasprimeras.com.do\/wp-content\/uploads\/2026\/01\/calle.jpg?resize=700%2C400&ssl=1 2x"},"classes":[]},{"id":126515,"url":"https:\/\/lasprimeras.com.do\/index.php\/2026\/04\/02\/abinader-inaugura-ampliacion-a-cuatro-vias-de-la-entrada-a-samana-y-fortalece-el-turismo-de-la-zona\/","url_meta":{"origin":62840,"position":4},"title":"Abinader inaugura ampliaci\u00f3n a cuatro v\u00edas de la entrada a Saman\u00e1 y fortalece el turismo de la zona","author":"Nelson Feliz","date":"2 de abril de 2026","format":false,"excerpt":"El presidente Luis Abinader inaugur\u00f3 el proyecto de ampliaci\u00f3n a cuatro v\u00edas de la entrada a la provincia de Saman\u00e1, una obra estrat\u00e9gica que beneficiar\u00e1 de manera directa a m\u00e1s de 110,000 personas, mejorar\u00e1 la calidad de vida de la poblaci\u00f3n y fortalecer\u00e1 el desarrollo tur\u00edstico de esta importante zona\u2026","rel":"","context":"En \u00abTURISMO\u00bb","block_context":{"text":"TURISMO","link":"https:\/\/lasprimeras.com.do\/index.php\/category\/turismo\/"},"img":{"alt_text":"","src":"https:\/\/i0.wp.com\/lasprimeras.com.do\/wp-content\/uploads\/2026\/04\/luis-abinader-2.jpg?resize=350%2C200&ssl=1","width":350,"height":200,"srcset":"https:\/\/i0.wp.com\/lasprimeras.com.do\/wp-content\/uploads\/2026\/04\/luis-abinader-2.jpg?resize=350%2C200&ssl=1 1x, https:\/\/i0.wp.com\/lasprimeras.com.do\/wp-content\/uploads\/2026\/04\/luis-abinader-2.jpg?resize=525%2C300&ssl=1 1.5x, https:\/\/i0.wp.com\/lasprimeras.com.do\/wp-content\/uploads\/2026\/04\/luis-abinader-2.jpg?resize=700%2C400&ssl=1 2x"},"classes":[]},{"id":62889,"url":"https:\/\/lasprimeras.com.do\/index.php\/2023\/10\/09\/abinader-encabezo-actividades-en-zonas-de-samana-nagua-y-moca\/","url_meta":{"origin":62840,"position":5},"title":"Abinader encabez\u00f3 actividades en zonas de Saman\u00e1, Nagua y Moca","author":"BIMARY DE JES\u00daS Matos","date":"9 de octubre de 2023","format":false,"excerpt":"SAMANA .- El presidente Luis Abinader entreg\u00f3 este fin de semana 15 edificaciones que han sido rehabilitadas por el Gobierno. ocho de ellas en Saman\u00e1, 7 en Mar\u00eda Trinidad S\u00e1nchez (Nagua) y una en Espaillat (Moca), inform\u00f3 la Presidencia de la Rep\u00fablica Dominicana. Entre ellas figuran hospitales, estancias infantiles, carreteras,\u2026","rel":"","context":"En \u00abNACIONALES\u00bb","block_context":{"text":"NACIONALES","link":"https:\/\/lasprimeras.com.do\/index.php\/category\/nacionales\/"},"img":{"alt_text":"","src":"https:\/\/i0.wp.com\/lasprimeras.com.do\/wp-content\/uploads\/2023\/10\/WhatsApp-Image-2023-10-08-at-12.09.51-PM-1.jpeg?resize=350%2C200&ssl=1","width":350,"height":200,"srcset":"https:\/\/i0.wp.com\/lasprimeras.com.do\/wp-content\/uploads\/2023\/10\/WhatsApp-Image-2023-10-08-at-12.09.51-PM-1.jpeg?resize=350%2C200&ssl=1 1x, https:\/\/i0.wp.com\/lasprimeras.com.do\/wp-content\/uploads\/2023\/10\/WhatsApp-Image-2023-10-08-at-12.09.51-PM-1.jpeg?resize=525%2C300&ssl=1 1.5x, https:\/\/i0.wp.com\/lasprimeras.com.do\/wp-content\/uploads\/2023\/10\/WhatsApp-Image-2023-10-08-at-12.09.51-PM-1.jpeg?resize=700%2C400&ssl=1 2x, https:\/\/i0.wp.com\/lasprimeras.com.do\/wp-content\/uploads\/2023\/10\/WhatsApp-Image-2023-10-08-at-12.09.51-PM-1.jpeg?resize=1050%2C600&ssl=1 3x"},"classes":[]}],"jetpack_sharing_enabled":true,"_links":{"self":[{"href":"https:\/\/lasprimeras.com.do\/index.php\/wp-json\/wp\/v2\/posts\/62840","targetHints":{"allow":["GET"]}}],"collection":[{"href":"https:\/\/lasprimeras.com.do\/index.php\/wp-json\/wp\/v2\/posts"}],"about":[{"href":"https:\/\/lasprimeras.com.do\/index.php\/wp-json\/wp\/v2\/types\/post"}],"author":[{"embeddable":true,"href":"https:\/\/lasprimeras.com.do\/index.php\/wp-json\/wp\/v2\/users\/2"}],"replies":[{"embeddable":true,"href":"https:\/\/lasprimeras.com.do\/index.php\/wp-json\/wp\/v2\/comments?post=62840"}],"version-history":[{"count":1,"href":"https:\/\/lasprimeras.com.do\/index.php\/wp-json\/wp\/v2\/posts\/62840\/revisions"}],"predecessor-version":[{"id":62842,"href":"https:\/\/lasprimeras.com.do\/index.php\/wp-json\/wp\/v2\/posts\/62840\/revisions\/62842"}],"wp:featuredmedia":[{"embeddable":true,"href":"https:\/\/lasprimeras.com.do\/index.php\/wp-json\/wp\/v2\/media\/62841"}],"wp:attachment":[{"href":"https:\/\/lasprimeras.com.do\/index.php\/wp-json\/wp\/v2\/media?parent=62840"}],"wp:term":[{"taxonomy":"category","embeddable":true,"href":"https:\/\/lasprimeras.com.do\/index.php\/wp-json\/wp\/v2\/categories?post=62840"},{"taxonomy":"post_tag","embeddable":true,"href":"https:\/\/lasprimeras.com.do\/index.php\/wp-json\/wp\/v2\/tags?post=62840"}],"curies":[{"name":"wp","href":"https:\/\/api.w.org\/{rel}","templated":true}]}}