{"id":62843,"date":"2023-10-08T14:30:38","date_gmt":"2023-10-08T18:30:38","guid":{"rendered":"https:\/\/lasprimeras.com.do\/?p=62843"},"modified":"2023-10-08T14:30:40","modified_gmt":"2023-10-08T18:30:40","slug":"ocupan-arma-cortopunzante-celulares-y-sustancias-controladas-en-san-juan","status":"publish","type":"post","link":"https:\/\/lasprimeras.com.do\/index.php\/2023\/10\/08\/ocupan-arma-cortopunzante-celulares-y-sustancias-controladas-en-san-juan\/","title":{"rendered":"Ocupan arma cortopunzante, celulares y sustancias controladas en San Juan"},"content":{"rendered":"\n<p>Por Martin Restituyo<\/p>\n\n\n\n<p>Agentes policiales, adscritos a las Direcciones de Inteligencia (Dintel), de Investigaci\u00f3n (Dicrim) y de Prevenci\u00f3n, en compa\u00f1\u00eda del Ministerio P\u00fablico, ejecutaron una orden de allanamiento en la provincia San Juan, donde fue apresada una mujer, se ocup\u00f3 una arma corto punzante, varias porciones de sustancias controladas (drogas), celulares y dinero en efectivo, entre otros objetos.<\/p>\n\n\n\n<p>Seg\u00fan el reporte preliminar fue allanada y registrada la residencia de Roberto Zen\u00f3n Sol\u00eds Encarnaci\u00f3n, mediante la orden No. 1540\/2023, teniendo en cuenta que \u00e9ste no se encontraba en dicho domicilio.<\/p>\n\n\n\n<p>Cabe destacar que producto de este operativo, fue apresada Karla Dilon\u00e9, de 26 a\u00f1os, y se ocuparon varias porciones de sustancias controladas, una porci\u00f3n de presunta coca\u00edna, 17 pastillas amarillas y rosadas, de nombres y origen desconocidos, cuatro celulares, la suma de 30,500 pesos en efectivo, 190 d\u00f3lares y tres radios de comunicaci\u00f3n.<\/p>\n\n\n\n<p>De igual manera, tras registrar el interior del veh\u00edculo marca Toyota, azul, fueron ocupados dos bolsitas de un polvo blanco, presumiblemente coca\u00edna, dos c\u00e1psulas de un arma M-16, un pote de acetona y un machete.<\/p>\n\n\n\n<p>La detenida y todo lo ocupado ser\u00e1n puestos bajo el control del Ministerio P\u00fablico, en las pr\u00f3ximas horas, para los fines correspondiente de ley.<\/p>\n","protected":false},"excerpt":{"rendered":"<p>Por Martin Restituyo Agentes policiales, adscritos a las Direcciones de Inteligencia (Dintel), de Investigaci\u00f3n (Dicrim) y de Prevenci\u00f3n, en compa\u00f1\u00eda del Ministerio P\u00fablico, ejecutaron una orden de allanamiento en la&hellip;<\/p>\n","protected":false},"author":2,"featured_media":62844,"comment_status":"open","ping_status":"open","sticky":false,"template":"","format":"standard","meta":{"content-type":"","jetpack_post_was_ever_published":false,"_jetpack_newsletter_access":"","_jetpack_dont_email_post_to_subs":false,"_jetpack_newsletter_tier_id":0,"_jetpack_memberships_contains_paywalled_content":false,"_jetpack_memberships_contains_paid_content":false,"footnotes":""},"categories":[3057],"tags":[6886,8326,3521,290,1157,618],"class_list":["post-62843","post","type-post","status-publish","format-standard","has-post-thumbnail","hentry","category-militares","tag-allanamiento","tag-arma-cortopunzante","tag-celulares","tag-ministerio-publico","tag-policia-nacional","tag-san-juan"],"jetpack_featured_media_url":"https:\/\/lasprimeras.com.do\/wp-content\/uploads\/2023\/10\/dinero.jpg","jetpack-related-posts":[{"id":74656,"url":"https:\/\/lasprimeras.com.do\/index.php\/2024\/01\/25\/otro-agresor-sexual-es-apresado-por-la-policia-en-san-cristobal\/","url_meta":{"origin":62843,"position":0},"title":"Otro agresor sexual es apresado por la Polic\u00eda en San Crist\u00f3bal","author":"BIMARY DE JES\u00daS Matos","date":"25 de enero de 2024","format":false,"excerpt":"San Crist\u00f3bal RD. \u2013 La Polic\u00eda Nacional inform\u00f3 que apres\u00f3 a un hombre que era activamente buscado por abusar sexualmente de varias mujeres en la provincia San Crist\u00f3bal, a quien, al momento de su detenci\u00f3n, se le ocup\u00f3 un arma cortopunzante y una porci\u00f3n de presunta marihuana. Se trata de\u2026","rel":"","context":"En \u00abNACIONALES\u00bb","block_context":{"text":"NACIONALES","link":"https:\/\/lasprimeras.com.do\/index.php\/category\/nacionales\/"},"img":{"alt_text":"","src":"https:\/\/i0.wp.com\/lasprimeras.com.do\/wp-content\/uploads\/2024\/01\/WhatsApp-Image-2024-01-25-at-1.42.51-PM-2.jpeg?resize=350%2C200&ssl=1","width":350,"height":200,"srcset":"https:\/\/i0.wp.com\/lasprimeras.com.do\/wp-content\/uploads\/2024\/01\/WhatsApp-Image-2024-01-25-at-1.42.51-PM-2.jpeg?resize=350%2C200&ssl=1 1x, https:\/\/i0.wp.com\/lasprimeras.com.do\/wp-content\/uploads\/2024\/01\/WhatsApp-Image-2024-01-25-at-1.42.51-PM-2.jpeg?resize=525%2C300&ssl=1 1.5x"},"classes":[]},{"id":85147,"url":"https:\/\/lasprimeras.com.do\/index.php\/2024\/06\/23\/desmantelan-red-en-santiago-apresan-tres-y-confiscan-mas-de-500-libras-presumiblemente-marihuana\/","url_meta":{"origin":62843,"position":1},"title":"Desmantelan red en Santiago; apresan tres y confiscan m\u00e1s de 500 libras presumiblemente marihuana","author":"Nelson Feliz","date":"23 de junio de 2024","format":false,"excerpt":"Por Martin Restituyo Agentes de la Direcci\u00f3n Nacional de Control de Drogas (DNCD) y miembros de la Procuradur\u00eda Especializada de Anti-lavado de Activos y Financiamiento al Terrrorismo, ejecutaron cuatro allanamientos de manera simult\u00e1nea en la provincia de Santiago. En dichos allanamientos, apresaron a varias personas y ocuparon m\u00e1s de 500\u2026","rel":"","context":"En \u00abMILITARES\u00bb","block_context":{"text":"MILITARES","link":"https:\/\/lasprimeras.com.do\/index.php\/category\/militares\/"},"img":{"alt_text":"","src":"https:\/\/i0.wp.com\/lasprimeras.com.do\/wp-content\/uploads\/2024\/06\/marihuana-1.jpg?resize=350%2C200&ssl=1","width":350,"height":200,"srcset":"https:\/\/i0.wp.com\/lasprimeras.com.do\/wp-content\/uploads\/2024\/06\/marihuana-1.jpg?resize=350%2C200&ssl=1 1x, https:\/\/i0.wp.com\/lasprimeras.com.do\/wp-content\/uploads\/2024\/06\/marihuana-1.jpg?resize=525%2C300&ssl=1 1.5x, https:\/\/i0.wp.com\/lasprimeras.com.do\/wp-content\/uploads\/2024\/06\/marihuana-1.jpg?resize=700%2C400&ssl=1 2x"},"classes":[]},{"id":95524,"url":"https:\/\/lasprimeras.com.do\/index.php\/2025\/03\/14\/apresan-en-arenoso-a-luis-la-perla-acusado-de-amenazar-con-arma-de-fuego-a-varias-personas\/","url_meta":{"origin":62843,"position":2},"title":"Apresan en Arenoso a \u201cLuis la Perla\u201d acusado de amenazar con arma de fuego a varias personas","author":"Nelson Feliz","date":"14 de marzo de 2025","format":false,"excerpt":"-Le ocupan cargadores, dinero y joyas. La Polic\u00eda Nacional, en coordinaci\u00f3n con el Ministerio P\u00fablico, apres\u00f3 mediante un allanamiento a Luis Alberto Ortega Conde (a) \u201cLuis La Perla\u201d, acusado de amenazar con un arma de fuego a varias personas tras una discusi\u00f3n por contaminaci\u00f3n s\u00f3nica en el municipio de Arenoso,\u2026","rel":"","context":"En \u00abMILITARES\u00bb","block_context":{"text":"MILITARES","link":"https:\/\/lasprimeras.com.do\/index.php\/category\/militares\/"},"img":{"alt_text":"","src":"https:\/\/i0.wp.com\/lasprimeras.com.do\/wp-content\/uploads\/2025\/03\/evide.jpg?resize=350%2C200&ssl=1","width":350,"height":200,"srcset":"https:\/\/i0.wp.com\/lasprimeras.com.do\/wp-content\/uploads\/2025\/03\/evide.jpg?resize=350%2C200&ssl=1 1x, https:\/\/i0.wp.com\/lasprimeras.com.do\/wp-content\/uploads\/2025\/03\/evide.jpg?resize=525%2C300&ssl=1 1.5x, https:\/\/i0.wp.com\/lasprimeras.com.do\/wp-content\/uploads\/2025\/03\/evide.jpg?resize=700%2C400&ssl=1 2x"},"classes":[]},{"id":61584,"url":"https:\/\/lasprimeras.com.do\/index.php\/2023\/09\/28\/apresan-dos-hombres-en-barahona-buscados-por-estafa-en-santo-domingo\/","url_meta":{"origin":62843,"position":3},"title":"Apresan dos hombres en Barahona buscados por estafa en Santo Domingo","author":"Nelson Feliz","date":"28 de septiembre de 2023","format":false,"excerpt":"Mediante allanamiento ocupan sustancias narc\u00f3ticas y dinero en efectivo. Por Mart\u00edn Restituyo Miembros del Departamento de Investigaci\u00f3n (DICRIM), adscritos a la Direcci\u00f3n Regional Sur, apresar\u00f3n en el municipio de Vicente Noble, provincia de Barahona, a dos hombres que estaban siendo buscados en la ciudad de Santo Domingo por el agentes\u2026","rel":"","context":"En \u00abMILITARES\u00bb","block_context":{"text":"MILITARES","link":"https:\/\/lasprimeras.com.do\/index.php\/category\/militares\/"},"img":{"alt_text":"","src":"https:\/\/i0.wp.com\/lasprimeras.com.do\/wp-content\/uploads\/2023\/09\/Drogas-1-1.jpg?resize=350%2C200&ssl=1","width":350,"height":200,"srcset":"https:\/\/i0.wp.com\/lasprimeras.com.do\/wp-content\/uploads\/2023\/09\/Drogas-1-1.jpg?resize=350%2C200&ssl=1 1x, https:\/\/i0.wp.com\/lasprimeras.com.do\/wp-content\/uploads\/2023\/09\/Drogas-1-1.jpg?resize=525%2C300&ssl=1 1.5x, https:\/\/i0.wp.com\/lasprimeras.com.do\/wp-content\/uploads\/2023\/09\/Drogas-1-1.jpg?resize=700%2C400&ssl=1 2x"},"classes":[]},{"id":77619,"url":"https:\/\/lasprimeras.com.do\/index.php\/2024\/02\/23\/pn-junto-a-la-pgr-fard-dncd-y-migracion-asestan-duro-golpe-a-la-delincuencia-y-el-microtrafico-en-operativos-en-bani\/","url_meta":{"origin":62843,"position":4},"title":"PN, junto a la PGR, FARD, DNCD y Migraci\u00f3n asestan duro golpe a la delincuencia y el microtr\u00e1fico en operativos en Ban\u00ed","author":"BIMARY DE JES\u00daS Matos","date":"23 de febrero de 2024","format":false,"excerpt":"Martin Restituyo Ban\u00ed.-Agentes policiales, adscritos a la Direcci\u00f3n Regional Sur Central de la Polic\u00eda Nacional, con sede en Ban\u00ed, lograron sacar de las calles sustancias narc\u00f3ticas, balanzas, armas de fuego y cortopunzantes, municiones, entre otros elementos, durante la ejecuci\u00f3n de 57 operativos simult\u00e1neos en diversos puntos de la provincia Peravia,\u2026","rel":"","context":"En \u00abPORTADA\u00bb","block_context":{"text":"PORTADA","link":"https:\/\/lasprimeras.com.do\/index.php\/category\/portada\/"},"img":{"alt_text":"","src":"https:\/\/i0.wp.com\/lasprimeras.com.do\/wp-content\/uploads\/2024\/02\/IMG-20240223-WA0019.jpg?resize=350%2C200&ssl=1","width":350,"height":200,"srcset":"https:\/\/i0.wp.com\/lasprimeras.com.do\/wp-content\/uploads\/2024\/02\/IMG-20240223-WA0019.jpg?resize=350%2C200&ssl=1 1x, https:\/\/i0.wp.com\/lasprimeras.com.do\/wp-content\/uploads\/2024\/02\/IMG-20240223-WA0019.jpg?resize=525%2C300&ssl=1 1.5x, https:\/\/i0.wp.com\/lasprimeras.com.do\/wp-content\/uploads\/2024\/02\/IMG-20240223-WA0019.jpg?resize=700%2C400&ssl=1 2x"},"classes":[]},{"id":69215,"url":"https:\/\/lasprimeras.com.do\/index.php\/2023\/11\/30\/apresan-individuo-por-violar-a-la-ley-50-88\/","url_meta":{"origin":62843,"position":5},"title":"Apresan individuo por violar a la ley 50-88","author":"Nelson Feliz","date":"30 de noviembre de 2023","format":false,"excerpt":"Ocupan cientos de porciones de sustancias prohibidas en La Vega Por Roberto P\u00e9rez Agentes policiales pertenecientes a la Subdirecci\u00f3n regional de Investigaciones, apresaron un hombre, tras ser sorprendido en flagrante delito, violando la ley 50-88 en La Vega. El prevenido fue identificado como Odalis Antonio G\u00f3mez Abreu, alias Juan Dolio,\u2026","rel":"","context":"En \u00abMILITARES\u00bb","block_context":{"text":"MILITARES","link":"https:\/\/lasprimeras.com.do\/index.php\/category\/militares\/"},"img":{"alt_text":"","src":"","width":0,"height":0},"classes":[]}],"jetpack_sharing_enabled":true,"_links":{"self":[{"href":"https:\/\/lasprimeras.com.do\/index.php\/wp-json\/wp\/v2\/posts\/62843","targetHints":{"allow":["GET"]}}],"collection":[{"href":"https:\/\/lasprimeras.com.do\/index.php\/wp-json\/wp\/v2\/posts"}],"about":[{"href":"https:\/\/lasprimeras.com.do\/index.php\/wp-json\/wp\/v2\/types\/post"}],"author":[{"embeddable":true,"href":"https:\/\/lasprimeras.com.do\/index.php\/wp-json\/wp\/v2\/users\/2"}],"replies":[{"embeddable":true,"href":"https:\/\/lasprimeras.com.do\/index.php\/wp-json\/wp\/v2\/comments?post=62843"}],"version-history":[{"count":1,"href":"https:\/\/lasprimeras.com.do\/index.php\/wp-json\/wp\/v2\/posts\/62843\/revisions"}],"predecessor-version":[{"id":62845,"href":"https:\/\/lasprimeras.com.do\/index.php\/wp-json\/wp\/v2\/posts\/62843\/revisions\/62845"}],"wp:featuredmedia":[{"embeddable":true,"href":"https:\/\/lasprimeras.com.do\/index.php\/wp-json\/wp\/v2\/media\/62844"}],"wp:attachment":[{"href":"https:\/\/lasprimeras.com.do\/index.php\/wp-json\/wp\/v2\/media?parent=62843"}],"wp:term":[{"taxonomy":"category","embeddable":true,"href":"https:\/\/lasprimeras.com.do\/index.php\/wp-json\/wp\/v2\/categories?post=62843"},{"taxonomy":"post_tag","embeddable":true,"href":"https:\/\/lasprimeras.com.do\/index.php\/wp-json\/wp\/v2\/tags?post=62843"}],"curies":[{"name":"wp","href":"https:\/\/api.w.org\/{rel}","templated":true}]}}