{"id":62851,"date":"2023-10-08T16:46:42","date_gmt":"2023-10-08T20:46:42","guid":{"rendered":"https:\/\/lasprimeras.com.do\/?p=62851"},"modified":"2023-10-08T16:46:43","modified_gmt":"2023-10-08T20:46:43","slug":"camionero-mata-senora-se-dirigia-a-la-iglesia-en-moca","status":"publish","type":"post","link":"https:\/\/lasprimeras.com.do\/index.php\/2023\/10\/08\/camionero-mata-senora-se-dirigia-a-la-iglesia-en-moca\/","title":{"rendered":"Camionero mata se\u00f1ora se dirig\u00eda a la Iglesia en Moca"},"content":{"rendered":"\n<p>Un cami\u00f3n tipo patana &#8211; Trailer SML-945084 arroj\u00f3 a la se\u00f1ora Nereida de Jes\u00fas en Estancia Nueva Moca, cuando esta se dirig\u00eda a un retiro de la iglesia junto a su hijo.<\/p>\n\n\n\n<p>La se\u00f1ora Nereida resid\u00eda en la Lambada de San V\u00edctor Moca.<\/p>\n\n\n\n<p>Seg\u00fan informaciones de personas que residen en el lugar del suceso, manifestaron a este medio que el cuerpo dur\u00f3 m\u00e1s de una hora tirado en el suelo esperando que el m\u00e9dico legista llegar\u00e1, sin embargo este nunca lleg\u00f3.<\/p>\n\n\n\n<p>El cad\u00e1ver fue levantado y trasladado del lugar en una camioneta de la misma iglesia a su casa para iniciar el velatorio.<\/p>\n\n\n\n<p>En cuanto al ch\u00f3fer se dec\u00eda que estaba detenido en el cuartel y ser\u00e1 puesto a disposici\u00f3n de la justicia en las pr\u00f3ximas horas.<\/p>\n","protected":false},"excerpt":{"rendered":"<p>Un cami\u00f3n tipo patana &#8211; Trailer SML-945084 arroj\u00f3 a la se\u00f1ora Nereida de Jes\u00fas en Estancia Nueva Moca, cuando esta se dirig\u00eda a un retiro de la iglesia junto a&hellip;<\/p>\n","protected":false},"author":2,"featured_media":62852,"comment_status":"open","ping_status":"open","sticky":false,"template":"","format":"standard","meta":{"content-type":"","jetpack_post_was_ever_published":false,"_jetpack_newsletter_access":"","_jetpack_dont_email_post_to_subs":false,"_jetpack_newsletter_tier_id":0,"_jetpack_memberships_contains_paywalled_content":false,"_jetpack_memberships_contains_paid_content":false,"footnotes":""},"categories":[35],"tags":[8328,8329,755,2030,1626],"class_list":["post-62851","post","type-post","status-publish","format-standard","has-post-thumbnail","hentry","category-nacionales","tag-camionero","tag-iglisia","tag-mata","tag-moca","tag-senora"],"jetpack_featured_media_url":"https:\/\/lasprimeras.com.do\/wp-content\/uploads\/2023\/10\/Nereyda.jpg","jetpack-related-posts":[{"id":123095,"url":"https:\/\/lasprimeras.com.do\/index.php\/2026\/02\/25\/carlos-gomez-presenta-en-moca-la-nueva-franquicia-heroes-de-moca-equipo-que-representara-a-espaillat-en-la-lnb\/","url_meta":{"origin":62851,"position":0},"title":"Carlos G\u00f3mez presenta en Moca la nueva franquicia \u201cH\u00e9roes de Moca\u201d, equipo que representar\u00e1 a Espaillat en la LNB","author":"Nelson Feliz","date":"25 de febrero de 2026","format":false,"excerpt":"Por: Nicol\u00e1s Grull\u00f3n Ubinas El empresario y pol\u00edtico Carlos G\u00f3mez present\u00f3 oficialmente en Moca la nueva franquicia de la Liga Nacional de Baloncesto (LNB), denominada H\u00e9roes de Moca, equipo que representar\u00e1 con orgullo a la provincia Espaillat en el principal escenario del baloncesto profesional dominicano. Durante la rueda de prensa\u2026","rel":"","context":"En \u00abDEPORTES\u00bb","block_context":{"text":"DEPORTES","link":"https:\/\/lasprimeras.com.do\/index.php\/category\/deportes\/"},"img":{"alt_text":"","src":"https:\/\/i0.wp.com\/lasprimeras.com.do\/wp-content\/uploads\/2026\/02\/Carlos-Gomez.jpg?resize=350%2C200&ssl=1","width":350,"height":200,"srcset":"https:\/\/i0.wp.com\/lasprimeras.com.do\/wp-content\/uploads\/2026\/02\/Carlos-Gomez.jpg?resize=350%2C200&ssl=1 1x, https:\/\/i0.wp.com\/lasprimeras.com.do\/wp-content\/uploads\/2026\/02\/Carlos-Gomez.jpg?resize=525%2C300&ssl=1 1.5x, https:\/\/i0.wp.com\/lasprimeras.com.do\/wp-content\/uploads\/2026\/02\/Carlos-Gomez.jpg?resize=700%2C400&ssl=1 2x"},"classes":[]},{"id":118425,"url":"https:\/\/lasprimeras.com.do\/index.php\/2025\/12\/28\/coraasan-e-inapa-avanzan-en-solucion-de-averia-del-tubo-que-abastece-de-agua-a-santiago-y-moca\/","url_meta":{"origin":62851,"position":1},"title":"Coraasan e INAPA avanzan en soluci\u00f3n de aver\u00eda del tubo que abastece de agua a Santiago y Moca","author":"Nelson Feliz","date":"28 de diciembre de 2025","format":false,"excerpt":"La Corporaci\u00f3n del Acueducto y Alcantarillado de Santiago (Coraasan) y el Instituto Nacional de Aguas Potables y Alcantarillados (INAPA), avanzan en la fase final de los trabajos para la soluci\u00f3n definitiva de la aver\u00eda registrada en la tuber\u00eda de aducci\u00f3n del acueducto Cibao Central, infraestructura clave que abastece de agua\u2026","rel":"","context":"En \u00abNACIONALES\u00bb","block_context":{"text":"NACIONALES","link":"https:\/\/lasprimeras.com.do\/index.php\/category\/nacionales\/"},"img":{"alt_text":"tuber\u00eda","src":"https:\/\/i0.wp.com\/lasprimeras.com.do\/wp-content\/uploads\/2025\/12\/tuberia.jpg?resize=350%2C200&ssl=1","width":350,"height":200,"srcset":"https:\/\/i0.wp.com\/lasprimeras.com.do\/wp-content\/uploads\/2025\/12\/tuberia.jpg?resize=350%2C200&ssl=1 1x, https:\/\/i0.wp.com\/lasprimeras.com.do\/wp-content\/uploads\/2025\/12\/tuberia.jpg?resize=525%2C300&ssl=1 1.5x, https:\/\/i0.wp.com\/lasprimeras.com.do\/wp-content\/uploads\/2025\/12\/tuberia.jpg?resize=700%2C400&ssl=1 2x"},"classes":[]},{"id":104993,"url":"https:\/\/lasprimeras.com.do\/index.php\/2025\/07\/29\/asomaprom-saluda-decision-del-presidente-abinader-de-no-promulgar-la-ley-de-residuos-solidos\/","url_meta":{"origin":62851,"position":2},"title":"Asomaprom saluda decisi\u00f3n del presidente Abinader de no promulgar la Ley de Residuos S\u00f3lidos","author":"Nelson Feliz","date":"29 de julio de 2025","format":false,"excerpt":"Ysmael Rodr\u00edguez destaca \u00e9xito de Expo Moca 2025. La Asociaci\u00f3n de Mayoristas en Provisiones de Moca (Asomaprom) valor\u00f3 este martes como positivo el anuncio del presidente Luis Abinader de que no promulgar\u00e1 la reforma de la Ley 225-20 sobre Gesti\u00f3n Integral y Procesamiento de los Residuos S\u00f3lidos que aprob\u00f3 el\u2026","rel":"","context":"En \u00abECONOM\u00cdA\u00bb","block_context":{"text":"ECONOM\u00cdA","link":"https:\/\/lasprimeras.com.do\/index.php\/category\/economia\/"},"img":{"alt_text":"","src":"https:\/\/i0.wp.com\/lasprimeras.com.do\/wp-content\/uploads\/2025\/07\/Ysmael-Rodriguez.jpg?resize=350%2C200&ssl=1","width":350,"height":200,"srcset":"https:\/\/i0.wp.com\/lasprimeras.com.do\/wp-content\/uploads\/2025\/07\/Ysmael-Rodriguez.jpg?resize=350%2C200&ssl=1 1x, https:\/\/i0.wp.com\/lasprimeras.com.do\/wp-content\/uploads\/2025\/07\/Ysmael-Rodriguez.jpg?resize=525%2C300&ssl=1 1.5x, https:\/\/i0.wp.com\/lasprimeras.com.do\/wp-content\/uploads\/2025\/07\/Ysmael-Rodriguez.jpg?resize=700%2C400&ssl=1 2x"},"classes":[]},{"id":120241,"url":"https:\/\/lasprimeras.com.do\/index.php\/2026\/01\/21\/carlos-gomez-anuncia-llegada-de-franquicia-de-baloncesto-profesional-a-moca-desde-2026\/","url_meta":{"origin":62851,"position":3},"title":"Carlos G\u00f3mez anuncia llegada de franquicia de baloncesto profesional a Moca desde 2026","author":"Nelson Feliz","date":"21 de enero de 2026","format":false,"excerpt":"Por Nicol\u00e1s Grull\u00f3n Ubinas Carlos G\u00f3mez expres\u00f3 su m\u00e1s sincero agradecimiento y satisfacci\u00f3n al confirmar que, luego de un largo proceso de gesti\u00f3n, esfuerzo y perseverancia Moca contar\u00e1 con una franquicia de baloncesto profesional a partir de la temporada 2026, marcando un hecho hist\u00f3rico para la provincia Espaillat. El anuncio\u2026","rel":"","context":"En \u00abDEPORTES\u00bb","block_context":{"text":"DEPORTES","link":"https:\/\/lasprimeras.com.do\/index.php\/category\/deportes\/"},"img":{"alt_text":"Carlos G\u00f3mez","src":"https:\/\/i0.wp.com\/lasprimeras.com.do\/wp-content\/uploads\/2026\/01\/Carlos-Gomez.jpg?resize=350%2C200&ssl=1","width":350,"height":200,"srcset":"https:\/\/i0.wp.com\/lasprimeras.com.do\/wp-content\/uploads\/2026\/01\/Carlos-Gomez.jpg?resize=350%2C200&ssl=1 1x, https:\/\/i0.wp.com\/lasprimeras.com.do\/wp-content\/uploads\/2026\/01\/Carlos-Gomez.jpg?resize=525%2C300&ssl=1 1.5x, https:\/\/i0.wp.com\/lasprimeras.com.do\/wp-content\/uploads\/2026\/01\/Carlos-Gomez.jpg?resize=700%2C400&ssl=1 2x"},"classes":[]},{"id":105585,"url":"https:\/\/lasprimeras.com.do\/index.php\/2025\/08\/05\/el-senador-carlos-gomez-impulsa-el-desarrollo-emprendedor-en-moca\/","url_meta":{"origin":62851,"position":4},"title":"El Senador Carlos G\u00f3mez impulsa el desarrollo emprendedor en Moca","author":"Nelson Feliz","date":"5 de agosto de 2025","format":false,"excerpt":"Promipyme entrega RD$100 millones en cr\u00e9ditos a 400 microempresarios en la provincia Espaillat. Por: Nicolas Grull\u00f3n Ubi\u00f1as El Consejo Nacional de Promoci\u00f3n y Apoyo a la Micro, Peque\u00f1a y Mediana Empresa (Promipyme) en coordinaci\u00f3n con el senador Carlos G\u00f3mez encabez\u00f3 el acto de entrega de RD$100 millones en pr\u00e9stamos a\u2026","rel":"","context":"En \u00abECONOM\u00cdA\u00bb","block_context":{"text":"ECONOM\u00cdA","link":"https:\/\/lasprimeras.com.do\/index.php\/category\/economia\/"},"img":{"alt_text":"","src":"https:\/\/i0.wp.com\/lasprimeras.com.do\/wp-content\/uploads\/2025\/08\/Carlos-Gomez.jpg?resize=350%2C200&ssl=1","width":350,"height":200,"srcset":"https:\/\/i0.wp.com\/lasprimeras.com.do\/wp-content\/uploads\/2025\/08\/Carlos-Gomez.jpg?resize=350%2C200&ssl=1 1x, https:\/\/i0.wp.com\/lasprimeras.com.do\/wp-content\/uploads\/2025\/08\/Carlos-Gomez.jpg?resize=525%2C300&ssl=1 1.5x, https:\/\/i0.wp.com\/lasprimeras.com.do\/wp-content\/uploads\/2025\/08\/Carlos-Gomez.jpg?resize=700%2C400&ssl=1 2x"},"classes":[]},{"id":103589,"url":"https:\/\/lasprimeras.com.do\/index.php\/2025\/07\/16\/asomaprom-rechazan-reforma-laboral-sin-consenso-anuncian-la-33-a-edicion-de-la-feria-expo-moca-2025\/","url_meta":{"origin":62851,"position":5},"title":"Asomaprom rechazan reforma laboral sin consenso; anuncian la 33.\u00aa edici\u00f3n de la feria Expo Moca 2025","author":"Nelson Feliz","date":"16 de julio de 2025","format":false,"excerpt":"Al anunciar la 33.\u00aa edici\u00f3n de la feria Expo Moca 2025, el presidente de la Asociaci\u00f3n de Mayoristas en Provisiones de Moca (Asomaprom), Ysmael Rodr\u00edguez, llamo este mi\u00e9rcoles a todos los sectores involucrados a consensuar el proyecto de reforma laboral, al considerar que el aprobado en primera lectura en el\u2026","rel":"","context":"En \u00abECONOM\u00cdA\u00bb","block_context":{"text":"ECONOM\u00cdA","link":"https:\/\/lasprimeras.com.do\/index.php\/category\/economia\/"},"img":{"alt_text":"","src":"https:\/\/i0.wp.com\/lasprimeras.com.do\/wp-content\/uploads\/2025\/07\/Asomaprom-1.jpg?resize=350%2C200&ssl=1","width":350,"height":200,"srcset":"https:\/\/i0.wp.com\/lasprimeras.com.do\/wp-content\/uploads\/2025\/07\/Asomaprom-1.jpg?resize=350%2C200&ssl=1 1x, https:\/\/i0.wp.com\/lasprimeras.com.do\/wp-content\/uploads\/2025\/07\/Asomaprom-1.jpg?resize=525%2C300&ssl=1 1.5x, https:\/\/i0.wp.com\/lasprimeras.com.do\/wp-content\/uploads\/2025\/07\/Asomaprom-1.jpg?resize=700%2C400&ssl=1 2x"},"classes":[]}],"jetpack_sharing_enabled":true,"_links":{"self":[{"href":"https:\/\/lasprimeras.com.do\/index.php\/wp-json\/wp\/v2\/posts\/62851","targetHints":{"allow":["GET"]}}],"collection":[{"href":"https:\/\/lasprimeras.com.do\/index.php\/wp-json\/wp\/v2\/posts"}],"about":[{"href":"https:\/\/lasprimeras.com.do\/index.php\/wp-json\/wp\/v2\/types\/post"}],"author":[{"embeddable":true,"href":"https:\/\/lasprimeras.com.do\/index.php\/wp-json\/wp\/v2\/users\/2"}],"replies":[{"embeddable":true,"href":"https:\/\/lasprimeras.com.do\/index.php\/wp-json\/wp\/v2\/comments?post=62851"}],"version-history":[{"count":1,"href":"https:\/\/lasprimeras.com.do\/index.php\/wp-json\/wp\/v2\/posts\/62851\/revisions"}],"predecessor-version":[{"id":62853,"href":"https:\/\/lasprimeras.com.do\/index.php\/wp-json\/wp\/v2\/posts\/62851\/revisions\/62853"}],"wp:featuredmedia":[{"embeddable":true,"href":"https:\/\/lasprimeras.com.do\/index.php\/wp-json\/wp\/v2\/media\/62852"}],"wp:attachment":[{"href":"https:\/\/lasprimeras.com.do\/index.php\/wp-json\/wp\/v2\/media?parent=62851"}],"wp:term":[{"taxonomy":"category","embeddable":true,"href":"https:\/\/lasprimeras.com.do\/index.php\/wp-json\/wp\/v2\/categories?post=62851"},{"taxonomy":"post_tag","embeddable":true,"href":"https:\/\/lasprimeras.com.do\/index.php\/wp-json\/wp\/v2\/tags?post=62851"}],"curies":[{"name":"wp","href":"https:\/\/api.w.org\/{rel}","templated":true}]}}