{"id":62866,"date":"2023-10-08T20:09:33","date_gmt":"2023-10-09T00:09:33","guid":{"rendered":"https:\/\/lasprimeras.com.do\/?p=62866"},"modified":"2023-10-08T20:09:34","modified_gmt":"2023-10-09T00:09:34","slug":"comite-central-de-la-udc-acoge-sentencia-del-tse-y-celebra-nueva-reunion","status":"publish","type":"post","link":"https:\/\/lasprimeras.com.do\/index.php\/2023\/10\/08\/comite-central-de-la-udc-acoge-sentencia-del-tse-y-celebra-nueva-reunion\/","title":{"rendered":"Comit\u00e9 Central de la UDC acoge sentencia del TSE y celebra nueva reuni\u00f3n."},"content":{"rendered":"\n<p>El Comit\u00e9 Central de la Uni\u00f3n Dem\u00f3crata Cristiana \u2013UDC- acogi\u00f3 este domingo la sentencia 0020-2023 del Tribunal Superior Electoral, que anul\u00f3 la d\u00e9cimo-octava reuni\u00f3n ordinaria de ese organismo, y procedi\u00f3 a su nueva celebraci\u00f3n.<\/p>\n\n\n\n<p>La reuni\u00f3n de \u00e9ste domingo, a la que fueron convocados 139 miembros del Comit\u00e9 Central, cont\u00f3 con la asistencia de 98 integrantes de ese organismo para un porcentaje del 70.5%, fue supervisada por una delegaci\u00f3n de inspectores de la Junta Central Electoral y certificada por el notario Teodosio Rafael Veras.<\/p>\n\n\n\n<p>Durante la reuni\u00f3n, el Comit\u00e9 Central de la UDC aprob\u00f3 varias resoluciones, otorgando poderes especiales al presidente del partido para iniciar negociaciones de alianzas con otras organizaciones pol\u00edticas.<\/p>\n\n\n\n<p>Tambi\u00e9n fueron ratificados y designados nuevos miembros en el Comit\u00e9 Pol\u00edtico, se cre\u00f3 una nueva Secretar\u00eda Nacional de Eventos y Protocolo, y se aprob\u00f3 la expulsi\u00f3n de Jos\u00e9 Beltr\u00e9 de las filas de la UDC, quien no ha enviado excusas para ausentase de las \u00faltimas tres reuniones del Comit\u00e9 Pol\u00edtico; organismo al que pertenece, a pesar de ser citado por actos de alguacil.<\/p>\n\n\n\n<p>El organismo udeceista aprob\u00f3 designar con el nombre de Francisco del Rosario S\u00e1nchez la pr\u00f3xima convenci\u00f3n y el pr\u00f3ximo congreso de la UDC, programados para el domingo 22 de octubre de este a\u00f1o; y la designaci\u00f3n de una comisi\u00f3n integrada por Damaris P\u00e9rez, Alberto Ram\u00edrez, Beraldo Pe\u00f1a, Krimilda Acosta y V\u00edctor Ram\u00edrez para el montaje de ambos eventos, en conjunto con la Direcci\u00f3n de Partidos Pol\u00edticos de la Junta Central Electoral.<\/p>\n\n\n\n<p>En la reuni\u00f3n del Comit\u00e9 Central tambi\u00e9n se aprobaron los informes de la presidencia de la UDC, el Tribunal de Disciplina, la Secretar\u00eda de Asuntos Electorales, y las renuncias de tres dirigentes de Espaillat y San Pedro de Macor\u00eds.<\/p>\n\n\n\n<figure class=\"wp-block-image size-full is-resized\"><img decoding=\"async\" src=\"https:\/\/lasprimeras.com.do\/wp-content\/uploads\/2023\/10\/Militancia-UDC.jpg\" alt=\"\" class=\"wp-image-62868\" style=\"width:839px;height:471px\" width=\"839\" height=\"471\" srcset=\"https:\/\/lasprimeras.com.do\/wp-content\/uploads\/2023\/10\/Militancia-UDC.jpg 700w, https:\/\/lasprimeras.com.do\/wp-content\/uploads\/2023\/10\/Militancia-UDC-300x168.jpg 300w\" sizes=\"(max-width: 839px) 100vw, 839px\" \/><\/figure>\n\n\n\n<p>Santiago Alv\u00e1rez, renunciante secretario de inform\u00e1tica, fue sustituido por Ram\u00f3n Emilio Montero, Yanibel Cep\u00edn Rosario, quien renunci\u00f3 como secretaria nacional de la Mujer, fue reemplazada por Blaineris Puello.<\/p>\n\n\n\n<p>En su informe, Acosta Moreta detall\u00f3 las acciones sociales desarrolladas por la UDC durante la pandemia de Covid-19, en los a\u00f1os 2020, 2021 y 2022, incluyendo la entrega de medicamentos, el traslado de pacientes y la donaci\u00f3n de alimentos.<\/p>\n\n\n\n<p>Tambi\u00e9n destac\u00f3 el apoyo de la UDC a la posici\u00f3n del actual gobierno con relaci\u00f3n a la crisis de Hait\u00ed y su defensa de la soberan\u00eda nacional frente a las presiones que ejercen organismos internacionales y naciones poderosas que buscan una soluci\u00f3n a la grave situaci\u00f3n del pueblo haitiano, utilizando como plataforma el territorio dominicano.<\/p>\n\n\n\n<p>Tambi\u00e9n formaron parte del informe del presidente del partido a los miembros del Comit\u00e9 Central, los trabajos de higienizaci\u00f3n que realiza la UDC en los monumentos patrios que exaltan la dominicanidad, los homenajes a los h\u00e9roes nacionales, y las celebraciones de las fechas patrias.<\/p>\n\n\n\n<p>El secretario de Finanzas, Beraldo Pe\u00f1a, dio lectura al acta de la reuni\u00f3n anterior, y las palabras de bienvenida a los presentes estuvieron a cargo del dirigente V\u00edctor Silverio, quien exhort\u00f3 la dirigencia del partido a seguir trabajando por su crecimiento y consolidaci\u00f3n, y proclam\u00f3 que ya est\u00e1n cayendo las garrapatas que ten\u00eda el caballo de la Uni\u00f3n Dem\u00f3crata Cristiana.<\/p>\n\n\n\n<p>Dijo que la masiva asistencia de los miembros del Comit\u00e9 Central es una respuesta a las fuerzas oscuras que quieren destruir el legado pol\u00edtico y social de Luis Acosta Moreta, presidente de la UDC.<\/p>\n\n\n\n<p>\u201cCon la ayuda de Dios y el trabajo de sus dirigentes, la UDC volver\u00e1 a subir las escalinatas de los ayuntamientos, el Palacio y el Congreso Nacional a partir del 2024 porque los traidores no pasar\u00e1n\u201d, expres\u00f3 Silverio.<\/p>\n","protected":false},"excerpt":{"rendered":"<p>El Comit\u00e9 Central de la Uni\u00f3n Dem\u00f3crata Cristiana \u2013UDC- acogi\u00f3 este domingo la sentencia 0020-2023 del Tribunal Superior Electoral, que anul\u00f3 la d\u00e9cimo-octava reuni\u00f3n ordinaria de ese organismo, y procedi\u00f3&hellip;<\/p>\n","protected":false},"author":2,"featured_media":62867,"comment_status":"open","ping_status":"open","sticky":false,"template":"","format":"standard","meta":{"content-type":"","jetpack_post_was_ever_published":false,"_jetpack_newsletter_access":"","_jetpack_dont_email_post_to_subs":false,"_jetpack_newsletter_tier_id":0,"_jetpack_memberships_contains_paywalled_content":false,"_jetpack_memberships_contains_paid_content":false,"footnotes":""},"categories":[25],"tags":[8316,2304,8335,2234],"class_list":["post-62866","post","type-post","status-publish","format-standard","has-post-thumbnail","hentry","category-portada","tag-comite-central","tag-sentencia","tag-tribunal-superior-electoral","tag-udc"],"jetpack_featured_media_url":"https:\/\/lasprimeras.com.do\/wp-content\/uploads\/2023\/10\/Luis-Acosta-Moreta.jpg","jetpack-related-posts":[{"id":70924,"url":"https:\/\/lasprimeras.com.do\/index.php\/2023\/12\/15\/tse-anula-decima-octava-reunion-ordinaria-del-comite-central-de-la-udc\/","url_meta":{"origin":62866,"position":0},"title":"TSE anula d\u00e9cima octava reuni\u00f3n ordinaria del comit\u00e9 central de la UDC","author":"Nelson Feliz","date":"15 de diciembre de 2023","format":false,"excerpt":"El Tribunal Superior Electoral (TSE) anul\u00f3 la d\u00e9cima octava reuni\u00f3n ordinaria del comit\u00e9 central del Partido Uni\u00f3n Dem\u00f3crata Cristiana (UDC), realizada el pasado 8 de octubre del 2023. \u201cACOGE en cuanto al fondo la indicada demanda, en consecuencia, anula en todas sus partes y con todas sus consecuencias jur\u00eddicas, la\u2026","rel":"","context":"En \u00abNACIONALES\u00bb","block_context":{"text":"NACIONALES","link":"https:\/\/lasprimeras.com.do\/index.php\/category\/nacionales\/"},"img":{"alt_text":"PLENO TSE","src":"https:\/\/i0.wp.com\/lasprimeras.com.do\/wp-content\/uploads\/2023\/12\/PLENO-TSE.jpg?resize=350%2C200&ssl=1","width":350,"height":200,"srcset":"https:\/\/i0.wp.com\/lasprimeras.com.do\/wp-content\/uploads\/2023\/12\/PLENO-TSE.jpg?resize=350%2C200&ssl=1 1x, https:\/\/i0.wp.com\/lasprimeras.com.do\/wp-content\/uploads\/2023\/12\/PLENO-TSE.jpg?resize=525%2C300&ssl=1 1.5x, https:\/\/i0.wp.com\/lasprimeras.com.do\/wp-content\/uploads\/2023\/12\/PLENO-TSE.jpg?resize=700%2C400&ssl=1 2x"},"classes":[]},{"id":103032,"url":"https:\/\/lasprimeras.com.do\/index.php\/2025\/07\/10\/comite-politico-del-pld-conoce-de-informes-y-temas-internos\/","url_meta":{"origin":62866,"position":1},"title":"Comit\u00e9 Pol\u00edtico del PLD conoce de informes y temas internos","author":"Nelson Feliz","date":"10 de julio de 2025","format":false,"excerpt":"Aplaza discusi\u00f3n de la sentencia del TSE para el lunes 21 julio El Comit\u00e9 Pol\u00edtico del Partido de la Liberaci\u00f3n Dominicana (PLD) despu\u00e9s dar lectura al contenido de la sentencia del Tribunal Superior Electoral (TSE-01-0010-2025), sobre las aspiraciones a precandidaturas presidencial en esa organizaci\u00f3n pol\u00edtica, decidi\u00f3 aplazar su discusi\u00f3n para\u2026","rel":"","context":"En \u00abPOLITICA\u00bb","block_context":{"text":"POLITICA","link":"https:\/\/lasprimeras.com.do\/index.php\/category\/politica\/"},"img":{"alt_text":"","src":"https:\/\/i0.wp.com\/lasprimeras.com.do\/wp-content\/uploads\/2025\/07\/ReunCP-28.jpg?resize=350%2C200&ssl=1","width":350,"height":200,"srcset":"https:\/\/i0.wp.com\/lasprimeras.com.do\/wp-content\/uploads\/2025\/07\/ReunCP-28.jpg?resize=350%2C200&ssl=1 1x, https:\/\/i0.wp.com\/lasprimeras.com.do\/wp-content\/uploads\/2025\/07\/ReunCP-28.jpg?resize=525%2C300&ssl=1 1.5x, https:\/\/i0.wp.com\/lasprimeras.com.do\/wp-content\/uploads\/2025\/07\/ReunCP-28.jpg?resize=700%2C400&ssl=1 2x"},"classes":[]},{"id":121822,"url":"https:\/\/lasprimeras.com.do\/index.php\/2026\/02\/10\/johnny-pujols-convoca-al-comite-politico-para-el-proximo-jueves\/","url_meta":{"origin":62866,"position":2},"title":"Johnny Pujols convoca al Comit\u00e9 Pol\u00edtico para el pr\u00f3ximo jueves","author":"Nelson Feliz","date":"10 de febrero de 2026","format":false,"excerpt":"El secretario general del Partido de la Liberaci\u00f3n Dominicana (PLD), Johnny Pujols, confirm\u00f3 la convocatoria a reuni\u00f3n del Comit\u00e9 Pol\u00edtico el pr\u00f3ximo jueves 12 para organizar la agenda del Comit\u00e9 Central que se reunir\u00e1 el domingo 22 de febrero. Entrevistado en el programa El Despertador, Pujols inform\u00f3 que, en esa\u2026","rel":"","context":"En \u00abPOLITICA\u00bb","block_context":{"text":"POLITICA","link":"https:\/\/lasprimeras.com.do\/index.php\/category\/politica\/"},"img":{"alt_text":"Johnny Pujols","src":"https:\/\/i0.wp.com\/lasprimeras.com.do\/wp-content\/uploads\/2026\/02\/Johnny-Pujols-3.jpg?resize=350%2C200&ssl=1","width":350,"height":200,"srcset":"https:\/\/i0.wp.com\/lasprimeras.com.do\/wp-content\/uploads\/2026\/02\/Johnny-Pujols-3.jpg?resize=350%2C200&ssl=1 1x, https:\/\/i0.wp.com\/lasprimeras.com.do\/wp-content\/uploads\/2026\/02\/Johnny-Pujols-3.jpg?resize=525%2C300&ssl=1 1.5x"},"classes":[]},{"id":104064,"url":"https:\/\/lasprimeras.com.do\/index.php\/2025\/07\/21\/el-comite-politico-del-pld-en-reunion-extraordinaria-como-sentencia-del-tse\/","url_meta":{"origin":62866,"position":3},"title":"El Comit\u00e9 Pol\u00edtico del PLD en reuni\u00f3n extraordinaria, como sentencia del TSE","author":"Nelson Feliz","date":"21 de julio de 2025","format":false,"excerpt":"El Comit\u00e9 Pol\u00edtico del Partido de la Liberaci\u00f3n Dominicana se encuentra reunido este lunes conociendo la sentencia del Tribunal Superior Electoral (TSE-01-0010-2025), sobre las aspiraciones a precandidaturas presidencial en esa organizaci\u00f3n pol\u00edtica. Esta reuni\u00f3n tiene car\u00e1cter extraordinario y se remota a las discusiones que iniciaron durante la reuni\u00f3n pasada del\u2026","rel":"","context":"En \u00abPOLITICA\u00bb","block_context":{"text":"POLITICA","link":"https:\/\/lasprimeras.com.do\/index.php\/category\/politica\/"},"img":{"alt_text":"","src":"https:\/\/i0.wp.com\/lasprimeras.com.do\/wp-content\/uploads\/2025\/07\/ReunCP-1.jpg?resize=350%2C200&ssl=1","width":350,"height":200,"srcset":"https:\/\/i0.wp.com\/lasprimeras.com.do\/wp-content\/uploads\/2025\/07\/ReunCP-1.jpg?resize=350%2C200&ssl=1 1x, https:\/\/i0.wp.com\/lasprimeras.com.do\/wp-content\/uploads\/2025\/07\/ReunCP-1.jpg?resize=525%2C300&ssl=1 1.5x, https:\/\/i0.wp.com\/lasprimeras.com.do\/wp-content\/uploads\/2025\/07\/ReunCP-1.jpg?resize=700%2C400&ssl=1 2x"},"classes":[]},{"id":50746,"url":"https:\/\/lasprimeras.com.do\/index.php\/2023\/05\/23\/denuncian-negociaciones-secretas-entre-la-udc-y-el-prm\/","url_meta":{"origin":62866,"position":4},"title":"Denuncian negociaciones secretas entre la UDC y el PRM","author":"prenxa100","date":"23 de mayo de 2023","format":false,"excerpt":"Gobierno ofrece botellas de 40 y 50 mil pesos para los dirigentes de la UDC en el programa SUP\u00c9RATE. Santo Domingo.- El secretario general del Partido Uni\u00f3n Dem\u00f3crata Cristiana, Leonardo Antonio Suero, denunci\u00f3 negociaciones secretas entre el presidente de la UDC Luis Acosta Moreta y el Partido Revolucionario Moderno. Suero,\u2026","rel":"","context":"En \u00abSin categor\u00eda\u00bb","block_context":{"text":"Sin categor\u00eda","link":"https:\/\/lasprimeras.com.do\/index.php\/category\/sin-categoria\/"},"img":{"alt_text":"","src":"","width":0,"height":0},"classes":[]},{"id":100946,"url":"https:\/\/lasprimeras.com.do\/index.php\/2025\/06\/13\/danilo-medina-sostendra-un-encuentro-con-miembros-del-cc-del-pld-de-barahona-este-domingo\/","url_meta":{"origin":62866,"position":5},"title":"Danilo Medina sostendr\u00e1 un encuentro con miembros del CC del PLD de Barahona este domingo","author":"Nelson Feliz","date":"13 de junio de 2025","format":false,"excerpt":"Reuni\u00f3n de miembros CC del PLD en las provincias Barahona, Duarte y S\u00e1nchez Ram\u00edrez. El ex presidente de la Rep\u00fablica, y presidente del Partido de la Liberaci\u00f3n Dominicana (PLD), Danilo Medina, estar\u00e1 el pr\u00f3ximo domingo en Barahona para participar en un encuentro con los miembros del Comit\u00e9 Central de la\u2026","rel":"","context":"En \u00abPOLITICA\u00bb","block_context":{"text":"POLITICA","link":"https:\/\/lasprimeras.com.do\/index.php\/category\/politica\/"},"img":{"alt_text":"Danilo Medina","src":"https:\/\/i0.wp.com\/lasprimeras.com.do\/wp-content\/uploads\/2025\/03\/Danilo_Medina-removebg-preview.png?resize=350%2C200&ssl=1","width":350,"height":200,"srcset":"https:\/\/i0.wp.com\/lasprimeras.com.do\/wp-content\/uploads\/2025\/03\/Danilo_Medina-removebg-preview.png?resize=350%2C200&ssl=1 1x, https:\/\/i0.wp.com\/lasprimeras.com.do\/wp-content\/uploads\/2025\/03\/Danilo_Medina-removebg-preview.png?resize=525%2C300&ssl=1 1.5x"},"classes":[]}],"jetpack_sharing_enabled":true,"_links":{"self":[{"href":"https:\/\/lasprimeras.com.do\/index.php\/wp-json\/wp\/v2\/posts\/62866","targetHints":{"allow":["GET"]}}],"collection":[{"href":"https:\/\/lasprimeras.com.do\/index.php\/wp-json\/wp\/v2\/posts"}],"about":[{"href":"https:\/\/lasprimeras.com.do\/index.php\/wp-json\/wp\/v2\/types\/post"}],"author":[{"embeddable":true,"href":"https:\/\/lasprimeras.com.do\/index.php\/wp-json\/wp\/v2\/users\/2"}],"replies":[{"embeddable":true,"href":"https:\/\/lasprimeras.com.do\/index.php\/wp-json\/wp\/v2\/comments?post=62866"}],"version-history":[{"count":1,"href":"https:\/\/lasprimeras.com.do\/index.php\/wp-json\/wp\/v2\/posts\/62866\/revisions"}],"predecessor-version":[{"id":62869,"href":"https:\/\/lasprimeras.com.do\/index.php\/wp-json\/wp\/v2\/posts\/62866\/revisions\/62869"}],"wp:featuredmedia":[{"embeddable":true,"href":"https:\/\/lasprimeras.com.do\/index.php\/wp-json\/wp\/v2\/media\/62867"}],"wp:attachment":[{"href":"https:\/\/lasprimeras.com.do\/index.php\/wp-json\/wp\/v2\/media?parent=62866"}],"wp:term":[{"taxonomy":"category","embeddable":true,"href":"https:\/\/lasprimeras.com.do\/index.php\/wp-json\/wp\/v2\/categories?post=62866"},{"taxonomy":"post_tag","embeddable":true,"href":"https:\/\/lasprimeras.com.do\/index.php\/wp-json\/wp\/v2\/tags?post=62866"}],"curies":[{"name":"wp","href":"https:\/\/api.w.org\/{rel}","templated":true}]}}