{"id":62872,"date":"2023-10-07T21:04:00","date_gmt":"2023-10-08T01:04:00","guid":{"rendered":"https:\/\/lasprimeras.com.do\/?p=62872"},"modified":"2023-10-08T21:07:22","modified_gmt":"2023-10-09T01:07:22","slug":"al-menos-2-530-personas-han-muerto-a-consecuencia-de-cadena-de-terremotos-en-afganistan","status":"publish","type":"post","link":"https:\/\/lasprimeras.com.do\/index.php\/2023\/10\/07\/al-menos-2-530-personas-han-muerto-a-consecuencia-de-cadena-de-terremotos-en-afganistan\/","title":{"rendered":"Al menos 2.530 personas han muerto a consecuencia de cadena de terremotos en Afganist\u00e1n"},"content":{"rendered":"\n<p>AFGANISTAN.- Al menos 2.530 personas han muerto y 9.240 han resultado heridas a consecuencia de la cadena de terremotos ocurrida el s\u00e1bado en la provincia afgana de Herat, en el noroeste del pa\u00eds.<\/p>\n\n\n\n<p>Seg\u00fan ha confirmado un portavoz de las autoridades talib\u00e1n, en lo que se ha convertido en una de las peores cat\u00e1strofes de esta naturaleza en el pa\u00eds centroasi\u00e1tico de las \u00faltimas dos d\u00e9cadas.<\/p>\n\n\n\n<p>La cadena, de al menos cuatro se\u00edsmos de magnitud preliminar entre 5,5 y 6,3, fue registrada en la provincia en un radio de aproximadamente unos 50 kil\u00f3metros y se sinti\u00f3 especialmente en la el municipio de Zendejan, una poblaci\u00f3n de unos 10.000 habitantes en el valle del r\u00edo Hari Rud.<\/p>\n\n\n\n<p>Todos los terremotos sacudieron la regi\u00f3n en el espacio de solo una hora, seg\u00fan el Servicio Geol\u00f3gico de Estados Unidos.<\/p>\n\n\n\n<p>Los dos se\u00edsmos m\u00e1s destacados, ambos de magnitud 6,3, ocurrieron a unos 33 kil\u00f3metros al noreste de esta localidad, con un hipocentro situado respectivamente a 14 y 10 kil\u00f3metros de profundidad respectivamente.<\/p>\n\n\n\n<p>Hay que a\u00f1adir un tercer se\u00edsmo de 5,5 a 29 kil\u00f3metros de la poblaci\u00f3n.<\/p>\n\n\n\n<p>El cuarto y \u00faltimo se\u00edsmo, de magnitud 5,9, fue registrado a 35 kil\u00f3metros de Herat ciudad, con un hipocentro a 7,7 kil\u00f3metros.<\/p>\n","protected":false},"excerpt":{"rendered":"<p>AFGANISTAN.- Al menos 2.530 personas han muerto y 9.240 han resultado heridas a consecuencia de la cadena de terremotos ocurrida el s\u00e1bado en la provincia afgana de Herat, en el&hellip;<\/p>\n","protected":false},"author":2,"featured_media":56107,"comment_status":"open","ping_status":"open","sticky":false,"template":"","format":"standard","meta":{"content-type":"","jetpack_post_was_ever_published":false,"_jetpack_newsletter_access":"","_jetpack_dont_email_post_to_subs":false,"_jetpack_newsletter_tier_id":0,"_jetpack_memberships_contains_paywalled_content":false,"_jetpack_memberships_contains_paid_content":false,"footnotes":""},"categories":[1],"tags":[8337,686,4203],"class_list":["post-62872","post","type-post","status-publish","format-standard","has-post-thumbnail","hentry","category-sin-categoria","tag-afganistan","tag-muertos","tag-terremotos"],"jetpack_featured_media_url":"https:\/\/lasprimeras.com.do\/wp-content\/uploads\/2023\/07\/sismo.jpg","jetpack-related-posts":[{"id":63218,"url":"https:\/\/lasprimeras.com.do\/index.php\/2023\/10\/11\/afganistan-reportan-un-nuevo-terremoto-este-miercoles-en-herat\/","url_meta":{"origin":62872,"position":0},"title":"AFGANISTAN: Reportan un nuevo terremoto este mi\u00e9rcoles en Herat","author":"BIMARY DE JES\u00daS Matos","date":"11 de octubre de 2023","format":false,"excerpt":"KABUL.- El Servicio Geol\u00f3gico de Estados Unidos (USGS) ha informado este mi\u00e9rcoles de un terremoto de magnitud 6,3 registrado en la regi\u00f3n afgana de Herat, despu\u00e9s de que durante el fin de semana se notificaran 2.500 muertos y m\u00e1s de 2.000 heridos por una cadena de terremotos. El se\u00edsmo ha\u2026","rel":"","context":"En \u00abSin categor\u00eda\u00bb","block_context":{"text":"Sin categor\u00eda","link":"https:\/\/lasprimeras.com.do\/index.php\/category\/sin-categoria\/"},"img":{"alt_text":"","src":"https:\/\/i0.wp.com\/lasprimeras.com.do\/wp-content\/uploads\/2023\/10\/IMG-20231010-WA0108-3.jpg?resize=350%2C200&ssl=1","width":350,"height":200,"srcset":"https:\/\/i0.wp.com\/lasprimeras.com.do\/wp-content\/uploads\/2023\/10\/IMG-20231010-WA0108-3.jpg?resize=350%2C200&ssl=1 1x, https:\/\/i0.wp.com\/lasprimeras.com.do\/wp-content\/uploads\/2023\/10\/IMG-20231010-WA0108-3.jpg?resize=525%2C300&ssl=1 1.5x, https:\/\/i0.wp.com\/lasprimeras.com.do\/wp-content\/uploads\/2023\/10\/IMG-20231010-WA0108-3.jpg?resize=700%2C400&ssl=1 2x, https:\/\/i0.wp.com\/lasprimeras.com.do\/wp-content\/uploads\/2023\/10\/IMG-20231010-WA0108-3.jpg?resize=1050%2C600&ssl=1 3x"},"classes":[]},{"id":81193,"url":"https:\/\/lasprimeras.com.do\/index.php\/2024\/04\/18\/japon-al-menos-siete-heridos-tras-terremoto-de-magnitud-66\/","url_meta":{"origin":62872,"position":1},"title":"JAPON: Al menos siete heridos tras terremoto de magnitud 6,6","author":"BIMARY DE JES\u00daS Matos","date":"18 de abril de 2024","format":false,"excerpt":"TOKIO.- Al menos siete personas han resultado heridas tras un terremoto de magnitud 6,6 en la escala de Richter en la provincia japonesa de Shikoku, en el sur del pa\u00eds, y sin que se haya dado una alerta por tsunami. Las autoridades tampoco han registrados actividad an\u00f3mala ni en la\u2026","rel":"","context":"En \u00abSin categor\u00eda\u00bb","block_context":{"text":"Sin categor\u00eda","link":"https:\/\/lasprimeras.com.do\/index.php\/category\/sin-categoria\/"},"img":{"alt_text":"","src":"https:\/\/i0.wp.com\/lasprimeras.com.do\/wp-content\/uploads\/2024\/04\/japon.jpg?resize=350%2C200&ssl=1","width":350,"height":200,"srcset":"https:\/\/i0.wp.com\/lasprimeras.com.do\/wp-content\/uploads\/2024\/04\/japon.jpg?resize=350%2C200&ssl=1 1x, https:\/\/i0.wp.com\/lasprimeras.com.do\/wp-content\/uploads\/2024\/04\/japon.jpg?resize=525%2C300&ssl=1 1.5x, https:\/\/i0.wp.com\/lasprimeras.com.do\/wp-content\/uploads\/2024\/04\/japon.jpg?resize=700%2C400&ssl=1 2x, https:\/\/i0.wp.com\/lasprimeras.com.do\/wp-content\/uploads\/2024\/04\/japon.jpg?resize=1050%2C600&ssl=1 3x"},"classes":[]},{"id":107868,"url":"https:\/\/lasprimeras.com.do\/index.php\/2025\/09\/01\/un-devastador-terremoto-destruye-aldeas-en-afganistan-y-deja-800-muertos-con-2-500-heridos\/","url_meta":{"origin":62872,"position":2},"title":"Un devastador terremoto destruye aldeas en Afganist\u00e1n y deja 800 muertos, con 2.500 heridos","author":"Nelson Feliz","date":"1 de septiembre de 2025","format":false,"excerpt":"KABUL, Afganist\u00e1n (AP) \u2014 Afganos desesperados cavaron entre los escombros en plena noche en busca de sus seres queridos desaparecidos, despu\u00e9s de que un fuerte terremoto matara a unas 800 personas e hiriera a m\u00e1s de 2.500 en el este de Afganist\u00e1n, seg\u00fan cifras proporcionadas el lunes por el gobierno\u2026","rel":"","context":"En \u00abINTERNACIONALES\u00bb","block_context":{"text":"INTERNACIONALES","link":"https:\/\/lasprimeras.com.do\/index.php\/category\/sin-categoria\/internacionales\/"},"img":{"alt_text":"","src":"https:\/\/i0.wp.com\/lasprimeras.com.do\/wp-content\/uploads\/2025\/09\/heridos.jpg?resize=350%2C200&ssl=1","width":350,"height":200,"srcset":"https:\/\/i0.wp.com\/lasprimeras.com.do\/wp-content\/uploads\/2025\/09\/heridos.jpg?resize=350%2C200&ssl=1 1x, https:\/\/i0.wp.com\/lasprimeras.com.do\/wp-content\/uploads\/2025\/09\/heridos.jpg?resize=525%2C300&ssl=1 1.5x, https:\/\/i0.wp.com\/lasprimeras.com.do\/wp-content\/uploads\/2025\/09\/heridos.jpg?resize=700%2C400&ssl=1 2x"},"classes":[]},{"id":72705,"url":"https:\/\/lasprimeras.com.do\/index.php\/2024\/01\/02\/un-terremoto-de-magnitud-76-deja-al-menos-48-muertos-y-graves-danos-en-japon\/","url_meta":{"origin":62872,"position":3},"title":"Un terremoto de magnitud 7,6 deja al menos 48 muertos y graves da\u00f1os en Jap\u00f3n","author":"Nelson Feliz","date":"2 de enero de 2024","format":false,"excerpt":"BBC News Mundo Jap\u00f3n registr\u00f3 el lunes un terremoto con una magnitud de 7,6 en la regi\u00f3n central del pa\u00eds, el cual activ\u00f3 alertas de tsunami y llev\u00f3 a miles de personas a refugiarse en albergues. Hasta el momento se confirm\u00f3 la muerte de 30 personas. Un n\u00famero indeterminado de\u2026","rel":"","context":"En \u00abSin categor\u00eda\u00bb","block_context":{"text":"Sin categor\u00eda","link":"https:\/\/lasprimeras.com.do\/index.php\/category\/sin-categoria\/"},"img":{"alt_text":"Las columnas de la puerta torii del templo Onohiyoshi en Kanazawa se desplomaron en el terremoto.","src":"https:\/\/i0.wp.com\/lasprimeras.com.do\/wp-content\/uploads\/2024\/01\/terremoto.jpg?resize=350%2C200&ssl=1","width":350,"height":200,"srcset":"https:\/\/i0.wp.com\/lasprimeras.com.do\/wp-content\/uploads\/2024\/01\/terremoto.jpg?resize=350%2C200&ssl=1 1x, https:\/\/i0.wp.com\/lasprimeras.com.do\/wp-content\/uploads\/2024\/01\/terremoto.jpg?resize=525%2C300&ssl=1 1.5x"},"classes":[]},{"id":113547,"url":"https:\/\/lasprimeras.com.do\/index.php\/2025\/11\/03\/sismo-de-63-sacude-el-norte-de-afganistan-reportan-20-muertos-y-al-menos-640-heridos\/","url_meta":{"origin":62872,"position":4},"title":"Sismo de 6,3 sacude el norte de Afganist\u00e1n; reportan 20 muertos y al menos 640 heridos","author":"Nelson Feliz","date":"3 de noviembre de 2025","format":false,"excerpt":"POR ABDUL QAHAR AFGHAN and SIDDIQULLAH ALIZAI KABUL (AP) \u2014 Un fuerte sismo de magnitud 6,3 sacudi\u00f3 el norte de Afganist\u00e1n a primera hora del lunes, dejando al menos 20 muertos y m\u00e1s de 640 heridos, 25 de ellos en estado cr\u00edtico, inform\u00f3 un funcionario de gesti\u00f3n de desastres. Autoridades\u2026","rel":"","context":"En \u00abINTERNACIONALES\u00bb","block_context":{"text":"INTERNACIONALES","link":"https:\/\/lasprimeras.com.do\/index.php\/category\/sin-categoria\/internacionales\/"},"img":{"alt_text":"","src":"https:\/\/i0.wp.com\/lasprimeras.com.do\/wp-content\/uploads\/2025\/11\/SISMO.jpg?resize=350%2C200&ssl=1","width":350,"height":200,"srcset":"https:\/\/i0.wp.com\/lasprimeras.com.do\/wp-content\/uploads\/2025\/11\/SISMO.jpg?resize=350%2C200&ssl=1 1x, https:\/\/i0.wp.com\/lasprimeras.com.do\/wp-content\/uploads\/2025\/11\/SISMO.jpg?resize=525%2C300&ssl=1 1.5x, https:\/\/i0.wp.com\/lasprimeras.com.do\/wp-content\/uploads\/2025\/11\/SISMO.jpg?resize=700%2C400&ssl=1 2x"},"classes":[]},{"id":60082,"url":"https:\/\/lasprimeras.com.do\/index.php\/2023\/09\/10\/sube-a-2-122-el-numero-de-muertos-y-a-2-421-el-de-heridos-por-el-terremoto-en-marruecos\/","url_meta":{"origin":62872,"position":5},"title":"Sube a 2.122 el n\u00famero de muertos, y a 2.421 el de heridos, por el terremoto en Marruecos","author":"Nelson Feliz","date":"10 de septiembre de 2023","format":false,"excerpt":"La provincia con m\u00e1s muertos es Al Haouz, que registr\u00f3 al menos 1.351. El n\u00famero de muertos a causa del terremoto del viernes en Marruecos asciende ya a 2.122, y a 2.421 el de heridos, seg\u00fan el \u00faltimo recuento provisional de las autoridades marroqu\u00edes. La provincia con m\u00e1s muertos es\u2026","rel":"","context":"En \u00abSin categor\u00eda\u00bb","block_context":{"text":"Sin categor\u00eda","link":"https:\/\/lasprimeras.com.do\/index.php\/category\/sin-categoria\/"},"img":{"alt_text":"escombros","src":"https:\/\/i0.wp.com\/lasprimeras.com.do\/wp-content\/uploads\/2023\/09\/escombros.jpeg?resize=350%2C200&ssl=1","width":350,"height":200,"srcset":"https:\/\/i0.wp.com\/lasprimeras.com.do\/wp-content\/uploads\/2023\/09\/escombros.jpeg?resize=350%2C200&ssl=1 1x, https:\/\/i0.wp.com\/lasprimeras.com.do\/wp-content\/uploads\/2023\/09\/escombros.jpeg?resize=525%2C300&ssl=1 1.5x, https:\/\/i0.wp.com\/lasprimeras.com.do\/wp-content\/uploads\/2023\/09\/escombros.jpeg?resize=700%2C400&ssl=1 2x"},"classes":[]}],"jetpack_sharing_enabled":true,"_links":{"self":[{"href":"https:\/\/lasprimeras.com.do\/index.php\/wp-json\/wp\/v2\/posts\/62872","targetHints":{"allow":["GET"]}}],"collection":[{"href":"https:\/\/lasprimeras.com.do\/index.php\/wp-json\/wp\/v2\/posts"}],"about":[{"href":"https:\/\/lasprimeras.com.do\/index.php\/wp-json\/wp\/v2\/types\/post"}],"author":[{"embeddable":true,"href":"https:\/\/lasprimeras.com.do\/index.php\/wp-json\/wp\/v2\/users\/2"}],"replies":[{"embeddable":true,"href":"https:\/\/lasprimeras.com.do\/index.php\/wp-json\/wp\/v2\/comments?post=62872"}],"version-history":[{"count":1,"href":"https:\/\/lasprimeras.com.do\/index.php\/wp-json\/wp\/v2\/posts\/62872\/revisions"}],"predecessor-version":[{"id":62873,"href":"https:\/\/lasprimeras.com.do\/index.php\/wp-json\/wp\/v2\/posts\/62872\/revisions\/62873"}],"wp:featuredmedia":[{"embeddable":true,"href":"https:\/\/lasprimeras.com.do\/index.php\/wp-json\/wp\/v2\/media\/56107"}],"wp:attachment":[{"href":"https:\/\/lasprimeras.com.do\/index.php\/wp-json\/wp\/v2\/media?parent=62872"}],"wp:term":[{"taxonomy":"category","embeddable":true,"href":"https:\/\/lasprimeras.com.do\/index.php\/wp-json\/wp\/v2\/categories?post=62872"},{"taxonomy":"post_tag","embeddable":true,"href":"https:\/\/lasprimeras.com.do\/index.php\/wp-json\/wp\/v2\/tags?post=62872"}],"curies":[{"name":"wp","href":"https:\/\/api.w.org\/{rel}","templated":true}]}}