{"id":62877,"date":"2023-10-08T22:07:07","date_gmt":"2023-10-09T02:07:07","guid":{"rendered":"https:\/\/lasprimeras.com.do\/?p=62877"},"modified":"2023-10-08T22:07:09","modified_gmt":"2023-10-09T02:07:09","slug":"vicepresidente-de-finjus-advierte-no-es-legal-resumir-lectura-de-acusaciones-en-juicio","status":"publish","type":"post","link":"https:\/\/lasprimeras.com.do\/index.php\/2023\/10\/08\/vicepresidente-de-finjus-advierte-no-es-legal-resumir-lectura-de-acusaciones-en-juicio\/","title":{"rendered":"Vicepresidente de Finjus advierte no es legal resumir lectura de acusaciones en juicio"},"content":{"rendered":"\n<p>El vicepresidente ejecutivo de la Fundaci\u00f3n Institucionalidad y Justicia (Finjus), Servio Tulio Casta\u00f1os, consider\u00f3 que el ministerio p\u00fablico debe tener cuidado con solicitudes como aquella de resumir la lectura de la acusaci\u00f3n a imputados a los que se les ventilas procesos judiciales, porque hay que preservar el derecho de los acusados.<\/p>\n\n\n\n<p>Aclar\u00f3 que el Art\u00edculo 318 del C\u00f3digo Procesal Penal obliga al juez a tener que o\u00edr la totalidad de la acusaci\u00f3n que formula el ministerio p\u00fablico contra un imputado.<br><br>\u201cHay varias decisiones de la Suprema Corte de Justicia (que disponen) que en el hipot\u00e9tico caso de que a un juez o al ministerio p\u00fablico se les ocurra resumir la lectura de una acusaci\u00f3n, el acusado debe pedirle al juez que ordene la lectura (\u00edntegra) y el juez est\u00e1 obligado a acoger esa petici\u00f3n&#8221;, advirti\u00f3 Casta\u00f1os.<\/p>\n\n\n\n<p>Entrevistado por Pablo McKinney en su programa televisivo \u201cMcKinney\u201d, por Color Visi\u00f3n, el jurista dijo que en el \u00fanico caso que se puede resumir la lectura de la acusaci\u00f3n es cuando ambas partes est\u00e1n de acuerdo, puesto que es necesario tener cuidado con los procesos.<\/p>\n\n\n\n<p>\u201cEsto debe servir de lecci\u00f3n al ministerio p\u00fablico\u201d, expres\u00f3 el ejecutivo de Finjus, quien advirti\u00f3 que \u201clos expedientes no tienen que ser tan voluminosos\u201d porque muchas veces se ignora que el C\u00f3digo Penal es del siglo pasado.<\/p>\n\n\n\n<p>La opini\u00f3n de Casta\u00f1os fue expresada en el contexto en que el ministerio p\u00fablico ha considerado que por lo voluminoso del expediente de la acusaci\u00f3n contra varios imputados en la llamada operaci\u00f3n Medusa, el juez debe ordenar que se resuma la lectura porque el tiempo ser\u00eda insuficiente para abarcar cerca de 30,000 folios.<\/p>\n\n\n\n<p>C\u00e1mara de Cuentas<\/p>\n\n\n\n<p>El fracaso de la actual C\u00e1mara de Cuentas ha quedado en un limbo en un aparente acuerdo entre los partidos pol\u00edticos, afirm\u00f3 Casta\u00f1os, quien consider\u00f3 que ello debe servir de lecci\u00f3n al pa\u00eds para escoger personas con experiencia de Estado.<br><br>\u201cUna C\u00e1mara de Cuentas, un Tribunal Constitucional, una Suprema Corte de Justicia, no son \u00f3rganos que se puedan parecer a quienes integran el Congreso Nacional\u201d, apunt\u00f3 el jurista.<\/p>\n\n\n\n<p>Sobre las auditor\u00edas de la Contralor\u00eda General de la Rep\u00fablica, Casta\u00f1os dijo que sus resultados han indicado que hay casos \u201cno subsanables\u201d que debieron ser enviadas al ministerio p\u00fablico.<\/p>\n\n\n\n<p>Consider\u00f3 un avance importante que la Contralor\u00eda haya publicado las auditor\u00edas, y que el presidente Luis Abinader lo ordenara, no obstante indic\u00f3 que las correcciones a comportamientos improcedentes no solo funcionan desde el ministerio p\u00fablico, si tambi\u00e9n desde el Poder Ejecutivo, \u201ccon amonestaciones y destituciones\u201d.<\/p>\n\n\n\n<p>Proceso electoral<\/p>\n\n\n\n<p>Casta\u00f1os manifest\u00f3 que la Junta Central Electoral (JCE) est\u00e1 haciendo un gran trabajo para organizar las elecciones, pero tiene limitaciones por los vac\u00edos legales que dejaron la Ley Electoral y la Ley de Partidos.<\/p>\n\n\n\n<p>Expres\u00f3 que ambas leyes dan ventajas de campa\u00f1a para los partidos que est\u00e1n en el poder, mientras que los de oposici\u00f3n se niegan a acatar las disposiciones de la JCE.<\/p>\n\n\n\n<p>\u201cLos reclamos de la oposici\u00f3n ahora son los mismos que hizo el partido en el poder cuando era oposici\u00f3n\u201d, apunt\u00f3 el jurista, quien reiter\u00f3 que los funcionarios viven expuestos a los medios, mientras los opositores se enfrentan con las limitaciones de las normativas de la JCE.<\/p>\n\n\n\n<p>Recomend\u00f3 a la JCE que dada la situaci\u00f3n que tiene, \u201cno apruebe resoluciones sin audiencias con los partidos pol\u00edticos\u201d para que estos se sientan compromisarios de su cumplimiento, \u201cporque aqu\u00ed lo que importa es que este proceso (electoral) termine bien\u201d.<\/p>\n\n\n\n<p>Reforma de la Polic\u00eda<\/p>\n\n\n\n<p>\u201cEl Estado descuid\u00f3 a la Polic\u00eda y sus miembros se acostumbraron a laboral en esas (malas) condiciones\u201d, expuso Casta\u00f1os, quien agreg\u00f3 que durante a\u00f1os el cuerpo del orden actuaba con una serie de pr\u00e1cticas incorrectas que se ven\u00edan arrastrando.<\/p>\n\n\n\n<p>Empero, indic\u00f3 Casta\u00f1os, cuando se aprob\u00f3 la ley de reforma policial, \u201cnunca se aprob\u00f3 uno solo de los 19 reglamentos de aplicaci\u00f3n\u201d, porque no hab\u00eda inter\u00e9s en hacer avanzar la reforma.<\/p>\n\n\n\n<p>En cuanto a la formaci\u00f3n policial, el director de Finjus se\u00f1al\u00f3 que hab\u00eda nueve escuelas con caracter\u00edsticas diferentes y los programas de capacitaci\u00f3n no se extend\u00edan ni siquiera a dos meses.<\/p>\n\n\n\n<p>\u201cLos conscriptos entraban (a la academia), disparaban su arma cinco veces y entre 45 y 60 d\u00edas eran enviados a la calle\u201d, revel\u00f3 Casta\u00f1os, quien agreg\u00f3 que eran instruidos en forma autoritaria.<\/p>\n\n\n\n<p>No obstante, dijo que la reforma avanza \u201csin tirar un tiro\u201d y ya la mayor\u00eda de los polic\u00edas comprenden hacia d\u00f3nde debe ir el cuerpo del orden, aunque admiti\u00f3 que un grupo decidi\u00f3 irse por su cuenta y otros han sido separados.<\/p>\n\n\n\n<p>Consider\u00f3 que \u201cuna reforma a la polic\u00eda solo es posible cuando el Presidente de la Rep\u00fablica, que es su comandante en jefe, la dirige y hace el compromiso\u201d, indic\u00f3 Casta\u00f1os, quien reconoci\u00f3 que desde un principio Abinader asumi\u00f3 ese compromiso.<\/p>\n\n\n\n<p>El ejecutivo de Finjus elogi\u00f3 el trabajo que realiza el asesor espa\u00f1ol Jos\u00e9 Vila para el \u00e9xito de la reforma en su principal componente, que la formaci\u00f3n del nuevo polic\u00eda. Dijo que la ciudadan\u00eda va a sentir el cambio que se registra en la Polic\u00eda en los pr\u00f3ximos tres a\u00f1os.<\/p>\n","protected":false},"excerpt":{"rendered":"<p>El vicepresidente ejecutivo de la Fundaci\u00f3n Institucionalidad y Justicia (Finjus), Servio Tulio Casta\u00f1os, consider\u00f3 que el ministerio p\u00fablico debe tener cuidado con solicitudes como aquella de resumir la lectura de&hellip;<\/p>\n","protected":false},"author":2,"featured_media":62878,"comment_status":"open","ping_status":"open","sticky":false,"template":"","format":"standard","meta":{"content-type":"","jetpack_post_was_ever_published":false,"_jetpack_newsletter_access":"","_jetpack_dont_email_post_to_subs":false,"_jetpack_newsletter_tier_id":0,"_jetpack_memberships_contains_paywalled_content":false,"_jetpack_memberships_contains_paid_content":false,"footnotes":""},"categories":[35,25],"tags":[8338],"class_list":["post-62877","post","type-post","status-publish","format-standard","has-post-thumbnail","hentry","category-nacionales","category-portada","tag-servio-tulio-castanos"],"jetpack_featured_media_url":"https:\/\/lasprimeras.com.do\/wp-content\/uploads\/2023\/10\/Servio-Tulio-Castanos.jpg","jetpack-related-posts":[{"id":64384,"url":"https:\/\/lasprimeras.com.do\/index.php\/2023\/10\/19\/finjus-califica-como-un-acto-crueldad-mantener-en-prision-a-personas-mientras-el-mp-investiga-caso\/","url_meta":{"origin":62877,"position":0},"title":"FINJUS califica como un acto crueldad mantener en prisi\u00f3n a personas mientras el MP investiga caso\u00a0","author":"Nelson Feliz","date":"19 de octubre de 2023","format":false,"excerpt":"Dice caso de ex ministro de la Presidencia Jos\u00e9 Ram\u00f3n Peralta hay que analizarlo. El vicepresidente ejecutivo de la Fundaci\u00f3n Institucionalidad y Justicia (FINJUS) Servio Tulio Casta\u00f1os Guzm\u00e1n calific\u00f3 hoy como un acto de crueldad que se mantenga en prisi\u00f3n a personas, mientras el Ministerio P\u00fablico realiza la investigaci\u00f3n del\u2026","rel":"","context":"En \u00abNACIONALES\u00bb","block_context":{"text":"NACIONALES","link":"https:\/\/lasprimeras.com.do\/index.php\/category\/nacionales\/"},"img":{"alt_text":"Servio Tulio Casta\u00f1os Guzm\u00e1n","src":"https:\/\/i0.wp.com\/lasprimeras.com.do\/wp-content\/uploads\/2023\/10\/Servio-Tulio-Castanos-Guzman.jpg?resize=350%2C200&ssl=1","width":350,"height":200,"srcset":"https:\/\/i0.wp.com\/lasprimeras.com.do\/wp-content\/uploads\/2023\/10\/Servio-Tulio-Castanos-Guzman.jpg?resize=350%2C200&ssl=1 1x, https:\/\/i0.wp.com\/lasprimeras.com.do\/wp-content\/uploads\/2023\/10\/Servio-Tulio-Castanos-Guzman.jpg?resize=525%2C300&ssl=1 1.5x, https:\/\/i0.wp.com\/lasprimeras.com.do\/wp-content\/uploads\/2023\/10\/Servio-Tulio-Castanos-Guzman.jpg?resize=700%2C400&ssl=1 2x"},"classes":[]},{"id":63074,"url":"https:\/\/lasprimeras.com.do\/index.php\/2023\/10\/10\/el-ministerio-publico-recusa-a-juezas-conocen-el-caso-pulpo\/","url_meta":{"origin":62877,"position":1},"title":"El Ministerio P\u00fablico recusa a juezas conocen el caso \u2018Pulpo\u2019","author":"BIMARY DE JES\u00daS Matos","date":"10 de octubre de 2023","format":false,"excerpt":"SANTO DOMINGO.\u2013 El Ministerio P\u00fablico recus\u00f3 a las juezas del Segundo Tribunal Colegiado del Distrito Nacional durante el juicio seguido a los imputados en la red del caso Pulpo, que dirig\u00eda Juan Alexis Medina S\u00e1nchez, por alegada parcialidad en el proceso al acondicionar la lectura de la acusaci\u00f3n. La fiscal\u2026","rel":"","context":"En \u00abPORTADA\u00bb","block_context":{"text":"PORTADA","link":"https:\/\/lasprimeras.com.do\/index.php\/category\/portada\/"},"img":{"alt_text":"","src":"https:\/\/i0.wp.com\/lasprimeras.com.do\/wp-content\/uploads\/2023\/10\/WhatsApp-Image-2023-10-09-at-6.14.13-PM-2.webp?resize=350%2C200&ssl=1","width":350,"height":200},"classes":[]},{"id":49147,"url":"https:\/\/lasprimeras.com.do\/index.php\/2023\/05\/08\/vicepresidente-de-finjus-lo-que-sucede-en-la-camara-de-cuentas-llama-a-preocupacion\/","url_meta":{"origin":62877,"position":2},"title":"Vicepresidente de Finjus: &#8220;Lo que sucede en la C\u00e1mara de Cuentas llama a preocupaci\u00f3n&#8221;","author":"prenxa100","date":"8 de mayo de 2023","format":false,"excerpt":"Santo Domingo.-.El vicepresidente ejecutivo de la Fundaci\u00f3n Institucionalidad y Justicia, Servio Tulio Casta\u00f1os Guzm\u00e1n, declar\u00f3 que los hechos que suceden en la C\u00e1mara de Cuentas llama a preocupaci\u00f3n. Casta\u00f1os Guzm\u00e1n, sostuvo que es inconcebible que un \u00f3rgano de control como la C\u00e1mara de Cuentas est\u00e9 inmersa en una situaci\u00f3n escandalosa.\u2026","rel":"","context":"En \u00abNACIONALES\u00bb","block_context":{"text":"NACIONALES","link":"https:\/\/lasprimeras.com.do\/index.php\/category\/nacionales\/"},"img":{"alt_text":"","src":"","width":0,"height":0},"classes":[]},{"id":77805,"url":"https:\/\/lasprimeras.com.do\/index.php\/2024\/02\/26\/ministerio-publico-sigue-hoy-con-acusacion-caso-pulpo\/","url_meta":{"origin":62877,"position":3},"title":"Ministerio P\u00fablico sigue hoy con acusaci\u00f3n caso Pulpo","author":"BIMARY DE JES\u00daS Matos","date":"26 de febrero de 2024","format":false,"excerpt":"SANTO DOMINGO.\u2013 Las juezas del Segundo Tribunal Colegiado del Distrito Nacional tratar\u00e1n de continuar con el conocimiento del juicio a Juan Alexis Medina S\u00e1nchez, y otras 40 personas imputadas en el entramado de corrupci\u00f3n del caso Pulpo, donde el Ministerio P\u00fablico dar\u00e1 lectura de la acusaci\u00f3n. El tribunal presidido por\u2026","rel":"","context":"En \u00abPORTADA\u00bb","block_context":{"text":"PORTADA","link":"https:\/\/lasprimeras.com.do\/index.php\/category\/portada\/"},"img":{"alt_text":"","src":"https:\/\/i0.wp.com\/lasprimeras.com.do\/wp-content\/uploads\/2024\/02\/13_Nacionales_26_03p01.jpg.webp?resize=350%2C200&ssl=1","width":350,"height":200},"classes":[]},{"id":67495,"url":"https:\/\/lasprimeras.com.do\/index.php\/2023\/11\/16\/ministerio-publico-da-lectura-pruebas-contra-acusado-pulpo\/","url_meta":{"origin":62877,"position":4},"title":"Ministerio P\u00fablico da lectura pruebas contra acusado Pulpo","author":"BIMARY DE JES\u00daS Matos","date":"16 de noviembre de 2023","format":false,"excerpt":"SANTO DOMINGO.\u2013 El Ministerio P\u00fablico dio lectura a varias pruebas contenidas en la acusaci\u00f3n que presentan ante las juezas del Segundo Tribunal Colegiado del Distrito Nacional contra Juan Alexis Medina S\u00e1nchez y compartes, del caso Pulpo, que se habr\u00edan asociado para sustraer los recursos del Estado mediante contratos fraudulentos. Entre\u2026","rel":"","context":"En \u00abNACIONALES\u00bb","block_context":{"text":"NACIONALES","link":"https:\/\/lasprimeras.com.do\/index.php\/category\/nacionales\/"},"img":{"alt_text":"","src":"https:\/\/i0.wp.com\/lasprimeras.com.do\/wp-content\/uploads\/2023\/11\/Portada-Pagina-WEB-2-8-750x375-1.webp?resize=350%2C200&ssl=1","width":350,"height":200,"srcset":"https:\/\/i0.wp.com\/lasprimeras.com.do\/wp-content\/uploads\/2023\/11\/Portada-Pagina-WEB-2-8-750x375-1.webp?resize=350%2C200&ssl=1 1x, https:\/\/i0.wp.com\/lasprimeras.com.do\/wp-content\/uploads\/2023\/11\/Portada-Pagina-WEB-2-8-750x375-1.webp?resize=525%2C300&ssl=1 1.5x"},"classes":[]},{"id":98282,"url":"https:\/\/lasprimeras.com.do\/index.php\/2025\/05\/06\/finjus-respalda-nueva-ley-de-libertad-de-expresion-y-destaca-avances-en-proteccion-de-derechos\/","url_meta":{"origin":62877,"position":5},"title":"Finjus respalda nueva Ley de Libertad de Expresi\u00f3n y destaca avances en protecci\u00f3n de derechos","author":"Nelson Feliz","date":"6 de mayo de 2025","format":false,"excerpt":"Finjus tambi\u00e9n resalt\u00f3 la atenci\u00f3n especial que la ley otorga a la protecci\u00f3n de ni\u00f1os, ni\u00f1as y adolescentes en el entorno digital. La Fundaci\u00f3n Institucionalidad y Justicia (Finjus) expres\u00f3 su respaldo al proyecto de Ley de Libertad de Expresi\u00f3n, Medios Audiovisuales y Plataformas Digitales, actualmente en estudio en el Senado\u2026","rel":"","context":"En \u00abNACIONALES\u00bb","block_context":{"text":"NACIONALES","link":"https:\/\/lasprimeras.com.do\/index.php\/category\/nacionales\/"},"img":{"alt_text":"Servio Tulio Casta\u00f1os","src":"https:\/\/i0.wp.com\/lasprimeras.com.do\/wp-content\/uploads\/2023\/10\/Servio-Tulio-Castanos.jpg?resize=350%2C200&ssl=1","width":350,"height":200,"srcset":"https:\/\/i0.wp.com\/lasprimeras.com.do\/wp-content\/uploads\/2023\/10\/Servio-Tulio-Castanos.jpg?resize=350%2C200&ssl=1 1x, https:\/\/i0.wp.com\/lasprimeras.com.do\/wp-content\/uploads\/2023\/10\/Servio-Tulio-Castanos.jpg?resize=525%2C300&ssl=1 1.5x, https:\/\/i0.wp.com\/lasprimeras.com.do\/wp-content\/uploads\/2023\/10\/Servio-Tulio-Castanos.jpg?resize=700%2C400&ssl=1 2x"},"classes":[]}],"jetpack_sharing_enabled":true,"_links":{"self":[{"href":"https:\/\/lasprimeras.com.do\/index.php\/wp-json\/wp\/v2\/posts\/62877","targetHints":{"allow":["GET"]}}],"collection":[{"href":"https:\/\/lasprimeras.com.do\/index.php\/wp-json\/wp\/v2\/posts"}],"about":[{"href":"https:\/\/lasprimeras.com.do\/index.php\/wp-json\/wp\/v2\/types\/post"}],"author":[{"embeddable":true,"href":"https:\/\/lasprimeras.com.do\/index.php\/wp-json\/wp\/v2\/users\/2"}],"replies":[{"embeddable":true,"href":"https:\/\/lasprimeras.com.do\/index.php\/wp-json\/wp\/v2\/comments?post=62877"}],"version-history":[{"count":1,"href":"https:\/\/lasprimeras.com.do\/index.php\/wp-json\/wp\/v2\/posts\/62877\/revisions"}],"predecessor-version":[{"id":62879,"href":"https:\/\/lasprimeras.com.do\/index.php\/wp-json\/wp\/v2\/posts\/62877\/revisions\/62879"}],"wp:featuredmedia":[{"embeddable":true,"href":"https:\/\/lasprimeras.com.do\/index.php\/wp-json\/wp\/v2\/media\/62878"}],"wp:attachment":[{"href":"https:\/\/lasprimeras.com.do\/index.php\/wp-json\/wp\/v2\/media?parent=62877"}],"wp:term":[{"taxonomy":"category","embeddable":true,"href":"https:\/\/lasprimeras.com.do\/index.php\/wp-json\/wp\/v2\/categories?post=62877"},{"taxonomy":"post_tag","embeddable":true,"href":"https:\/\/lasprimeras.com.do\/index.php\/wp-json\/wp\/v2\/tags?post=62877"}],"curies":[{"name":"wp","href":"https:\/\/api.w.org\/{rel}","templated":true}]}}