{"id":62883,"date":"2023-10-09T06:28:19","date_gmt":"2023-10-09T10:28:19","guid":{"rendered":"https:\/\/lasprimeras.com.do\/?p=62883"},"modified":"2023-10-09T06:28:21","modified_gmt":"2023-10-09T10:28:21","slug":"obras-publicas-reparara-este-lunes-tramo-de-la-autopista-duarte-desde-el-km-9-al-45","status":"publish","type":"post","link":"https:\/\/lasprimeras.com.do\/index.php\/2023\/10\/09\/obras-publicas-reparara-este-lunes-tramo-de-la-autopista-duarte-desde-el-km-9-al-45\/","title":{"rendered":"Obras P\u00fablicas reparar\u00e1 este lunes tramo de la autopista Duarte desde el KM 9 al 45"},"content":{"rendered":"\n<p>Santo Domingo.-El Ministerio de Obras P\u00fablicas y Comunicaciones (MOPC) inform\u00f3 que del 9 al 18 de este mes realizar\u00e1 trabajos de reparaci\u00f3n de la v\u00eda y montura del puente en el tramo de la autopista Duarte desde el kil\u00f3metro 39 hasta el 45, en las proximidades del municipio de Villa Altagracia.<\/p>\n\n\n\n<p>Como parte de los trabajos, Obras P\u00fablicas desviar\u00e1 la circulaci\u00f3n del tr\u00e1nsito, en sentido Norte-Sur (Cibao-Santo Domingo) en el punto denominado La Curva de la Muerte, en el kil\u00f3metro 45.<\/p>\n\n\n\n<p>El cierre pautado tendr\u00e1 efecto mientras se realicen los trabajos de colocaci\u00f3n del puente sobre esa v\u00eda.<\/p>\n\n\n\n<p>La carretera Duarte Vieja, que atraviesa Villa Altagracia, ser\u00e1 la v\u00eda alterna que se utilizara, seg\u00fan un documento prensa del MOPC.<\/p>\n\n\n\n<p>El paso vehicular estar\u00e1 siendo asistido por la Direcci\u00f3n General de Seguridad de Tr\u00e1nsito y Transporte Terrestre- (Digesett), la Comisi\u00f3n Militar y Policial de Obras P\u00fablicas y el Instituto Nacional de Tr\u00e1nsito y Transporte Terrestre (Intrant), quienes estar\u00e1n tomando las medidas de precauci\u00f3n pertinente, a fin de evitar accidentes.<\/p>\n\n\n\n<p>\u201cSolicitamos a los usuarios de dicha v\u00eda, su comprensi\u00f3n y respeto a las se\u00f1ales de tr\u00e1nsito, as\u00ed como las autoridades que estar\u00e1n dando asistencia durante la ejecuci\u00f3n de estas actividades y expresamos nuestras disculpas por los inconvenientes causados, ya que trabajamos para garantizarles mayor seguridad\u201d, indic\u00f3 el comunicado.<\/p>\n","protected":false},"excerpt":{"rendered":"<p>Santo Domingo.-El Ministerio de Obras P\u00fablicas y Comunicaciones (MOPC) inform\u00f3 que del 9 al 18 de este mes realizar\u00e1 trabajos de reparaci\u00f3n de la v\u00eda y montura del puente en&hellip;<\/p>\n","protected":false},"author":3,"featured_media":62884,"comment_status":"open","ping_status":"open","sticky":false,"template":"","format":"standard","meta":{"content-type":"","jetpack_post_was_ever_published":false,"_jetpack_newsletter_access":"","_jetpack_dont_email_post_to_subs":false,"_jetpack_newsletter_tier_id":0,"_jetpack_memberships_contains_paywalled_content":false,"_jetpack_memberships_contains_paid_content":false,"footnotes":""},"categories":[25],"tags":[],"class_list":["post-62883","post","type-post","status-publish","format-standard","has-post-thumbnail","hentry","category-portada"],"jetpack_featured_media_url":"https:\/\/lasprimeras.com.do\/wp-content\/uploads\/2023\/10\/WhatsApp-Image-2023-10-08-at-12.09.51-PM.png","jetpack-related-posts":[{"id":92749,"url":"https:\/\/lasprimeras.com.do\/index.php\/2025\/01\/12\/obras-publicas-recupera-areas-del-km-9-para-facilitar-trabajos-en-tramo-autopista-duarte\/","url_meta":{"origin":62883,"position":0},"title":"Obras P\u00fablicas recupera \u00e1reas del Km. 9 para facilitar trabajos en tramo autopista Duarte","author":"Nelson Feliz","date":"12 de enero de 2025","format":false,"excerpt":"Se espera que la parada de autobuses del senador de S\u00e1nchez Ramirez, la cu\u00e1l obstruye la apliaci\u00f3n de la autopista Duarte sea dem\u00f3lida tambi\u00e9n. El Ministerio de Obras P\u00fablicas y Comunicaciones (MOPC), a trav\u00e9s de la Unidad de Control de Derecho Vial (Codevial), intervino diversas infraestructuras establecidas ilegalmente en el\u2026","rel":"","context":"En \u00abNACIONALES\u00bb","block_context":{"text":"NACIONALES","link":"https:\/\/lasprimeras.com.do\/index.php\/category\/nacionales\/"},"img":{"alt_text":"","src":"https:\/\/i0.wp.com\/lasprimeras.com.do\/wp-content\/uploads\/2025\/01\/dos-1.jpg?resize=350%2C200&ssl=1","width":350,"height":200,"srcset":"https:\/\/i0.wp.com\/lasprimeras.com.do\/wp-content\/uploads\/2025\/01\/dos-1.jpg?resize=350%2C200&ssl=1 1x, https:\/\/i0.wp.com\/lasprimeras.com.do\/wp-content\/uploads\/2025\/01\/dos-1.jpg?resize=525%2C300&ssl=1 1.5x, https:\/\/i0.wp.com\/lasprimeras.com.do\/wp-content\/uploads\/2025\/01\/dos-1.jpg?resize=700%2C400&ssl=1 2x"},"classes":[]},{"id":118191,"url":"https:\/\/lasprimeras.com.do\/index.php\/2025\/12\/23\/obras-publicas-anuncia-nuevas-soluciones-viales-para-mejorar-el-transito-en-la-autopista-duarte\/","url_meta":{"origin":62883,"position":1},"title":"Obras P\u00fablicas anuncia nuevas soluciones viales para mejorar el tr\u00e1nsito en la Autopista Duarte","author":"Nelson Feliz","date":"23 de diciembre de 2025","format":false,"excerpt":"El Ministerio de Obras P\u00fablicas y Comunicaciones (MOPC) inform\u00f3 que, como parte de los esfuerzos preventivos para mejorar el flujo vehicular y reducir los accidentes de tr\u00e1nsito durante las festividades navide\u00f1as, dej\u00f3 en servicio el nuevo retorno operacional en el kil\u00f3metro 110 pr\u00f3ximo a la altura de El Pino en\u2026","rel":"","context":"En \u00abNACIONALES\u00bb","block_context":{"text":"NACIONALES","link":"https:\/\/lasprimeras.com.do\/index.php\/category\/nacionales\/"},"img":{"alt_text":"","src":"https:\/\/i0.wp.com\/lasprimeras.com.do\/wp-content\/uploads\/2025\/12\/obras-publicas-carriles.jpg?resize=350%2C200&ssl=1","width":350,"height":200,"srcset":"https:\/\/i0.wp.com\/lasprimeras.com.do\/wp-content\/uploads\/2025\/12\/obras-publicas-carriles.jpg?resize=350%2C200&ssl=1 1x, https:\/\/i0.wp.com\/lasprimeras.com.do\/wp-content\/uploads\/2025\/12\/obras-publicas-carriles.jpg?resize=525%2C300&ssl=1 1.5x, https:\/\/i0.wp.com\/lasprimeras.com.do\/wp-content\/uploads\/2025\/12\/obras-publicas-carriles.jpg?resize=700%2C400&ssl=1 2x"},"classes":[]},{"id":82732,"url":"https:\/\/lasprimeras.com.do\/index.php\/2024\/05\/07\/mopc-promete-entregar-obra-del-km-9-en-90-dias\/","url_meta":{"origin":62883,"position":2},"title":"MOPC promete entregar obra del km 9 en 90 d\u00edas","author":"BIMARY DE JES\u00daS Matos","date":"7 de mayo de 2024","format":false,"excerpt":"RD.-El viceministro de Supervisi\u00f3n y Fiscalizaci\u00f3n afirma que los trabajos tienen nivel ejecuci\u00f3n de un 70 a un 80 por ciento La entrega de la obra que se realiza en el tramo del Kil\u00f3metro 9 de Autopista Duarte con fines de descongestionar el tr\u00e1nsito en esta v\u00eda que comunica al\u2026","rel":"","context":"En \u00abPORTADA\u00bb","block_context":{"text":"PORTADA","link":"https:\/\/lasprimeras.com.do\/index.php\/category\/portada\/"},"img":{"alt_text":"","src":"https:\/\/i0.wp.com\/lasprimeras.com.do\/wp-content\/uploads\/2024\/05\/Diseno-sin-titulo-3.jpg?resize=350%2C200&ssl=1","width":350,"height":200,"srcset":"https:\/\/i0.wp.com\/lasprimeras.com.do\/wp-content\/uploads\/2024\/05\/Diseno-sin-titulo-3.jpg?resize=350%2C200&ssl=1 1x, https:\/\/i0.wp.com\/lasprimeras.com.do\/wp-content\/uploads\/2024\/05\/Diseno-sin-titulo-3.jpg?resize=525%2C300&ssl=1 1.5x, https:\/\/i0.wp.com\/lasprimeras.com.do\/wp-content\/uploads\/2024\/05\/Diseno-sin-titulo-3.jpg?resize=700%2C400&ssl=1 2x"},"classes":[]},{"id":126000,"url":"https:\/\/lasprimeras.com.do\/index.php\/2026\/03\/29\/anuncian-desvio-por-retiro-del-viejo-puente-peatonal-en-el-kilometro-9\/","url_meta":{"origin":62883,"position":3},"title":"Anuncian desv\u00edo por retiro del viejo puente peatonal en el Kil\u00f3metro 9","author":"Nelson Feliz","date":"29 de marzo de 2026","format":false,"excerpt":"La intervenci\u00f3n iniciar\u00e1 a las 7:00 de la noche del domingo 29 y se extender\u00e1 hasta las 5:00 de la ma\u00f1ana del lunes 30. El Ministerio de Obras P\u00fablicas y Comunicaciones (MOPC) inform\u00f3 que este domingo en horario nocturno se realizar\u00e1 el retiro del viejo puente peatonal en el Kil\u00f3metro\u2026","rel":"","context":"En \u00abNACIONALES\u00bb","block_context":{"text":"NACIONALES","link":"https:\/\/lasprimeras.com.do\/index.php\/category\/nacionales\/"},"img":{"alt_text":"","src":"https:\/\/i0.wp.com\/lasprimeras.com.do\/wp-content\/uploads\/2026\/03\/puente-1.jpg?resize=350%2C200&ssl=1","width":350,"height":200,"srcset":"https:\/\/i0.wp.com\/lasprimeras.com.do\/wp-content\/uploads\/2026\/03\/puente-1.jpg?resize=350%2C200&ssl=1 1x, https:\/\/i0.wp.com\/lasprimeras.com.do\/wp-content\/uploads\/2026\/03\/puente-1.jpg?resize=525%2C300&ssl=1 1.5x, https:\/\/i0.wp.com\/lasprimeras.com.do\/wp-content\/uploads\/2026\/03\/puente-1.jpg?resize=700%2C400&ssl=1 2x"},"classes":[]},{"id":126134,"url":"https:\/\/lasprimeras.com.do\/index.php\/2026\/03\/30\/trabajos-de-remodelacion-del-puente-del-kilometro-9-causan-caos-en-la-autopista-duarte\/","url_meta":{"origin":62883,"position":4},"title":"Trabajos de remodelaci\u00f3n del Puente del Kil\u00f3metro 9 causan caos en la Autopista Duarte","author":"Nelson Feliz","date":"30 de marzo de 2026","format":false,"excerpt":"Los trabajos de remodelaci\u00f3n del puente del kil\u00f3metro 9 de la Autopista Duarte est\u00e1n causando un inmenso tap\u00f3n en la zona, afectando a miles de conductores que transitan por la v\u00eda. Seg\u00fan informes, los trabajos de construcci\u00f3n est\u00e1n reduciendo la cantidad de carriles disponibles, lo que ha generado un tr\u00e1fico\u2026","rel":"","context":"En \u00abNACIONALES\u00bb","block_context":{"text":"NACIONALES","link":"https:\/\/lasprimeras.com.do\/index.php\/category\/nacionales\/"},"img":{"alt_text":"Tapones","src":"https:\/\/i0.wp.com\/lasprimeras.com.do\/wp-content\/uploads\/2024\/03\/Tapones.jpg?resize=350%2C200&ssl=1","width":350,"height":200,"srcset":"https:\/\/i0.wp.com\/lasprimeras.com.do\/wp-content\/uploads\/2024\/03\/Tapones.jpg?resize=350%2C200&ssl=1 1x, https:\/\/i0.wp.com\/lasprimeras.com.do\/wp-content\/uploads\/2024\/03\/Tapones.jpg?resize=525%2C300&ssl=1 1.5x"},"classes":[]},{"id":100079,"url":"https:\/\/lasprimeras.com.do\/index.php\/2025\/06\/01\/sistema-911-coordina-asistencia-ante-accidente-de-transito-con-multiples-en-villa-altagracia\/","url_meta":{"origin":62883,"position":5},"title":"Sistema 911 coordina asistencia ante accidente de tr\u00e1nsito con m\u00faltiples en Villa Altagracia","author":"Nelson Feliz","date":"1 de junio de 2025","format":false,"excerpt":"El incidente reporta varios heridos y atrapados. El caso se encuentra en desarrollo. El Sistema Nacional de Atenci\u00f3n a Emergencias y Seguridad 911 coordin\u00f3 la asistencia ante un accidente de tr\u00e1nsito reportado con m\u00faltiples personas atrapadas, ocurrido en el kil\u00f3metro 40 de la autopista Duarte en direcci\u00f3n hacia Santo Domingo,\u2026","rel":"","context":"En \u00abNACIONALES\u00bb","block_context":{"text":"NACIONALES","link":"https:\/\/lasprimeras.com.do\/index.php\/category\/nacionales\/"},"img":{"alt_text":"","src":"https:\/\/i0.wp.com\/lasprimeras.com.do\/wp-content\/uploads\/2025\/06\/Sistema-911.jpg?resize=350%2C200&ssl=1","width":350,"height":200,"srcset":"https:\/\/i0.wp.com\/lasprimeras.com.do\/wp-content\/uploads\/2025\/06\/Sistema-911.jpg?resize=350%2C200&ssl=1 1x, https:\/\/i0.wp.com\/lasprimeras.com.do\/wp-content\/uploads\/2025\/06\/Sistema-911.jpg?resize=525%2C300&ssl=1 1.5x, https:\/\/i0.wp.com\/lasprimeras.com.do\/wp-content\/uploads\/2025\/06\/Sistema-911.jpg?resize=700%2C400&ssl=1 2x"},"classes":[]}],"jetpack_sharing_enabled":true,"_links":{"self":[{"href":"https:\/\/lasprimeras.com.do\/index.php\/wp-json\/wp\/v2\/posts\/62883","targetHints":{"allow":["GET"]}}],"collection":[{"href":"https:\/\/lasprimeras.com.do\/index.php\/wp-json\/wp\/v2\/posts"}],"about":[{"href":"https:\/\/lasprimeras.com.do\/index.php\/wp-json\/wp\/v2\/types\/post"}],"author":[{"embeddable":true,"href":"https:\/\/lasprimeras.com.do\/index.php\/wp-json\/wp\/v2\/users\/3"}],"replies":[{"embeddable":true,"href":"https:\/\/lasprimeras.com.do\/index.php\/wp-json\/wp\/v2\/comments?post=62883"}],"version-history":[{"count":1,"href":"https:\/\/lasprimeras.com.do\/index.php\/wp-json\/wp\/v2\/posts\/62883\/revisions"}],"predecessor-version":[{"id":62885,"href":"https:\/\/lasprimeras.com.do\/index.php\/wp-json\/wp\/v2\/posts\/62883\/revisions\/62885"}],"wp:featuredmedia":[{"embeddable":true,"href":"https:\/\/lasprimeras.com.do\/index.php\/wp-json\/wp\/v2\/media\/62884"}],"wp:attachment":[{"href":"https:\/\/lasprimeras.com.do\/index.php\/wp-json\/wp\/v2\/media?parent=62883"}],"wp:term":[{"taxonomy":"category","embeddable":true,"href":"https:\/\/lasprimeras.com.do\/index.php\/wp-json\/wp\/v2\/categories?post=62883"},{"taxonomy":"post_tag","embeddable":true,"href":"https:\/\/lasprimeras.com.do\/index.php\/wp-json\/wp\/v2\/tags?post=62883"}],"curies":[{"name":"wp","href":"https:\/\/api.w.org\/{rel}","templated":true}]}}