{"id":62907,"date":"2023-10-09T07:29:00","date_gmt":"2023-10-09T11:29:00","guid":{"rendered":"https:\/\/lasprimeras.com.do\/?p=62907"},"modified":"2023-10-09T07:29:02","modified_gmt":"2023-10-09T11:29:02","slug":"maripily-rivera-exhibe-sus-encantos-en-minibikini-desde-la-playa","status":"publish","type":"post","link":"https:\/\/lasprimeras.com.do\/index.php\/2023\/10\/09\/maripily-rivera-exhibe-sus-encantos-en-minibikini-desde-la-playa\/","title":{"rendered":"Maripily Rivera exhibe sus encantos en minibikini desde la playa"},"content":{"rendered":"\n<p>Maripily Rivera dej\u00f3 boquiabiertos a sus fans de Instagram con un ba\u00f1ador que deja apreciar su abdomen de acero y voluptuosas curvas.<\/p>\n\n\n\n<p>En este sentido, la conductora aprovech\u00f3 su estancia en una playa de Miami para descansar y public\u00f3 un par de fotos en la que se la ve modelando un minibikini color azul con el que exhibe sus marcados y voluptuosos encantos.<\/p>\n\n\n\n<p>\u201cAmando mi nueva versi\u00f3n\u201d, es el breve texto que escribi\u00f3 en las postales que en pocas horas han conseguido cientos de likes y decenas de buenos comentarios hacia su figura.<\/p>\n\n\n\n<p>\u201cHermosa\u201d, \u201cSigues conserv\u00e1ndote buen\u00edsima\u201d, \u201cEres una verdadera tentaci\u00f3n\u201d, \u201cMe encanta como se te ve ese ba\u00f1ador\u201d y \u201cAunque muchos la critiquen, ese cuerpo es se\u00f1al de disciplina y se ve muy bien\u201d, son parte de los mensajes que le dejaron a la tambi\u00e9n empresaria.<\/p>\n\n\n\n<p>Desliza para ver las fotos de Maripily Rivera<\/p>\n\n\n\n<figure class=\"wp-block-embed is-type-rich is-provider-instagram wp-block-embed-instagram\"><div class=\"wp-block-embed__wrapper\">\n<blockquote class=\"instagram-media\" data-instgrm-captioned data-instgrm-permalink=\"https:\/\/www.instagram.com\/p\/CyJrzSjJbWa\/?utm_source=ig_embed&amp;utm_campaign=loading\" data-instgrm-version=\"14\" style=\" background:#FFF; border:0; border-radius:3px; box-shadow:0 0 1px 0 rgba(0,0,0,0.5),0 1px 10px 0 rgba(0,0,0,0.15); margin: 1px; max-width:500px; min-width:326px; padding:0; width:99.375%; width:-webkit-calc(100% - 2px); width:calc(100% - 2px);\"><div style=\"padding:16px;\"> <a href=\"https:\/\/www.instagram.com\/p\/CyJrzSjJbWa\/?utm_source=ig_embed&amp;utm_campaign=loading\" style=\" background:#FFFFFF; line-height:0; padding:0 0; text-align:center; text-decoration:none; width:100%;\" target=\"_blank\"> <div style=\" display: flex; flex-direction: row; align-items: center;\"> <div style=\"background-color: #F4F4F4; border-radius: 50%; flex-grow: 0; height: 40px; margin-right: 14px; width: 40px;\"><\/div> <div style=\"display: flex; flex-direction: column; flex-grow: 1; justify-content: center;\"> <div style=\" background-color: #F4F4F4; border-radius: 4px; flex-grow: 0; height: 14px; margin-bottom: 6px; width: 100px;\"><\/div> <div style=\" background-color: #F4F4F4; border-radius: 4px; flex-grow: 0; height: 14px; width: 60px;\"><\/div><\/div><\/div><div style=\"padding: 19% 0;\"><\/div> <div style=\"display:block; height:50px; margin:0 auto 12px; width:50px;\"><svg width=\"50px\" height=\"50px\" viewBox=\"0 0 60 60\" version=\"1.1\" xmlns=\"https:\/\/www.w3.org\/2000\/svg\" xmlns:xlink=\"https:\/\/www.w3.org\/1999\/xlink\"><g stroke=\"none\" stroke-width=\"1\" fill=\"none\" fill-rule=\"evenodd\"><g transform=\"translate(-511.000000, -20.000000)\" fill=\"#000000\"><g><path d=\"M556.869,30.41 C554.814,30.41 553.148,32.076 553.148,34.131 C553.148,36.186 554.814,37.852 556.869,37.852 C558.924,37.852 560.59,36.186 560.59,34.131 C560.59,32.076 558.924,30.41 556.869,30.41 M541,60.657 C535.114,60.657 530.342,55.887 530.342,50 C530.342,44.114 535.114,39.342 541,39.342 C546.887,39.342 551.658,44.114 551.658,50 C551.658,55.887 546.887,60.657 541,60.657 M541,33.886 C532.1,33.886 524.886,41.1 524.886,50 C524.886,58.899 532.1,66.113 541,66.113 C549.9,66.113 557.115,58.899 557.115,50 C557.115,41.1 549.9,33.886 541,33.886 M565.378,62.101 C565.244,65.022 564.756,66.606 564.346,67.663 C563.803,69.06 563.154,70.057 562.106,71.106 C561.058,72.155 560.06,72.803 558.662,73.347 C557.607,73.757 556.021,74.244 553.102,74.378 C549.944,74.521 548.997,74.552 541,74.552 C533.003,74.552 532.056,74.521 528.898,74.378 C525.979,74.244 524.393,73.757 523.338,73.347 C521.94,72.803 520.942,72.155 519.894,71.106 C518.846,70.057 518.197,69.06 517.654,67.663 C517.244,66.606 516.755,65.022 516.623,62.101 C516.479,58.943 516.448,57.996 516.448,50 C516.448,42.003 516.479,41.056 516.623,37.899 C516.755,34.978 517.244,33.391 517.654,32.338 C518.197,30.938 518.846,29.942 519.894,28.894 C520.942,27.846 521.94,27.196 523.338,26.654 C524.393,26.244 525.979,25.756 528.898,25.623 C532.057,25.479 533.004,25.448 541,25.448 C548.997,25.448 549.943,25.479 553.102,25.623 C556.021,25.756 557.607,26.244 558.662,26.654 C560.06,27.196 561.058,27.846 562.106,28.894 C563.154,29.942 563.803,30.938 564.346,32.338 C564.756,33.391 565.244,34.978 565.378,37.899 C565.522,41.056 565.552,42.003 565.552,50 C565.552,57.996 565.522,58.943 565.378,62.101 M570.82,37.631 C570.674,34.438 570.167,32.258 569.425,30.349 C568.659,28.377 567.633,26.702 565.965,25.035 C564.297,23.368 562.623,22.342 560.652,21.575 C558.743,20.834 556.562,20.326 553.369,20.18 C550.169,20.033 549.148,20 541,20 C532.853,20 531.831,20.033 528.631,20.18 C525.438,20.326 523.257,20.834 521.349,21.575 C519.376,22.342 517.703,23.368 516.035,25.035 C514.368,26.702 513.342,28.377 512.574,30.349 C511.834,32.258 511.326,34.438 511.181,37.631 C511.035,40.831 511,41.851 511,50 C511,58.147 511.035,59.17 511.181,62.369 C511.326,65.562 511.834,67.743 512.574,69.651 C513.342,71.625 514.368,73.296 516.035,74.965 C517.703,76.634 519.376,77.658 521.349,78.425 C523.257,79.167 525.438,79.673 528.631,79.82 C531.831,79.965 532.853,80.001 541,80.001 C549.148,80.001 550.169,79.965 553.369,79.82 C556.562,79.673 558.743,79.167 560.652,78.425 C562.623,77.658 564.297,76.634 565.965,74.965 C567.633,73.296 568.659,71.625 569.425,69.651 C570.167,67.743 570.674,65.562 570.82,62.369 C570.966,59.17 571,58.147 571,50 C571,41.851 570.966,40.831 570.82,37.631\"><\/path><\/g><\/g><\/g><\/svg><\/div><div style=\"padding-top: 8px;\"> <div style=\" color:#3897f0; font-family:Arial,sans-serif; font-size:14px; font-style:normal; font-weight:550; line-height:18px;\">View this post on Instagram<\/div><\/div><div style=\"padding: 12.5% 0;\"><\/div> <div style=\"display: flex; flex-direction: row; margin-bottom: 14px; align-items: center;\"><div> <div style=\"background-color: #F4F4F4; border-radius: 50%; height: 12.5px; width: 12.5px; transform: translateX(0px) translateY(7px);\"><\/div> <div style=\"background-color: #F4F4F4; height: 12.5px; transform: rotate(-45deg) translateX(3px) translateY(1px); width: 12.5px; flex-grow: 0; margin-right: 14px; margin-left: 2px;\"><\/div> <div style=\"background-color: #F4F4F4; border-radius: 50%; height: 12.5px; width: 12.5px; transform: translateX(9px) translateY(-18px);\"><\/div><\/div><div style=\"margin-left: 8px;\"> <div style=\" background-color: #F4F4F4; border-radius: 50%; flex-grow: 0; height: 20px; width: 20px;\"><\/div> <div style=\" width: 0; height: 0; border-top: 2px solid transparent; border-left: 6px solid #f4f4f4; border-bottom: 2px solid transparent; transform: translateX(16px) translateY(-4px) rotate(30deg)\"><\/div><\/div><div style=\"margin-left: auto;\"> <div style=\" width: 0px; border-top: 8px solid #F4F4F4; border-right: 8px solid transparent; transform: translateY(16px);\"><\/div> <div style=\" background-color: #F4F4F4; flex-grow: 0; height: 12px; width: 16px; transform: translateY(-4px);\"><\/div> <div style=\" width: 0; height: 0; border-top: 8px solid #F4F4F4; border-left: 8px solid transparent; transform: translateY(-4px) translateX(8px);\"><\/div><\/div><\/div> <div style=\"display: flex; flex-direction: column; flex-grow: 1; justify-content: center; margin-bottom: 24px;\"> <div style=\" background-color: #F4F4F4; border-radius: 4px; flex-grow: 0; height: 14px; margin-bottom: 6px; width: 224px;\"><\/div> <div style=\" background-color: #F4F4F4; border-radius: 4px; flex-grow: 0; height: 14px; width: 144px;\"><\/div><\/div><\/a><p style=\" color:#c9c8cd; font-family:Arial,sans-serif; font-size:14px; line-height:17px; margin-bottom:0; margin-top:8px; overflow:hidden; padding:8px 0 7px; text-align:center; text-overflow:ellipsis; white-space:nowrap;\"><a href=\"https:\/\/www.instagram.com\/p\/CyJrzSjJbWa\/?utm_source=ig_embed&amp;utm_campaign=loading\" style=\" color:#c9c8cd; font-family:Arial,sans-serif; font-size:14px; font-style:normal; font-weight:normal; line-height:17px; text-decoration:none;\" target=\"_blank\">A post shared by Maripily (@maripilyoficial)<\/a><\/p><\/div><\/blockquote><script async src=\"\/\/platform.instagram.com\/en_US\/embeds.js\"><\/script>\n<\/div><\/figure>\n\n\n\n<p>En otras postales, Maripily model\u00f3 usando el mismo diminuto bikinazo, pero esta vez acompa\u00f1ada de dos mujeres que posaron junto a la boricua con ajustados trajes de ba\u00f1o negros. Las tres recibieron varios elogios por hacer alarde de sus curvil\u00edneas figuras.<\/p>\n\n\n\n<p>Fuente Eldiariony.com<\/p>\n","protected":false},"excerpt":{"rendered":"<p>Maripily Rivera dej\u00f3 boquiabiertos a sus fans de Instagram con un ba\u00f1ador que deja apreciar su abdomen de acero y voluptuosas curvas. En este sentido, la conductora aprovech\u00f3 su estancia&hellip;<\/p>\n","protected":false},"author":2,"featured_media":62908,"comment_status":"open","ping_status":"open","sticky":false,"template":"","format":"standard","meta":{"content-type":"","jetpack_post_was_ever_published":false,"_jetpack_newsletter_access":"","_jetpack_dont_email_post_to_subs":false,"_jetpack_newsletter_tier_id":0,"_jetpack_memberships_contains_paywalled_content":false,"_jetpack_memberships_contains_paid_content":false,"footnotes":""},"categories":[84],"tags":[8344,8345,8346,5335],"class_list":["post-62907","post","type-post","status-publish","format-standard","has-post-thumbnail","hentry","category-entretenimiento","tag-encantos","tag-maripily-rivera","tag-minibikini","tag-playa"],"jetpack_featured_media_url":"https:\/\/lasprimeras.com.do\/wp-content\/uploads\/2023\/10\/Maripily-Rivera-1.jpg","jetpack-related-posts":[{"id":80300,"url":"https:\/\/lasprimeras.com.do\/index.php\/2024\/04\/07\/el-hilo-dental-blanco-de-jennifer-lopez-exploto-las-redes-sociales\/","url_meta":{"origin":62907,"position":0},"title":"El hilo dental blanco de Jennifer L\u00f3pez explot\u00f3 las redes sociales","author":"Nelson Feliz","date":"7 de abril de 2024","format":false,"excerpt":"Jennifer L\u00f3pez caus\u00f3 un tremendo alboroto por un tanga blanca que dej\u00f3 a la vista \u00a1casi todo! La espectacular Jennifer L\u00f3pez no puso reparos a la hora de presumir una vez m\u00e1s su cuerpazo sin pudor alguno y en frente del espejo. Muy quitada de la pena, se puso un\u2026","rel":"","context":"En \u00abENTRETENIMIENTO\u00bb","block_context":{"text":"ENTRETENIMIENTO","link":"https:\/\/lasprimeras.com.do\/index.php\/category\/entretenimiento\/"},"img":{"alt_text":"Jennifer L\u00f3pez aparece explosiva un un selfie que public\u00f3 en su cuenta de Instagram. Cr\u00e9dito: Frazer Harrison | Getty Images","src":"https:\/\/i0.wp.com\/lasprimeras.com.do\/wp-content\/uploads\/2024\/04\/JLO-1.jpg?resize=350%2C200&ssl=1","width":350,"height":200,"srcset":"https:\/\/i0.wp.com\/lasprimeras.com.do\/wp-content\/uploads\/2024\/04\/JLO-1.jpg?resize=350%2C200&ssl=1 1x, https:\/\/i0.wp.com\/lasprimeras.com.do\/wp-content\/uploads\/2024\/04\/JLO-1.jpg?resize=525%2C300&ssl=1 1.5x"},"classes":[]},{"id":53644,"url":"https:\/\/lasprimeras.com.do\/index.php\/2023\/06\/29\/bethania-almanzar-regresa-del-anonimato-al-estrellato-en-voleibol-playa\/","url_meta":{"origin":62907,"position":1},"title":"Bethania Alm\u00e1nzar regresa del anonimato al estrellato en voleibol playa","author":"Nelson Feliz","date":"29 de junio de 2023","format":false,"excerpt":"Tras 15 a\u00f1os alejadas de las canchas de voleibol de arena y casi en el anonimato, Bethania Alm\u00e1nzar Sosa ha regresado en grande, ha saltado de la inc\u00f3gnita y se ha convertido en una celebridad, luego de que junto a Julibeyh Payano, ganaran la primera medalla de plata que obtiene\u2026","rel":"","context":"En \u00abSin categor\u00eda\u00bb","block_context":{"text":"Sin categor\u00eda","link":"https:\/\/lasprimeras.com.do\/index.php\/category\/sin-categoria\/"},"img":{"alt_text":"Bethania Alm\u00e1nzar exhibe orgullosa la bandera nacional a su llegada al pa\u00eds.","src":"https:\/\/i0.wp.com\/lasprimeras.com.do\/wp-content\/uploads\/2023\/06\/Bethania-Almanzar.jpeg?resize=350%2C200&ssl=1","width":350,"height":200,"srcset":"https:\/\/i0.wp.com\/lasprimeras.com.do\/wp-content\/uploads\/2023\/06\/Bethania-Almanzar.jpeg?resize=350%2C200&ssl=1 1x, https:\/\/i0.wp.com\/lasprimeras.com.do\/wp-content\/uploads\/2023\/06\/Bethania-Almanzar.jpeg?resize=525%2C300&ssl=1 1.5x, https:\/\/i0.wp.com\/lasprimeras.com.do\/wp-content\/uploads\/2023\/06\/Bethania-Almanzar.jpeg?resize=700%2C400&ssl=1 2x"},"classes":[]},{"id":104279,"url":"https:\/\/lasprimeras.com.do\/index.php\/2025\/07\/23\/bermudas-trajes-de-bano-y-una-prohibicion-local-dividen-a-un-pueblo-argelino\/","url_meta":{"origin":62907,"position":2},"title":"Bermudas, trajes de ba\u00f1o y una prohibici\u00f3n local dividen a un pueblo argelino","author":"Nelson Feliz","date":"23 de julio de 2025","format":false,"excerpt":"CHETAIBI, Argelia (AP) \u2014 Una pintoresca localidad en la costa mediterr\u00e1nea de Argelia se ha convertido en el epicentro de una pol\u00e9mica sobre los ba\u00f1adores masculinos, que enfrenta los valores religiosos y conservadores con las costumbres tur\u00edsticas. Cheta\u00efbi, un pueblo de 8.000 habitantes conocido por sus aguas turquesas, sus calas\u2026","rel":"","context":"En \u00abTURISMO\u00bb","block_context":{"text":"TURISMO","link":"https:\/\/lasprimeras.com.do\/index.php\/category\/turismo\/"},"img":{"alt_text":"","src":"https:\/\/i0.wp.com\/lasprimeras.com.do\/wp-content\/uploads\/2025\/07\/banistas.jpg?resize=350%2C200&ssl=1","width":350,"height":200,"srcset":"https:\/\/i0.wp.com\/lasprimeras.com.do\/wp-content\/uploads\/2025\/07\/banistas.jpg?resize=350%2C200&ssl=1 1x, https:\/\/i0.wp.com\/lasprimeras.com.do\/wp-content\/uploads\/2025\/07\/banistas.jpg?resize=525%2C300&ssl=1 1.5x, https:\/\/i0.wp.com\/lasprimeras.com.do\/wp-content\/uploads\/2025\/07\/banistas.jpg?resize=700%2C400&ssl=1 2x"},"classes":[]},{"id":78358,"url":"https:\/\/lasprimeras.com.do\/index.php\/2024\/03\/15\/carlos-rivera-recibe-el-respaldo-de-prince-royce-en-su-primera-bachata-calumnia\/","url_meta":{"origin":62907,"position":3},"title":"Carlos Rivera recibe el respaldo de Prince Royce en su primera bachata \u201cCalumnia\u201d","author":"BIMARY DE JES\u00daS Matos","date":"15 de marzo de 2024","format":false,"excerpt":"Santo Domingo.-Carlos Rivera presenta una nueva canci\u00f3n en la que consolida su estatus como uno de los cantautores m\u00e1s destacados de la actualidad. \u201cCalumnia\u201d, primera canci\u00f3n en cerca de un a\u00f1o y su debut en la bachata, aparece junto al pr\u00edncipe de la bachata Prince Royce. El lanzamiento de este\u2026","rel":"","context":"En \u00abENTRETENIMIENTO\u00bb","block_context":{"text":"ENTRETENIMIENTO","link":"https:\/\/lasprimeras.com.do\/index.php\/category\/entretenimiento\/"},"img":{"alt_text":"","src":"","width":0,"height":0},"classes":[]},{"id":105478,"url":"https:\/\/lasprimeras.com.do\/index.php\/2025\/08\/04\/llaman-redoblar-apoyo-desfile-dominicano-por-exaltar-dominicanidad-en-playas-extranjeras\/","url_meta":{"origin":62907,"position":4},"title":"Llaman redoblar apoyo \u00abDesfile Dominicano\u00bb por exaltar dominicanidad en playas extranjeras","author":"Nelson Feliz","date":"4 de agosto de 2025","format":false,"excerpt":"Por Ram\u00f3n Mercedes NUEVA YORK.- Dominicanos en esta ciudad llaman a los sectores representativos del pa\u00eds caribe\u00f1o en los Estados Unidos (pol\u00edticos, profesionales, empresariales, comunitarios, entre otros) apoyar sin reservas el Desfile Dominicano de Manhattan (NatDDP), que dirige Cristina Contreras, por su gran labor altruista a favor de la dominicanidad\u2026","rel":"","context":"En \u00abENTRETENIMIENTO\u00bb","block_context":{"text":"ENTRETENIMIENTO","link":"https:\/\/lasprimeras.com.do\/index.php\/category\/entretenimiento\/"},"img":{"alt_text":"","src":"https:\/\/i0.wp.com\/lasprimeras.com.do\/wp-content\/uploads\/2025\/08\/WhatsApp-Image-2025-08-04-at-6.44.28-AM-2.jpeg?resize=350%2C200&ssl=1","width":350,"height":200,"srcset":"https:\/\/i0.wp.com\/lasprimeras.com.do\/wp-content\/uploads\/2025\/08\/WhatsApp-Image-2025-08-04-at-6.44.28-AM-2.jpeg?resize=350%2C200&ssl=1 1x, https:\/\/i0.wp.com\/lasprimeras.com.do\/wp-content\/uploads\/2025\/08\/WhatsApp-Image-2025-08-04-at-6.44.28-AM-2.jpeg?resize=525%2C300&ssl=1 1.5x, https:\/\/i0.wp.com\/lasprimeras.com.do\/wp-content\/uploads\/2025\/08\/WhatsApp-Image-2025-08-04-at-6.44.28-AM-2.jpeg?resize=700%2C400&ssl=1 2x"},"classes":[]},{"id":78751,"url":"https:\/\/lasprimeras.com.do\/index.php\/2024\/03\/19\/ellas-cantan-las-de-ellos-un-espectaculo-para-celebrar-el-empoderamiento-femenino\/","url_meta":{"origin":62907,"position":5},"title":"Ellas cantan las de Ellos: Un espect\u00e1culo para celebrar el empoderamiento femenino","author":"Nelson Feliz","date":"19 de marzo de 2024","format":false,"excerpt":"Laura Rivera, Diomari La Mala, Tueska, Ana Rivas y Nairoby Duarte ser\u00e1n las responsables de hacer vibrar a los presentes con sus voces. La noche del viernes 12 de abril subir\u00e1 al Escenario 360 en Santo Domingo un espect\u00e1culo musical sin precedentes: \u00a8Ellas Cantan las de Ellos\u00a8. Un show cargado\u2026","rel":"","context":"En \u00abENTRETENIMIENTO\u00bb","block_context":{"text":"ENTRETENIMIENTO","link":"https:\/\/lasprimeras.com.do\/index.php\/category\/entretenimiento\/"},"img":{"alt_text":"Ana Rivas, Tueska, Laura Rivera, Nairoby Duarte, Diomary la Mala y Jos\u00e9 Mota forman parte del espect\u00e1culo Ellas cantan las de Ellos","src":"https:\/\/i0.wp.com\/lasprimeras.com.do\/wp-content\/uploads\/2024\/03\/Ana-Rivas-Tueska-Laura-Rivera-Nairoby-Duarte-Diomary-la-Mala-y-Jose-Mota-forman-parte-del-espectaculo-Ellas-cantan-las-de-Ellos.png?resize=350%2C200&ssl=1","width":350,"height":200,"srcset":"https:\/\/i0.wp.com\/lasprimeras.com.do\/wp-content\/uploads\/2024\/03\/Ana-Rivas-Tueska-Laura-Rivera-Nairoby-Duarte-Diomary-la-Mala-y-Jose-Mota-forman-parte-del-espectaculo-Ellas-cantan-las-de-Ellos.png?resize=350%2C200&ssl=1 1x, https:\/\/i0.wp.com\/lasprimeras.com.do\/wp-content\/uploads\/2024\/03\/Ana-Rivas-Tueska-Laura-Rivera-Nairoby-Duarte-Diomary-la-Mala-y-Jose-Mota-forman-parte-del-espectaculo-Ellas-cantan-las-de-Ellos.png?resize=525%2C300&ssl=1 1.5x, https:\/\/i0.wp.com\/lasprimeras.com.do\/wp-content\/uploads\/2024\/03\/Ana-Rivas-Tueska-Laura-Rivera-Nairoby-Duarte-Diomary-la-Mala-y-Jose-Mota-forman-parte-del-espectaculo-Ellas-cantan-las-de-Ellos.png?resize=700%2C400&ssl=1 2x"},"classes":[]}],"jetpack_sharing_enabled":true,"_links":{"self":[{"href":"https:\/\/lasprimeras.com.do\/index.php\/wp-json\/wp\/v2\/posts\/62907","targetHints":{"allow":["GET"]}}],"collection":[{"href":"https:\/\/lasprimeras.com.do\/index.php\/wp-json\/wp\/v2\/posts"}],"about":[{"href":"https:\/\/lasprimeras.com.do\/index.php\/wp-json\/wp\/v2\/types\/post"}],"author":[{"embeddable":true,"href":"https:\/\/lasprimeras.com.do\/index.php\/wp-json\/wp\/v2\/users\/2"}],"replies":[{"embeddable":true,"href":"https:\/\/lasprimeras.com.do\/index.php\/wp-json\/wp\/v2\/comments?post=62907"}],"version-history":[{"count":1,"href":"https:\/\/lasprimeras.com.do\/index.php\/wp-json\/wp\/v2\/posts\/62907\/revisions"}],"predecessor-version":[{"id":62909,"href":"https:\/\/lasprimeras.com.do\/index.php\/wp-json\/wp\/v2\/posts\/62907\/revisions\/62909"}],"wp:featuredmedia":[{"embeddable":true,"href":"https:\/\/lasprimeras.com.do\/index.php\/wp-json\/wp\/v2\/media\/62908"}],"wp:attachment":[{"href":"https:\/\/lasprimeras.com.do\/index.php\/wp-json\/wp\/v2\/media?parent=62907"}],"wp:term":[{"taxonomy":"category","embeddable":true,"href":"https:\/\/lasprimeras.com.do\/index.php\/wp-json\/wp\/v2\/categories?post=62907"},{"taxonomy":"post_tag","embeddable":true,"href":"https:\/\/lasprimeras.com.do\/index.php\/wp-json\/wp\/v2\/tags?post=62907"}],"curies":[{"name":"wp","href":"https:\/\/api.w.org\/{rel}","templated":true}]}}