{"id":62910,"date":"2023-10-09T07:35:18","date_gmt":"2023-10-09T11:35:18","guid":{"rendered":"https:\/\/lasprimeras.com.do\/?p=62910"},"modified":"2023-10-09T07:35:20","modified_gmt":"2023-10-09T11:35:20","slug":"mas-de-1100-muertos-en-primeros-dias-de-guerra-entre-israel-y-gaza","status":"publish","type":"post","link":"https:\/\/lasprimeras.com.do\/index.php\/2023\/10\/09\/mas-de-1100-muertos-en-primeros-dias-de-guerra-entre-israel-y-gaza\/","title":{"rendered":"M\u00e1s de 1,100 muertos en primeros d\u00edas de guerra entre Israel y Gaza"},"content":{"rendered":"\n<p>EIsrael y las milicias palestinas de Gaza viven hoy su segundo d\u00eda de guerra con intensos combates en zonas israel\u00edes cercanas a la Franja donde todav\u00eda hay presencia de Ham\u00e1s, mientras contin\u00faan el disparo de cohetes y los bombardeos, con m\u00e1s de 1,100 muertos a ambos lados en un conflicto inaudito.<\/p>\n\n\n\n<p>Ya son m\u00e1s de 700 los muertos en Israel por el ataque por tierra, mar y aire del grupo islamista Ham\u00e1s que ayer cogi\u00f3 por sorpresa al pa\u00eds.<\/p>\n\n\n\n<p>Supone una tragedia nacional para un Estado que no sufri\u00f3 tantos fallecidos en poco m\u00e1s de un d\u00eda en toda su historia, desde su creaci\u00f3n en 1948 y pese a los muchos conflictos armados vividos.<\/p>\n\n\n\n<p>&#8220;Hay un hecho indiscutible. El Estado de Israel va a ganar esta guerra tambi\u00e9n. No tenemos otra alternativa&#8221;, afirm\u00f3 en un mensaje de \u00e1nimo a los ciudadanos el presidente israel\u00ed, Isaac Herzog, aunque el des\u00e1nimo y el shock reinan entre la poblaci\u00f3n.<\/p>\n\n\n\n<p>Los heridos llegan a 2,245 y hay 365 graves, mientras Israel sufre un duro impacto emocional por una ofensiva desde Gaza que nadie vio venir, que ha desconcertado a su Gobierno y aparato de Defensa y ha hecho fuerte a Ham\u00e1s tras humillar a Israel como potencia militar.<\/p>\n\n\n\n<p>&#8220;Este fin de semana, Ham\u00e1s inici\u00f3 una guerra contra Israel con la peor masacre de civiles inocentes en la historia de Israel. Ham\u00e1s fue m\u00e1s b\u00e1rbaro y brutal que el Estado Isl\u00e1mico&#8221;, afirm\u00f3 en un comunicado el portavoz del Ej\u00e9rcito israel\u00ed, Daniel Hagari.<\/p>\n\n\n\n<p>El vocero militar prometi\u00f3 que &#8220;Israel responder\u00e1 con determinaci\u00f3n y fuerza a estos cr\u00edmenes de guerra no provocados&#8221; y acus\u00f3 a Ham\u00e1s de &#8220;esconderse entre civiles&#8221; dentro de Gaza.<\/p>\n\n\n\n<p>&#8220;Los d\u00edas venideros ser\u00e1n largos y dif\u00edciles. Hemos pagado un alto precio; pero restauraremos la seguridad al pueblo de Israel&#8221;, incidi\u00f3 Hagari.<\/p>\n\n\n\n<p>El Ej\u00e9rcito israel\u00ed pudo evacuar esta tarde a residentes israel\u00edes que segu\u00edan atrapados o cautivos en una decena de comunidades, y asegura haber matado a m\u00e1s de 400 milicianos palestinos.<\/p>\n\n\n\n<p>Sin embargo, uno de los golpes m\u00e1s duros contra Israel son las m\u00e1s de 100 personas que los milicianos se llevaron como rehenes a Gaza, que Ham\u00e1s quiere intercambiar para presos palestinos en c\u00e1rceles israel\u00edes, y que podr\u00eda condicionar la acci\u00f3n militar de Israel, que a\u00fan no concret\u00f3 si har\u00e1 o no una operaci\u00f3n de incursi\u00f3n terrestre.<\/p>\n\n\n\n<p>Tambi\u00e9n hay una cifra indeterminada de personas desaparecidas. En medio del caos a\u00fan existente, sus familias desconocen su paradero y no saben a\u00fan si est\u00e1n muertas o bien secuestradas en el enclave.<\/p>\n\n\n\n<p>Al otro lado, los bombardeos de Israel sobre Gaza han dejado al menos 413 muertos y m\u00e1s de 2,300 heridos.<\/p>\n\n\n\n<p>Una cincuentena de aviones de combate atacaron unos 120 puestos en la ciudad gazat\u00ed de Beit Han\u00fan esta tarde entre los que hab\u00eda puntos desde donde milicianos lanzaban cohetes, concret\u00f3 el Ej\u00e9rcito.<\/p>\n\n\n\n<p>Las facciones palestinas lanzaron m\u00e1s de 3.200 proyectiles desde ayer, y las fuerzas israel\u00edes han atacado unos 800 puestos dentro de Gaza, mientras siguen sonando las sirenas en el sur de Israel y la mayor\u00eda de los 2.3 millones de habitantes de Gaza se refugia en sus casas.<\/p>\n\n\n\n<p>M\u00e1s de 20,000 personas est\u00e1n desplazadas y alojadas en escuelas en Gaza, y los ataques israel\u00edes se saldaron con la destrucci\u00f3n de seis torres y al menos siete inmuebles residenciales.<\/p>\n\n\n\n<p>Ante la situaci\u00f3n, seg\u00fan el mayor general en la reserva Israel Riv, el Estado jud\u00edo tiene ahora &#8220;dos desaf\u00edos de igual importancia: rescatar a los rehenes en Gaza y actuar contra Ham\u00e1s&#8221;, por lo que &#8220;la \u00fanica salida es una operaci\u00f3n masiva de represalia&#8221;, algo que cree que &#8220;est\u00e1 sobre la mesa&#8221; del aparato de Seguridad.<\/p>\n\n\n\n<p>&#8220;Si Israel no responde de forma contundente, es una invitaci\u00f3n abierta a que otros grupos como Hizbul\u00e1 ataquen&#8221;, lo que podr\u00eda subir tensiones en Cisjordania ocupada -donde desde ayer murieron siete palestinos en choques con tropas israel\u00edes- o provocar ataques de la milicia chi\u00ed libanesa en la frontera norte de Israel con L\u00edbano.<\/p>\n\n\n\n<p>Israel bombarde\u00f3 hoy el sur de L\u00edbano despu\u00e9s de que Hizbul\u00e1 reivindicara esta ma\u00f1ana un ataque con morteros contra Israel, lo que aument\u00f3 la alerta en las localidades israel\u00edes cercanas al pa\u00eds \u00e1rabe.<\/p>\n\n\n\n<p>Se teme que la milicia chi\u00ed -aliada de Ir\u00e1n y Ham\u00e1s y que libr\u00f3 una guerra con Israel en 2006- pueda abrir otro frente desde el norte, ante lo que el Ej\u00e9rcito israel\u00ed &#8220;est\u00e1 pendiente&#8221; de sus pasos y &#8220;preparado para lo que venga&#8221;, y le advierte de que &#8220;no cometa el error de unirse a esta guerra&#8221;.<\/p>\n","protected":false},"excerpt":{"rendered":"<p>EIsrael y las milicias palestinas de Gaza viven hoy su segundo d\u00eda de guerra con intensos combates en zonas israel\u00edes cercanas a la Franja donde todav\u00eda hay presencia de Ham\u00e1s,&hellip;<\/p>\n","protected":false},"author":3,"featured_media":62911,"comment_status":"open","ping_status":"open","sticky":false,"template":"","format":"standard","meta":{"content-type":"","jetpack_post_was_ever_published":false,"_jetpack_newsletter_access":"","_jetpack_dont_email_post_to_subs":false,"_jetpack_newsletter_tier_id":0,"_jetpack_memberships_contains_paywalled_content":false,"_jetpack_memberships_contains_paid_content":false,"footnotes":""},"categories":[1],"tags":[],"class_list":["post-62910","post","type-post","status-publish","format-standard","has-post-thumbnail","hentry","category-sin-categoria"],"jetpack_featured_media_url":"https:\/\/lasprimeras.com.do\/wp-content\/uploads\/2023\/10\/WhatsApp-Image-2023-10-08-at-12.09.51-PM-1.png","jetpack-related-posts":[{"id":72578,"url":"https:\/\/lasprimeras.com.do\/index.php\/2024\/01\/01\/israel-acaba-2023-en-plena-guerra-con-hamas-en-gaza-sin-perspectiva\/","url_meta":{"origin":62910,"position":0},"title":"Israel acaba 2023 en plena guerra con Ham\u00e1s en Gaza sin perspectiva","author":"BIMARY DE JES\u00daS Matos","date":"1 de enero de 2024","format":false,"excerpt":"Jerusal\u00e9n,.- Israel y Ham\u00e1s acaban 2023 en medio de una dura guerra en Gaza sin precedentes. El Ej\u00e9rcito israel\u00ed sigue combatiendo las milicias en la Franja para erradicar a Ham\u00e1s, pero su triunfo no parece inminente y el conflicto seguir\u00e1 en 2024 entre la devastaci\u00f3n en el enclave, que acumula\u2026","rel":"","context":"En \u00abSin categor\u00eda\u00bb","block_context":{"text":"Sin categor\u00eda","link":"https:\/\/lasprimeras.com.do\/index.php\/category\/sin-categoria\/"},"img":{"alt_text":"","src":"https:\/\/i0.wp.com\/lasprimeras.com.do\/wp-content\/uploads\/2024\/01\/Las-portadas-de-la-semana-EH-13-2.webp?resize=350%2C200&ssl=1","width":350,"height":200,"srcset":"https:\/\/i0.wp.com\/lasprimeras.com.do\/wp-content\/uploads\/2024\/01\/Las-portadas-de-la-semana-EH-13-2.webp?resize=350%2C200&ssl=1 1x, https:\/\/i0.wp.com\/lasprimeras.com.do\/wp-content\/uploads\/2024\/01\/Las-portadas-de-la-semana-EH-13-2.webp?resize=525%2C300&ssl=1 1.5x"},"classes":[]},{"id":70954,"url":"https:\/\/lasprimeras.com.do\/index.php\/2023\/12\/15\/israel-advierte-su-ofensiva-contra-hamas-durara-muchos-meses\/","url_meta":{"origin":62910,"position":1},"title":"Israel advierte su ofensiva contra Ham\u00e1s durar\u00e1 \u00abmuchos meses\u00bb","author":"BIMARY DE JES\u00daS Matos","date":"15 de diciembre de 2023","format":false,"excerpt":"JERUSALEN.- La guerra en Gaza es \u00abuna campa\u00f1a en m\u00faltiples arenas a la que todav\u00eda le quedan muchos meses por delante\u00bb, advirti\u00f3 el general de divisi\u00f3n Aharon Haliva, jefe de la Divisi\u00f3n de Inteligencia del Ej\u00e9rcito de Israel. La cita es indicativa de la magnitud y la extensi\u00f3n de la\u2026","rel":"","context":"En \u00abSin categor\u00eda\u00bb","block_context":{"text":"Sin categor\u00eda","link":"https:\/\/lasprimeras.com.do\/index.php\/category\/sin-categoria\/"},"img":{"alt_text":"","src":"https:\/\/i0.wp.com\/lasprimeras.com.do\/wp-content\/uploads\/2023\/12\/WhatsApp-Image-2023-12-14-at-4.48.00-PM-20.jpeg?resize=350%2C200&ssl=1","width":350,"height":200,"srcset":"https:\/\/i0.wp.com\/lasprimeras.com.do\/wp-content\/uploads\/2023\/12\/WhatsApp-Image-2023-12-14-at-4.48.00-PM-20.jpeg?resize=350%2C200&ssl=1 1x, https:\/\/i0.wp.com\/lasprimeras.com.do\/wp-content\/uploads\/2023\/12\/WhatsApp-Image-2023-12-14-at-4.48.00-PM-20.jpeg?resize=525%2C300&ssl=1 1.5x"},"classes":[]},{"id":63886,"url":"https:\/\/lasprimeras.com.do\/index.php\/2023\/10\/16\/la-guerra-con-hamas-deja-unos-100-000-desplazados-internos-en-israel\/","url_meta":{"origin":62910,"position":2},"title":"La guerra con Ham\u00e1s deja unos 100.000 desplazados internos en Israel","author":"BIMARY DE JES\u00daS Matos","date":"16 de octubre de 2023","format":false,"excerpt":"Jerusal\u00e9n, (EFE).- Unos 100.000 israel\u00edes se han desplazado de sus hogares por la guerra contra el grupo islamista palestino Ham\u00e1s, que estall\u00f3 el 7 de octubre, sobre todo habitantes de poblados aleda\u00f1os a las fronteras con la Franja de Gaza y el L\u00edbano, inform\u00f3 este lunes el Ministerio de Defensa\u2026","rel":"","context":"En \u00abSin categor\u00eda\u00bb","block_context":{"text":"Sin categor\u00eda","link":"https:\/\/lasprimeras.com.do\/index.php\/category\/sin-categoria\/"},"img":{"alt_text":"","src":"https:\/\/i0.wp.com\/lasprimeras.com.do\/wp-content\/uploads\/2023\/10\/WhatsApp-Image-2023-10-16-at-11.32.47-AM-1-4.jpeg?resize=350%2C200&ssl=1","width":350,"height":200,"srcset":"https:\/\/i0.wp.com\/lasprimeras.com.do\/wp-content\/uploads\/2023\/10\/WhatsApp-Image-2023-10-16-at-11.32.47-AM-1-4.jpeg?resize=350%2C200&ssl=1 1x, https:\/\/i0.wp.com\/lasprimeras.com.do\/wp-content\/uploads\/2023\/10\/WhatsApp-Image-2023-10-16-at-11.32.47-AM-1-4.jpeg?resize=525%2C300&ssl=1 1.5x, https:\/\/i0.wp.com\/lasprimeras.com.do\/wp-content\/uploads\/2023\/10\/WhatsApp-Image-2023-10-16-at-11.32.47-AM-1-4.jpeg?resize=700%2C400&ssl=1 2x"},"classes":[]},{"id":64723,"url":"https:\/\/lasprimeras.com.do\/index.php\/2023\/10\/23\/nuevos-bombardeos-de-israel-en-gaza-dejan-260-muertos-en-24-hs\/","url_meta":{"origin":62910,"position":3},"title":"Nuevos bombardeos de Israel en Gaza dejan 260 muertos en 24 hs.","author":"BIMARY DE JES\u00daS Matos","date":"23 de octubre de 2023","format":false,"excerpt":"Israel.-La guerra desencadenada entre Israel y Ham\u00e1s tras el ataque terrorista del pasado 7 de octubre se ha intensificado este domingo con nuevos bombardeos sobre Gaza -que han dejado m\u00e1s de 260 muertos en 24 horas, la mayor\u00eda ni\u00f1os. Asimismo, Israel habr\u00eda alcanzado los aeropuertos de Alepo y Damasco, seg\u00fan\u2026","rel":"","context":"En \u00abSin categor\u00eda\u00bb","block_context":{"text":"Sin categor\u00eda","link":"https:\/\/lasprimeras.com.do\/index.php\/category\/sin-categoria\/"},"img":{"alt_text":"","src":"https:\/\/i0.wp.com\/lasprimeras.com.do\/wp-content\/uploads\/2023\/10\/WhatsApp-Image-2023-05-20-at-11.41.19-AM-1-2.jpeg?resize=350%2C200&ssl=1","width":350,"height":200,"srcset":"https:\/\/i0.wp.com\/lasprimeras.com.do\/wp-content\/uploads\/2023\/10\/WhatsApp-Image-2023-05-20-at-11.41.19-AM-1-2.jpeg?resize=350%2C200&ssl=1 1x, https:\/\/i0.wp.com\/lasprimeras.com.do\/wp-content\/uploads\/2023\/10\/WhatsApp-Image-2023-05-20-at-11.41.19-AM-1-2.jpeg?resize=525%2C300&ssl=1 1.5x, https:\/\/i0.wp.com\/lasprimeras.com.do\/wp-content\/uploads\/2023\/10\/WhatsApp-Image-2023-05-20-at-11.41.19-AM-1-2.jpeg?resize=700%2C400&ssl=1 2x, https:\/\/i0.wp.com\/lasprimeras.com.do\/wp-content\/uploads\/2023\/10\/WhatsApp-Image-2023-05-20-at-11.41.19-AM-1-2.jpeg?resize=1050%2C600&ssl=1 3x, https:\/\/i0.wp.com\/lasprimeras.com.do\/wp-content\/uploads\/2023\/10\/WhatsApp-Image-2023-05-20-at-11.41.19-AM-1-2.jpeg?resize=1400%2C800&ssl=1 4x"},"classes":[]},{"id":73682,"url":"https:\/\/lasprimeras.com.do\/index.php\/2024\/01\/15\/el-numero-de-muertos-en-gaza-supera-los-24-000-mientras-israel-ataca-objetivos-en-el-norte-y-el-sur\/","url_meta":{"origin":62910,"position":4},"title":"El n\u00famero de muertos en Gaza supera los 24.000 mientras Israel ataca objetivos en el norte y el sur","author":"Nelson Feliz","date":"15 de enero de 2024","format":false,"excerpt":"POR LA PRENSA ASOCIADA Los ataques israel\u00edes alcanzaron la ciudad de Gaza y los soldados lucharon contra militantes en el sur de Gaza el lunes despu\u00e9s de que Estados Unidos, su principal aliado, dijera que era hora de reducir las operaciones. Las autoridades palestinas dijeron que el n\u00famero de muertos\u2026","rel":"","context":"En \u00abSin categor\u00eda\u00bb","block_context":{"text":"Sin categor\u00eda","link":"https:\/\/lasprimeras.com.do\/index.php\/category\/sin-categoria\/"},"img":{"alt_text":"Muertos","src":"https:\/\/i0.wp.com\/lasprimeras.com.do\/wp-content\/uploads\/2024\/01\/Muertos.jpg?resize=350%2C200&ssl=1","width":350,"height":200,"srcset":"https:\/\/i0.wp.com\/lasprimeras.com.do\/wp-content\/uploads\/2024\/01\/Muertos.jpg?resize=350%2C200&ssl=1 1x, https:\/\/i0.wp.com\/lasprimeras.com.do\/wp-content\/uploads\/2024\/01\/Muertos.jpg?resize=525%2C300&ssl=1 1.5x, https:\/\/i0.wp.com\/lasprimeras.com.do\/wp-content\/uploads\/2024\/01\/Muertos.jpg?resize=700%2C400&ssl=1 2x"},"classes":[]},{"id":69416,"url":"https:\/\/lasprimeras.com.do\/index.php\/2023\/12\/02\/israel-deja-200-muertos-en-24-horas-tras-reanudar-su-ofensiva-en-gaza-despues-de-la-tregua\/","url_meta":{"origin":62910,"position":5},"title":"Israel deja 200 muertos en 24 horas tras reanudar su ofensiva en Gaza despu\u00e9s de la tregua","author":"BIMARY DE JES\u00daS Matos","date":"2 de diciembre de 2023","format":false,"excerpt":"Jerusal\u00e9n.- El Ej\u00e9rcito de Israel contin\u00faa este s\u00e1bado su ofensiva militar contra el grupo islamista Ham\u00e1s en la Franja de Gaza por segundo d\u00eda consecutivo desde que se rompi\u00f3 la tregua, dejando m\u00e1s de 200 muertos y 600 heridos en el enclave palestino en solo 24 horas. \u00abDurante el \u00faltimo\u2026","rel":"","context":"En \u00abSin categor\u00eda\u00bb","block_context":{"text":"Sin categor\u00eda","link":"https:\/\/lasprimeras.com.do\/index.php\/category\/sin-categoria\/"},"img":{"alt_text":"","src":"https:\/\/i0.wp.com\/lasprimeras.com.do\/wp-content\/uploads\/2023\/12\/WhatsApp-Image-2023-12-02-at-2.43.01-PM-1.jpeg?resize=350%2C200&ssl=1","width":350,"height":200,"srcset":"https:\/\/i0.wp.com\/lasprimeras.com.do\/wp-content\/uploads\/2023\/12\/WhatsApp-Image-2023-12-02-at-2.43.01-PM-1.jpeg?resize=350%2C200&ssl=1 1x, https:\/\/i0.wp.com\/lasprimeras.com.do\/wp-content\/uploads\/2023\/12\/WhatsApp-Image-2023-12-02-at-2.43.01-PM-1.jpeg?resize=525%2C300&ssl=1 1.5x"},"classes":[]}],"jetpack_sharing_enabled":true,"_links":{"self":[{"href":"https:\/\/lasprimeras.com.do\/index.php\/wp-json\/wp\/v2\/posts\/62910","targetHints":{"allow":["GET"]}}],"collection":[{"href":"https:\/\/lasprimeras.com.do\/index.php\/wp-json\/wp\/v2\/posts"}],"about":[{"href":"https:\/\/lasprimeras.com.do\/index.php\/wp-json\/wp\/v2\/types\/post"}],"author":[{"embeddable":true,"href":"https:\/\/lasprimeras.com.do\/index.php\/wp-json\/wp\/v2\/users\/3"}],"replies":[{"embeddable":true,"href":"https:\/\/lasprimeras.com.do\/index.php\/wp-json\/wp\/v2\/comments?post=62910"}],"version-history":[{"count":1,"href":"https:\/\/lasprimeras.com.do\/index.php\/wp-json\/wp\/v2\/posts\/62910\/revisions"}],"predecessor-version":[{"id":62912,"href":"https:\/\/lasprimeras.com.do\/index.php\/wp-json\/wp\/v2\/posts\/62910\/revisions\/62912"}],"wp:featuredmedia":[{"embeddable":true,"href":"https:\/\/lasprimeras.com.do\/index.php\/wp-json\/wp\/v2\/media\/62911"}],"wp:attachment":[{"href":"https:\/\/lasprimeras.com.do\/index.php\/wp-json\/wp\/v2\/media?parent=62910"}],"wp:term":[{"taxonomy":"category","embeddable":true,"href":"https:\/\/lasprimeras.com.do\/index.php\/wp-json\/wp\/v2\/categories?post=62910"},{"taxonomy":"post_tag","embeddable":true,"href":"https:\/\/lasprimeras.com.do\/index.php\/wp-json\/wp\/v2\/tags?post=62910"}],"curies":[{"name":"wp","href":"https:\/\/api.w.org\/{rel}","templated":true}]}}