{"id":62929,"date":"2023-10-09T08:32:06","date_gmt":"2023-10-09T12:32:06","guid":{"rendered":"https:\/\/lasprimeras.com.do\/?p=62929"},"modified":"2023-10-09T08:32:07","modified_gmt":"2023-10-09T12:32:07","slug":"presidente-pqdc-repudia-ataques-terroristas-de-hamas-contra-israel","status":"publish","type":"post","link":"https:\/\/lasprimeras.com.do\/index.php\/2023\/10\/09\/presidente-pqdc-repudia-ataques-terroristas-de-hamas-contra-israel\/","title":{"rendered":"Presidente PQDC repud\u00eda ataques terroristas de Hamas contra Israel"},"content":{"rendered":"\n<p>El presidente del Partido Quisqueyano Dem\u00f3crata Cristiano (PQDC) de Rep\u00fablica Dominicana, doctor El\u00edas Wessin Ch\u00e1vez, repudia y condena el vil ataque de Hamas contra ciudadanos indefensos de Israel.<\/p>\n\n\n\n<p>&#8220;Nos solidarizamos con Israel y las familias que han sufrido p\u00e9rdidas ante este perverso y alevoso ataque terrorista&#8221;.<\/p>\n\n\n\n<p>\u00abExpreso mi en\u00e9rgica condena a los ataques terroristas de Ham\u00e1s contra el pueblo de Israel. Esta escalada de violencia impide las soluciones de paz que deseamos todos\u00bb, escribi\u00f3 Wessin Ch\u00e1vez en su perfil de X (antes Twitter).<\/p>\n\n\n\n<p>El\u00ecas Wessin Ch\u00e0vez<br>@WessinChavez<br>El Partido Quisqueyano Dem\u00f3crata Cristiano (PQDC) de Rep\u00fablica Dominicana repudia y condena el vil ataque de Hamas contra ciudadanos indefensos de Israel. Nos solidarizamos con Israel y las familias que han sufrido p\u00e9rdidas ante este perverso y alevoso ataque terrorista.<br>@All_Israel_News<\/p>\n\n\n\n<p>@RDenIsrael<\/p>\n\n\n\n<p>@IsraelinRepDom<br>Libertad, Solidaridad y Prosperidad.-<\/p>\n","protected":false},"excerpt":{"rendered":"<p>El presidente del Partido Quisqueyano Dem\u00f3crata Cristiano (PQDC) de Rep\u00fablica Dominicana, doctor El\u00edas Wessin Ch\u00e1vez, repudia y condena el vil ataque de Hamas contra ciudadanos indefensos de Israel. &#8220;Nos solidarizamos&hellip;<\/p>\n","protected":false},"author":2,"featured_media":62939,"comment_status":"open","ping_status":"open","sticky":false,"template":"","format":"standard","meta":{"content-type":"","jetpack_post_was_ever_published":false,"_jetpack_newsletter_access":"","_jetpack_dont_email_post_to_subs":false,"_jetpack_newsletter_tier_id":0,"_jetpack_memberships_contains_paywalled_content":false,"_jetpack_memberships_contains_paid_content":false,"footnotes":""},"categories":[25],"tags":[5605,8319,3499,4077,8348,8336],"class_list":["post-62929","post","type-post","status-publish","format-standard","has-post-thumbnail","hentry","category-portada","tag-ataques","tag-hamas-2","tag-israel","tag-pqdc","tag-repudia","tag-terroristas"],"jetpack_featured_media_url":"https:\/\/lasprimeras.com.do\/wp-content\/uploads\/2023\/10\/PQDC.jpg","jetpack-related-posts":[{"id":106853,"url":"https:\/\/lasprimeras.com.do\/index.php\/2025\/08\/20\/wessin-chavez-presenta-rendicion-de-cuentas-correspondiente-al-periodo-legislativo-2024-2025\/","url_meta":{"origin":62929,"position":0},"title":"Wessin Ch\u00e1vez presenta &#8220;Rendici\u00f3n de Cuentas&#8221; correspondiente al periodo legislativo 2024-2025","author":"Nelson Feliz","date":"20 de agosto de 2025","format":false,"excerpt":"El diputado nacional y presidente del Partido Quisqueyano Dem\u00f3crata Cristiano (PQDC), doctor El\u00edas Wessin Ch\u00e1vez, present\u00f3 este martes su Rendici\u00f3n de Cuentas correspondiente al periodo legislativo 2024-2025; en cumplimiento del Art. 92 de la Constituci\u00f3n y al Reglamento de la C\u00e1mara de Diputados. El documento base sobre la Rendici\u00f3n de\u2026","rel":"","context":"En \u00abPOLITICA\u00bb","block_context":{"text":"POLITICA","link":"https:\/\/lasprimeras.com.do\/index.php\/category\/politica\/"},"img":{"alt_text":"","src":"https:\/\/i0.wp.com\/lasprimeras.com.do\/wp-content\/uploads\/2025\/08\/WhatsApp-Image-2025-08-20-at-8.53.29-AM.jpeg?resize=350%2C200&ssl=1","width":350,"height":200,"srcset":"https:\/\/i0.wp.com\/lasprimeras.com.do\/wp-content\/uploads\/2025\/08\/WhatsApp-Image-2025-08-20-at-8.53.29-AM.jpeg?resize=350%2C200&ssl=1 1x, https:\/\/i0.wp.com\/lasprimeras.com.do\/wp-content\/uploads\/2025\/08\/WhatsApp-Image-2025-08-20-at-8.53.29-AM.jpeg?resize=525%2C300&ssl=1 1.5x, https:\/\/i0.wp.com\/lasprimeras.com.do\/wp-content\/uploads\/2025\/08\/WhatsApp-Image-2025-08-20-at-8.53.29-AM.jpeg?resize=700%2C400&ssl=1 2x, https:\/\/i0.wp.com\/lasprimeras.com.do\/wp-content\/uploads\/2025\/08\/WhatsApp-Image-2025-08-20-at-8.53.29-AM.jpeg?resize=1050%2C600&ssl=1 3x, https:\/\/i0.wp.com\/lasprimeras.com.do\/wp-content\/uploads\/2025\/08\/WhatsApp-Image-2025-08-20-at-8.53.29-AM.jpeg?resize=1400%2C800&ssl=1 4x"},"classes":[]},{"id":62870,"url":"https:\/\/lasprimeras.com.do\/index.php\/2023\/10\/08\/abinader-condena-ataques-terroristas-de-hamas-contra-israel\/","url_meta":{"origin":62929,"position":1},"title":"Abinader condena ataques terroristas de Ham\u00e1s contra Israel","author":"Nelson Feliz","date":"8 de octubre de 2023","format":false,"excerpt":"El presidente de la Rep\u00fablica Dominicana, Luis Abinader, manifest\u00f3 su condena por el ataque sorpresa a Israel lanzado por el grupo islamista Ham\u00e1s por tierra, mar y aire desde Gaza. \u00abExpreso mi en\u00e9rgica condena a los ataques terroristas de Ham\u00e1s contra el pueblo de Israel. Esta escalada de violencia impide\u2026","rel":"","context":"En \u00abNACIONALES\u00bb","block_context":{"text":"NACIONALES","link":"https:\/\/lasprimeras.com.do\/index.php\/category\/nacionales\/"},"img":{"alt_text":"Luis Abinader","src":"https:\/\/i0.wp.com\/lasprimeras.com.do\/wp-content\/uploads\/2023\/09\/Luis-Abinader-1-5.jpg?resize=350%2C200&ssl=1","width":350,"height":200,"srcset":"https:\/\/i0.wp.com\/lasprimeras.com.do\/wp-content\/uploads\/2023\/09\/Luis-Abinader-1-5.jpg?resize=350%2C200&ssl=1 1x, https:\/\/i0.wp.com\/lasprimeras.com.do\/wp-content\/uploads\/2023\/09\/Luis-Abinader-1-5.jpg?resize=525%2C300&ssl=1 1.5x, https:\/\/i0.wp.com\/lasprimeras.com.do\/wp-content\/uploads\/2023\/09\/Luis-Abinader-1-5.jpg?resize=700%2C400&ssl=1 2x"},"classes":[]},{"id":56305,"url":"https:\/\/lasprimeras.com.do\/index.php\/2023\/07\/30\/pqdc-celebra-tercera-asamblea-nacional-de-dirigentes-donde-ratifica-pacto-con-fuerza-del-pueblo\/","url_meta":{"origin":62929,"position":2},"title":"PQDC celebra Tercera Asamblea Nacional de Dirigentes donde ratifica pacto con Fuerza del Pueblo","author":"Nelson Feliz","date":"30 de julio de 2023","format":false,"excerpt":"El Partido Quisqueyano Dem\u00f3crata Cristiano (PQDC) celebr\u00f3 hoy su 3ra. Asamblea Nacional de Dirigentes, en la cual eligieron sus cuadros dirigenciales y aprobaron el pacto de alianza firmado por su presidente El\u00edas Wessin Ch\u00e1vez con el partido Fuerza del Pueblo que dirige Leonel Fern\u00e1ndez de cara a las elecciones del\u2026","rel":"","context":"En \u00abPORTADA\u00bb","block_context":{"text":"PORTADA","link":"https:\/\/lasprimeras.com.do\/index.php\/category\/portada\/"},"img":{"alt_text":"Alianza PQDC","src":"https:\/\/i0.wp.com\/lasprimeras.com.do\/wp-content\/uploads\/2023\/07\/Alianza-PQDC-1.jpg?resize=350%2C200&ssl=1","width":350,"height":200,"srcset":"https:\/\/i0.wp.com\/lasprimeras.com.do\/wp-content\/uploads\/2023\/07\/Alianza-PQDC-1.jpg?resize=350%2C200&ssl=1 1x, https:\/\/i0.wp.com\/lasprimeras.com.do\/wp-content\/uploads\/2023\/07\/Alianza-PQDC-1.jpg?resize=525%2C300&ssl=1 1.5x, https:\/\/i0.wp.com\/lasprimeras.com.do\/wp-content\/uploads\/2023\/07\/Alianza-PQDC-1.jpg?resize=700%2C400&ssl=1 2x"},"classes":[]},{"id":107505,"url":"https:\/\/lasprimeras.com.do\/index.php\/2025\/08\/27\/elias-wessin-reclama-al-gobierno-que-rehabilite-y-modernice-el-hospital-psiquiatrico-padre-billini-el-28\/","url_meta":{"origin":62929,"position":3},"title":"El\u00edas Wessin reclama al Gobierno que rehabilite y modernice el Hospital Psiqui\u00e1trico Padre Billini (El 28)","author":"Nelson Feliz","date":"27 de agosto de 2025","format":false,"excerpt":"El diputado nacional y presidente del Partido Quisqueyano Dem\u00f3crata Cristiano (PQDC), El\u00edas Wessin hizo un llamado al gobierno del PRM, para que rehabilite y modernice el Hospital Psiqui\u00e1trico Padre Billini, mejor conocido como el Manicomio del Km 28 de la Carretera Duarte. El legislador opositor, denunci\u00f3 la corriente progre que\u2026","rel":"","context":"En \u00abPOLITICA\u00bb","block_context":{"text":"POLITICA","link":"https:\/\/lasprimeras.com.do\/index.php\/category\/politica\/"},"img":{"alt_text":"Elias Wessin Chavez","src":"https:\/\/i0.wp.com\/lasprimeras.com.do\/wp-content\/uploads\/2023\/10\/Elias-Wessin-Chavez-1.jpg?resize=350%2C200&ssl=1","width":350,"height":200,"srcset":"https:\/\/i0.wp.com\/lasprimeras.com.do\/wp-content\/uploads\/2023\/10\/Elias-Wessin-Chavez-1.jpg?resize=350%2C200&ssl=1 1x, https:\/\/i0.wp.com\/lasprimeras.com.do\/wp-content\/uploads\/2023\/10\/Elias-Wessin-Chavez-1.jpg?resize=525%2C300&ssl=1 1.5x, https:\/\/i0.wp.com\/lasprimeras.com.do\/wp-content\/uploads\/2023\/10\/Elias-Wessin-Chavez-1.jpg?resize=700%2C400&ssl=1 2x"},"classes":[]},{"id":107924,"url":"https:\/\/lasprimeras.com.do\/index.php\/2025\/09\/01\/diputado-elias-wessin-presenta-iniciativas-de-reforma-fiscal-y-tributaria\/","url_meta":{"origin":62929,"position":4},"title":"Diputado El\u00edas Wessin presenta iniciativas de Reforma Fiscal y Modernizaci\u00f3n de la Administraci\u00f3n P\u00fablica","author":"Nelson Feliz","date":"1 de septiembre de 2025","format":false,"excerpt":"El diputado nacional y vice-vocero del Bloque PQDC-PRD, El\u00edas Wessin, someti\u00f3 al Congreso Nacional dos proyectos de gran trascendencia para el futuro institucional y econ\u00f3mico de la Rep\u00fablica Dominicana: 1) el Proyecto de Reforma Fiscal y Tributaria y 2) el Proyecto de Modernizaci\u00f3n de la Administraci\u00f3n P\u00fablica. Ambas iniciativas se\u2026","rel":"","context":"En \u00abECONOM\u00cdA\u00bb","block_context":{"text":"ECONOM\u00cdA","link":"https:\/\/lasprimeras.com.do\/index.php\/category\/economia\/"},"img":{"alt_text":"","src":"https:\/\/i0.wp.com\/lasprimeras.com.do\/wp-content\/uploads\/2025\/09\/Elias-Wessin-Chavez-1.jpg?resize=350%2C200&ssl=1","width":350,"height":200,"srcset":"https:\/\/i0.wp.com\/lasprimeras.com.do\/wp-content\/uploads\/2025\/09\/Elias-Wessin-Chavez-1.jpg?resize=350%2C200&ssl=1 1x, https:\/\/i0.wp.com\/lasprimeras.com.do\/wp-content\/uploads\/2025\/09\/Elias-Wessin-Chavez-1.jpg?resize=525%2C300&ssl=1 1.5x, https:\/\/i0.wp.com\/lasprimeras.com.do\/wp-content\/uploads\/2025\/09\/Elias-Wessin-Chavez-1.jpg?resize=700%2C400&ssl=1 2x"},"classes":[]},{"id":65988,"url":"https:\/\/lasprimeras.com.do\/index.php\/2023\/11\/02\/israel-cuestiona-postura-de-bolivia-chile-y-colombia-sobre-guerra-gaza\/","url_meta":{"origin":62929,"position":5},"title":"Israel cuestiona postura de Bolivia, Chile y Colombia sobre guerra Gaza","author":"BIMARY DE JES\u00daS Matos","date":"2 de noviembre de 2023","format":false,"excerpt":"JERUSALEN.- Por medio de dos comunicados del Ministerio del Interior de Israel, el pa\u00eds expres\u00f3 su rechazo a la postura de tres pa\u00edses latinoamericanos sobre la escalada del conflicto en Medio Oriente. Los documentos llegaron despu\u00e9s de que Bolivia anunciara que romp\u00eda relaciones con Israel, mientras que Chile y Colombia\u2026","rel":"","context":"En \u00abSin categor\u00eda\u00bb","block_context":{"text":"Sin categor\u00eda","link":"https:\/\/lasprimeras.com.do\/index.php\/category\/sin-categoria\/"},"img":{"alt_text":"","src":"https:\/\/i0.wp.com\/lasprimeras.com.do\/wp-content\/uploads\/2023\/11\/WhatsApp-Image-2023-10-31-at-11.41.17-AM-6.jpeg?resize=350%2C200&ssl=1","width":350,"height":200,"srcset":"https:\/\/i0.wp.com\/lasprimeras.com.do\/wp-content\/uploads\/2023\/11\/WhatsApp-Image-2023-10-31-at-11.41.17-AM-6.jpeg?resize=350%2C200&ssl=1 1x, https:\/\/i0.wp.com\/lasprimeras.com.do\/wp-content\/uploads\/2023\/11\/WhatsApp-Image-2023-10-31-at-11.41.17-AM-6.jpeg?resize=525%2C300&ssl=1 1.5x"},"classes":[]}],"jetpack_sharing_enabled":true,"_links":{"self":[{"href":"https:\/\/lasprimeras.com.do\/index.php\/wp-json\/wp\/v2\/posts\/62929","targetHints":{"allow":["GET"]}}],"collection":[{"href":"https:\/\/lasprimeras.com.do\/index.php\/wp-json\/wp\/v2\/posts"}],"about":[{"href":"https:\/\/lasprimeras.com.do\/index.php\/wp-json\/wp\/v2\/types\/post"}],"author":[{"embeddable":true,"href":"https:\/\/lasprimeras.com.do\/index.php\/wp-json\/wp\/v2\/users\/2"}],"replies":[{"embeddable":true,"href":"https:\/\/lasprimeras.com.do\/index.php\/wp-json\/wp\/v2\/comments?post=62929"}],"version-history":[{"count":1,"href":"https:\/\/lasprimeras.com.do\/index.php\/wp-json\/wp\/v2\/posts\/62929\/revisions"}],"predecessor-version":[{"id":62940,"href":"https:\/\/lasprimeras.com.do\/index.php\/wp-json\/wp\/v2\/posts\/62929\/revisions\/62940"}],"wp:featuredmedia":[{"embeddable":true,"href":"https:\/\/lasprimeras.com.do\/index.php\/wp-json\/wp\/v2\/media\/62939"}],"wp:attachment":[{"href":"https:\/\/lasprimeras.com.do\/index.php\/wp-json\/wp\/v2\/media?parent=62929"}],"wp:term":[{"taxonomy":"category","embeddable":true,"href":"https:\/\/lasprimeras.com.do\/index.php\/wp-json\/wp\/v2\/categories?post=62929"},{"taxonomy":"post_tag","embeddable":true,"href":"https:\/\/lasprimeras.com.do\/index.php\/wp-json\/wp\/v2\/tags?post=62929"}],"curies":[{"name":"wp","href":"https:\/\/api.w.org\/{rel}","templated":true}]}}