{"id":62936,"date":"2023-10-09T08:02:33","date_gmt":"2023-10-09T12:02:33","guid":{"rendered":"https:\/\/lasprimeras.com.do\/?p=62936"},"modified":"2023-10-09T08:02:35","modified_gmt":"2023-10-09T12:02:35","slug":"abogado-de-pilarte-presenta-su-defensa","status":"publish","type":"post","link":"https:\/\/lasprimeras.com.do\/index.php\/2023\/10\/09\/abogado-de-pilarte-presenta-su-defensa\/","title":{"rendered":"Abogado de Pilarte presenta su defensa"},"content":{"rendered":"\n<p>Santo Domingo.-Los abogados de la diputada, Rosa Amelia Pilarte, presenta hoy su defensa ante el juez de la Instrucci\u00f3n Especial de la Suprema Corte de Justicia (SCJ), Napole\u00f3n Est\u00e9vez, sobre la acusaci\u00f3n que la vincula a la red de lavado de activos proveniente de narcotr\u00e1fico, que lidera su esposo, Miguel L\u00f3pez Florencio (Micky L\u00f3pez).<\/p>\n\n\n\n<p>El Ministerio P\u00fablico ase gura que la legisladora, junto a su esposo, creo un entramado societario para movilizar m\u00e1s de RD$4,000 millones en el sistema financiero.<\/p>\n\n\n\n<p>Asimismo, los miembros del Ministerio P\u00fablico, que encabeza Pedro Amador, plantearon en el Alto Tribunal que la diputada por La Vega, y su esposo, utilizaron de manera directa o indirecta a pesos y empresas para lavar el dinero obtenido de narcotr\u00e1fico mediante pr\u00e9stamos millonarios con el objetivo de colocarlos al sistema financiero.<\/p>\n\n\n\n<p>Pilarte L\u00f3pez, varios productos bancarios que se utilizaron para ocular origen real de los fondos procedente del tr\u00e1fico il\u00edcito de drogas de la red criminal.<\/p>\n","protected":false},"excerpt":{"rendered":"<p>Santo Domingo.-Los abogados de la diputada, Rosa Amelia Pilarte, presenta hoy su defensa ante el juez de la Instrucci\u00f3n Especial de la Suprema Corte de Justicia (SCJ), Napole\u00f3n Est\u00e9vez, sobre&hellip;<\/p>\n","protected":false},"author":3,"featured_media":62937,"comment_status":"open","ping_status":"open","sticky":false,"template":"","format":"standard","meta":{"content-type":"","jetpack_post_was_ever_published":false,"_jetpack_newsletter_access":"","_jetpack_dont_email_post_to_subs":false,"_jetpack_newsletter_tier_id":0,"_jetpack_memberships_contains_paywalled_content":false,"_jetpack_memberships_contains_paid_content":false,"footnotes":""},"categories":[35],"tags":[],"class_list":["post-62936","post","type-post","status-publish","format-standard","has-post-thumbnail","hentry","category-nacionales"],"jetpack_featured_media_url":"https:\/\/lasprimeras.com.do\/wp-content\/uploads\/2023\/10\/WhatsApp-Image-2023-10-09-at-7.44.34-AM.jpeg","jetpack-related-posts":[{"id":61945,"url":"https:\/\/lasprimeras.com.do\/index.php\/2023\/10\/02\/juez-inicia-hoy-el-caso-a-la-diputada-pilarte\/","url_meta":{"origin":62936,"position":0},"title":"Juez inicia hoy el caso a la diputada Pilarte","author":"BIMARY DE JES\u00daS Matos","date":"2 de octubre de 2023","format":false,"excerpt":"SANTO DOMINGO.- El juez de la Instrucci\u00f3n Especial de la Suprema Corte (SCJ), Napole\u00f3n Est\u00e9vez, tratar\u00e1 de iniciar audiencia preliminar a la diputada Rosa Amalia Pilarte, acusada de integrar red de lavado de activos provenientes del narcotr\u00e1fico, encabeza su esposo Miguel L\u00f3pez Florencio (Micky L\u00f3pez). La legisladora deber\u00e1 demostrar, mediante\u2026","rel":"","context":"En \u00abNACIONALES\u00bb","block_context":{"text":"NACIONALES","link":"https:\/\/lasprimeras.com.do\/index.php\/category\/nacionales\/"},"img":{"alt_text":"","src":"","width":0,"height":0},"classes":[]},{"id":56604,"url":"https:\/\/lasprimeras.com.do\/index.php\/2023\/08\/03\/diputada-del-prm-rosa-pilarte-acusada-por-lavado-de-activos-provenientes-del-narcotrafico\/","url_meta":{"origin":62936,"position":1},"title":"Diputada del PRM Rosa Pilarte acusada por lavado de activos provenientes del narcotr\u00e1fico","author":"Nelson Feliz","date":"3 de agosto de 2023","format":false,"excerpt":"El Ministerio P\u00fablico deposit\u00f3 en la Suprema Corte de Justicia la acusaci\u00f3n por lavado de activos provenientes del narcotr\u00e1fico contra la diputada Rosa Amalia Pilarte. Por el privilegio de jurisdicci\u00f3n que le asigna el ordenamiento jur\u00eddico nacional en su condici\u00f3n de diputada, su proceso se conocer\u00e1 en la Suprema Corte\u2026","rel":"","context":"En \u00abJUSTICIA\u00bb","block_context":{"text":"JUSTICIA","link":"https:\/\/lasprimeras.com.do\/index.php\/category\/justicia\/"},"img":{"alt_text":"Rosa Pilarte","src":"https:\/\/i0.wp.com\/lasprimeras.com.do\/wp-content\/uploads\/2023\/08\/Rosa-Pilarte.jpg?resize=350%2C200&ssl=1","width":350,"height":200},"classes":[]},{"id":63071,"url":"https:\/\/lasprimeras.com.do\/index.php\/2023\/10\/10\/juez-se-reserva-fallo-en-proceso-a-diputada\/","url_meta":{"origin":62936,"position":2},"title":"Juez se reserva fallo en proceso a diputada","author":"BIMARY DE JES\u00daS Matos","date":"10 de octubre de 2023","format":false,"excerpt":"Santo Domingo.\u2013 El Ministerio P\u00fablico opin\u00f3 ayer que la diputada Rosa Amelia Pilarte, acusada de integrar la red de lavado de activos producto de narcotr\u00e1fico que se le atribuye a su esposo, Miguel L\u00f3pez (Micky L\u00f3pez), ser\u00e1 enviada a juicio. As\u00ed lo expres\u00f3 el procurador adjunto Pedro Amador al salir\u2026","rel":"","context":"En \u00abPORTADA\u00bb","block_context":{"text":"PORTADA","link":"https:\/\/lasprimeras.com.do\/index.php\/category\/portada\/"},"img":{"alt_text":"","src":"","width":0,"height":0},"classes":[]},{"id":56664,"url":"https:\/\/lasprimeras.com.do\/index.php\/2023\/08\/03\/depositan-acusacion-contra-diputada-rosa-pilarte-investigada-por-lavado-de-activos\/","url_meta":{"origin":62936,"position":3},"title":"Depositan acusaci\u00f3n contra diputada Rosa Pilarte, investigada por lavado de activos","author":"Nelson Feliz","date":"3 de agosto de 2023","format":false,"excerpt":"El Ministerio P\u00fablico deposit\u00f3 en la Suprema Corte de Justicia la acusaci\u00f3n por lavado de activos provenientes del narcotr\u00e1fico contra la diputada por el Partido Revolucionario Moderno (PRM), Rosa Amalia Pilarte. Por el privilegio de jurisdicci\u00f3n que le asigna el ordenamiento jur\u00eddico nacional en su condici\u00f3n de diputada, su proceso\u2026","rel":"","context":"En \u00abJUSTICIA\u00bb","block_context":{"text":"JUSTICIA","link":"https:\/\/lasprimeras.com.do\/index.php\/category\/justicia\/"},"img":{"alt_text":"Rosa Amalia Pilarte","src":"https:\/\/i0.wp.com\/lasprimeras.com.do\/wp-content\/uploads\/2023\/08\/Rosa-Amalia-Pilarte.jpg?resize=350%2C200&ssl=1","width":350,"height":200,"srcset":"https:\/\/i0.wp.com\/lasprimeras.com.do\/wp-content\/uploads\/2023\/08\/Rosa-Amalia-Pilarte.jpg?resize=350%2C200&ssl=1 1x, https:\/\/i0.wp.com\/lasprimeras.com.do\/wp-content\/uploads\/2023\/08\/Rosa-Amalia-Pilarte.jpg?resize=525%2C300&ssl=1 1.5x, https:\/\/i0.wp.com\/lasprimeras.com.do\/wp-content\/uploads\/2023\/08\/Rosa-Amalia-Pilarte.jpg?resize=700%2C400&ssl=1 2x"},"classes":[]},{"id":108291,"url":"https:\/\/lasprimeras.com.do\/index.php\/2025\/09\/04\/corte-aun-no-fija-fecha-para-conocer-recurso-contra-decision-que-extinguio-proceso-a-micky-lopez\/","url_meta":{"origin":62936,"position":4},"title":"Corte a\u00fan no fija fecha para conocer recurso contra decisi\u00f3n que extingui\u00f3 proceso a Micky L\u00f3pez","author":"Nelson Feliz","date":"4 de septiembre de 2025","format":false,"excerpt":"El Tribunal Colegiado de La Vega hab\u00eda puesto fin al juicio de Lopez alegando una dilaci\u00f3n procesal excesiva del parte del Ministerio P\u00fablico. La Corte de Apelaci\u00f3n del distrito judicial de La Vega todav\u00eda no ha fijado fecha para conocer el recurso interpuesto por el Ministerio P\u00fablico, con el que\u2026","rel":"","context":"En \u00abJUSTICIA\u00bb","block_context":{"text":"JUSTICIA","link":"https:\/\/lasprimeras.com.do\/index.php\/category\/justicia\/"},"img":{"alt_text":"","src":"https:\/\/i0.wp.com\/lasprimeras.com.do\/wp-content\/uploads\/2025\/09\/Miguel-Arturo-Lopez-Florencio.jpg?resize=350%2C200&ssl=1","width":350,"height":200,"srcset":"https:\/\/i0.wp.com\/lasprimeras.com.do\/wp-content\/uploads\/2025\/09\/Miguel-Arturo-Lopez-Florencio.jpg?resize=350%2C200&ssl=1 1x, https:\/\/i0.wp.com\/lasprimeras.com.do\/wp-content\/uploads\/2025\/09\/Miguel-Arturo-Lopez-Florencio.jpg?resize=525%2C300&ssl=1 1.5x, https:\/\/i0.wp.com\/lasprimeras.com.do\/wp-content\/uploads\/2025\/09\/Miguel-Arturo-Lopez-Florencio.jpg?resize=700%2C400&ssl=1 2x"},"classes":[]},{"id":59269,"url":"https:\/\/lasprimeras.com.do\/index.php\/2023\/08\/01\/diputada-rosa-amalia-pilarte-anuncia-que-se-retira-de-la-politica\/","url_meta":{"origin":62936,"position":5},"title":"Diputada Rosa Amalia Pilarte anuncia que se retira de la pol\u00edtica","author":"Nelson Feliz","date":"1 de agosto de 2023","format":false,"excerpt":"Ante acusaciones de lavado de activos provenientes del narcotr\u00e1fico, rechaz\u00f3 las imputaciones y afirma que fortuna es producto de largas horas de trabajo. La diputada perreme\u00edsta de La Vega, Rosa Amalia Pilarte L\u00f3pez, asegur\u00f3 hoy que son falsas las acusaciones que le hace el Ministerio P\u00fablico de lavar m\u00e1s de\u2026","rel":"","context":"En \u00abSin categor\u00eda\u00bb","block_context":{"text":"Sin categor\u00eda","link":"https:\/\/lasprimeras.com.do\/index.php\/category\/sin-categoria\/"},"img":{"alt_text":"","src":"https:\/\/i0.wp.com\/lasprimeras.com.do\/wp-content\/uploads\/2023\/09\/Rosa-Amalia-Pilarte-Lopez.jpg?resize=350%2C200&ssl=1","width":350,"height":200,"srcset":"https:\/\/i0.wp.com\/lasprimeras.com.do\/wp-content\/uploads\/2023\/09\/Rosa-Amalia-Pilarte-Lopez.jpg?resize=350%2C200&ssl=1 1x, https:\/\/i0.wp.com\/lasprimeras.com.do\/wp-content\/uploads\/2023\/09\/Rosa-Amalia-Pilarte-Lopez.jpg?resize=525%2C300&ssl=1 1.5x, https:\/\/i0.wp.com\/lasprimeras.com.do\/wp-content\/uploads\/2023\/09\/Rosa-Amalia-Pilarte-Lopez.jpg?resize=700%2C400&ssl=1 2x"},"classes":[]}],"jetpack_sharing_enabled":true,"_links":{"self":[{"href":"https:\/\/lasprimeras.com.do\/index.php\/wp-json\/wp\/v2\/posts\/62936","targetHints":{"allow":["GET"]}}],"collection":[{"href":"https:\/\/lasprimeras.com.do\/index.php\/wp-json\/wp\/v2\/posts"}],"about":[{"href":"https:\/\/lasprimeras.com.do\/index.php\/wp-json\/wp\/v2\/types\/post"}],"author":[{"embeddable":true,"href":"https:\/\/lasprimeras.com.do\/index.php\/wp-json\/wp\/v2\/users\/3"}],"replies":[{"embeddable":true,"href":"https:\/\/lasprimeras.com.do\/index.php\/wp-json\/wp\/v2\/comments?post=62936"}],"version-history":[{"count":1,"href":"https:\/\/lasprimeras.com.do\/index.php\/wp-json\/wp\/v2\/posts\/62936\/revisions"}],"predecessor-version":[{"id":62938,"href":"https:\/\/lasprimeras.com.do\/index.php\/wp-json\/wp\/v2\/posts\/62936\/revisions\/62938"}],"wp:featuredmedia":[{"embeddable":true,"href":"https:\/\/lasprimeras.com.do\/index.php\/wp-json\/wp\/v2\/media\/62937"}],"wp:attachment":[{"href":"https:\/\/lasprimeras.com.do\/index.php\/wp-json\/wp\/v2\/media?parent=62936"}],"wp:term":[{"taxonomy":"category","embeddable":true,"href":"https:\/\/lasprimeras.com.do\/index.php\/wp-json\/wp\/v2\/categories?post=62936"},{"taxonomy":"post_tag","embeddable":true,"href":"https:\/\/lasprimeras.com.do\/index.php\/wp-json\/wp\/v2\/tags?post=62936"}],"curies":[{"name":"wp","href":"https:\/\/api.w.org\/{rel}","templated":true}]}}