{"id":62966,"date":"2023-10-09T13:01:47","date_gmt":"2023-10-09T17:01:47","guid":{"rendered":"https:\/\/lasprimeras.com.do\/?p=62966"},"modified":"2023-10-09T13:01:48","modified_gmt":"2023-10-09T17:01:48","slug":"explosion-en-apartamento-de-la-jacobo-majluta-deja-una-mujer-herida-y-destrozos","status":"publish","type":"post","link":"https:\/\/lasprimeras.com.do\/index.php\/2023\/10\/09\/explosion-en-apartamento-de-la-jacobo-majluta-deja-una-mujer-herida-y-destrozos\/","title":{"rendered":"Explosi\u00f3n en apartamento de la Jacobo Majluta deja una mujer herida y destrozos"},"content":{"rendered":"\n<p>Una aparente acumulaci\u00f3n de gas dentro de un apartamento en el Residencial Bienaventuranzas Norte, en el municipio Santo Domingo Norte, caus\u00f3 quemaduras leves y algunos golpes a una mujer, as\u00ed como cuantiosos da\u00f1os y un gran susto a los residentes en el complejo.<\/p>\n\n\n\n<p>El incidente ocurri\u00f3 alrededor de las 5:00 de la ma\u00f1ana cuando la profesora Simona de Los Santos, residente del apartamento 101 del edificio 2 de la manzana A, se levant\u00f3 para preparar el desayuno.<\/p>\n\n\n\n<p>&#8220;Yo estaba durmiendo; mi esposa se levant\u00f3 a hacer el desayuno, abri\u00f3 la puerta de la nevera y revent\u00f3 (la nevera). No me di cuenta de m\u00e1s nada&#8221;, dijo Di\u00f3genes Amparo, quien se encontraba en una de las habitaciones del apartamento en el momento de la explosi\u00f3n.<\/p>\n\n\n\n<p>La magnitud de la explosi\u00f3n provoc\u00f3 que todas las puertas del apartamento, as\u00ed como las ventanas y verjas met\u00e1licas del balc\u00f3n frontal se desprendieran, causando rotura de cristales y abolladuras en tres veh\u00edculos estacionados.<\/p>\n\n\n\n<p>Tanto la nevera como otros objetos de la vivienda fueron destruidos por el suceso, lo que gener\u00f3 un gran susto en el vecindario y algunos da\u00f1os en los apartamentos contiguos.<\/p>\n\n\n\n<p>Miembros del Cuerpo de Bomberos de Santo Domingo Norte acudieron al lugar y anunciaron que est\u00e1n iniciando una investigaci\u00f3n para determinar las causas del incidente.<\/p>\n\n\n\n<p>Simona de Los Santos fue trasladada a un centro de salud por una unidad del Sistema Nacional de Atenci\u00f3n a Emergencias y Seguridad 911, sin sufrir lesiones graves, seg\u00fan se inform\u00f3.<\/p>\n\n\n\n<p>Fuente Diario Libre<\/p>\n","protected":false},"excerpt":{"rendered":"<p>Una aparente acumulaci\u00f3n de gas dentro de un apartamento en el Residencial Bienaventuranzas Norte, en el municipio Santo Domingo Norte, caus\u00f3 quemaduras leves y algunos golpes a una mujer, as\u00ed&hellip;<\/p>\n","protected":false},"author":2,"featured_media":62967,"comment_status":"open","ping_status":"open","sticky":false,"template":"","format":"standard","meta":{"content-type":"","jetpack_post_was_ever_published":false,"_jetpack_newsletter_access":"","_jetpack_dont_email_post_to_subs":false,"_jetpack_newsletter_tier_id":0,"_jetpack_memberships_contains_paywalled_content":false,"_jetpack_memberships_contains_paid_content":false,"footnotes":""},"categories":[35],"tags":[4606,8362,1109,2212,1163,429],"class_list":["post-62966","post","type-post","status-publish","format-standard","has-post-thumbnail","hentry","category-nacionales","tag-apartamento","tag-destrozos","tag-explosion","tag-herida","tag-jacobo-majluta","tag-mujer"],"jetpack_featured_media_url":"https:\/\/lasprimeras.com.do\/wp-content\/uploads\/2023\/10\/Residencial-Bienaventuranzas-Norte.jpg","jetpack-related-posts":[{"id":58044,"url":"https:\/\/lasprimeras.com.do\/index.php\/2023\/08\/18\/muere-mujer-que-resulto-afectada-por-explosion-en-punta-cana\/","url_meta":{"origin":62966,"position":0},"title":"Muere mujer que result\u00f3 afectada por explosi\u00f3n en Punta Cana","author":"Nelson Feliz","date":"18 de agosto de 2023","format":false,"excerpt":"Eillen Mendez de Mella, la joven que junto a su esposo Luis Andr\u00e9s Mella y el hijo de ambos, Lucas Mella, result\u00f3 con heridas tras una explosi\u00f3n en un apartamento en Punta Cana, el pasado mes de julio, falleci\u00f3 este viernes, seg\u00fan informaron sus familiares. \u201cCon mucha tristeza, les informo\u2026","rel":"","context":"En \u00abNACIONALES\u00bb","block_context":{"text":"NACIONALES","link":"https:\/\/lasprimeras.com.do\/index.php\/category\/nacionales\/"},"img":{"alt_text":"Eillen Mendez de Mella","src":"https:\/\/i0.wp.com\/lasprimeras.com.do\/wp-content\/uploads\/2023\/08\/Eillen.jpeg?resize=350%2C200&ssl=1","width":350,"height":200,"srcset":"https:\/\/i0.wp.com\/lasprimeras.com.do\/wp-content\/uploads\/2023\/08\/Eillen.jpeg?resize=350%2C200&ssl=1 1x, https:\/\/i0.wp.com\/lasprimeras.com.do\/wp-content\/uploads\/2023\/08\/Eillen.jpeg?resize=525%2C300&ssl=1 1.5x, https:\/\/i0.wp.com\/lasprimeras.com.do\/wp-content\/uploads\/2023\/08\/Eillen.jpeg?resize=700%2C400&ssl=1 2x"},"classes":[]},{"id":56689,"url":"https:\/\/lasprimeras.com.do\/index.php\/2023\/08\/03\/nino-afectado-por-explosion-en-apartamento-de-punta-cana-presenta-mejoria\/","url_meta":{"origin":62966,"position":1},"title":"Ni\u00f1o afectado por explosi\u00f3n en apartamento de Punta Cana presenta mejor\u00eda","author":"Nelson Feliz","date":"3 de agosto de 2023","format":false,"excerpt":"As\u00ed lo inform\u00f3 la madre de Luis Andr\u00e9s, el padre del infante, a trav\u00e9s de una historia en su cuenta de Instagram. El ni\u00f1o de un a\u00f1o y dos meses de edad que result\u00f3 afectado junto a sus padres durante una explosi\u00f3n en su apartamento en Punta Cana, provincia de\u2026","rel":"","context":"En \u00abNACIONALES\u00bb","block_context":{"text":"NACIONALES","link":"https:\/\/lasprimeras.com.do\/index.php\/category\/nacionales\/"},"img":{"alt_text":"","src":"https:\/\/i0.wp.com\/lasprimeras.com.do\/wp-content\/uploads\/2023\/08\/explosion-punta-cana-3719e2d4-focus-0-0-896-504.jpg?resize=350%2C200&ssl=1","width":350,"height":200,"srcset":"https:\/\/i0.wp.com\/lasprimeras.com.do\/wp-content\/uploads\/2023\/08\/explosion-punta-cana-3719e2d4-focus-0-0-896-504.jpg?resize=350%2C200&ssl=1 1x, https:\/\/i0.wp.com\/lasprimeras.com.do\/wp-content\/uploads\/2023\/08\/explosion-punta-cana-3719e2d4-focus-0-0-896-504.jpg?resize=525%2C300&ssl=1 1.5x, https:\/\/i0.wp.com\/lasprimeras.com.do\/wp-content\/uploads\/2023\/08\/explosion-punta-cana-3719e2d4-focus-0-0-896-504.jpg?resize=700%2C400&ssl=1 2x"},"classes":[]},{"id":65533,"url":"https:\/\/lasprimeras.com.do\/index.php\/2023\/10\/29\/apresan-hombre-acusado-de-homicidio-de-una-mujer-en-santo-domingo-norte\/","url_meta":{"origin":62966,"position":2},"title":"Apresan hombre acusado de homicidio de una mujer en Santo Domingo Norte","author":"Nelson Feliz","date":"29 de octubre de 2023","format":false,"excerpt":"Por Martin Restituyo Agentes policiales de servicio en el municipio de Santo Domingo Norte, apresaron a un hombre requerido por la justicia por su presunta implicaci\u00f3n en la muerte de una mujer, a causa de herida corto punzante, el 18 de agosto del a\u00f1o en curso, cuyo cuerpo fue encontrado\u2026","rel":"","context":"En \u00abMILITARES\u00bb","block_context":{"text":"MILITARES","link":"https:\/\/lasprimeras.com.do\/index.php\/category\/militares\/"},"img":{"alt_text":"preso-celda","src":"https:\/\/i0.wp.com\/lasprimeras.com.do\/wp-content\/uploads\/2023\/06\/preso-celda.jpg?resize=350%2C200&ssl=1","width":350,"height":200,"srcset":"https:\/\/i0.wp.com\/lasprimeras.com.do\/wp-content\/uploads\/2023\/06\/preso-celda.jpg?resize=350%2C200&ssl=1 1x, https:\/\/i0.wp.com\/lasprimeras.com.do\/wp-content\/uploads\/2023\/06\/preso-celda.jpg?resize=525%2C300&ssl=1 1.5x, https:\/\/i0.wp.com\/lasprimeras.com.do\/wp-content\/uploads\/2023\/06\/preso-celda.jpg?resize=700%2C400&ssl=1 2x"},"classes":[]},{"id":74317,"url":"https:\/\/lasprimeras.com.do\/index.php\/2024\/01\/22\/mueren-intoxicados-por-fumigacion-una-mujer-y-su-bebe-en-piantini\/","url_meta":{"origin":62966,"position":3},"title":"Mueren intoxicados por fumigaci\u00f3n una mujer y su beb\u00e9 en Piantini","author":"Nelson Feliz","date":"22 de enero de 2024","format":false,"excerpt":"-Hay una tercera persona ingresada en cuidados intensivos. Una mujer y su beb\u00e9 de dos meses fallecieron la ma\u00f1ana de este domingo como consecuencia de una fumigaci\u00f3n en un apartamento de una torre en el sector Piantini, de esta capital. La mujer fue identificada como Adelle Ruiz Le\u00f3n, mientras que\u2026","rel":"","context":"En \u00abNACIONALES\u00bb","block_context":{"text":"NACIONALES","link":"https:\/\/lasprimeras.com.do\/index.php\/category\/nacionales\/"},"img":{"alt_text":"Personas se consuelan en la torre Da Silva 3 luego de la muerte de una mujer y su beb\u00e9 por una fumigaci\u00f3n en un apartamento. (DIARIO LIBRE\/KEVIN RIVAS)","src":"https:\/\/i0.wp.com\/lasprimeras.com.do\/wp-content\/uploads\/2024\/01\/mueren.jpg?resize=350%2C200&ssl=1","width":350,"height":200,"srcset":"https:\/\/i0.wp.com\/lasprimeras.com.do\/wp-content\/uploads\/2024\/01\/mueren.jpg?resize=350%2C200&ssl=1 1x, https:\/\/i0.wp.com\/lasprimeras.com.do\/wp-content\/uploads\/2024\/01\/mueren.jpg?resize=525%2C300&ssl=1 1.5x, https:\/\/i0.wp.com\/lasprimeras.com.do\/wp-content\/uploads\/2024\/01\/mueren.jpg?resize=700%2C400&ssl=1 2x"},"classes":[]},{"id":49496,"url":"https:\/\/lasprimeras.com.do\/index.php\/2023\/05\/11\/edeeste-informa-sobre-interrupcion-de-la-energia-jueves-y-viernes-en-la-jacobo-majluta-por-trabajos\/","url_meta":{"origin":62966,"position":4},"title":"Edeeste informa sobre interrupci\u00f3n de la energ\u00eda jueves y viernes en la Jacobo Majluta por trabajos","author":"prenxa100","date":"11 de mayo de 2023","format":false,"excerpt":"Los trabajos constituyen la primera etapa del proyecto de repotenciaci\u00f3n de la Subestaci\u00f3n BNV, en Santo Domingo Norte. Santo Domingo, RD.-. La Empresa Distribuidora de Electricidad del Este (Edeeste) inform\u00f3 que estar\u00e1 realizando los d\u00edas jueves y viernes en la avenida Jacobo Majluta (en Santo Domingo Norte) y \u00e1reas circunvecinas\u2026","rel":"","context":"En \u00abNACIONALES\u00bb","block_context":{"text":"NACIONALES","link":"https:\/\/lasprimeras.com.do\/index.php\/category\/nacionales\/"},"img":{"alt_text":"","src":"","width":0,"height":0},"classes":[]},{"id":73159,"url":"https:\/\/lasprimeras.com.do\/index.php\/2024\/01\/06\/implicados-en-operacion-nido-ofertaban-apartamentos-por-plataformas-digitales-y-vallas-publicitarias\/","url_meta":{"origin":62966,"position":5},"title":"Implicados en Operaci\u00f3n Nido ofertaban apartamentos por plataformas digitales y vallas publicitarias","author":"BIMARY DE JES\u00daS Matos","date":"6 de enero de 2024","format":false,"excerpt":"Santo Domingo.-Algunas v\u00edctimas de la Operaci\u00f3n Nido, una red que ofertaba viviendas a trav\u00e9s de proyectos inmobiliarios, se enteraron de la venta de estos apartamentos mediante vallas publicitarias y plataformas digitales. Fernanda Sena, residente en Santo Domingo Este, detall\u00f3 a este medio que se vio motivada a adquirir un apartamento\u2026","rel":"","context":"En \u00abPORTADA\u00bb","block_context":{"text":"PORTADA","link":"https:\/\/lasprimeras.com.do\/index.php\/category\/portada\/"},"img":{"alt_text":"","src":"https:\/\/i0.wp.com\/lasprimeras.com.do\/wp-content\/uploads\/2024\/01\/WhatsApp-Image-2024-01-06-at-1.25.01-PM.jpeg?resize=350%2C200&ssl=1","width":350,"height":200,"srcset":"https:\/\/i0.wp.com\/lasprimeras.com.do\/wp-content\/uploads\/2024\/01\/WhatsApp-Image-2024-01-06-at-1.25.01-PM.jpeg?resize=350%2C200&ssl=1 1x, https:\/\/i0.wp.com\/lasprimeras.com.do\/wp-content\/uploads\/2024\/01\/WhatsApp-Image-2024-01-06-at-1.25.01-PM.jpeg?resize=525%2C300&ssl=1 1.5x"},"classes":[]}],"jetpack_sharing_enabled":true,"_links":{"self":[{"href":"https:\/\/lasprimeras.com.do\/index.php\/wp-json\/wp\/v2\/posts\/62966","targetHints":{"allow":["GET"]}}],"collection":[{"href":"https:\/\/lasprimeras.com.do\/index.php\/wp-json\/wp\/v2\/posts"}],"about":[{"href":"https:\/\/lasprimeras.com.do\/index.php\/wp-json\/wp\/v2\/types\/post"}],"author":[{"embeddable":true,"href":"https:\/\/lasprimeras.com.do\/index.php\/wp-json\/wp\/v2\/users\/2"}],"replies":[{"embeddable":true,"href":"https:\/\/lasprimeras.com.do\/index.php\/wp-json\/wp\/v2\/comments?post=62966"}],"version-history":[{"count":1,"href":"https:\/\/lasprimeras.com.do\/index.php\/wp-json\/wp\/v2\/posts\/62966\/revisions"}],"predecessor-version":[{"id":62968,"href":"https:\/\/lasprimeras.com.do\/index.php\/wp-json\/wp\/v2\/posts\/62966\/revisions\/62968"}],"wp:featuredmedia":[{"embeddable":true,"href":"https:\/\/lasprimeras.com.do\/index.php\/wp-json\/wp\/v2\/media\/62967"}],"wp:attachment":[{"href":"https:\/\/lasprimeras.com.do\/index.php\/wp-json\/wp\/v2\/media?parent=62966"}],"wp:term":[{"taxonomy":"category","embeddable":true,"href":"https:\/\/lasprimeras.com.do\/index.php\/wp-json\/wp\/v2\/categories?post=62966"},{"taxonomy":"post_tag","embeddable":true,"href":"https:\/\/lasprimeras.com.do\/index.php\/wp-json\/wp\/v2\/tags?post=62966"}],"curies":[{"name":"wp","href":"https:\/\/api.w.org\/{rel}","templated":true}]}}