{"id":62981,"date":"2023-10-09T14:03:58","date_gmt":"2023-10-09T18:03:58","guid":{"rendered":"https:\/\/lasprimeras.com.do\/?p=62981"},"modified":"2023-10-09T14:04:00","modified_gmt":"2023-10-09T18:04:00","slug":"paulina-rubio-pone-en-agenda-a-republica-dominicana-con-su-camino-golden-hits-tour","status":"publish","type":"post","link":"https:\/\/lasprimeras.com.do\/index.php\/2023\/10\/09\/paulina-rubio-pone-en-agenda-a-republica-dominicana-con-su-camino-golden-hits-tour\/","title":{"rendered":"Paulina Rubio pone en agenda a Rep\u00fablica Dominicana con su \u201cCamino Golden Hits Tour\u201d"},"content":{"rendered":"\n<p>Santo Domingo.-La cantante mexicana Paulina Rubio presentar\u00e1 su espect\u00e1culo &#8220;Camino Golden Hits Tour\u201d el 1 de marzo de 2024 en el Teatro La Fiesta del Hotel Jaragua.<\/p>\n\n\n\n<p>En la actualidad, la cantante de \u201cNi una sola palabra\u201d, \u201cCon todos menos conmigo\u201d, \u201cYo no soy esa mujer\u201d y \u201cEl \u00faltimo adi\u00f3s\u201d se encuentra inmersa en esta gira por diferentes partes de Estados Unidos y Centroam\u00e9rica, la cual ha sido aplaudida por su fanaticada<\/p>\n\n\n\n<p>&#8220;La Chica Dorada&#8221;, como se le conoce en el medio art\u00edstico, es una de las artistas internacionales m\u00e1s exitosas de la historia del pop actual.<\/p>\n\n\n\n<p>El productor art\u00edstico Eduardo Dur\u00e1n, de ED Live inform\u00f3 que la Chica Dorada repasar\u00e1 los \u00e9xitos de sus cuatro d\u00e9cadas de trayectoria.<\/p>\n\n\n\n<p>Paulina Rubio, nominada a dos premios Grammy, inici\u00f3 su carrera musical siendo apenas una ni\u00f1a a principios de la d\u00e9cada de 1980, como integrante original del ic\u00f3nico grupo juvenil Timbiriche.<\/p>\n","protected":false},"excerpt":{"rendered":"<p>Santo Domingo.-La cantante mexicana Paulina Rubio presentar\u00e1 su espect\u00e1culo &#8220;Camino Golden Hits Tour\u201d el 1 de marzo de 2024 en el Teatro La Fiesta del Hotel Jaragua. En la actualidad,&hellip;<\/p>\n","protected":false},"author":3,"featured_media":62982,"comment_status":"open","ping_status":"open","sticky":false,"template":"","format":"standard","meta":{"content-type":"","jetpack_post_was_ever_published":false,"_jetpack_newsletter_access":"","_jetpack_dont_email_post_to_subs":false,"_jetpack_newsletter_tier_id":0,"_jetpack_memberships_contains_paywalled_content":false,"_jetpack_memberships_contains_paid_content":false,"footnotes":""},"categories":[84],"tags":[],"class_list":["post-62981","post","type-post","status-publish","format-standard","has-post-thumbnail","hentry","category-entretenimiento"],"jetpack_featured_media_url":"https:\/\/lasprimeras.com.do\/wp-content\/uploads\/2023\/10\/WhatsApp-Image-2023-10-09-at-11.49.50-AM-3.jpeg","jetpack-related-posts":[{"id":70414,"url":"https:\/\/lasprimeras.com.do\/index.php\/2023\/12\/11\/karol-g-cerrara-su-gira-europea-manana-sera-bonito-tour\/","url_meta":{"origin":62981,"position":0},"title":"Karol G cerrar\u00e1 su gira europea &#8220;Ma\u00f1ana Ser\u00e1 Bonito Tour&#8221;","author":"BIMARY DE JES\u00daS Matos","date":"11 de diciembre de 2023","format":false,"excerpt":"Santo Domingo.-La artista colombiana Karol G cerrar\u00e1 sus actuaciones en Europa con un concierto en Madrid el pr\u00f3ximo 20 de julio, despu\u00e9s de actuar en varias ciudades europeas con su nueva gira, \u2018Ma\u00f1ana Ser\u00e1 Bonito Tour\u2019. El concierto de Madrid ser\u00e1 el \u00fanico en Espa\u00f1a, seg\u00fan anunci\u00f3 este lunes su\u2026","rel":"","context":"En \u00abENTRETENIMIENTO\u00bb","block_context":{"text":"ENTRETENIMIENTO","link":"https:\/\/lasprimeras.com.do\/index.php\/category\/entretenimiento\/"},"img":{"alt_text":"","src":"","width":0,"height":0},"classes":[]},{"id":65718,"url":"https:\/\/lasprimeras.com.do\/index.php\/2023\/10\/31\/rosario-flores-traera-un-nuevo-espectaculo-a-republica-dominicana\/","url_meta":{"origin":62981,"position":1},"title":"Rosario Flores traer\u00e1 un nuevo espect\u00e1culo a Rep\u00fablica Dominicana","author":"BIMARY DE JES\u00daS Matos","date":"31 de octubre de 2023","format":false,"excerpt":"Santo Domingo.-La cantante y compositora espa\u00f1ola Rosario Flores retorna con toda la energ\u00eda y carisma gitana que la caracteriza, con su nuevo espect\u00e1culo \u00abLo mejor de m\u00ed tour 2023\u00bb, a presentarse el pr\u00f3ximo 15 de diciembre en la sala principal del Teatro Nacional Eduardo Brito a las 8:30 de la\u2026","rel":"","context":"En \u00abENTRETENIMIENTO\u00bb","block_context":{"text":"ENTRETENIMIENTO","link":"https:\/\/lasprimeras.com.do\/index.php\/category\/entretenimiento\/"},"img":{"alt_text":"","src":"https:\/\/i0.wp.com\/lasprimeras.com.do\/wp-content\/uploads\/2023\/10\/WhatsApp-Image-2023-10-30-at-2.14.31-PM-2.jpeg?resize=350%2C200&ssl=1","width":350,"height":200,"srcset":"https:\/\/i0.wp.com\/lasprimeras.com.do\/wp-content\/uploads\/2023\/10\/WhatsApp-Image-2023-10-30-at-2.14.31-PM-2.jpeg?resize=350%2C200&ssl=1 1x, https:\/\/i0.wp.com\/lasprimeras.com.do\/wp-content\/uploads\/2023\/10\/WhatsApp-Image-2023-10-30-at-2.14.31-PM-2.jpeg?resize=525%2C300&ssl=1 1.5x"},"classes":[]},{"id":72329,"url":"https:\/\/lasprimeras.com.do\/index.php\/2023\/12\/28\/peso-pluma-todo-sobre-el-mito-de-su-paternidad\/","url_meta":{"origin":62981,"position":2},"title":"Peso Pluma todo sobre el mito de su paternidad","author":"BIMARY DE JES\u00daS Matos","date":"28 de diciembre de 2023","format":false,"excerpt":"M\u00e9xico.-Cantante. En este 2023, Hassan Emilio Kabande Laija, mejor conocido Peso Pluma, logr\u00f3 consolidarse como uno de los cantantes m\u00e1s importantes de M\u00e9xico, pues fue condecorado con diversos premios y ha colaborado con artistas de talla mundial. Pero su nombre tambi\u00e9n estuvo al centro de \u201cleyendas urbanas\u201d que buscaron poner\u2026","rel":"","context":"En \u00abENTRETENIMIENTO\u00bb","block_context":{"text":"ENTRETENIMIENTO","link":"https:\/\/lasprimeras.com.do\/index.php\/category\/entretenimiento\/"},"img":{"alt_text":"","src":"https:\/\/i0.wp.com\/lasprimeras.com.do\/wp-content\/uploads\/2023\/12\/Noticias-de-energia-2023-12-28T121501.441-4.webp?resize=350%2C200&ssl=1","width":350,"height":200,"srcset":"https:\/\/i0.wp.com\/lasprimeras.com.do\/wp-content\/uploads\/2023\/12\/Noticias-de-energia-2023-12-28T121501.441-4.webp?resize=350%2C200&ssl=1 1x, https:\/\/i0.wp.com\/lasprimeras.com.do\/wp-content\/uploads\/2023\/12\/Noticias-de-energia-2023-12-28T121501.441-4.webp?resize=525%2C300&ssl=1 1.5x"},"classes":[]},{"id":107653,"url":"https:\/\/lasprimeras.com.do\/index.php\/2025\/08\/28\/salwa-eid-naser-destrona-a-marileidy-paulino-en-los-400-metros-de-la-liga-diamante\/","url_meta":{"origin":62981,"position":3},"title":"Salwa Eid Naser destrona a Marileidy Paulino en los 400 metros de la Liga Diamante","author":"Nelson Feliz","date":"28 de agosto de 2025","format":false,"excerpt":"La velocista impuso su nivel en la gran final del circuito en Zurich. Salwa Eid Naser se convirti\u00f3 hoy en la campeona de la gran final de la Liga Diamante de los 400 metros al destronar la seguidilla de tres coronas obtenidas por la velocista Marileidy Paulino en este circuito.\u2026","rel":"","context":"En \u00abDEPORTES\u00bb","block_context":{"text":"DEPORTES","link":"https:\/\/lasprimeras.com.do\/index.php\/category\/deportes\/"},"img":{"alt_text":"","src":"https:\/\/i0.wp.com\/lasprimeras.com.do\/wp-content\/uploads\/2025\/08\/Salwa-Eid-Naser.jpg?resize=350%2C200&ssl=1","width":350,"height":200,"srcset":"https:\/\/i0.wp.com\/lasprimeras.com.do\/wp-content\/uploads\/2025\/08\/Salwa-Eid-Naser.jpg?resize=350%2C200&ssl=1 1x, https:\/\/i0.wp.com\/lasprimeras.com.do\/wp-content\/uploads\/2025\/08\/Salwa-Eid-Naser.jpg?resize=525%2C300&ssl=1 1.5x, https:\/\/i0.wp.com\/lasprimeras.com.do\/wp-content\/uploads\/2025\/08\/Salwa-Eid-Naser.jpg?resize=700%2C400&ssl=1 2x"},"classes":[]},{"id":115298,"url":"https:\/\/lasprimeras.com.do\/index.php\/2025\/11\/20\/exregidor-del-prm-en-boca-chica-ha-sido-detenido-tres-veces-por-drogas-y-armas-contrabandeadas\/","url_meta":{"origin":62981,"position":4},"title":"Exregidor del PRM en Boca Chica ha sido detenido tres veces por drogas y armas contrabandeadas","author":"Nelson Feliz","date":"20 de noviembre de 2025","format":false,"excerpt":"El Ministerio P\u00fablico anunci\u00f3 hoy que arrest\u00f3 a Francisco Alberto Paulino Castro (Francis o el compadre) junto a empleados del puerto multimodal. El exregidor de Boca Chica, Francisco Alberto Paulino Castro (Francis o el compadre), detenido recientemente por las autoridades junto a otras 15 personas, entre los que figuran empleados\u2026","rel":"","context":"En \u00abNACIONALES\u00bb","block_context":{"text":"NACIONALES","link":"https:\/\/lasprimeras.com.do\/index.php\/category\/nacionales\/"},"img":{"alt_text":"Francisco Alberto Paulino Castro","src":"https:\/\/i0.wp.com\/lasprimeras.com.do\/wp-content\/uploads\/2025\/11\/Francisco-Alberto-Paulino-Castro.jpg?resize=350%2C200&ssl=1","width":350,"height":200,"srcset":"https:\/\/i0.wp.com\/lasprimeras.com.do\/wp-content\/uploads\/2025\/11\/Francisco-Alberto-Paulino-Castro.jpg?resize=350%2C200&ssl=1 1x, https:\/\/i0.wp.com\/lasprimeras.com.do\/wp-content\/uploads\/2025\/11\/Francisco-Alberto-Paulino-Castro.jpg?resize=525%2C300&ssl=1 1.5x, https:\/\/i0.wp.com\/lasprimeras.com.do\/wp-content\/uploads\/2025\/11\/Francisco-Alberto-Paulino-Castro.jpg?resize=700%2C400&ssl=1 2x"},"classes":[]},{"id":122222,"url":"https:\/\/lasprimeras.com.do\/index.php\/2026\/02\/15\/productor-de-pelicula-de-fefita-la-grande-prepara-documental-sobre-cantante-eduardo-brito\/","url_meta":{"origin":62981,"position":5},"title":"Productor de pel\u00edcula de &#8220;Fefita La Grande&#8221; prepara documental sobre cantante Eduardo Brito","author":"Nelson Feliz","date":"15 de febrero de 2026","format":false,"excerpt":"WASHINGTON, D.C.\u2013 El cineasta y productor dominicano radicado en Estados Unidos, Antonio Rubio, reconocido por el \u00e9xito de la pel\u00edcula biogr\u00e1fica La Grande, anunci\u00f3 que trabaja en un nuevo proyecto f\u00edlmico centrado en la vida del insigne bar\u00edtono Eduardo Brito. La producci\u00f3n buscar\u00e1 rescatar la memoria hist\u00f3rica y art\u00edstica de\u2026","rel":"","context":"En \u00abENTRETENIMIENTO\u00bb","block_context":{"text":"ENTRETENIMIENTO","link":"https:\/\/lasprimeras.com.do\/index.php\/category\/entretenimiento\/"},"img":{"alt_text":"Antonio Rubio","src":"https:\/\/i0.wp.com\/lasprimeras.com.do\/wp-content\/uploads\/2026\/02\/Antonio-Rubio-1.jpg?resize=350%2C200&ssl=1","width":350,"height":200,"srcset":"https:\/\/i0.wp.com\/lasprimeras.com.do\/wp-content\/uploads\/2026\/02\/Antonio-Rubio-1.jpg?resize=350%2C200&ssl=1 1x, https:\/\/i0.wp.com\/lasprimeras.com.do\/wp-content\/uploads\/2026\/02\/Antonio-Rubio-1.jpg?resize=525%2C300&ssl=1 1.5x, https:\/\/i0.wp.com\/lasprimeras.com.do\/wp-content\/uploads\/2026\/02\/Antonio-Rubio-1.jpg?resize=700%2C400&ssl=1 2x"},"classes":[]}],"jetpack_sharing_enabled":true,"_links":{"self":[{"href":"https:\/\/lasprimeras.com.do\/index.php\/wp-json\/wp\/v2\/posts\/62981","targetHints":{"allow":["GET"]}}],"collection":[{"href":"https:\/\/lasprimeras.com.do\/index.php\/wp-json\/wp\/v2\/posts"}],"about":[{"href":"https:\/\/lasprimeras.com.do\/index.php\/wp-json\/wp\/v2\/types\/post"}],"author":[{"embeddable":true,"href":"https:\/\/lasprimeras.com.do\/index.php\/wp-json\/wp\/v2\/users\/3"}],"replies":[{"embeddable":true,"href":"https:\/\/lasprimeras.com.do\/index.php\/wp-json\/wp\/v2\/comments?post=62981"}],"version-history":[{"count":1,"href":"https:\/\/lasprimeras.com.do\/index.php\/wp-json\/wp\/v2\/posts\/62981\/revisions"}],"predecessor-version":[{"id":62983,"href":"https:\/\/lasprimeras.com.do\/index.php\/wp-json\/wp\/v2\/posts\/62981\/revisions\/62983"}],"wp:featuredmedia":[{"embeddable":true,"href":"https:\/\/lasprimeras.com.do\/index.php\/wp-json\/wp\/v2\/media\/62982"}],"wp:attachment":[{"href":"https:\/\/lasprimeras.com.do\/index.php\/wp-json\/wp\/v2\/media?parent=62981"}],"wp:term":[{"taxonomy":"category","embeddable":true,"href":"https:\/\/lasprimeras.com.do\/index.php\/wp-json\/wp\/v2\/categories?post=62981"},{"taxonomy":"post_tag","embeddable":true,"href":"https:\/\/lasprimeras.com.do\/index.php\/wp-json\/wp\/v2\/tags?post=62981"}],"curies":[{"name":"wp","href":"https:\/\/api.w.org\/{rel}","templated":true}]}}