{"id":63008,"date":"2023-10-09T14:28:25","date_gmt":"2023-10-09T18:28:25","guid":{"rendered":"https:\/\/lasprimeras.com.do\/?p=63008"},"modified":"2023-10-09T14:28:27","modified_gmt":"2023-10-09T18:28:27","slug":"inabie-eleva-consumo-de-carne-de-pollo-ante-el-cierre-fronterizo","status":"publish","type":"post","link":"https:\/\/lasprimeras.com.do\/index.php\/2023\/10\/09\/inabie-eleva-consumo-de-carne-de-pollo-ante-el-cierre-fronterizo\/","title":{"rendered":"INABIE eleva consumo de carne de pollo ante el cierre fronterizo"},"content":{"rendered":"\n<p>Santo Domingo. \u2013 Debido al aumento en el consumo de prote\u00edna proveniente del pollo, el Instituto Nacional de Bienestar Estudiantil (INABIE) inform\u00f3 que al finalizar esta semana estima haber consumido m\u00e1s de 1.5 millones de libras de esa carne en respuesta al cierre de la frontera entre Hait\u00ed y Rep\u00fablica Dominicana.<\/p>\n\n\n\n<p>En las \u00faltimas dos semanas iniciadas a partir del 25 de septiembre el consumo de carne de pollo en las escuelas fue de 1,070,513 libras, las cuales se distribuyen cocidas en las escuelas del sistema educativo p\u00fablico nacional a trav\u00e9s del Programa de Alimentaci\u00f3n Escolar (PAE).<\/p>\n\n\n\n<p>A este consumo se suma la proyecci\u00f3n establecida para esta semana de clases en la que se consumir\u00e1n aproximadamente 521,916 libras de carne de pollo en la preparaci\u00f3n del men\u00fa escolar. Con esto la inclusi\u00f3n de la carne blanca aumentar\u00e1 a m\u00e1s de 1.5 millones de libras.<\/p>\n\n\n\n<p>Adem\u00e1s, la instituci\u00f3n detall\u00f3 que en las \u00faltimas dos semanas se han consumido unos 11.8 millones de huevos cifra que aumentar\u00e1 a cerca de 18 millones de unidades al cierre de esta semana, los cuales son preparados en diversas recetas, que incluyen huevos revueltos con tomate, aj\u00ed y cebolla, as\u00ed como huevo hervido con papa, zanahoria y cebolla picada.<\/p>\n\n\n\n<p>El director ejecutivo V\u00edctor Castro explic\u00f3 que esta acci\u00f3n se enmarca en las medidas adoptadas por el Gobierno del presidente Luis Abinader para garantizar la alimentaci\u00f3n nutritiva de todos los escolares del pa\u00eds al tiempo que asegura un impacto positivo en los productores av\u00edcolas locales.<\/p>\n\n\n\n<p>Con el aumento en la entrega de prote\u00edna proveniente del pollo y el huevo se ha sustituido la sardina, la carne de res, entre otros.<\/p>\n\n\n\n<p>Este cambio en el men\u00fa escolar ha sido resultado de una cuidadosa evaluaci\u00f3n nutricional realizada por especialistas de INABIE, garantizando que cada plato servido contenga la adecuada proporci\u00f3n de prote\u00edna, carbohidratos y vegetales, siempre priorizando el bienestar de los estudiantes.<\/p>\n","protected":false},"excerpt":{"rendered":"<p>Santo Domingo. \u2013 Debido al aumento en el consumo de prote\u00edna proveniente del pollo, el Instituto Nacional de Bienestar Estudiantil (INABIE) inform\u00f3 que al finalizar esta semana estima haber consumido&hellip;<\/p>\n","protected":false},"author":3,"featured_media":63009,"comment_status":"open","ping_status":"open","sticky":false,"template":"","format":"standard","meta":{"content-type":"","jetpack_post_was_ever_published":false,"_jetpack_newsletter_access":"","_jetpack_dont_email_post_to_subs":false,"_jetpack_newsletter_tier_id":0,"_jetpack_memberships_contains_paywalled_content":false,"_jetpack_memberships_contains_paid_content":false,"footnotes":""},"categories":[35],"tags":[],"class_list":["post-63008","post","type-post","status-publish","format-standard","has-post-thumbnail","hentry","category-nacionales"],"jetpack_featured_media_url":"https:\/\/lasprimeras.com.do\/wp-content\/uploads\/2023\/10\/WhatsApp-Image-2023-10-09-at-11.49.51-AM-7.jpeg","jetpack-related-posts":[{"id":91659,"url":"https:\/\/lasprimeras.com.do\/index.php\/2024\/11\/30\/fdc-se-desliga-de-alzas-de-precios-en-los-productos-de-consumo-masivo\/","url_meta":{"origin":63008,"position":0},"title":"FDC se desliga de alzas de precios en los productos de consumo masivo","author":"Nelson Feliz","date":"30 de noviembre de 2024","format":false,"excerpt":"El comercio organizado en la Federaci\u00f3n Dominicana de Comerciantes se deslig\u00f3 de las alzas de precios de los productos de consumo masivo que se est\u00e1n produciendo y que afectan el presupuesto de la poblaci\u00f3n. El presidente de la entidad, Iv\u00e1n Garc\u00eda, sostuvo que estos productos est\u00e1n las cebollas que se\u2026","rel":"","context":"En \u00abECONOM\u00cdA\u00bb","block_context":{"text":"ECONOM\u00cdA","link":"https:\/\/lasprimeras.com.do\/index.php\/category\/economia\/"},"img":{"alt_text":"Iv\u00e1n Garc\u00eda","src":"https:\/\/i0.wp.com\/lasprimeras.com.do\/wp-content\/uploads\/2024\/11\/Ivan-Garcia-2.jpg?resize=350%2C200&ssl=1","width":350,"height":200,"srcset":"https:\/\/i0.wp.com\/lasprimeras.com.do\/wp-content\/uploads\/2024\/11\/Ivan-Garcia-2.jpg?resize=350%2C200&ssl=1 1x, https:\/\/i0.wp.com\/lasprimeras.com.do\/wp-content\/uploads\/2024\/11\/Ivan-Garcia-2.jpg?resize=525%2C300&ssl=1 1.5x, https:\/\/i0.wp.com\/lasprimeras.com.do\/wp-content\/uploads\/2024\/11\/Ivan-Garcia-2.jpg?resize=700%2C400&ssl=1 2x"},"classes":[]},{"id":86247,"url":"https:\/\/lasprimeras.com.do\/index.php\/2024\/07\/21\/un-matapollo-al-pueblo-con-el-aumento-del-pollo\/","url_meta":{"origin":63008,"position":1},"title":"Un matapollo al pueblo con el aumento del pollo","author":"Nelson Feliz","date":"21 de julio de 2024","format":false,"excerpt":"Por: Joselito Feliz La expresi\u00f3n \"matapollo\" se refiere a un golpe contundente dado con la palma de la mano en la espalda, produciendo un sonido tan caracter\u00edstico que cualquiera que lo escuche sin verlo, sabr\u00e1 lo que ocurri\u00f3. Este mismo golpe lo ha recibido nuestro pa\u00eds con el reciente y\u2026","rel":"","context":"En \u00abOPINI\u00d3N\u00bb","block_context":{"text":"OPINI\u00d3N","link":"https:\/\/lasprimeras.com.do\/index.php\/category\/opinion\/"},"img":{"alt_text":"Joselito Feliz","src":"https:\/\/i0.wp.com\/lasprimeras.com.do\/wp-content\/uploads\/2024\/07\/Joselito-Feliz.jpg?resize=350%2C200&ssl=1","width":350,"height":200,"srcset":"https:\/\/i0.wp.com\/lasprimeras.com.do\/wp-content\/uploads\/2024\/07\/Joselito-Feliz.jpg?resize=350%2C200&ssl=1 1x, https:\/\/i0.wp.com\/lasprimeras.com.do\/wp-content\/uploads\/2024\/07\/Joselito-Feliz.jpg?resize=525%2C300&ssl=1 1.5x, https:\/\/i0.wp.com\/lasprimeras.com.do\/wp-content\/uploads\/2024\/07\/Joselito-Feliz.jpg?resize=700%2C400&ssl=1 2x"},"classes":[]},{"id":118111,"url":"https:\/\/lasprimeras.com.do\/index.php\/2025\/12\/22\/segura-foster-navidades-con-record-en-precios-altos-video\/","url_meta":{"origin":63008,"position":2},"title":"Segura Foster: Navidades con r\u00e9cord en precios altos | Video","author":"Nelson Feliz","date":"22 de diciembre de 2025","format":false,"excerpt":"Carlos Segura Foster considera alarmante los precios de la carne de pollo, que aleja su consumo de los sectores pobres. El experto agropecuario, Carlos Segura Foster, ratific\u00f3 la queja de la poblaci\u00f3n sobre los altos precios de la carne de pollo, que sumado al alza registrada en el cerdo, res\u2026","rel":"","context":"En \u00abECONOM\u00cdA\u00bb","block_context":{"text":"ECONOM\u00cdA","link":"https:\/\/lasprimeras.com.do\/index.php\/category\/economia\/"},"img":{"alt_text":"Carlos Segura Foster","src":"https:\/\/i0.wp.com\/lasprimeras.com.do\/wp-content\/uploads\/2025\/12\/Carlos-Segura-Foster.jpg?resize=350%2C200&ssl=1","width":350,"height":200,"srcset":"https:\/\/i0.wp.com\/lasprimeras.com.do\/wp-content\/uploads\/2025\/12\/Carlos-Segura-Foster.jpg?resize=350%2C200&ssl=1 1x, https:\/\/i0.wp.com\/lasprimeras.com.do\/wp-content\/uploads\/2025\/12\/Carlos-Segura-Foster.jpg?resize=525%2C300&ssl=1 1.5x, https:\/\/i0.wp.com\/lasprimeras.com.do\/wp-content\/uploads\/2025\/12\/Carlos-Segura-Foster.jpg?resize=700%2C400&ssl=1 2x"},"classes":[]},{"id":105776,"url":"https:\/\/lasprimeras.com.do\/index.php\/2025\/08\/07\/udc-denuncia-aumento-de-los-precios-de-la-carne-de-pollo-arroz-panes-habichuelas-y-transporte\/","url_meta":{"origin":63008,"position":3},"title":"UDC denuncia aumento de los precios de la carne de pollo, arroz, panes, habichuelas y transporte","author":"Nelson Feliz","date":"7 de agosto de 2025","format":false,"excerpt":"El presidente de la Uni\u00f3n Dem\u00f3crata Cristiana \u2013UDC-, Luis Acosta Moreta, Luis \u201cEl Gallo\u201d, consider\u00f3 hoy que la canasta familiar recibe un tremendo golpe, que debe ser atendido por las autoridades, al subir de precios la carne de pollo, el arroz, los aceites, las habichuelas y el transporte. Indic\u00f3 que\u2026","rel":"","context":"En \u00abECONOM\u00cdA\u00bb","block_context":{"text":"ECONOM\u00cdA","link":"https:\/\/lasprimeras.com.do\/index.php\/category\/economia\/"},"img":{"alt_text":"","src":"https:\/\/i0.wp.com\/lasprimeras.com.do\/wp-content\/uploads\/2025\/08\/udc.jpg?resize=350%2C200&ssl=1","width":350,"height":200,"srcset":"https:\/\/i0.wp.com\/lasprimeras.com.do\/wp-content\/uploads\/2025\/08\/udc.jpg?resize=350%2C200&ssl=1 1x, https:\/\/i0.wp.com\/lasprimeras.com.do\/wp-content\/uploads\/2025\/08\/udc.jpg?resize=525%2C300&ssl=1 1.5x, https:\/\/i0.wp.com\/lasprimeras.com.do\/wp-content\/uploads\/2025\/08\/udc.jpg?resize=700%2C400&ssl=1 2x"},"classes":[]},{"id":104398,"url":"https:\/\/lasprimeras.com.do\/index.php\/2025\/07\/23\/la-libra-de-pollo-aumento-en-barahona-y-otras-provincias-del-suroeste\/","url_meta":{"origin":63008,"position":4},"title":"La libra de pollo aument\u00f3 en Barahona y otras provincias del suroeste","author":"Nelson Feliz","date":"23 de julio de 2025","format":false,"excerpt":"Hace dos semanas que la libra de pollo costaba en la provincia Barahona RD$75, pero ahora se vende a raz\u00f3n de RD$82 Benny Rodr\u00edguez El precio de la libra de pollo experiment\u00f3 un aumento significativo en su precio de un 9.3% en apenas dos semanas, lo que impacta negativamente en\u2026","rel":"","context":"En \u00abECONOM\u00cdA\u00bb","block_context":{"text":"ECONOM\u00cdA","link":"https:\/\/lasprimeras.com.do\/index.php\/category\/economia\/"},"img":{"alt_text":"","src":"https:\/\/i0.wp.com\/lasprimeras.com.do\/wp-content\/uploads\/2025\/07\/Pollo.jpeg?resize=350%2C200&ssl=1","width":350,"height":200,"srcset":"https:\/\/i0.wp.com\/lasprimeras.com.do\/wp-content\/uploads\/2025\/07\/Pollo.jpeg?resize=350%2C200&ssl=1 1x, https:\/\/i0.wp.com\/lasprimeras.com.do\/wp-content\/uploads\/2025\/07\/Pollo.jpeg?resize=525%2C300&ssl=1 1.5x, https:\/\/i0.wp.com\/lasprimeras.com.do\/wp-content\/uploads\/2025\/07\/Pollo.jpeg?resize=700%2C400&ssl=1 2x"},"classes":[]},{"id":119622,"url":"https:\/\/lasprimeras.com.do\/index.php\/2026\/01\/14\/alto-precio-de-la-comida-inaugura-el-2026\/","url_meta":{"origin":63008,"position":5},"title":"Alto precio de la comida inaugura el 2026","author":"Nelson Feliz","date":"14 de enero de 2026","format":false,"excerpt":"Editorial Son los noticiarios, medios impresos y redes sociales los que han certificado las denuncias del Partido de la Liberaci\u00f3n Dominicana sobre el alto costo de la comida. El pasado fin de semana un titular de primera p\u00e1gina de un importante diario del pa\u00eds acapar\u00f3 la atenci\u00f3n al resaltar que\u2026","rel":"","context":"En \u00abOPINI\u00d3N\u00bb","block_context":{"text":"OPINI\u00d3N","link":"https:\/\/lasprimeras.com.do\/index.php\/category\/opinion\/"},"img":{"alt_text":"","src":"","width":0,"height":0},"classes":[]}],"jetpack_sharing_enabled":true,"_links":{"self":[{"href":"https:\/\/lasprimeras.com.do\/index.php\/wp-json\/wp\/v2\/posts\/63008","targetHints":{"allow":["GET"]}}],"collection":[{"href":"https:\/\/lasprimeras.com.do\/index.php\/wp-json\/wp\/v2\/posts"}],"about":[{"href":"https:\/\/lasprimeras.com.do\/index.php\/wp-json\/wp\/v2\/types\/post"}],"author":[{"embeddable":true,"href":"https:\/\/lasprimeras.com.do\/index.php\/wp-json\/wp\/v2\/users\/3"}],"replies":[{"embeddable":true,"href":"https:\/\/lasprimeras.com.do\/index.php\/wp-json\/wp\/v2\/comments?post=63008"}],"version-history":[{"count":1,"href":"https:\/\/lasprimeras.com.do\/index.php\/wp-json\/wp\/v2\/posts\/63008\/revisions"}],"predecessor-version":[{"id":63010,"href":"https:\/\/lasprimeras.com.do\/index.php\/wp-json\/wp\/v2\/posts\/63008\/revisions\/63010"}],"wp:featuredmedia":[{"embeddable":true,"href":"https:\/\/lasprimeras.com.do\/index.php\/wp-json\/wp\/v2\/media\/63009"}],"wp:attachment":[{"href":"https:\/\/lasprimeras.com.do\/index.php\/wp-json\/wp\/v2\/media?parent=63008"}],"wp:term":[{"taxonomy":"category","embeddable":true,"href":"https:\/\/lasprimeras.com.do\/index.php\/wp-json\/wp\/v2\/categories?post=63008"},{"taxonomy":"post_tag","embeddable":true,"href":"https:\/\/lasprimeras.com.do\/index.php\/wp-json\/wp\/v2\/tags?post=63008"}],"curies":[{"name":"wp","href":"https:\/\/api.w.org\/{rel}","templated":true}]}}