{"id":63014,"date":"2023-10-09T15:10:04","date_gmt":"2023-10-09T19:10:04","guid":{"rendered":"https:\/\/lasprimeras.com.do\/?p=63014"},"modified":"2023-10-09T15:10:06","modified_gmt":"2023-10-09T19:10:06","slug":"dgii-abre-segundo-centro-de-vehiculos-de-motor-en-el-malecon-center","status":"publish","type":"post","link":"https:\/\/lasprimeras.com.do\/index.php\/2023\/10\/09\/dgii-abre-segundo-centro-de-vehiculos-de-motor-en-el-malecon-center\/","title":{"rendered":"DGII abre segundo Centro de Veh\u00edculos de Motor en el Malecon Center"},"content":{"rendered":"\n<p>SANTO DOMINGO.\u2013 Con una inversi\u00f3n de RD$20 millones, la Direcci\u00f3n General de Impuestos Internos (DGII) inaugur\u00f3 su segundo Centro de Servicios de Veh\u00edculos de Motor en Malecon Center que fusiona tres unidades y ofrecer\u00e1 diez servicios, lo cual significa un ahorro de tiempo, dinero y m\u00e1s facilidades para los contribuyentes, respondiendo as\u00ed a la visi\u00f3n estrat\u00e9gica del Gobierno encabezado por el presidente Luis Abinader de respaldar a todos los sectores de la econom\u00eda nacional.<\/p>\n\n\n\n<p>En este nuevo centro, ubicado en la avenida George Washington, del Distrito Nacional, se consolidar\u00e1n las unidades de Veh\u00edculos de Motor de las Administraciones Locales La Feria y San Carlos, al igual que el Centro de Asistencia al Contribuyente (CAC) y las secciones de placas corrientes, especiales y de motocicletas.<\/p>\n\n\n\n<p>Asimismo, se ofrecer\u00e1n los servicios de emisi\u00f3n de primera placa; endosos; traspasos, descargos; certificaciones; colocaci\u00f3n y levantamiento de oposiciones; renovaci\u00f3n y duplicados de marbete y matriculas, as\u00ed como correcci\u00f3n de datos.<\/p>\n\n\n\n<p>\u201cEl pasado lunes 18 de septiembre del a\u00f1o en curso, pusimos a disposici\u00f3n de todos los contribuyentes y ciudadan\u00eda en general el primer Centro de Servicios de Veh\u00edculos de Motor, en la Plaza Luper\u00f3n, este novedoso centro ha recibido a m\u00e1s de 4,388 contribuyentes en sus 15 d\u00edas de funcionamiento\u201d, explic\u00f3 el Director General, Luis Valdez Veras, durante la ceremonia de inauguraci\u00f3n.<\/p>\n\n\n\n<p>Se\u00f1al\u00f3 que, desde su llegada a la DGII, la visi\u00f3n ha sido una administraci\u00f3n cercana al contribuyente, disponiendo de mecanismos y herramientas que faciliten el cumplimiento voluntario de sus obligaciones.<br>\u201cApegados a esa visi\u00f3n, estamos inaugurando el d\u00eda de hoy el segundo Centro de Servicios de Veh\u00edculos de Motor, donde los contribuyentes podr\u00e1n realizar todos sus tr\u00e1mites de veh\u00edculos, en una \u00fanica localidad, reduciendo con esto los costos de traslado y haciendo m\u00e1s grata la experiencia de servicio de los contribuyentes y ciudadanos\u201d, sostuvo.<\/p>\n\n\n\n<p>El funcionario dijo que cada regi\u00f3n del pa\u00eds contar\u00e1 con un centro similar a los fines de continuar perfeccionando la experiencia de servicio mediante la simplificaci\u00f3n de procesos y el acercamiento de la administraci\u00f3n tributaria al contribuyente.<\/p>\n\n\n\n<p>Transformaci\u00f3n de los tr\u00e1mites de veh\u00edculos de motor<\/p>\n\n\n\n<p>De su lado, el director del Instituto Nacional de Tr\u00e1nsito y Transporte Terrestre (INTRANT), Hugo Beras, resalt\u00f3 que con la inauguraci\u00f3n de este centro en Malec\u00f3n Center junto al de Plaza Luper\u00f3n se percibe una transformaci\u00f3n real de los tr\u00e1mites de veh\u00edculos de motor y que forma parte de los planes del Gobierno central de modernizar la movilidad en el pa\u00eds y facilitar los procesos a las empresas del sector.<\/p>\n\n\n\n<p>Asimismo, la directora Ejecutiva de la Asociaci\u00f3n de Concesionarios de Fabricantes de Veh\u00edculos (ACOFAVE), Yris Gonz\u00e1les, dijo que con las inauguraciones de los Centros de Veh\u00edculos de Motor y la promulgaci\u00f3n del Decreto 4-2023, la DGII muestra el gran reto de lograr un parque vehicular saneado y que la comercializaci\u00f3n en el sector automotriz del pa\u00eds se efectu\u00e9 en un \u00e1mbito de competencia justa y transparente.<\/p>\n\n\n\n<p>\u201cQue estas iniciativas les permita alcanzar los necesarios niveles de seguridad vial, mitigaci\u00f3n de accidentes y cambio clim\u00e1tico y, por supuesto, garantizar las importantes inversiones que realizan los dominicanos al adquirir sus veh\u00edculos de motor\u201d, sostuvo Gonz\u00e1les.<br>Ahorros y construcci\u00f3n<\/p>\n\n\n\n<p>La construcci\u00f3n y adecuaci\u00f3n del espacio represent\u00f3 una inversi\u00f3n total de RD$20,192,466.22, erogados a una compa\u00f1\u00eda externa contratada mediante concurso p\u00fablico y en cumplimiento estricto de las normativas vigentes para estos fines, inform\u00f3 Valdez Veras.<\/p>\n\n\n\n<p>El centro cuenta con una superficie total de 642.07 metros cuadrados adecuado y equipado para garantizar la comodidad de los contribuyentes y colaboradores. Se trata de un inmueble recibido en daci\u00f3n de pago por deudas tributarias.<\/p>\n\n\n\n<p>\u201cEstamos implantando una cultura de servicio que prioriza las necesidades y facilita el cumplimiento voluntario, asumiendo compromisos para con los contribuyentes, sin dejar de lado las medidas de subsanaci\u00f3n en caso de incumplimiento\u201d, agreg\u00f3, al indicar que el tema de veh\u00edculos es uno de los desaf\u00edos principales encontrados en su gesti\u00f3n.<br>Cambio de chapas<\/p>\n\n\n\n<p>Valdez Veras indic\u00f3 adem\u00e1s, que, la DGII se encuentra inmersa en el proyecto de cambio de chapas y las licencias para importadores, distribuidores y vendedores de veh\u00edculos de motor y remolques, apegados a las disposiciones de la Ley 63-17 y el Decreto 420-23 que establece el reglamento para el Registro Nacional de Veh\u00edculos.<\/p>\n\n\n\n<p><\/p>\n","protected":false},"excerpt":{"rendered":"<p>SANTO DOMINGO.\u2013 Con una inversi\u00f3n de RD$20 millones, la Direcci\u00f3n General de Impuestos Internos (DGII) inaugur\u00f3 su segundo Centro de Servicios de Veh\u00edculos de Motor en Malecon Center que fusiona&hellip;<\/p>\n","protected":false},"author":3,"featured_media":63015,"comment_status":"open","ping_status":"open","sticky":false,"template":"","format":"standard","meta":{"content-type":"","jetpack_post_was_ever_published":false,"_jetpack_newsletter_access":"","_jetpack_dont_email_post_to_subs":false,"_jetpack_newsletter_tier_id":0,"_jetpack_memberships_contains_paywalled_content":false,"_jetpack_memberships_contains_paid_content":false,"footnotes":""},"categories":[25],"tags":[817,5475],"class_list":["post-63014","post","type-post","status-publish","format-standard","has-post-thumbnail","hentry","category-portada","tag-dgii","tag-malecon"],"jetpack_featured_media_url":"https:\/\/lasprimeras.com.do\/wp-content\/uploads\/2023\/10\/WhatsApp-Image-2023-10-09-at-2.37.38-PM-1.webp","jetpack-related-posts":[{"id":107319,"url":"https:\/\/lasprimeras.com.do\/index.php\/2025\/08\/26\/mas-de-3000-nuevos-contribuyentes-se-formalizan-gracias-a-la-innovacion-tecnologica-de-la-dgii\/","url_meta":{"origin":63014,"position":0},"title":"M\u00e1s de 3,000 nuevos contribuyentes se formalizan gracias a la innovaci\u00f3n tecnol\u00f3gica de la DGII","author":"Nelson Feliz","date":"26 de agosto de 2025","format":false,"excerpt":"La Facturaci\u00f3n Electr\u00f3nica y la modernizaci\u00f3n de los sistemas de la DGII impulsan la transparencia y fortalecen la recaudaci\u00f3n fiscal en el pa\u00eds. La Direcci\u00f3n General de Impuestos Internos (DGII) se ha consolidado como un referente regional en innovaci\u00f3n y modernizaci\u00f3n tecnol\u00f3gica, logrando avances significativos en la formalizaci\u00f3n de contribuyentes.\u2026","rel":"","context":"En \u00abECONOM\u00cdA\u00bb","block_context":{"text":"ECONOM\u00cdA","link":"https:\/\/lasprimeras.com.do\/index.php\/category\/economia\/"},"img":{"alt_text":"","src":"https:\/\/i0.wp.com\/lasprimeras.com.do\/wp-content\/uploads\/2025\/08\/Luis-Valdez-Veras.jpg?resize=350%2C200&ssl=1","width":350,"height":200,"srcset":"https:\/\/i0.wp.com\/lasprimeras.com.do\/wp-content\/uploads\/2025\/08\/Luis-Valdez-Veras.jpg?resize=350%2C200&ssl=1 1x, https:\/\/i0.wp.com\/lasprimeras.com.do\/wp-content\/uploads\/2025\/08\/Luis-Valdez-Veras.jpg?resize=525%2C300&ssl=1 1.5x, https:\/\/i0.wp.com\/lasprimeras.com.do\/wp-content\/uploads\/2025\/08\/Luis-Valdez-Veras.jpg?resize=700%2C400&ssl=1 2x"},"classes":[]},{"id":72385,"url":"https:\/\/lasprimeras.com.do\/index.php\/2023\/12\/29\/mas-de-un-millon-de-conductores-faltan-por-renovar-sus-marbetes\/","url_meta":{"origin":63014,"position":1},"title":"M\u00e1s de un mill\u00f3n de conductores faltan por renovar sus marbetes","author":"BIMARY DE JES\u00daS Matos","date":"29 de diciembre de 2023","format":false,"excerpt":"Santo Domingo.-En tres meses, desde octubre cuando empez\u00f3 el proceso de renovaci\u00f3n del Impuesto de Circulaci\u00f3n Vehicular (marbete), hasta diciembre, tan solo 678,303 personas han acudido a realizar los tr\u00e1mites, lo que representa apenas el 38.31% de total de veh\u00edculos h\u00e1biles para hacerlo. El llamado para iniciar el proceso de\u2026","rel":"","context":"En \u00abNACIONALES\u00bb","block_context":{"text":"NACIONALES","link":"https:\/\/lasprimeras.com.do\/index.php\/category\/nacionales\/"},"img":{"alt_text":"","src":"https:\/\/i0.wp.com\/lasprimeras.com.do\/wp-content\/uploads\/2023\/12\/WhatsApp-Image-2023-12-28-at-10.42.13-PM-2.jpeg?resize=350%2C200&ssl=1","width":350,"height":200,"srcset":"https:\/\/i0.wp.com\/lasprimeras.com.do\/wp-content\/uploads\/2023\/12\/WhatsApp-Image-2023-12-28-at-10.42.13-PM-2.jpeg?resize=350%2C200&ssl=1 1x, https:\/\/i0.wp.com\/lasprimeras.com.do\/wp-content\/uploads\/2023\/12\/WhatsApp-Image-2023-12-28-at-10.42.13-PM-2.jpeg?resize=525%2C300&ssl=1 1.5x"},"classes":[]},{"id":120336,"url":"https:\/\/lasprimeras.com.do\/index.php\/2026\/01\/22\/dgii-advierte-no-habra-prorroga-para-renovar-el-marbete\/","url_meta":{"origin":63014,"position":2},"title":"DGII advierte no habr\u00e1 pr\u00f3rroga para renovar el marbete","author":"Nelson Feliz","date":"22 de enero de 2026","format":false,"excerpt":"Hasta este jueves m\u00e1s de 709,000 propietarios de veh\u00edculos faltaban por pagar el impuesto. La Direcci\u00f3n General de Impuestos Internos (DGII) advirti\u00f3 este jueves a los 709,677 propietarios de veh\u00edculo que faltan por renovar que no habr\u00e1 pr\u00f3rroga para el pago de ese tributo. Faltando solo 10 d\u00edas para cumplirse\u2026","rel":"","context":"En \u00abECONOM\u00cdA\u00bb","block_context":{"text":"ECONOM\u00cdA","link":"https:\/\/lasprimeras.com.do\/index.php\/category\/economia\/"},"img":{"alt_text":"","src":"https:\/\/i0.wp.com\/lasprimeras.com.do\/wp-content\/uploads\/2026\/01\/Marbete.jpg?resize=350%2C200&ssl=1","width":350,"height":200},"classes":[]},{"id":63736,"url":"https:\/\/lasprimeras.com.do\/index.php\/2023\/10\/15\/renovacion-de-marbete-2023-2024-se-inicia-el-martes-17-de-octubre\/","url_meta":{"origin":63014,"position":3},"title":"Renovaci\u00f3n de marbete 2023-2024 se inicia el martes 17 de octubre","author":"BIMARY DE JES\u00daS Matos","date":"15 de octubre de 2023","format":false,"excerpt":"Santo Domingo.-La Direcci\u00f3n General de Impuestos Internos (DGII) inform\u00f3 que la jornada para la renovaci\u00f3n de marbetes 2023-2024 iniciar\u00e1 a partir del pr\u00f3ximo martes 17 de octubre, con la disponibilidad de realizar el proceso por una aplicaci\u00f3n, a trav\u00e9s del celular. En nota de prensa, la entidad destac\u00f3 que estar\u00e1n\u2026","rel":"","context":"En \u00abPORTADA\u00bb","block_context":{"text":"PORTADA","link":"https:\/\/lasprimeras.com.do\/index.php\/category\/portada\/"},"img":{"alt_text":"","src":"https:\/\/i0.wp.com\/lasprimeras.com.do\/wp-content\/uploads\/2023\/10\/parque-vehicular-focus-0-0-896-504.jpg?resize=350%2C200&ssl=1","width":350,"height":200,"srcset":"https:\/\/i0.wp.com\/lasprimeras.com.do\/wp-content\/uploads\/2023\/10\/parque-vehicular-focus-0-0-896-504.jpg?resize=350%2C200&ssl=1 1x, https:\/\/i0.wp.com\/lasprimeras.com.do\/wp-content\/uploads\/2023\/10\/parque-vehicular-focus-0-0-896-504.jpg?resize=525%2C300&ssl=1 1.5x, https:\/\/i0.wp.com\/lasprimeras.com.do\/wp-content\/uploads\/2023\/10\/parque-vehicular-focus-0-0-896-504.jpg?resize=700%2C400&ssl=1 2x"},"classes":[]},{"id":90404,"url":"https:\/\/lasprimeras.com.do\/index.php\/2024\/10\/20\/dgii-anuncia-que-este-martes-comienza-la-renovacion-del-marbete-2024-2025\/","url_meta":{"origin":63014,"position":4},"title":"DGII anuncia que este martes comienza la renovaci\u00f3n del marbete 2024-2025","author":"Nelson Feliz","date":"20 de octubre de 2024","format":false,"excerpt":"El precio del marbete se mantiene invariable con relaci\u00f3n al periodo anterior. La Direcci\u00f3n General de Impuestos Internos (DGII) anunci\u00f3 este domingo que este martes 22 de octubre comenzar\u00e1 el periodo de renovaci\u00f3n del Impuesto de Circulaci\u00f3n Vehicular (marbete) 2024-2025 para 1,893,024 veh\u00edculos h\u00e1biles, a trav\u00e9s del cual el organismo\u2026","rel":"","context":"En \u00abECONOM\u00cdA\u00bb","block_context":{"text":"ECONOM\u00cdA","link":"https:\/\/lasprimeras.com.do\/index.php\/category\/economia\/"},"img":{"alt_text":"marbete 2024-2025","src":"https:\/\/i0.wp.com\/lasprimeras.com.do\/wp-content\/uploads\/2024\/10\/marbete-2024-2025.jpg?resize=350%2C200&ssl=1","width":350,"height":200,"srcset":"https:\/\/i0.wp.com\/lasprimeras.com.do\/wp-content\/uploads\/2024\/10\/marbete-2024-2025.jpg?resize=350%2C200&ssl=1 1x, https:\/\/i0.wp.com\/lasprimeras.com.do\/wp-content\/uploads\/2024\/10\/marbete-2024-2025.jpg?resize=525%2C300&ssl=1 1.5x, https:\/\/i0.wp.com\/lasprimeras.com.do\/wp-content\/uploads\/2024\/10\/marbete-2024-2025.jpg?resize=700%2C400&ssl=1 2x"},"classes":[]},{"id":81718,"url":"https:\/\/lasprimeras.com.do\/index.php\/2024\/04\/24\/dgii-otorgara-plazo-factura-electronica\/","url_meta":{"origin":63014,"position":5},"title":"DGII otorgar\u00e1 plazo factura electr\u00f3nica","author":"BIMARY DE JES\u00daS Matos","date":"24 de abril de 2024","format":false,"excerpt":"Santo Domingo .-Los grandes contribuyentes que no hayan completado el proceso para emitir factura electr\u00f3nica deben solicitar a la Direcci\u00f3n General de Impuestos Internos ser incluidos en la pr\u00f3rroga que abri\u00f3 ayer esa entidad. Los mismos deben enviar una carta timbrada, firmada y sellada indicando el plazo requerido, motivo de\u2026","rel":"","context":"En \u00abPORTADA\u00bb","block_context":{"text":"PORTADA","link":"https:\/\/lasprimeras.com.do\/index.php\/category\/portada\/"},"img":{"alt_text":"","src":"https:\/\/i0.wp.com\/lasprimeras.com.do\/wp-content\/uploads\/2024\/04\/WhatsApp-Image-2024-04-23-at-10.32.54-AM-6.jpeg?resize=350%2C200&ssl=1","width":350,"height":200,"srcset":"https:\/\/i0.wp.com\/lasprimeras.com.do\/wp-content\/uploads\/2024\/04\/WhatsApp-Image-2024-04-23-at-10.32.54-AM-6.jpeg?resize=350%2C200&ssl=1 1x, https:\/\/i0.wp.com\/lasprimeras.com.do\/wp-content\/uploads\/2024\/04\/WhatsApp-Image-2024-04-23-at-10.32.54-AM-6.jpeg?resize=525%2C300&ssl=1 1.5x, https:\/\/i0.wp.com\/lasprimeras.com.do\/wp-content\/uploads\/2024\/04\/WhatsApp-Image-2024-04-23-at-10.32.54-AM-6.jpeg?resize=700%2C400&ssl=1 2x, https:\/\/i0.wp.com\/lasprimeras.com.do\/wp-content\/uploads\/2024\/04\/WhatsApp-Image-2024-04-23-at-10.32.54-AM-6.jpeg?resize=1050%2C600&ssl=1 3x"},"classes":[]}],"jetpack_sharing_enabled":true,"_links":{"self":[{"href":"https:\/\/lasprimeras.com.do\/index.php\/wp-json\/wp\/v2\/posts\/63014","targetHints":{"allow":["GET"]}}],"collection":[{"href":"https:\/\/lasprimeras.com.do\/index.php\/wp-json\/wp\/v2\/posts"}],"about":[{"href":"https:\/\/lasprimeras.com.do\/index.php\/wp-json\/wp\/v2\/types\/post"}],"author":[{"embeddable":true,"href":"https:\/\/lasprimeras.com.do\/index.php\/wp-json\/wp\/v2\/users\/3"}],"replies":[{"embeddable":true,"href":"https:\/\/lasprimeras.com.do\/index.php\/wp-json\/wp\/v2\/comments?post=63014"}],"version-history":[{"count":1,"href":"https:\/\/lasprimeras.com.do\/index.php\/wp-json\/wp\/v2\/posts\/63014\/revisions"}],"predecessor-version":[{"id":63016,"href":"https:\/\/lasprimeras.com.do\/index.php\/wp-json\/wp\/v2\/posts\/63014\/revisions\/63016"}],"wp:featuredmedia":[{"embeddable":true,"href":"https:\/\/lasprimeras.com.do\/index.php\/wp-json\/wp\/v2\/media\/63015"}],"wp:attachment":[{"href":"https:\/\/lasprimeras.com.do\/index.php\/wp-json\/wp\/v2\/media?parent=63014"}],"wp:term":[{"taxonomy":"category","embeddable":true,"href":"https:\/\/lasprimeras.com.do\/index.php\/wp-json\/wp\/v2\/categories?post=63014"},{"taxonomy":"post_tag","embeddable":true,"href":"https:\/\/lasprimeras.com.do\/index.php\/wp-json\/wp\/v2\/tags?post=63014"}],"curies":[{"name":"wp","href":"https:\/\/api.w.org\/{rel}","templated":true}]}}