{"id":63017,"date":"2023-10-09T15:22:56","date_gmt":"2023-10-09T19:22:56","guid":{"rendered":"https:\/\/lasprimeras.com.do\/?p=63017"},"modified":"2023-10-09T15:22:58","modified_gmt":"2023-10-09T19:22:58","slug":"bad-bunny-anuncia-su-nuevo-album-y-se-filtra-la-lista-de-canciones","status":"publish","type":"post","link":"https:\/\/lasprimeras.com.do\/index.php\/2023\/10\/09\/bad-bunny-anuncia-su-nuevo-album-y-se-filtra-la-lista-de-canciones\/","title":{"rendered":"Bad Bunny anuncia su nuevo \u00e1lbum y se filtra la lista de canciones"},"content":{"rendered":"\n<p>Santo Domingo.-Al mediod\u00eda de este lunes, la estrella del trap Bad Bunny anunci\u00f3 el lanzamiento de su nueva producci\u00f3n discogr\u00e1fica con un video que incluye el siguiente mensaje segundos antes de terminar: &#8220;Nadie sabe lo que va a pasar ma\u00f1ana, viernes 13, 2023&#8221;.<\/p>\n\n\n\n<p>En el audiovisual publicado en sus redes sociales, el cantante urbano luce la cabeza rapada, look que llev\u00f3 durante los a\u00f1os 2016 y 2017, cuando estren\u00f3 su primer \u00e1lbum de estudio &#8220;El Conejo Malo&#8221;, por lo que se rumora que su estilo musical tambi\u00e9n regresar\u00e1 a esa \u00e9poca.<\/p>\n\n\n\n<p>Mientras los fan\u00e1ticos del artistas continuaban con sus teor\u00edas sobre el disco, se filtr\u00f3 la supuesta lista de canciones del mismo.<\/p>\n\n\n\n<p>Al parecer, junto a otras 22 canciones m\u00e1s, el puertorrique\u00f1o estrenar\u00e1 un tema en colaboraci\u00f3n con Tokischa y El Cherry Scom titulado &#8220;Teteo&#8221;.<\/p>\n\n\n\n<p>Otros exponentes urbanos que tambi\u00e9n figuran en el listado son: Rauw Alejandro, Diplo, C. Tangana y Alizz, aunque posiblemente Drake, con quien hace unos d\u00edas Bad Bunny lanz\u00f3 &#8220;Gently&#8221;, sea uno de los que conformen &#8220;Nadie sabe lo que va a pasar ma\u00f1ana&#8221;.<\/p>\n","protected":false},"excerpt":{"rendered":"<p>Santo Domingo.-Al mediod\u00eda de este lunes, la estrella del trap Bad Bunny anunci\u00f3 el lanzamiento de su nueva producci\u00f3n discogr\u00e1fica con un video que incluye el siguiente mensaje segundos antes&hellip;<\/p>\n","protected":false},"author":3,"featured_media":63018,"comment_status":"open","ping_status":"open","sticky":false,"template":"","format":"standard","meta":{"content-type":"","jetpack_post_was_ever_published":false,"_jetpack_newsletter_access":"","_jetpack_dont_email_post_to_subs":false,"_jetpack_newsletter_tier_id":0,"_jetpack_memberships_contains_paywalled_content":false,"_jetpack_memberships_contains_paid_content":false,"footnotes":""},"categories":[84],"tags":[],"class_list":["post-63017","post","type-post","status-publish","format-standard","has-post-thumbnail","hentry","category-entretenimiento"],"jetpack_featured_media_url":"https:\/\/lasprimeras.com.do\/wp-content\/uploads\/2023\/10\/WhatsApp-Image-2023-10-09-at-2.37.38-PM-1.jpeg","jetpack-related-posts":[{"id":63692,"url":"https:\/\/lasprimeras.com.do\/index.php\/2023\/10\/15\/nuevo-disco-de-bad-bunny-se-convierte-en-album-mas-reproducido-en-spotify\/","url_meta":{"origin":63017,"position":0},"title":"Nuevo disco de Bad Bunny se convierte en \u00e1lbum m\u00e1s reproducido en Spotify","author":"BIMARY DE JES\u00daS Matos","date":"15 de octubre de 2023","format":false,"excerpt":"San Juan.- La plataforma musical Spotify inform\u00f3 este s\u00e1bado de que el nuevo y s\u00e9ptimo \u00e1lbum, \u00abNadie sabe lo que va a pasar ma\u00f1ana\u00bb que el artista urbano puertorrique\u00f1o Bad Bunny lanz\u00f3 el viernes, se convirti\u00f3 en el \u00e1lbum m\u00e1s reproducido en un solo d\u00eda en 2023. \u00abEl 13 de\u2026","rel":"","context":"En \u00abENTRETENIMIENTO\u00bb","block_context":{"text":"ENTRETENIMIENTO","link":"https:\/\/lasprimeras.com.do\/index.php\/category\/entretenimiento\/"},"img":{"alt_text":"","src":"https:\/\/i0.wp.com\/lasprimeras.com.do\/wp-content\/uploads\/2023\/10\/WhatsApp-Image-2023-10-14-at-10.00.32-PM-1.webp?resize=350%2C200&ssl=1","width":350,"height":200,"srcset":"https:\/\/i0.wp.com\/lasprimeras.com.do\/wp-content\/uploads\/2023\/10\/WhatsApp-Image-2023-10-14-at-10.00.32-PM-1.webp?resize=350%2C200&ssl=1 1x, https:\/\/i0.wp.com\/lasprimeras.com.do\/wp-content\/uploads\/2023\/10\/WhatsApp-Image-2023-10-14-at-10.00.32-PM-1.webp?resize=525%2C300&ssl=1 1.5x, https:\/\/i0.wp.com\/lasprimeras.com.do\/wp-content\/uploads\/2023\/10\/WhatsApp-Image-2023-10-14-at-10.00.32-PM-1.webp?resize=700%2C400&ssl=1 2x, https:\/\/i0.wp.com\/lasprimeras.com.do\/wp-content\/uploads\/2023\/10\/WhatsApp-Image-2023-10-14-at-10.00.32-PM-1.webp?resize=1050%2C600&ssl=1 3x"},"classes":[]},{"id":64428,"url":"https:\/\/lasprimeras.com.do\/index.php\/2023\/10\/20\/bad-bunny-anuncia-nueva-gira-most-wanted-tour-por-estados-unidos-en-2024\/","url_meta":{"origin":63017,"position":1},"title":"Bad Bunny anuncia nueva gira, \u201cMost Wanted Tour\u201d, por Estados Unidos en 2024","author":"BIMARY DE JES\u00daS Matos","date":"20 de octubre de 2023","format":false,"excerpt":"Santo Domingo.-El cantante puertorrique\u00f1o Bad Bunny anunci\u00f3 este jueves una nueva gira, titulada \u00abMost Wanted Tour\u00bb, que lo llevar\u00e1 en 2024 por una treintena de ciudades de Estados Unidos para presentar su \u00faltimo \u00e1lbum \u00abNadie sabe lo que va a pasar ma\u00f1ana\u00bb. El artista incluy\u00f3 en el anuncio, realizado en\u2026","rel":"","context":"En \u00abENTRETENIMIENTO\u00bb","block_context":{"text":"ENTRETENIMIENTO","link":"https:\/\/lasprimeras.com.do\/index.php\/category\/entretenimiento\/"},"img":{"alt_text":"","src":"https:\/\/i0.wp.com\/lasprimeras.com.do\/wp-content\/uploads\/2023\/10\/WhatsApp-Image-2023-10-18-at-9.33.42-PM-12.jpeg?resize=350%2C200&ssl=1","width":350,"height":200,"srcset":"https:\/\/i0.wp.com\/lasprimeras.com.do\/wp-content\/uploads\/2023\/10\/WhatsApp-Image-2023-10-18-at-9.33.42-PM-12.jpeg?resize=350%2C200&ssl=1 1x, https:\/\/i0.wp.com\/lasprimeras.com.do\/wp-content\/uploads\/2023\/10\/WhatsApp-Image-2023-10-18-at-9.33.42-PM-12.jpeg?resize=525%2C300&ssl=1 1.5x, https:\/\/i0.wp.com\/lasprimeras.com.do\/wp-content\/uploads\/2023\/10\/WhatsApp-Image-2023-10-18-at-9.33.42-PM-12.jpeg?resize=700%2C400&ssl=1 2x"},"classes":[]},{"id":62709,"url":"https:\/\/lasprimeras.com.do\/index.php\/2023\/10\/06\/todos-los-ganadores-de-los-billboard-de-la-musica-latina-2023\/","url_meta":{"origin":63017,"position":2},"title":"Todos los ganadores de los Billboard de la M\u00fasica Latina 2023","author":"BIMARY DE JES\u00daS Matos","date":"6 de octubre de 2023","format":false,"excerpt":"Santo Domingo.-A continuaci\u00f3n, la lista de ganadores de los Premios Billboard de la M\u00fasica Latina, que se entregaron el jueves en Coral Gables, Florida. CATEGOR\u00cdAS DE ARTISTAS \u2014 Artista del a\u00f1o: Bad Bunny \u2014 Artista del a\u00f1o, debut: Peso Pluma \u2014 Gira del a\u00f1o: Bad Bunny \u2014 Artista crossover del\u2026","rel":"","context":"En \u00abENTRETENIMIENTO\u00bb","block_context":{"text":"ENTRETENIMIENTO","link":"https:\/\/lasprimeras.com.do\/index.php\/category\/entretenimiento\/"},"img":{"alt_text":"","src":"https:\/\/i0.wp.com\/lasprimeras.com.do\/wp-content\/uploads\/2023\/10\/WhatsApp-Image-2023-10-05-at-9.43.40-PM-10.jpeg?resize=350%2C200&ssl=1","width":350,"height":200,"srcset":"https:\/\/i0.wp.com\/lasprimeras.com.do\/wp-content\/uploads\/2023\/10\/WhatsApp-Image-2023-10-05-at-9.43.40-PM-10.jpeg?resize=350%2C200&ssl=1 1x, https:\/\/i0.wp.com\/lasprimeras.com.do\/wp-content\/uploads\/2023\/10\/WhatsApp-Image-2023-10-05-at-9.43.40-PM-10.jpeg?resize=525%2C300&ssl=1 1.5x, https:\/\/i0.wp.com\/lasprimeras.com.do\/wp-content\/uploads\/2023\/10\/WhatsApp-Image-2023-10-05-at-9.43.40-PM-10.jpeg?resize=700%2C400&ssl=1 2x"},"classes":[]},{"id":72656,"url":"https:\/\/lasprimeras.com.do\/index.php\/2024\/01\/02\/bad-bunny-lanza-video-no-me-quiero-casar-de-casi-10-minutos\/","url_meta":{"origin":63017,"position":3},"title":"Bad Bunny lanza video &#8220;No me quiero casar&#8221;, de casi 10 minutos","author":"BIMARY DE JES\u00daS Matos","date":"2 de enero de 2024","format":false,"excerpt":"\u00abNo me quiero casar\u00bb es una frase que se lleva un segundo pronunciarla, pero a Bad Bunny le tom\u00f3 casi 10 minutos explicarla en un sorpresivo video que lanz\u00f3 justo al despedir el 2023, a pocas horas de recibir el 2024 y dos semanas despu\u00e9s de que se diera a\u2026","rel":"","context":"En \u00abENTRETENIMIENTO\u00bb","block_context":{"text":"ENTRETENIMIENTO","link":"https:\/\/lasprimeras.com.do\/index.php\/category\/entretenimiento\/"},"img":{"alt_text":"","src":"https:\/\/i0.wp.com\/lasprimeras.com.do\/wp-content\/uploads\/2024\/01\/esta-3.jpg?resize=350%2C200&ssl=1","width":350,"height":200,"srcset":"https:\/\/i0.wp.com\/lasprimeras.com.do\/wp-content\/uploads\/2024\/01\/esta-3.jpg?resize=350%2C200&ssl=1 1x, https:\/\/i0.wp.com\/lasprimeras.com.do\/wp-content\/uploads\/2024\/01\/esta-3.jpg?resize=525%2C300&ssl=1 1.5x"},"classes":[]},{"id":112571,"url":"https:\/\/lasprimeras.com.do\/index.php\/2025\/10\/24\/bad-bunny-no-se-pierde-los-premios-billboard-de-la-musica-latina\/","url_meta":{"origin":63017,"position":4},"title":"Bad Bunny no se pierde los Premios Billboard de la M\u00fasica Latina","author":"Nelson Feliz","date":"24 de octubre de 2025","format":false,"excerpt":"MIAMI (AP) \u2014 Se hab\u00eda mantenido como un misterio, pero Bad Bunny estuvo ah\u00ed en persona el jueves en la noche para recibir todos los Premios Billboard de la M\u00fasica Latina 2025 que le fueron concedidos, incluyendo el especial Premio Billboard Artista Latino del Siglo 21. La estrella puertorrique\u00f1a Rita\u2026","rel":"","context":"En \u00abENTRETENIMIENTO\u00bb","block_context":{"text":"ENTRETENIMIENTO","link":"https:\/\/lasprimeras.com.do\/index.php\/category\/entretenimiento\/"},"img":{"alt_text":"","src":"https:\/\/i0.wp.com\/lasprimeras.com.do\/wp-content\/uploads\/2025\/10\/Bad-Bunny.jpg?resize=350%2C200&ssl=1","width":350,"height":200,"srcset":"https:\/\/i0.wp.com\/lasprimeras.com.do\/wp-content\/uploads\/2025\/10\/Bad-Bunny.jpg?resize=350%2C200&ssl=1 1x, https:\/\/i0.wp.com\/lasprimeras.com.do\/wp-content\/uploads\/2025\/10\/Bad-Bunny.jpg?resize=525%2C300&ssl=1 1.5x, https:\/\/i0.wp.com\/lasprimeras.com.do\/wp-content\/uploads\/2025\/10\/Bad-Bunny.jpg?resize=700%2C400&ssl=1 2x, https:\/\/i0.wp.com\/lasprimeras.com.do\/wp-content\/uploads\/2025\/10\/Bad-Bunny.jpg?resize=1050%2C600&ssl=1 3x, https:\/\/i0.wp.com\/lasprimeras.com.do\/wp-content\/uploads\/2025\/10\/Bad-Bunny.jpg?resize=1400%2C800&ssl=1 4x"},"classes":[]},{"id":99062,"url":"https:\/\/lasprimeras.com.do\/index.php\/2025\/05\/16\/alejandro-sanz-anuncia-una-cancion-con-shakira-en-su-nuevo-album\/","url_meta":{"origin":63017,"position":5},"title":"Alejandro Sanz anuncia una canci\u00f3n con Shakira en su nuevo \u00e1lbum","author":"Nelson Feliz","date":"16 de mayo de 2025","format":false,"excerpt":"Alejandro Sanz y Shakira estrenar\u00e1n una nueva canci\u00f3n juntos tras 20 a\u00f1os del lanzamiento del mega \u00e9xito 'La Tortura'. Por Sarah\u00ed G\u00f3mez Esaa El cantante espa\u00f1ol Alejandro Sanz anunci\u00f3 a sus seguidores el lanzamiento de un EP que se estrenar\u00e1 el pr\u00f3ximo 23 de mayo. Una de las mayores sorpresas\u2026","rel":"","context":"En \u00abENTRETENIMIENTO\u00bb","block_context":{"text":"ENTRETENIMIENTO","link":"https:\/\/lasprimeras.com.do\/index.php\/category\/entretenimiento\/"},"img":{"alt_text":"","src":"https:\/\/i0.wp.com\/lasprimeras.com.do\/wp-content\/uploads\/2025\/05\/alejandro.jpg?resize=350%2C200&ssl=1","width":350,"height":200,"srcset":"https:\/\/i0.wp.com\/lasprimeras.com.do\/wp-content\/uploads\/2025\/05\/alejandro.jpg?resize=350%2C200&ssl=1 1x, https:\/\/i0.wp.com\/lasprimeras.com.do\/wp-content\/uploads\/2025\/05\/alejandro.jpg?resize=525%2C300&ssl=1 1.5x, https:\/\/i0.wp.com\/lasprimeras.com.do\/wp-content\/uploads\/2025\/05\/alejandro.jpg?resize=700%2C400&ssl=1 2x"},"classes":[]}],"jetpack_sharing_enabled":true,"_links":{"self":[{"href":"https:\/\/lasprimeras.com.do\/index.php\/wp-json\/wp\/v2\/posts\/63017","targetHints":{"allow":["GET"]}}],"collection":[{"href":"https:\/\/lasprimeras.com.do\/index.php\/wp-json\/wp\/v2\/posts"}],"about":[{"href":"https:\/\/lasprimeras.com.do\/index.php\/wp-json\/wp\/v2\/types\/post"}],"author":[{"embeddable":true,"href":"https:\/\/lasprimeras.com.do\/index.php\/wp-json\/wp\/v2\/users\/3"}],"replies":[{"embeddable":true,"href":"https:\/\/lasprimeras.com.do\/index.php\/wp-json\/wp\/v2\/comments?post=63017"}],"version-history":[{"count":1,"href":"https:\/\/lasprimeras.com.do\/index.php\/wp-json\/wp\/v2\/posts\/63017\/revisions"}],"predecessor-version":[{"id":63019,"href":"https:\/\/lasprimeras.com.do\/index.php\/wp-json\/wp\/v2\/posts\/63017\/revisions\/63019"}],"wp:featuredmedia":[{"embeddable":true,"href":"https:\/\/lasprimeras.com.do\/index.php\/wp-json\/wp\/v2\/media\/63018"}],"wp:attachment":[{"href":"https:\/\/lasprimeras.com.do\/index.php\/wp-json\/wp\/v2\/media?parent=63017"}],"wp:term":[{"taxonomy":"category","embeddable":true,"href":"https:\/\/lasprimeras.com.do\/index.php\/wp-json\/wp\/v2\/categories?post=63017"},{"taxonomy":"post_tag","embeddable":true,"href":"https:\/\/lasprimeras.com.do\/index.php\/wp-json\/wp\/v2\/tags?post=63017"}],"curies":[{"name":"wp","href":"https:\/\/api.w.org\/{rel}","templated":true}]}}