{"id":63034,"date":"2023-10-09T22:10:03","date_gmt":"2023-10-10T02:10:03","guid":{"rendered":"https:\/\/lasprimeras.com.do\/?p=63034"},"modified":"2023-10-09T22:10:04","modified_gmt":"2023-10-10T02:10:04","slug":"michael-miguel-holguin-yo-no-soy-un-delincuente-yo-soy-un-dominicano-serio","status":"publish","type":"post","link":"https:\/\/lasprimeras.com.do\/index.php\/2023\/10\/09\/michael-miguel-holguin-yo-no-soy-un-delincuente-yo-soy-un-dominicano-serio\/","title":{"rendered":"Michael Miguel Holgu\u00edn: &#8220;Yo no soy un delincuente, yo soy un dominicano serio&#8221;"},"content":{"rendered":"\n<p><strong>El popular animador y gestor cultural defiende su trayectoria de 40 a\u00f1os de vida p\u00fablica.<\/strong><\/p>\n\n\n\n<p>El presentador de televisi\u00f3n y gestor cultural, Michael Miguel Holgu\u00edn, reaccion\u00f3 indignado ante la menci\u00f3n de su nombre por parte del Ministerio P\u00fablico en el expediente en el que se acusa a los directivos de la Cooperativa Herrera de supuesta malversaci\u00f3n de fondos.<\/p>\n\n\n\n<p>El presentador del Grupo de Medios Telemicro habl\u00f3 del tema en una rueda de prensa la que inform\u00f3 que hace cuatro meses, laa directora nacional de Persecuci\u00f3n del Ministerio P\u00fablico, Yeni Berenice Reynoso lo contact\u00f3 y le invit\u00f3 a su despacho.<\/p>\n\n\n\n<p>&#8220;Me dijo que no era un interrogatorio porque vieron que yo era amigo de Gabriel (uno de los imputados) y no encontraron nada, porque yo trabajo y gano mucho dinero. Yo no soy un cualquiera, no soy un t\u00edguere bebe romo&#8221;, asegur\u00f3.<\/p>\n\n\n\n<p>Agreg\u00f3: &#8220;Atenci\u00f3n al presidente Luis Abinader. Quiero llamar la atenci\u00f3n del Congreso de la Rep\u00fablica, del sistema jur\u00eddico nacional, de los empresarios en un primer lugar, en un primer plano los empresarios. Aqu\u00ed hay un juego que tenemos que terminar. No puede el lumpen y la basura desplazar lo limpio, porque con qu\u00e9 pa\u00eds nos vamos a quedar. Esto es injusto&#8221;, expres\u00f3 Holgu\u00edn.<\/p>\n\n\n\n<p><strong>Un hombre serio<\/strong><\/p>\n\n\n\n<p>El animador continu\u00f3 diciendo: &#8220;No es justo. Yo tengo 40 a\u00f1os entregando mi vida y todo lo que yo me he ganado y no me he vendido, y no hay un gobierno que diga que vend\u00ed por tres pesos. Yo soy un hombre serio. Diciendo de m\u00ed, cuando este pa\u00eds me conoce, diciendo de m\u00ed, poni\u00e9ndome a m\u00ed, en una Operaci\u00f3n B\u00faho y un tumbe de 2.500 millones, los v\u00ednculos de Miguel Vargas y Michael Miguel. Eso yo no lo acepto. A m\u00ed hay que resolverme eso, pr\u00e9stenme atenci\u00f3n a m\u00ed ahora, a m\u00ed hay que resolverme eso, porque yo no soy un delincuente, yo soy un dominicano serio que tiene este pa\u00eds, honesto y lo sabe el presidente&#8221;.<\/p>\n","protected":false},"excerpt":{"rendered":"<p>El popular animador y gestor cultural defiende su trayectoria de 40 a\u00f1os de vida p\u00fablica. El presentador de televisi\u00f3n y gestor cultural, Michael Miguel Holgu\u00edn, reaccion\u00f3 indignado ante la menci\u00f3n&hellip;<\/p>\n","protected":false},"author":2,"featured_media":63035,"comment_status":"open","ping_status":"open","sticky":false,"template":"","format":"standard","meta":{"content-type":"","jetpack_post_was_ever_published":false,"_jetpack_newsletter_access":"","_jetpack_dont_email_post_to_subs":false,"_jetpack_newsletter_tier_id":0,"_jetpack_memberships_contains_paywalled_content":false,"_jetpack_memberships_contains_paid_content":false,"footnotes":""},"categories":[35],"tags":[1155,364,8369],"class_list":["post-63034","post","type-post","status-publish","format-standard","has-post-thumbnail","hentry","category-nacionales","tag-delincuente","tag-dominicano","tag-michael-miguel-holguin"],"jetpack_featured_media_url":"https:\/\/lasprimeras.com.do\/wp-content\/uploads\/2023\/10\/Michael-Miguel-Holguin.jpg","jetpack-related-posts":[{"id":55423,"url":"https:\/\/lasprimeras.com.do\/index.php\/2023\/07\/21\/phd-sostiene-encuentro-politico-con-movimiento-trinitario-liberacion\/","url_meta":{"origin":63034,"position":0},"title":"PHD sostiene encuentro pol\u00edtico con Movimiento Trinitario Liberaci\u00f3n","author":"Nelson Feliz","date":"21 de julio de 2023","format":false,"excerpt":"Ram\u00f3n Emilio Goris Taveras valor\u00f3 el encuentro donde abordaron temas como la inseguridad ciudadana, la mano de obra barata, la protecci\u00f3n a la producci\u00f3n arrocera y la amenaza del fentanilo. Una comisi\u00f3n del Partido Humanista Dominicano (PHD), encabezada por su presidente, Ram\u00f3n Emilio Goris Taveras sostuvo un encuentro pol\u00edtico con\u2026","rel":"","context":"En \u00abPORTADA\u00bb","block_context":{"text":"PORTADA","link":"https:\/\/lasprimeras.com.do\/index.php\/category\/portada\/"},"img":{"alt_text":"PHD","src":"https:\/\/i0.wp.com\/lasprimeras.com.do\/wp-content\/uploads\/2023\/07\/PHD.jpg?resize=350%2C200&ssl=1","width":350,"height":200,"srcset":"https:\/\/i0.wp.com\/lasprimeras.com.do\/wp-content\/uploads\/2023\/07\/PHD.jpg?resize=350%2C200&ssl=1 1x, https:\/\/i0.wp.com\/lasprimeras.com.do\/wp-content\/uploads\/2023\/07\/PHD.jpg?resize=525%2C300&ssl=1 1.5x, https:\/\/i0.wp.com\/lasprimeras.com.do\/wp-content\/uploads\/2023\/07\/PHD.jpg?resize=700%2C400&ssl=1 2x"},"classes":[]},{"id":121102,"url":"https:\/\/lasprimeras.com.do\/index.php\/2026\/01\/31\/denuncian-agresion-fisica-y-plan-para-asesinar-al-periodista-salvador-holguin-tras-ataques-en-madrid-espana\/","url_meta":{"origin":63034,"position":1},"title":"Denuncian agresi\u00f3n f\u00edsica y plan para asesinar al periodista Salvador Holgu\u00edn tras ataques en Madrid, Espa\u00f1a","author":"Nelson Feliz","date":"31 de enero de 2026","format":false,"excerpt":"Fue denunciado p\u00fablicamente un presunto plan para asesinar al periodista y empresario de la comunicaci\u00f3n Salvador Holgu\u00edn, luego de un violento ataque del que fue v\u00edctima en la ciudad de Madrid, Espa\u00f1a, donde estuvo a punto de perder la vida a manos de varios individuos encabezados por Francisco Pacheco, alias\u2026","rel":"","context":"En \u00abNACIONALES\u00bb","block_context":{"text":"NACIONALES","link":"https:\/\/lasprimeras.com.do\/index.php\/category\/nacionales\/"},"img":{"alt_text":"Salvador Holgu\u00edn","src":"https:\/\/i0.wp.com\/lasprimeras.com.do\/wp-content\/uploads\/2026\/01\/Salvador-Holguin.jpg?resize=350%2C200&ssl=1","width":350,"height":200,"srcset":"https:\/\/i0.wp.com\/lasprimeras.com.do\/wp-content\/uploads\/2026\/01\/Salvador-Holguin.jpg?resize=350%2C200&ssl=1 1x, https:\/\/i0.wp.com\/lasprimeras.com.do\/wp-content\/uploads\/2026\/01\/Salvador-Holguin.jpg?resize=525%2C300&ssl=1 1.5x, https:\/\/i0.wp.com\/lasprimeras.com.do\/wp-content\/uploads\/2026\/01\/Salvador-Holguin.jpg?resize=700%2C400&ssl=1 2x"},"classes":[]},{"id":57395,"url":"https:\/\/lasprimeras.com.do\/index.php\/2023\/08\/11\/alberto-holguin-llora-a-su-hijo-aunque-me-veas-caminando-ya-soy-un-hombre-muerto\/","url_meta":{"origin":63034,"position":2},"title":"Alberto Holgu\u00edn llora a su hijo: &#8220;Aunque me veas caminando ya soy un hombre muerto&#8221;","author":"Nelson Feliz","date":"11 de agosto de 2023","format":false,"excerpt":"El exfuncionario comparti\u00f3 su tristeza en redes sociales posteando una fotograf\u00eda junto a su hijo junto a un emotivo mensaje. \"Se fue la vida\", empieza el breve y doloroso texto con el que Alberto Holgu\u00edn, exdirector del Instituto Nacional de Aguas Potables (Inapa), recuerda a su hijo fallecido la madrugada\u2026","rel":"","context":"En \u00abNACIONALES\u00bb","block_context":{"text":"NACIONALES","link":"https:\/\/lasprimeras.com.do\/index.php\/category\/nacionales\/"},"img":{"alt_text":"Alberto Holguin junto a su hijo Alberto Holguin Jr.","src":"https:\/\/i0.wp.com\/lasprimeras.com.do\/wp-content\/uploads\/2023\/08\/Alberto-Holguin-junto-a-su-hijo-Alberto-Holguin-Jr.png?resize=350%2C200&ssl=1","width":350,"height":200,"srcset":"https:\/\/i0.wp.com\/lasprimeras.com.do\/wp-content\/uploads\/2023\/08\/Alberto-Holguin-junto-a-su-hijo-Alberto-Holguin-Jr.png?resize=350%2C200&ssl=1 1x, https:\/\/i0.wp.com\/lasprimeras.com.do\/wp-content\/uploads\/2023\/08\/Alberto-Holguin-junto-a-su-hijo-Alberto-Holguin-Jr.png?resize=525%2C300&ssl=1 1.5x, https:\/\/i0.wp.com\/lasprimeras.com.do\/wp-content\/uploads\/2023\/08\/Alberto-Holguin-junto-a-su-hijo-Alberto-Holguin-Jr.png?resize=700%2C400&ssl=1 2x"},"classes":[]},{"id":86790,"url":"https:\/\/lasprimeras.com.do\/index.php\/2024\/08\/01\/jose-ramon-holguin-brito-asume-como-nuevo-rector-del-itsc\/","url_meta":{"origin":63034,"position":3},"title":"Jos\u00e9 Ram\u00f3n Holgu\u00edn Brito asume como nuevo rector del ITSC","author":"Nelson Feliz","date":"1 de agosto de 2024","format":false,"excerpt":"El doctor Jos\u00e9 Ram\u00f3n Holgu\u00edn Brito, tom\u00f3 posesi\u00f3n como nuevo rector del Instituto T\u00e9cnico Superior Comunitario (ITSC), sustituyendo al Lic. Pedro Antonio Quezada Cepeda, resultado del decreto n\u00famero 405-24, emitido por el presidente Luis Abinader. Durante el acto protocolar, realizado en el Sal\u00f3n de Juntas del primer y \u00fanico community\u2026","rel":"","context":"En \u00abNACIONALES\u00bb","block_context":{"text":"NACIONALES","link":"https:\/\/lasprimeras.com.do\/index.php\/category\/nacionales\/"},"img":{"alt_text":"Jos\u00e9 Ram\u00f3n Holgu\u00edn Brito","src":"https:\/\/i0.wp.com\/lasprimeras.com.do\/wp-content\/uploads\/2024\/08\/Jose-Ramon-Holguin-Brito-1.jpg?resize=350%2C200&ssl=1","width":350,"height":200,"srcset":"https:\/\/i0.wp.com\/lasprimeras.com.do\/wp-content\/uploads\/2024\/08\/Jose-Ramon-Holguin-Brito-1.jpg?resize=350%2C200&ssl=1 1x, https:\/\/i0.wp.com\/lasprimeras.com.do\/wp-content\/uploads\/2024\/08\/Jose-Ramon-Holguin-Brito-1.jpg?resize=525%2C300&ssl=1 1.5x"},"classes":[]},{"id":127893,"url":"https:\/\/lasprimeras.com.do\/index.php\/2026\/04\/17\/organizaciones-profesionales-populares-y-sindicales-marcharan-al-palacio-nacional\/","url_meta":{"origin":63034,"position":4},"title":"Organizaciones profesionales, populares y sindicales marchar\u00e1n al Palacio Nacional","author":"Nelson Feliz","date":"17 de abril de 2026","format":false,"excerpt":"Decenas de organizaciones sociales, profesionales, sindicales y populares constituyeron la Coordinadora de Lucha Social y Popular y anunciaron una gran marcha hacia el Palacio Nacional, cuya fecha, d\u00eda y hora se dar\u00e1n a conocer en una rueda de prensa el pr\u00f3ximo martes. El encuentro se realiz\u00f3 en la sede de\u2026","rel":"","context":"En \u00abNACIONALES\u00bb","block_context":{"text":"NACIONALES","link":"https:\/\/lasprimeras.com.do\/index.php\/category\/nacionales\/"},"img":{"alt_text":"","src":"https:\/\/i0.wp.com\/lasprimeras.com.do\/wp-content\/uploads\/2026\/04\/IMG-20260416-WA07451.jpg?resize=350%2C200&ssl=1","width":350,"height":200,"srcset":"https:\/\/i0.wp.com\/lasprimeras.com.do\/wp-content\/uploads\/2026\/04\/IMG-20260416-WA07451.jpg?resize=350%2C200&ssl=1 1x, https:\/\/i0.wp.com\/lasprimeras.com.do\/wp-content\/uploads\/2026\/04\/IMG-20260416-WA07451.jpg?resize=525%2C300&ssl=1 1.5x, https:\/\/i0.wp.com\/lasprimeras.com.do\/wp-content\/uploads\/2026\/04\/IMG-20260416-WA07451.jpg?resize=700%2C400&ssl=1 2x, https:\/\/i0.wp.com\/lasprimeras.com.do\/wp-content\/uploads\/2026\/04\/IMG-20260416-WA07451.jpg?resize=1050%2C600&ssl=1 3x"},"classes":[]},{"id":70710,"url":"https:\/\/lasprimeras.com.do\/index.php\/2023\/12\/13\/instituto-duartiano-juramenta-miembros-honorarios-y-develiza-obras-artisticas\/","url_meta":{"origin":63034,"position":5},"title":"Instituto Duartiano juramenta miembros honorarios y develiza obras art\u00edsticas","author":"BIMARY DE JES\u00daS Matos","date":"13 de diciembre de 2023","format":false,"excerpt":"Santo Domingo, RD.- El Instituto Duartiano (ID) jurament\u00f3 este martes como miembros de honor de esa entidad patri\u00f3tica a quince personalidades de los distintos \u00e1mbitos de la vida nacional y desvel\u00f3 dos obras en \u00f3leos del Escudo Nacional y de la hero\u00edna Mar\u00eda Trinidad S\u00e1nchez. El acto se llev\u00f3 a\u2026","rel":"","context":"En \u00abNACIONALES\u00bb","block_context":{"text":"NACIONALES","link":"https:\/\/lasprimeras.com.do\/index.php\/category\/nacionales\/"},"img":{"alt_text":"","src":"https:\/\/i0.wp.com\/lasprimeras.com.do\/wp-content\/uploads\/2023\/12\/WhatsApp-Image-2023-12-13-at-1.40.26-PM-2-5.jpeg?resize=350%2C200&ssl=1","width":350,"height":200,"srcset":"https:\/\/i0.wp.com\/lasprimeras.com.do\/wp-content\/uploads\/2023\/12\/WhatsApp-Image-2023-12-13-at-1.40.26-PM-2-5.jpeg?resize=350%2C200&ssl=1 1x, https:\/\/i0.wp.com\/lasprimeras.com.do\/wp-content\/uploads\/2023\/12\/WhatsApp-Image-2023-12-13-at-1.40.26-PM-2-5.jpeg?resize=525%2C300&ssl=1 1.5x, https:\/\/i0.wp.com\/lasprimeras.com.do\/wp-content\/uploads\/2023\/12\/WhatsApp-Image-2023-12-13-at-1.40.26-PM-2-5.jpeg?resize=700%2C400&ssl=1 2x"},"classes":[]}],"jetpack_sharing_enabled":true,"_links":{"self":[{"href":"https:\/\/lasprimeras.com.do\/index.php\/wp-json\/wp\/v2\/posts\/63034","targetHints":{"allow":["GET"]}}],"collection":[{"href":"https:\/\/lasprimeras.com.do\/index.php\/wp-json\/wp\/v2\/posts"}],"about":[{"href":"https:\/\/lasprimeras.com.do\/index.php\/wp-json\/wp\/v2\/types\/post"}],"author":[{"embeddable":true,"href":"https:\/\/lasprimeras.com.do\/index.php\/wp-json\/wp\/v2\/users\/2"}],"replies":[{"embeddable":true,"href":"https:\/\/lasprimeras.com.do\/index.php\/wp-json\/wp\/v2\/comments?post=63034"}],"version-history":[{"count":1,"href":"https:\/\/lasprimeras.com.do\/index.php\/wp-json\/wp\/v2\/posts\/63034\/revisions"}],"predecessor-version":[{"id":63036,"href":"https:\/\/lasprimeras.com.do\/index.php\/wp-json\/wp\/v2\/posts\/63034\/revisions\/63036"}],"wp:featuredmedia":[{"embeddable":true,"href":"https:\/\/lasprimeras.com.do\/index.php\/wp-json\/wp\/v2\/media\/63035"}],"wp:attachment":[{"href":"https:\/\/lasprimeras.com.do\/index.php\/wp-json\/wp\/v2\/media?parent=63034"}],"wp:term":[{"taxonomy":"category","embeddable":true,"href":"https:\/\/lasprimeras.com.do\/index.php\/wp-json\/wp\/v2\/categories?post=63034"},{"taxonomy":"post_tag","embeddable":true,"href":"https:\/\/lasprimeras.com.do\/index.php\/wp-json\/wp\/v2\/tags?post=63034"}],"curies":[{"name":"wp","href":"https:\/\/api.w.org\/{rel}","templated":true}]}}